{"id":72714,"date":"2020-06-17T01:20:00","date_gmt":"2020-06-16T23:20:00","guid":{"rendered":"https:\/\/weisetech.dev\/fc-barcelona-noticias\/en\/griezmann-lost-opportunity-reivindicate-leganes_258509_102\/"},"modified":"2020-06-17T01:20:00","modified_gmt":"2020-06-16T23:20:00","slug":"griezmann-lost-opportunity-reivindicate-leganes_258509_102","status":"publish","type":"post","link":"https:\/\/www.fcbarcelonanoticias.com\/en\/players\/griezmann-lost-opportunity-reivindicate-leganes_258509_102.html","title":{"rendered":"Griezmann lost a new opportunity to reivindicate against Legan\u00e9s"},"content":{"rendered":"<h2 class=\"wp-block-heading\">Antoine Griezmann had another golden opportunity to hit the table against Leganes, but wasted it again. The Frenchman worked and wore out, but did not intervene too much in attack, except with a header outside and the goal that was annulled<\/h2>  \r\n<div class=\"article-addons\">\r\n    <a href=\"https:\/\/www.fcbarcelonanoticias.com\/en\/calendar-fc-barcelona.html\"\r\n       target=\"_self\"\r\n       title=\"Calendar of FC Barcelona\"\r\n       class=\"blue-gredient-btn\">\r\n       \r\n        Calendar of FC Barcelona    <\/a>\r\n<\/div>   <p><strong><a data-external=\"0\" data-intl-links-en=\"https:\/\/www.fcbarcelonanoticias.com\/en\/tags\/griezmann\" data-intl-links-es=\"https:\/\/www.fcbarcelonanoticias.com\/tags\/griezmann\" href=\"https:\/\/www.fcbarcelonanoticias.com\/en\/tags\/griezmann.html\" rel=\"follow\" target=\"_self\" title=\"Griezmann\">Antoine Griezmann<\/a> went back to disappoint by en\u00e9sima time this season against the Legan\u00e9s<\/strong>. The French arrived argued after his meeting in Mallorca and had to give a hit on of the table, but remained very far to give it. The ex of the Athletic of Madrid went out of &#8216;9&#8217; with Ansu Fati in the left and Leo Messi to the right, something that did not help him too much. The <strong><a data-external=\"0\" data-intl-links-en=\"https:\/\/www.fcbarcelonanoticias.com\/en\/fc-barcelona\" data-intl-links-es=\"https:\/\/www.fcbarcelonanoticias.com\/fc-barcelona\" href=\"https:\/\/www.fcbarcelonanoticias.com\/en\/football-soccer\/fc-barcelona.html\" rel=\"follow\" target=\"_self\" title=\"FC Barcelona\">FC Barcelona<\/a>\u200b<\/strong> completed a first very flat part and very soda and the Frenchman almost did not touch it.<\/p>  <p>The &#8217;17&#8217;<strong> tried to connect to the game, moved , threw desmarques and wore out, but in attack took part between little <\/strong>or at all. His only finish in the first 45 minutes was a head butt that was very diverted. In defence of the forward of Macon, it is necessary to leave clear that his team did not help him to that it appeared more near of the area pepinera. The Bar\u00e7a was uncomfortable all the first time and except the goal of Ansu Fati, did not create any opportunity of goal.<\/p>  <p>It arrived to the rest with this 1-0 thanks to the Hispanic-guinean, that went the best of the Barcelona, eclipsando completely to Griezmann. While<strong> the juvenile youngster encaraba, participated and defined, the champion of the world with France moved of a side to another without tarpaulin<\/strong> and hardly smelt the ball. In spite of this, Quique Seti\u00e9n decided that the one who had to go out so that it went in Luis Su\u00e1rez was Fati and no the ex colchonero, that with the charr\u00faa happened to the left.<\/p>  <p>It went back the MSN to the Camp Nou and less than 10 minutes <strong>after the entrance of Su\u00e1rez arrived the best action of the French in the meeting<\/strong>. Leo Messi saw the desmarque of N\u00e9lson Semedo by the right, put it to him in career and by the centre arrived entirely alone Antoine to mark to pleasure in front of Cu\u00e9llar. Big movement of the &#8216;bleu&#8217; to remain alone and good definition. The pity of this played was that the VAR saw offside by millimetres of the Portuguese in the start.<\/p>  <p>This target was just what needed the attacker, that could have claimed with the so much and with his second half. But <strong>the played cancelled and the ex of the Atleti had to follow struggling against everything and against all to try like<\/strong>. It followed running, throwing desmarques and especially defending and working by the very common. This dirty work was definitely the most stood out of his party and could be of help in the key crashes that subtract of course, but to him has to him ask more.<\/p>  <h3>Griezmann Has to take a step forward<\/h3>  <p>Griezmann Can and has to give much more that work to this Bar\u00e7a that needs that it recover his version in France and in the Athletic. <strong>His smell goleador, his intelligence in the game, his desmarques and his speed to the space can be differential<\/strong>, but has to give this step that asks him . The one of Macon has to do place and find his place in the eleven of the Barcelona, something that still has not attained.<\/p> ","protected":false},"excerpt":{"rendered":"<p>Antoine Griezmann had another golden opportunity to hit the table against Leganes, but wasted it again. The Frenchman worked and wore out, but did not intervene too much in attack, except with a header outside and the goal that was annulled Antoine Griezmann went back to disappoint by en\u00e9sima time this season against the Legan\u00e9s. [&hellip;]<\/p>\n","protected":false},"author":392,"featured_media":72716,"comment_status":"closed","ping_status":"open","sticky":false,"template":"","format":"standard","meta":{"_acf_changed":false,"inline_featured_image":false,"_nextfly_llmd_date_locked":false,"footnotes":""},"categories":[107,453],"tags":[145,56],"class_list":["post-72714","post","type-post","status-publish","format-standard","has-post-thumbnail","hentry","category-players","category-players-2","tag-griezmann","tag-leganes"],"acf":[],"yoast_head":"<!-- This site is optimized with the Yoast SEO plugin v27.3 - https:\/\/yoast.com\/product\/yoast-seo-wordpress\/ -->\n<title>Griezmann lost a new opportunity to vindicate against Legan\u00e9s<\/title>\n<meta name=\"description\" content=\"Antoine Griezmann had another opportunity of gold to give a hit on of the table in front of the Legan\u00e9s, but went back it to waste. The French worked and of...\" \/>\n<meta name=\"robots\" content=\"index, follow, max-snippet:-1, max-image-preview:large, max-video-preview:-1\" \/>\n<link rel=\"canonical\" href=\"https:\/\/www.fcbarcelonanoticias.com\/en\/players\/griezmann-lost-opportunity-reivindicate-leganes_258509_102.html\" \/>\n<meta property=\"og:locale\" content=\"en_US\" \/>\n<meta property=\"og:type\" content=\"article\" \/>\n<meta property=\"og:title\" content=\"Griezmann lost a new opportunity to vindicate against Legan\u00e9s\" \/>\n<meta property=\"og:description\" content=\"Antoine Griezmann had another opportunity of gold to give a hit on of the table in front of the Legan\u00e9s, but went back it to waste. The French worked and of...\" \/>\n<meta property=\"og:url\" content=\"https:\/\/www.fcbarcelonanoticias.com\/en\/players\/griezmann-lost-opportunity-reivindicate-leganes_258509_102.html\" \/>\n<meta property=\"og:site_name\" content=\"EN - FC Barcelona Noticias\" \/>\n<meta property=\"article:published_time\" content=\"2020-06-16T23:20:00+00:00\" \/>\n<meta property=\"og:image\" content=\"https:\/\/www.fcbarcelonanoticias.com\/en\/wp-content\/uploads\/sites\/2\/2020\/06\/griezmann-barca-leganes.jpeg\" \/>\n\t<meta property=\"og:image:width\" content=\"1300\" \/>\n\t<meta property=\"og:image:height\" content=\"781\" \/>\n\t<meta property=\"og:image:type\" content=\"image\/jpeg\" \/>\n<meta name=\"author\" content=\"user_4048\" \/>\n<meta name=\"twitter:card\" content=\"summary_large_image\" \/>\n<meta name=\"twitter:label1\" content=\"Written by\" \/>\n\t<meta name=\"twitter:data1\" content=\"user_4048\" \/>\n\t<meta name=\"twitter:label2\" content=\"Est. reading time\" \/>\n\t<meta name=\"twitter:data2\" content=\"3 minutes\" \/>\n<script type=\"application\/ld+json\" class=\"yoast-schema-graph\">{\"@context\":\"https:\\\/\\\/schema.org\",\"@graph\":[{\"@type\":\"Article\",\"@id\":\"https:\\\/\\\/www.fcbarcelonanoticias.com\\\/en\\\/players\\\/griezmann-lost-opportunity-reivindicate-leganes_258509_102.html#article\",\"isPartOf\":{\"@id\":\"https:\\\/\\\/www.fcbarcelonanoticias.com\\\/en\\\/players\\\/griezmann-lost-opportunity-reivindicate-leganes_258509_102.html\"},\"author\":{\"name\":\"user_4048\",\"@id\":\"https:\\\/\\\/www.fcbarcelonanoticias.com\\\/en\\\/#\\\/schema\\\/person\\\/fcdad55cab72b8d0e106d75506783b6d\"},\"headline\":\"Griezmann lost a new opportunity to reivindicate against Legan\u00e9s\",\"datePublished\":\"2020-06-16T23:20:00+00:00\",\"mainEntityOfPage\":{\"@id\":\"https:\\\/\\\/www.fcbarcelonanoticias.com\\\/en\\\/players\\\/griezmann-lost-opportunity-reivindicate-leganes_258509_102.html\"},\"wordCount\":595,\"image\":{\"@id\":\"https:\\\/\\\/www.fcbarcelonanoticias.com\\\/en\\\/players\\\/griezmann-lost-opportunity-reivindicate-leganes_258509_102.html#primaryimage\"},\"thumbnailUrl\":\"https:\\\/\\\/www.fcbarcelonanoticias.com\\\/en\\\/wp-content\\\/uploads\\\/sites\\\/2\\\/2020\\\/06\\\/griezmann-barca-leganes.jpeg\",\"keywords\":[\"Griezmann\",\"Legan\u00e9s\"],\"articleSection\":[\"Players\",\"Players\"],\"inLanguage\":\"en-US\"},{\"@type\":\"WebPage\",\"@id\":\"https:\\\/\\\/www.fcbarcelonanoticias.com\\\/en\\\/players\\\/griezmann-lost-opportunity-reivindicate-leganes_258509_102.html\",\"url\":\"https:\\\/\\\/www.fcbarcelonanoticias.com\\\/en\\\/players\\\/griezmann-lost-opportunity-reivindicate-leganes_258509_102.html\",\"name\":\"Griezmann lost a new opportunity to vindicate against Legan\u00e9s\",\"isPartOf\":{\"@id\":\"https:\\\/\\\/www.fcbarcelonanoticias.com\\\/en\\\/#website\"},\"primaryImageOfPage\":{\"@id\":\"https:\\\/\\\/www.fcbarcelonanoticias.com\\\/en\\\/players\\\/griezmann-lost-opportunity-reivindicate-leganes_258509_102.html#primaryimage\"},\"image\":{\"@id\":\"https:\\\/\\\/www.fcbarcelonanoticias.com\\\/en\\\/players\\\/griezmann-lost-opportunity-reivindicate-leganes_258509_102.html#primaryimage\"},\"thumbnailUrl\":\"https:\\\/\\\/www.fcbarcelonanoticias.com\\\/en\\\/wp-content\\\/uploads\\\/sites\\\/2\\\/2020\\\/06\\\/griezmann-barca-leganes.jpeg\",\"datePublished\":\"2020-06-16T23:20:00+00:00\",\"author\":{\"@id\":\"https:\\\/\\\/www.fcbarcelonanoticias.com\\\/en\\\/#\\\/schema\\\/person\\\/fcdad55cab72b8d0e106d75506783b6d\"},\"description\":\"Antoine Griezmann had another opportunity of gold to give a hit on of the table in front of the Legan\u00e9s, but went back it to waste. The French worked and of...\",\"breadcrumb\":{\"@id\":\"https:\\\/\\\/www.fcbarcelonanoticias.com\\\/en\\\/players\\\/griezmann-lost-opportunity-reivindicate-leganes_258509_102.html#breadcrumb\"},\"inLanguage\":\"en-US\",\"potentialAction\":[{\"@type\":\"ReadAction\",\"target\":[\"https:\\\/\\\/www.fcbarcelonanoticias.com\\\/en\\\/players\\\/griezmann-lost-opportunity-reivindicate-leganes_258509_102.html\"]}]},{\"@type\":\"ImageObject\",\"inLanguage\":\"en-US\",\"@id\":\"https:\\\/\\\/www.fcbarcelonanoticias.com\\\/en\\\/players\\\/griezmann-lost-opportunity-reivindicate-leganes_258509_102.html#primaryimage\",\"url\":\"https:\\\/\\\/www.fcbarcelonanoticias.com\\\/en\\\/wp-content\\\/uploads\\\/sites\\\/2\\\/2020\\\/06\\\/griezmann-barca-leganes.jpeg\",\"contentUrl\":\"https:\\\/\\\/www.fcbarcelonanoticias.com\\\/en\\\/wp-content\\\/uploads\\\/sites\\\/2\\\/2020\\\/06\\\/griezmann-barca-leganes.jpeg\",\"width\":1300,\"height\":781},{\"@type\":\"BreadcrumbList\",\"@id\":\"https:\\\/\\\/www.fcbarcelonanoticias.com\\\/en\\\/players\\\/griezmann-lost-opportunity-reivindicate-leganes_258509_102.html#breadcrumb\",\"itemListElement\":[{\"@type\":\"ListItem\",\"position\":1,\"name\":\"Portada\",\"item\":\"https:\\\/\\\/www.fcbarcelonanoticias.com\\\/en\\\/\"},{\"@type\":\"ListItem\",\"position\":2,\"name\":\"Griezmann lost a new opportunity to reivindicate against Legan\u00e9s\"}]},{\"@type\":\"WebSite\",\"@id\":\"https:\\\/\\\/www.fcbarcelonanoticias.com\\\/en\\\/#website\",\"url\":\"https:\\\/\\\/www.fcbarcelonanoticias.com\\\/en\\\/\",\"name\":\"EN - FC Barcelona Noticias\",\"description\":\"\",\"potentialAction\":[{\"@type\":\"SearchAction\",\"target\":{\"@type\":\"EntryPoint\",\"urlTemplate\":\"https:\\\/\\\/www.fcbarcelonanoticias.com\\\/en\\\/?s={search_term_string}\"},\"query-input\":{\"@type\":\"PropertyValueSpecification\",\"valueRequired\":true,\"valueName\":\"search_term_string\"}}],\"inLanguage\":\"en-US\"},{\"@type\":\"Person\",\"@id\":\"https:\\\/\\\/www.fcbarcelonanoticias.com\\\/en\\\/#\\\/schema\\\/person\\\/fcdad55cab72b8d0e106d75506783b6d\",\"name\":\"user_4048\",\"image\":{\"@type\":\"ImageObject\",\"inLanguage\":\"en-US\",\"@id\":\"https:\\\/\\\/secure.gravatar.com\\\/avatar\\\/?s=96&d=mm&r=g\",\"url\":\"https:\\\/\\\/secure.gravatar.com\\\/avatar\\\/?s=96&d=mm&r=g\",\"contentUrl\":\"https:\\\/\\\/secure.gravatar.com\\\/avatar\\\/?s=96&d=mm&r=g\",\"caption\":\"user_4048\"},\"url\":\"https:\\\/\\\/www.fcbarcelonanoticias.com\\\/en\\\/user_4048.html\"}]}<\/script>\n<!-- \/ Yoast SEO plugin. -->","yoast_head_json":{"title":"Griezmann lost a new opportunity to vindicate against Legan\u00e9s","description":"Antoine Griezmann had another opportunity of gold to give a hit on of the table in front of the Legan\u00e9s, but went back it to waste. The French worked and of...","robots":{"index":"index","follow":"follow","max-snippet":"max-snippet:-1","max-image-preview":"max-image-preview:large","max-video-preview":"max-video-preview:-1"},"canonical":"https:\/\/www.fcbarcelonanoticias.com\/en\/players\/griezmann-lost-opportunity-reivindicate-leganes_258509_102.html","og_locale":"en_US","og_type":"article","og_title":"Griezmann lost a new opportunity to vindicate against Legan\u00e9s","og_description":"Antoine Griezmann had another opportunity of gold to give a hit on of the table in front of the Legan\u00e9s, but went back it to waste. The French worked and of...","og_url":"https:\/\/www.fcbarcelonanoticias.com\/en\/players\/griezmann-lost-opportunity-reivindicate-leganes_258509_102.html","og_site_name":"EN - FC Barcelona Noticias","article_published_time":"2020-06-16T23:20:00+00:00","og_image":[{"width":1300,"height":781,"url":"https:\/\/www.fcbarcelonanoticias.com\/en\/wp-content\/uploads\/sites\/2\/2020\/06\/griezmann-barca-leganes.jpeg","type":"image\/jpeg"}],"author":"user_4048","twitter_card":"summary_large_image","twitter_misc":{"Written by":"user_4048","Est. reading time":"3 minutes"},"schema":{"@context":"https:\/\/schema.org","@graph":[{"@type":"Article","@id":"https:\/\/www.fcbarcelonanoticias.com\/en\/players\/griezmann-lost-opportunity-reivindicate-leganes_258509_102.html#article","isPartOf":{"@id":"https:\/\/www.fcbarcelonanoticias.com\/en\/players\/griezmann-lost-opportunity-reivindicate-leganes_258509_102.html"},"author":{"name":"user_4048","@id":"https:\/\/www.fcbarcelonanoticias.com\/en\/#\/schema\/person\/fcdad55cab72b8d0e106d75506783b6d"},"headline":"Griezmann lost a new opportunity to reivindicate against Legan\u00e9s","datePublished":"2020-06-16T23:20:00+00:00","mainEntityOfPage":{"@id":"https:\/\/www.fcbarcelonanoticias.com\/en\/players\/griezmann-lost-opportunity-reivindicate-leganes_258509_102.html"},"wordCount":595,"image":{"@id":"https:\/\/www.fcbarcelonanoticias.com\/en\/players\/griezmann-lost-opportunity-reivindicate-leganes_258509_102.html#primaryimage"},"thumbnailUrl":"https:\/\/www.fcbarcelonanoticias.com\/en\/wp-content\/uploads\/sites\/2\/2020\/06\/griezmann-barca-leganes.jpeg","keywords":["Griezmann","Legan\u00e9s"],"articleSection":["Players","Players"],"inLanguage":"en-US"},{"@type":"WebPage","@id":"https:\/\/www.fcbarcelonanoticias.com\/en\/players\/griezmann-lost-opportunity-reivindicate-leganes_258509_102.html","url":"https:\/\/www.fcbarcelonanoticias.com\/en\/players\/griezmann-lost-opportunity-reivindicate-leganes_258509_102.html","name":"Griezmann lost a new opportunity to vindicate against Legan\u00e9s","isPartOf":{"@id":"https:\/\/www.fcbarcelonanoticias.com\/en\/#website"},"primaryImageOfPage":{"@id":"https:\/\/www.fcbarcelonanoticias.com\/en\/players\/griezmann-lost-opportunity-reivindicate-leganes_258509_102.html#primaryimage"},"image":{"@id":"https:\/\/www.fcbarcelonanoticias.com\/en\/players\/griezmann-lost-opportunity-reivindicate-leganes_258509_102.html#primaryimage"},"thumbnailUrl":"https:\/\/www.fcbarcelonanoticias.com\/en\/wp-content\/uploads\/sites\/2\/2020\/06\/griezmann-barca-leganes.jpeg","datePublished":"2020-06-16T23:20:00+00:00","author":{"@id":"https:\/\/www.fcbarcelonanoticias.com\/en\/#\/schema\/person\/fcdad55cab72b8d0e106d75506783b6d"},"description":"Antoine Griezmann had another opportunity of gold to give a hit on of the table in front of the Legan\u00e9s, but went back it to waste. The French worked and of...","breadcrumb":{"@id":"https:\/\/www.fcbarcelonanoticias.com\/en\/players\/griezmann-lost-opportunity-reivindicate-leganes_258509_102.html#breadcrumb"},"inLanguage":"en-US","potentialAction":[{"@type":"ReadAction","target":["https:\/\/www.fcbarcelonanoticias.com\/en\/players\/griezmann-lost-opportunity-reivindicate-leganes_258509_102.html"]}]},{"@type":"ImageObject","inLanguage":"en-US","@id":"https:\/\/www.fcbarcelonanoticias.com\/en\/players\/griezmann-lost-opportunity-reivindicate-leganes_258509_102.html#primaryimage","url":"https:\/\/www.fcbarcelonanoticias.com\/en\/wp-content\/uploads\/sites\/2\/2020\/06\/griezmann-barca-leganes.jpeg","contentUrl":"https:\/\/www.fcbarcelonanoticias.com\/en\/wp-content\/uploads\/sites\/2\/2020\/06\/griezmann-barca-leganes.jpeg","width":1300,"height":781},{"@type":"BreadcrumbList","@id":"https:\/\/www.fcbarcelonanoticias.com\/en\/players\/griezmann-lost-opportunity-reivindicate-leganes_258509_102.html#breadcrumb","itemListElement":[{"@type":"ListItem","position":1,"name":"Portada","item":"https:\/\/www.fcbarcelonanoticias.com\/en\/"},{"@type":"ListItem","position":2,"name":"Griezmann lost a new opportunity to reivindicate against Legan\u00e9s"}]},{"@type":"WebSite","@id":"https:\/\/www.fcbarcelonanoticias.com\/en\/#website","url":"https:\/\/www.fcbarcelonanoticias.com\/en\/","name":"EN - FC Barcelona Noticias","description":"","potentialAction":[{"@type":"SearchAction","target":{"@type":"EntryPoint","urlTemplate":"https:\/\/www.fcbarcelonanoticias.com\/en\/?s={search_term_string}"},"query-input":{"@type":"PropertyValueSpecification","valueRequired":true,"valueName":"search_term_string"}}],"inLanguage":"en-US"},{"@type":"Person","@id":"https:\/\/www.fcbarcelonanoticias.com\/en\/#\/schema\/person\/fcdad55cab72b8d0e106d75506783b6d","name":"user_4048","image":{"@type":"ImageObject","inLanguage":"en-US","@id":"https:\/\/secure.gravatar.com\/avatar\/?s=96&d=mm&r=g","url":"https:\/\/secure.gravatar.com\/avatar\/?s=96&d=mm&r=g","contentUrl":"https:\/\/secure.gravatar.com\/avatar\/?s=96&d=mm&r=g","caption":"user_4048"},"url":"https:\/\/www.fcbarcelonanoticias.com\/en\/user_4048.html"}]}},"_links":{"self":[{"href":"https:\/\/www.fcbarcelonanoticias.com\/en\/wp-json\/wp\/v2\/posts\/72714","targetHints":{"allow":["GET"]}}],"collection":[{"href":"https:\/\/www.fcbarcelonanoticias.com\/en\/wp-json\/wp\/v2\/posts"}],"about":[{"href":"https:\/\/www.fcbarcelonanoticias.com\/en\/wp-json\/wp\/v2\/types\/post"}],"author":[{"embeddable":true,"href":"https:\/\/www.fcbarcelonanoticias.com\/en\/wp-json\/wp\/v2\/users\/392"}],"replies":[{"embeddable":true,"href":"https:\/\/www.fcbarcelonanoticias.com\/en\/wp-json\/wp\/v2\/comments?post=72714"}],"version-history":[{"count":1,"href":"https:\/\/www.fcbarcelonanoticias.com\/en\/wp-json\/wp\/v2\/posts\/72714\/revisions"}],"predecessor-version":[{"id":72715,"href":"https:\/\/www.fcbarcelonanoticias.com\/en\/wp-json\/wp\/v2\/posts\/72714\/revisions\/72715"}],"wp:featuredmedia":[{"embeddable":true,"href":"https:\/\/www.fcbarcelonanoticias.com\/en\/wp-json\/wp\/v2\/media\/72716"}],"wp:attachment":[{"href":"https:\/\/www.fcbarcelonanoticias.com\/en\/wp-json\/wp\/v2\/media?parent=72714"}],"wp:term":[{"taxonomy":"category","embeddable":true,"href":"https:\/\/www.fcbarcelonanoticias.com\/en\/wp-json\/wp\/v2\/categories?post=72714"},{"taxonomy":"post_tag","embeddable":true,"href":"https:\/\/www.fcbarcelonanoticias.com\/en\/wp-json\/wp\/v2\/tags?post=72714"}],"curies":[{"name":"wp","href":"https:\/\/api.w.org\/{rel}","templated":true}]}}