{"id":72718,"date":"2023-10-09T00:49:00","date_gmt":"2023-10-08T22:49:00","guid":{"rendered":"https:\/\/weisetech.dev\/fc-barcelona-noticias\/en\/gundogan-ferran-gavibarca-1x1-in-the-agonizing-draw-against-granada-2-2_296901_102\/"},"modified":"2023-10-09T00:58:00","modified_gmt":"2023-10-08T22:58:00","slug":"gundogan-ferran-gavibarca-1x1-in-the-agonizing-draw-against-granada-2-2_296901_102","status":"publish","type":"post","link":"https:\/\/www.fcbarcelonanoticias.com\/en\/players\/gundogan-ferran-gavibarca-1x1-in-the-agonizing-draw-against-granada-2-2_296901_102.html","title":{"rendered":"G\u00fcndogan, Ferran, Gavi&#8230;Bar\u00e7a&#8217;s 1&#215;1 in the agonizing draw against Granada (2-2)"},"content":{"rendered":"<h2 class=\"wp-block-heading\">Bar\u00e7a managed to rescue a point in their difficult visit to Granada CF (2-2) in a match full of emotions.  The match featured historic moments, such as Lamine Yamal&#8217;s goal, and there were also scores in the final minutes and some controversies that affected the Bar\u00e7a team<\/h2>  \r\n<div class=\"article-addons\">\r\n    <a href=\"https:\/\/www.fcbarcelonanoticias.com\/en\/calendar-fc-barcelona.html\"\r\n       target=\"_self\"\r\n       title=\"Calendar of FC Barcelona\"\r\n       class=\"blue-gredient-btn\">\r\n       \r\n        Calendar of FC Barcelona    <\/a>\r\n<\/div>   <p><a data-external=\"0\" data-intl-links-en=\"https:\/\/www.fcbarcelonanoticias.com\/en\/laliga\/chronicle-of-the-granada-fc-barcelona-of-laliga_296892_102.html\" data-intl-links-es=\"https:\/\/www.fcbarcelonanoticias.com\/laliga\/barca-rescata-punto-en-exigente-visita-granada-2-2_296892_102.html\" href=\"https:\/\/www.fcbarcelonanoticias.com\/en\/laliga\/chronicle-of-the-granada-fc-barcelona-of-laliga_296892_102.html\" rel=\"follow\" target=\"_self\" title=\"El Bar\u00e7a rescata un punto en una exigente visita a Granada (2-2)\">The FC Barcelona attained empatar ag\u00f3nicamente a party against the Granada CF<\/a> in a thrilling meeting. <strong>The &#8216;nazar\u00edes&#8217;, with an inspired Bryan Saragossa, advanced quickly in the marker <\/strong>with goals to the 1&#8242; and to the 29&#8242;. However, the Bar\u00e7a attained to equalise the marker in the minute 85&#8242; thanks to a goal of Sergi Roberto. The traced back began to gestarse from the end of the first time, with the historical goal of Lamine Yamal in the minute 45+1&#8242;.<\/p>  <p>To continuation, the 1&#215;1 of the players of the Bar\u00e7a in front of the Granada CF:<\/p>  <h2>Marc Andr\u00e9 Ter Stegen: Inert<\/h2>  <p><strong>The guardameta German had like hangman to Bryan Saragossa extremely inspired<\/strong>. In the action of the first goal, seemed that it could have done a bit more, but in the second so much there is not at all that reproach him. After this, was not demanded again, since the Granada only made two finish to the arch.<\/p>  <h2>Jo\u00e3Or Cancel: Regulate<\/h2>  <p>The Portuguese side did not have his best day in offensive terms, although his exert improved slightly when it was advanced in the terrain of game after the exit of Lamine Yamal. <strong>In defence, only had a punctual action, which resolved of solid way<\/strong>.<\/p>  <h2>Jules Kound\u00e9: Portrayed<\/h2>  <p>The French defender had an unlucky day, since in addition to <a data-external=\"0\" data-intl-links-en=\"https:\/\/www.fcbarcelonanoticias.com\/en\/laliga\/it-follows-the-drama-with-the-injuries-kounde-leaves-the-granada-barca-limping_296896_102.html\" data-intl-links-es=\"https:\/\/www.fcbarcelonanoticias.com\/laliga\/sigue-drama-con-lesiones-kounde-deja-granada-barca-cojeando_296896_102.html\" href=\"https:\/\/www.fcbarcelonanoticias.com\/en\/laliga\/it-follows-the-drama-with-the-injuries-kounde-leaves-the-granada-barca-limping_296896_102.html\" rel=\"follow\" target=\"_self\" title=\"\u00a1Sigue el drama con las lesiones! Kound\u00e9 deja el Granada-Bar\u00e7a cojeando\">having to withdraw lesionado of the meeting<\/a> due to the fact that Gavi accidentally fell him in the knee, <strong>in the played of the second goal saw the sewings<\/strong>, because Bryan Saragossa attained desequilibrarlo with speed and dribbling.<\/p>  <h2>Andreas Christensen: Correct<\/h2>  <p>The Danish defender, the one who returned to the eleven headline, <strong>did not have opportunity to avoid the goals that fit in his goal<\/strong>. After this, since the &#8216;nazar\u00edes&#8217; did not generate many more occasions of danger in attack, devoted to try make precise passes from the background line.<\/p>  <h2>Alejandro Balde: Incisive<\/h2>  <p>The left side <strong>starred several incursions by his band, arriving until the background line<\/strong> and showing a good change of rhythm. It sealed his decent performance when assisting to Sergi Roberto in the goal of the tie.<\/p>  <h2>Ilkay G\u00fcndogan: Conditioned<\/h2>  <p>The mediocampista German<strong> had to situate in the centre of the field for suplir the absence of a nominal pivote<\/strong>. It showed a good capacity to take out the balloon played, but him extra\u00f1\u00f3 in the offensive zone of the field. Besides, in the played of the first goal against, arrived late in his attempt for cutting the action.<\/p>  <h2>Gavi: Descolocado<\/h2>  <p>The midfield player had a day complicated. <strong>It lost the balloon that resulted in the first goal of the Granada<\/strong> and no saw him very comfortable in the field. In spite of this, went one of the first in trying something different when testing a shot that put to proof to the guardameta &#8216;nazar\u00ed&#8217;.<\/p>  <h2>Ferm\u00edn L\u00f3pez: Aguerrido<\/h2>  <p>The onubense <strong>enjoyed of his first titularity like Barcelona<\/strong> and, in consequence, saw him very forceful. It looked for spaces, tried finish and showed to be a tireless fighter in the terrain of game. It was one of the more active and participatory players in the Bar\u00e7a.<\/p>  <h2>Lamine Yamal: Historical<\/h2>  <p>The espluguense <a data-external=\"0\" data-intl-links-en=\"https:\/\/www.fcbarcelonanoticias.com\/en\/players\/historical-lamine-yamal-becomes-the-youngest-scorer-in-laliga-history_296898_102.html\" data-intl-links-es=\"https:\/\/www.fcbarcelonanoticias.com\/jugadores\/historico-lamine-yamal-se-convierte-en-goleador-mas-joven-historia-laliga_296898_102.html\" href=\"https:\/\/www.fcbarcelonanoticias.com\/en\/players\/historical-lamine-yamal-becomes-the-youngest-scorer-in-laliga-history_296898_102.html\" rel=\"follow\" target=\"_self\" title=\"\u00a1Hist\u00f3rico! Lamine Yamal se convierte en el goleador m\u00e1s joven de la historia de LaLiga\">made history when turning into the goleador younger in the history of LaLiga<\/a>, taking advantage of one of the few clear opportunities of goal that had. <strong>It suffered the constant siege of the defenders of the Granada.<\/strong><\/p>  <h2><strong>Jo\u00e3Or F\u00e9lix: Irreverent<\/strong><\/h2>  <p>The Portuguese attacker was very active in the game of the Barcelona team.<strong> It contributed with an assistance in the goal of Lamine Yamal<\/strong> and was near to mark the so much of the tie with a finish that it was repelled by Andr\u00e9 Ferreira. It did not leave to try shots. Had an annotation cancelled by offside of Ferran Torres, that would have meant the 3-2 in favour of the Bar\u00e7a.<\/p>  <h2>Ferran Torres: Participatory<\/h2>  <p>The one of Foios had the difficult task of suplir to Robert Lewandowski, but <strong>his exert saw complicated due to the fact that it could not participate a lot in the system of game of the Bar\u00e7a<\/strong>. However, it was near to mark the goal that, in this moment, would have meant the tie 2-2.<\/p>  <h2>Ronald Ara\u00fajo: Inexpugnable<\/h2>  <p>The charr\u00faa had to substitute to Jules Kound\u00e9 because of his injury. <strong>It commissioned to organise the defence of the Barcelona team<\/strong>, showing solidity in the aerial game and was near of empatar the duel in a played. Besides, when it was necessary, added to the attack, generating several opportunities of danger.<\/p>  <h2>Sergi Roberto: Hero<\/h2>  <p>The one of Reus ingres\u00f3 to the field in replacement of Ferm\u00edn L\u00f3pez and occupied the position of right side. It took advantage of a precise centre of Alejandro Balde <strong>and, from the area, attained to mark the goal that equalised the marker for the Bar\u00e7a<\/strong>.<\/p>  <h2>Oriol Romeu: Forceful<\/h2>  <p>The one of Ulldecona <strong>ingres\u00f3 with big energy to offer defensive solidity in the midfield<\/strong>. However, in the last moments of the meeting, committed an error when making a long pass when his mates, and even Xavi, asked him that it played of short and safe way.<\/p> ","protected":false},"excerpt":{"rendered":"<p>Bar\u00e7a managed to rescue a point in their difficult visit to Granada CF (2-2) in a match full of emotions. The match featured historic moments, such as Lamine Yamal&#8217;s goal, and there were also scores in the final minutes and some controversies that affected the Bar\u00e7a team The FC Barcelona attained empatar ag\u00f3nicamente a party [&hellip;]<\/p>\n","protected":false},"author":355,"featured_media":72721,"comment_status":"closed","ping_status":"open","sticky":false,"template":"","format":"standard","meta":{"_acf_changed":false,"inline_featured_image":false,"_nextfly_llmd_date_locked":false,"footnotes":""},"categories":[107,453],"tags":[73,183],"class_list":["post-72718","post","type-post","status-publish","format-standard","has-post-thumbnail","hentry","category-players","category-players-2","tag-granada-cf","tag-the-1x1"],"acf":[],"yoast_head":"<!-- This site is optimized with the Yoast SEO plugin v27.3 - https:\/\/yoast.com\/product\/yoast-seo-wordpress\/ -->\n<title>G\u00fcndogan, Ferran, Gavi...Bar\u00e7a&#039;s 1x1 in the agonizing draw against Granada (2-2)<\/title>\n<meta name=\"description\" content=\"Bar\u00e7a managed to rescue a point in their difficult visit to Granada CF (2-2) in a match full of emotions. The match featured historic moments, such as Lamine Yamal&#039;s goal, and there were also scores in the final minutes and some controversies that affected the Bar\u00e7a team\" \/>\n<meta name=\"robots\" content=\"index, follow, max-snippet:-1, max-image-preview:large, max-video-preview:-1\" \/>\n<link rel=\"canonical\" href=\"https:\/\/www.fcbarcelonanoticias.com\/en\/players\/gundogan-ferran-gavibarca-1x1-in-the-agonizing-draw-against-granada-2-2_296901_102.html\" \/>\n<meta property=\"og:locale\" content=\"en_US\" \/>\n<meta property=\"og:type\" content=\"article\" \/>\n<meta property=\"og:title\" content=\"G\u00fcndogan, Ferran, Gavi...Bar\u00e7a&#039;s 1x1 in the agonizing draw against Granada (2-2)\" \/>\n<meta property=\"og:description\" content=\"Bar\u00e7a managed to rescue a point in their difficult visit to Granada CF (2-2) in a match full of emotions. The match featured historic moments, such as Lamine Yamal&#039;s goal, and there were also scores in the final minutes and some controversies that affected the Bar\u00e7a team\" \/>\n<meta property=\"og:url\" content=\"https:\/\/www.fcbarcelonanoticias.com\/en\/players\/gundogan-ferran-gavibarca-1x1-in-the-agonizing-draw-against-granada-2-2_296901_102.html\" \/>\n<meta property=\"og:site_name\" content=\"EN - FC Barcelona Noticias\" \/>\n<meta property=\"article:published_time\" content=\"2023-10-08T22:49:00+00:00\" \/>\n<meta property=\"article:modified_time\" content=\"2023-10-08T22:58:00+00:00\" \/>\n<meta name=\"author\" content=\"Kevin G\u00f3mez\" \/>\n<meta name=\"twitter:card\" content=\"summary_large_image\" \/>\n<meta name=\"twitter:label1\" content=\"Written by\" \/>\n\t<meta name=\"twitter:data1\" content=\"Kevin G\u00f3mez\" \/>\n\t<meta name=\"twitter:label2\" content=\"Est. reading time\" \/>\n\t<meta name=\"twitter:data2\" content=\"5 minutes\" \/>\n<script type=\"application\/ld+json\" class=\"yoast-schema-graph\">{\"@context\":\"https:\\\/\\\/schema.org\",\"@graph\":[{\"@type\":\"Article\",\"@id\":\"https:\\\/\\\/www.fcbarcelonanoticias.com\\\/en\\\/players\\\/gundogan-ferran-gavibarca-1x1-in-the-agonizing-draw-against-granada-2-2_296901_102.html#article\",\"isPartOf\":{\"@id\":\"https:\\\/\\\/www.fcbarcelonanoticias.com\\\/en\\\/players\\\/gundogan-ferran-gavibarca-1x1-in-the-agonizing-draw-against-granada-2-2_296901_102.html\"},\"author\":{\"name\":\"Kevin G\u00f3mez\",\"@id\":\"https:\\\/\\\/www.fcbarcelonanoticias.com\\\/en\\\/#\\\/schema\\\/person\\\/991443f134df9a64c6874f96ff984c9d\"},\"headline\":\"G\u00fcndogan, Ferran, Gavi&#8230;Bar\u00e7a&#8217;s 1&#215;1 in the agonizing draw against Granada (2-2)\",\"datePublished\":\"2023-10-08T22:49:00+00:00\",\"dateModified\":\"2023-10-08T22:58:00+00:00\",\"mainEntityOfPage\":{\"@id\":\"https:\\\/\\\/www.fcbarcelonanoticias.com\\\/en\\\/players\\\/gundogan-ferran-gavibarca-1x1-in-the-agonizing-draw-against-granada-2-2_296901_102.html\"},\"wordCount\":926,\"image\":{\"@id\":\"https:\\\/\\\/www.fcbarcelonanoticias.com\\\/en\\\/players\\\/gundogan-ferran-gavibarca-1x1-in-the-agonizing-draw-against-granada-2-2_296901_102.html#primaryimage\"},\"thumbnailUrl\":\"\",\"keywords\":[\"Granada CF\",\"The 1x1\"],\"articleSection\":[\"Players\",\"Players\"],\"inLanguage\":\"en-US\"},{\"@type\":\"WebPage\",\"@id\":\"https:\\\/\\\/www.fcbarcelonanoticias.com\\\/en\\\/players\\\/gundogan-ferran-gavibarca-1x1-in-the-agonizing-draw-against-granada-2-2_296901_102.html\",\"url\":\"https:\\\/\\\/www.fcbarcelonanoticias.com\\\/en\\\/players\\\/gundogan-ferran-gavibarca-1x1-in-the-agonizing-draw-against-granada-2-2_296901_102.html\",\"name\":\"G\u00fcndogan, Ferran, Gavi...Bar\u00e7a's 1x1 in the agonizing draw against Granada (2-2)\",\"isPartOf\":{\"@id\":\"https:\\\/\\\/www.fcbarcelonanoticias.com\\\/en\\\/#website\"},\"primaryImageOfPage\":{\"@id\":\"https:\\\/\\\/www.fcbarcelonanoticias.com\\\/en\\\/players\\\/gundogan-ferran-gavibarca-1x1-in-the-agonizing-draw-against-granada-2-2_296901_102.html#primaryimage\"},\"image\":{\"@id\":\"https:\\\/\\\/www.fcbarcelonanoticias.com\\\/en\\\/players\\\/gundogan-ferran-gavibarca-1x1-in-the-agonizing-draw-against-granada-2-2_296901_102.html#primaryimage\"},\"thumbnailUrl\":\"\",\"datePublished\":\"2023-10-08T22:49:00+00:00\",\"dateModified\":\"2023-10-08T22:58:00+00:00\",\"author\":{\"@id\":\"https:\\\/\\\/www.fcbarcelonanoticias.com\\\/en\\\/#\\\/schema\\\/person\\\/991443f134df9a64c6874f96ff984c9d\"},\"description\":\"Bar\u00e7a managed to rescue a point in their difficult visit to Granada CF (2-2) in a match full of emotions. The match featured historic moments, such as Lamine Yamal's goal, and there were also scores in the final minutes and some controversies that affected the Bar\u00e7a team\",\"breadcrumb\":{\"@id\":\"https:\\\/\\\/www.fcbarcelonanoticias.com\\\/en\\\/players\\\/gundogan-ferran-gavibarca-1x1-in-the-agonizing-draw-against-granada-2-2_296901_102.html#breadcrumb\"},\"inLanguage\":\"en-US\",\"potentialAction\":[{\"@type\":\"ReadAction\",\"target\":[\"https:\\\/\\\/www.fcbarcelonanoticias.com\\\/en\\\/players\\\/gundogan-ferran-gavibarca-1x1-in-the-agonizing-draw-against-granada-2-2_296901_102.html\"]}]},{\"@type\":\"ImageObject\",\"inLanguage\":\"en-US\",\"@id\":\"https:\\\/\\\/www.fcbarcelonanoticias.com\\\/en\\\/players\\\/gundogan-ferran-gavibarca-1x1-in-the-agonizing-draw-against-granada-2-2_296901_102.html#primaryimage\",\"url\":\"\",\"contentUrl\":\"\",\"width\":1300,\"height\":732},{\"@type\":\"BreadcrumbList\",\"@id\":\"https:\\\/\\\/www.fcbarcelonanoticias.com\\\/en\\\/players\\\/gundogan-ferran-gavibarca-1x1-in-the-agonizing-draw-against-granada-2-2_296901_102.html#breadcrumb\",\"itemListElement\":[{\"@type\":\"ListItem\",\"position\":1,\"name\":\"Portada\",\"item\":\"https:\\\/\\\/www.fcbarcelonanoticias.com\\\/en\\\/\"},{\"@type\":\"ListItem\",\"position\":2,\"name\":\"G\u00fcndogan, Ferran, Gavi&#8230;Bar\u00e7a&#8217;s 1&#215;1 in the agonizing draw against Granada (2-2)\"}]},{\"@type\":\"WebSite\",\"@id\":\"https:\\\/\\\/www.fcbarcelonanoticias.com\\\/en\\\/#website\",\"url\":\"https:\\\/\\\/www.fcbarcelonanoticias.com\\\/en\\\/\",\"name\":\"EN - FC Barcelona Noticias\",\"description\":\"\",\"potentialAction\":[{\"@type\":\"SearchAction\",\"target\":{\"@type\":\"EntryPoint\",\"urlTemplate\":\"https:\\\/\\\/www.fcbarcelonanoticias.com\\\/en\\\/?s={search_term_string}\"},\"query-input\":{\"@type\":\"PropertyValueSpecification\",\"valueRequired\":true,\"valueName\":\"search_term_string\"}}],\"inLanguage\":\"en-US\"},{\"@type\":\"Person\",\"@id\":\"https:\\\/\\\/www.fcbarcelonanoticias.com\\\/en\\\/#\\\/schema\\\/person\\\/991443f134df9a64c6874f96ff984c9d\",\"name\":\"Kevin G\u00f3mez\",\"image\":{\"@type\":\"ImageObject\",\"inLanguage\":\"en-US\",\"@id\":\"https:\\\/\\\/secure.gravatar.com\\\/avatar\\\/?s=96&d=mm&r=g\",\"url\":\"https:\\\/\\\/secure.gravatar.com\\\/avatar\\\/?s=96&d=mm&r=g\",\"contentUrl\":\"https:\\\/\\\/secure.gravatar.com\\\/avatar\\\/?s=96&d=mm&r=g\",\"caption\":\"Kevin G\u00f3mez\"},\"description\":\"Licenciado\u00a0en Periodismo y Comunicaci\u00f3n Audiovisual. Redactor en FCBN responsable de cubrir toda\u00a0la informaci\u00f3n del FC Barcelona y las principales competiciones de\u00a0f\u00fatbol.\",\"url\":\"https:\\\/\\\/www.fcbarcelonanoticias.com\\\/en\\\/jugadores\\\/kevin-gomez_23_115.html\"}]}<\/script>\n<!-- \/ Yoast SEO plugin. -->","yoast_head_json":{"title":"G\u00fcndogan, Ferran, Gavi...Bar\u00e7a's 1x1 in the agonizing draw against Granada (2-2)","description":"Bar\u00e7a managed to rescue a point in their difficult visit to Granada CF (2-2) in a match full of emotions. The match featured historic moments, such as Lamine Yamal's goal, and there were also scores in the final minutes and some controversies that affected the Bar\u00e7a team","robots":{"index":"index","follow":"follow","max-snippet":"max-snippet:-1","max-image-preview":"max-image-preview:large","max-video-preview":"max-video-preview:-1"},"canonical":"https:\/\/www.fcbarcelonanoticias.com\/en\/players\/gundogan-ferran-gavibarca-1x1-in-the-agonizing-draw-against-granada-2-2_296901_102.html","og_locale":"en_US","og_type":"article","og_title":"G\u00fcndogan, Ferran, Gavi...Bar\u00e7a's 1x1 in the agonizing draw against Granada (2-2)","og_description":"Bar\u00e7a managed to rescue a point in their difficult visit to Granada CF (2-2) in a match full of emotions. The match featured historic moments, such as Lamine Yamal's goal, and there were also scores in the final minutes and some controversies that affected the Bar\u00e7a team","og_url":"https:\/\/www.fcbarcelonanoticias.com\/en\/players\/gundogan-ferran-gavibarca-1x1-in-the-agonizing-draw-against-granada-2-2_296901_102.html","og_site_name":"EN - FC Barcelona Noticias","article_published_time":"2023-10-08T22:49:00+00:00","article_modified_time":"2023-10-08T22:58:00+00:00","author":"Kevin G\u00f3mez","twitter_card":"summary_large_image","twitter_misc":{"Written by":"Kevin G\u00f3mez","Est. reading time":"5 minutes"},"schema":{"@context":"https:\/\/schema.org","@graph":[{"@type":"Article","@id":"https:\/\/www.fcbarcelonanoticias.com\/en\/players\/gundogan-ferran-gavibarca-1x1-in-the-agonizing-draw-against-granada-2-2_296901_102.html#article","isPartOf":{"@id":"https:\/\/www.fcbarcelonanoticias.com\/en\/players\/gundogan-ferran-gavibarca-1x1-in-the-agonizing-draw-against-granada-2-2_296901_102.html"},"author":{"name":"Kevin G\u00f3mez","@id":"https:\/\/www.fcbarcelonanoticias.com\/en\/#\/schema\/person\/991443f134df9a64c6874f96ff984c9d"},"headline":"G\u00fcndogan, Ferran, Gavi&#8230;Bar\u00e7a&#8217;s 1&#215;1 in the agonizing draw against Granada (2-2)","datePublished":"2023-10-08T22:49:00+00:00","dateModified":"2023-10-08T22:58:00+00:00","mainEntityOfPage":{"@id":"https:\/\/www.fcbarcelonanoticias.com\/en\/players\/gundogan-ferran-gavibarca-1x1-in-the-agonizing-draw-against-granada-2-2_296901_102.html"},"wordCount":926,"image":{"@id":"https:\/\/www.fcbarcelonanoticias.com\/en\/players\/gundogan-ferran-gavibarca-1x1-in-the-agonizing-draw-against-granada-2-2_296901_102.html#primaryimage"},"thumbnailUrl":"","keywords":["Granada CF","The 1x1"],"articleSection":["Players","Players"],"inLanguage":"en-US"},{"@type":"WebPage","@id":"https:\/\/www.fcbarcelonanoticias.com\/en\/players\/gundogan-ferran-gavibarca-1x1-in-the-agonizing-draw-against-granada-2-2_296901_102.html","url":"https:\/\/www.fcbarcelonanoticias.com\/en\/players\/gundogan-ferran-gavibarca-1x1-in-the-agonizing-draw-against-granada-2-2_296901_102.html","name":"G\u00fcndogan, Ferran, Gavi...Bar\u00e7a's 1x1 in the agonizing draw against Granada (2-2)","isPartOf":{"@id":"https:\/\/www.fcbarcelonanoticias.com\/en\/#website"},"primaryImageOfPage":{"@id":"https:\/\/www.fcbarcelonanoticias.com\/en\/players\/gundogan-ferran-gavibarca-1x1-in-the-agonizing-draw-against-granada-2-2_296901_102.html#primaryimage"},"image":{"@id":"https:\/\/www.fcbarcelonanoticias.com\/en\/players\/gundogan-ferran-gavibarca-1x1-in-the-agonizing-draw-against-granada-2-2_296901_102.html#primaryimage"},"thumbnailUrl":"","datePublished":"2023-10-08T22:49:00+00:00","dateModified":"2023-10-08T22:58:00+00:00","author":{"@id":"https:\/\/www.fcbarcelonanoticias.com\/en\/#\/schema\/person\/991443f134df9a64c6874f96ff984c9d"},"description":"Bar\u00e7a managed to rescue a point in their difficult visit to Granada CF (2-2) in a match full of emotions. The match featured historic moments, such as Lamine Yamal's goal, and there were also scores in the final minutes and some controversies that affected the Bar\u00e7a team","breadcrumb":{"@id":"https:\/\/www.fcbarcelonanoticias.com\/en\/players\/gundogan-ferran-gavibarca-1x1-in-the-agonizing-draw-against-granada-2-2_296901_102.html#breadcrumb"},"inLanguage":"en-US","potentialAction":[{"@type":"ReadAction","target":["https:\/\/www.fcbarcelonanoticias.com\/en\/players\/gundogan-ferran-gavibarca-1x1-in-the-agonizing-draw-against-granada-2-2_296901_102.html"]}]},{"@type":"ImageObject","inLanguage":"en-US","@id":"https:\/\/www.fcbarcelonanoticias.com\/en\/players\/gundogan-ferran-gavibarca-1x1-in-the-agonizing-draw-against-granada-2-2_296901_102.html#primaryimage","url":"","contentUrl":"","width":1300,"height":732},{"@type":"BreadcrumbList","@id":"https:\/\/www.fcbarcelonanoticias.com\/en\/players\/gundogan-ferran-gavibarca-1x1-in-the-agonizing-draw-against-granada-2-2_296901_102.html#breadcrumb","itemListElement":[{"@type":"ListItem","position":1,"name":"Portada","item":"https:\/\/www.fcbarcelonanoticias.com\/en\/"},{"@type":"ListItem","position":2,"name":"G\u00fcndogan, Ferran, Gavi&#8230;Bar\u00e7a&#8217;s 1&#215;1 in the agonizing draw against Granada (2-2)"}]},{"@type":"WebSite","@id":"https:\/\/www.fcbarcelonanoticias.com\/en\/#website","url":"https:\/\/www.fcbarcelonanoticias.com\/en\/","name":"EN - FC Barcelona Noticias","description":"","potentialAction":[{"@type":"SearchAction","target":{"@type":"EntryPoint","urlTemplate":"https:\/\/www.fcbarcelonanoticias.com\/en\/?s={search_term_string}"},"query-input":{"@type":"PropertyValueSpecification","valueRequired":true,"valueName":"search_term_string"}}],"inLanguage":"en-US"},{"@type":"Person","@id":"https:\/\/www.fcbarcelonanoticias.com\/en\/#\/schema\/person\/991443f134df9a64c6874f96ff984c9d","name":"Kevin G\u00f3mez","image":{"@type":"ImageObject","inLanguage":"en-US","@id":"https:\/\/secure.gravatar.com\/avatar\/?s=96&d=mm&r=g","url":"https:\/\/secure.gravatar.com\/avatar\/?s=96&d=mm&r=g","contentUrl":"https:\/\/secure.gravatar.com\/avatar\/?s=96&d=mm&r=g","caption":"Kevin G\u00f3mez"},"description":"Licenciado\u00a0en Periodismo y Comunicaci\u00f3n Audiovisual. Redactor en FCBN responsable de cubrir toda\u00a0la informaci\u00f3n del FC Barcelona y las principales competiciones de\u00a0f\u00fatbol.","url":"https:\/\/www.fcbarcelonanoticias.com\/en\/jugadores\/kevin-gomez_23_115.html"}]}},"_links":{"self":[{"href":"https:\/\/www.fcbarcelonanoticias.com\/en\/wp-json\/wp\/v2\/posts\/72718","targetHints":{"allow":["GET"]}}],"collection":[{"href":"https:\/\/www.fcbarcelonanoticias.com\/en\/wp-json\/wp\/v2\/posts"}],"about":[{"href":"https:\/\/www.fcbarcelonanoticias.com\/en\/wp-json\/wp\/v2\/types\/post"}],"author":[{"embeddable":true,"href":"https:\/\/www.fcbarcelonanoticias.com\/en\/wp-json\/wp\/v2\/users\/355"}],"replies":[{"embeddable":true,"href":"https:\/\/www.fcbarcelonanoticias.com\/en\/wp-json\/wp\/v2\/comments?post=72718"}],"version-history":[{"count":1,"href":"https:\/\/www.fcbarcelonanoticias.com\/en\/wp-json\/wp\/v2\/posts\/72718\/revisions"}],"predecessor-version":[{"id":72720,"href":"https:\/\/www.fcbarcelonanoticias.com\/en\/wp-json\/wp\/v2\/posts\/72718\/revisions\/72720"}],"wp:featuredmedia":[{"embeddable":true,"href":"https:\/\/www.fcbarcelonanoticias.com\/en\/wp-json\/"}],"wp:attachment":[{"href":"https:\/\/www.fcbarcelonanoticias.com\/en\/wp-json\/wp\/v2\/media?parent=72718"}],"wp:term":[{"taxonomy":"category","embeddable":true,"href":"https:\/\/www.fcbarcelonanoticias.com\/en\/wp-json\/wp\/v2\/categories?post=72718"},{"taxonomy":"post_tag","embeddable":true,"href":"https:\/\/www.fcbarcelonanoticias.com\/en\/wp-json\/wp\/v2\/tags?post=72718"}],"curies":[{"name":"wp","href":"https:\/\/api.w.org\/{rel}","templated":true}]}}