{"id":72870,"date":"2022-05-26T00:39:00","date_gmt":"2022-05-25T22:39:00","guid":{"rendered":"https:\/\/weisetech.dev\/fc-barcelona-noticias\/en\/hill-confirms-that-xavi-has-left-him-clear-that-explains-c_280633_102\/"},"modified":"2022-05-26T00:39:00","modified_gmt":"2022-05-25T22:39:00","slug":"hill-confirms-that-xavi-has-left-him-clear-that-explains-c_280633_102","status":"publish","type":"post","link":"https:\/\/www.fcbarcelonanoticias.com\/en\/players\/hill-confirms-that-xavi-has-left-him-clear-that-explains-c_280633_102.html","title":{"rendered":"Collado confirms that Xavi has made it clear that he has him at Bar\u00e7a"},"content":{"rendered":"<h2 class=\"wp-block-heading\">\u00c1lex Collado will return to FC Barcelona in July after a season on loan at Granada. The man from Sabadell spoke with &#8216;Jijantes FC&#8217; about his plans for 2022-23 and made it clear that his priority is to earn a place in Xavi Hern\u00e1ndez&#8217;s team<\/h2>  \r\n<div class=\"article-addons\">\r\n    <a href=\"https:\/\/www.fcbarcelonanoticias.com\/en\/calendar-fc-barcelona.html\"\r\n       target=\"_self\"\r\n       title=\"Calendar of FC Barcelona\"\r\n       class=\"blue-gredient-btn\">\r\n       \r\n        Calendar of FC Barcelona    <\/a>\r\n<\/div>   <p>The FC Barcelona has several players yielded that they will have to return to the club in July. One of them is \u00c1lex Hill, midfield player yielded in January to the Granada by a year. <strong>After the descent of the group &#8216;nazar\u00ed&#8217;. The one of Sabadell prepares to take some brief holidays before putting to the orders <a data-external=\"0\" data-intl-links-en=\"https:\/\/www.fcbarcelonanoticias.com\/en\/transfers\/xavi-mysterious-with-continuity-jong-optimistic-with-gavi_280623_102.html\" data-intl-links-es=\"https:\/\/www.fcbarcelonanoticias.com\/fichajes\/xavi-misterioso-con-continuidad-jong-optimista-con-gavi_280623_102.html\" href=\"https:\/\/www.fcbarcelonanoticias.com\/en\/transfers\/xavi-mysterious-with-continuity-jong-optimistic-with-gavi_280623_102.html\" rel=\"follow\" target=\"_self\" title=\"Xavi, misterioso con la continuidad de De Jong y optimista con la de Gavi\">of Xavi Hern\u00e1ndez<\/a><\/strong>, since the m\u00edster has communicated him that has he for the pre-season.<\/p>  <p>In a brief interview with the channel of Twitch &#8216;Jijantes FC&#8217;, the player of 23 years manifested his wish for going back to the club. <strong>&#8220;The m\u00edster has said me that went back and am very happy by his words&#8221;<\/strong>, said Hill, the one who in the 2021-22 contested a total of 17 parties (1.023 minutes) with the Granada, adding 2 goals and 1 assistance in LaLiga. The midfield player was important piece so much for Robert Moreno as for Aitor Karanka, being headline in the majority of parties that contested,<\/p>  <blockquote class=\"twitter-tweet\"> <p dir=\"ltr\" lang=\"es\">\ud83d\udea8 Hill: &#8220;Xavi has said that went back and am very happy with his words&#8221;<br><br> Like this it has explained it in <a href=\"https:\/\/twitter.com\/en\/hashtag\/jijantesfc?src=hash&amp;ref_src=twsrc%5Etfw\">#jijantesfc<\/a> <a href=\"https:\/\/twitter.com\/en\/hashtag\/mercato?src=hash&amp;ref_src=twsrc%5Etfw\">#mercato<\/a> <a href=\"https:\/\/t.co\/en\/bAU17ZhZXh\">pic.twitter.com\/bau17zhzxh<\/a><\/p> \u2014 Gerard Romero (@gerardromero) <a href=\"https:\/\/twitter.com\/en\/gerardromero\/status\/1529563888592748558?ref_src=twsrc%5Etfw\">May 25, 2022<\/a> <\/blockquote> <p>However, the one of Sabadell left of the New the C\u00e1rmenes with a bitter flavour after the descent of the Granada. <strong>Hill was headline and contested 84 minutes in the tie 0-0 of the Sunday in front of the Espanyol<\/strong> that sentenced to the ones of Karanka to Second and, in fact, annotated the last goal of the club in LaLiga (victory 1-0 in front of the Athletic). These presentations no only have done that Xavi take him in account for the summer, but they also have arrived offers by his pass to the offices of the <a data-external=\"0\" data-intl-links-en=\"https:\/\/www.fcbarcelonanoticias.com\/en\/feminine-football\/the-barca-amuses-with-the-madrid-to-forget-of-the-c_280631_102.html\" data-intl-links-es=\"https:\/\/www.fcbarcelonanoticias.com\/futbol-femenino\/fc-barcelona-divierte-con-madrid-olvidarse-champions-4-0_280631_102.html\" href=\"https:\/\/www.fcbarcelonanoticias.com\/en\/feminine-football\/the-barca-amuses-with-the-madrid-to-forget-of-the-c_280631_102.html\" rel=\"follow\" target=\"_self\" title=\"El Bar\u00e7a se divierte con el Madrid para olvidarse de la Champions (4-0)\">Bar\u00e7a<\/a>.<\/p>  <p><strong>With a value of market of 3 million euros in Transfermarkt <\/strong>and agreement with the group blaugrana until June of 2023, <strong>the midfield player has a clause of rescission of 100 &#8216;kilos&#8217;<\/strong> established after expanding his agreement in March of 2021. The past season, \u00c1lex played 22 parties with the filial (8 goals and 3 assistances), but Ronald Koeman did not take him into account to the beginning of the 2021-22.<\/p>  <h3>The Eintracht asks after Hill<\/h3>  <p>As it advanced &#8216;Sportive World&#8217;, <strong>the Eintracht Frankfurt<\/strong>, flamante champion of the Europe League, would be one of the clubs that already has asked to the managerial cul\u00e9 by the one of Sabadell. <strong>In three seasons with the Bar\u00e7a B, Hill became captain after contesting 83 parties in which it added 18 goals<\/strong>. Other clubs of Italy and Germany already have sondeado his case, but everything will depend of the performance that exhibit in the pre-season. If it attains to convince to Xavi, the player of 23 years will be a good variant in the medullary, since it can play like pivote, stick or extreme by right.<\/p> ","protected":false},"excerpt":{"rendered":"<p>\u00c1lex Collado will return to FC Barcelona in July after a season on loan at Granada. The man from Sabadell spoke with &#8216;Jijantes FC&#8217; about his plans for 2022-23 and made it clear that his priority is to earn a place in Xavi Hern\u00e1ndez&#8217;s team The FC Barcelona has several players yielded that they will [&hellip;]<\/p>\n","protected":false},"author":347,"featured_media":72872,"comment_status":"closed","ping_status":"open","sticky":false,"template":"","format":"standard","meta":{"_acf_changed":false,"inline_featured_image":false,"_nextfly_llmd_date_locked":false,"footnotes":""},"categories":[107,453],"tags":[48],"class_list":["post-72870","post","type-post","status-publish","format-standard","has-post-thumbnail","hentry","category-players","category-players-2","tag-xavi-hernandez"],"acf":[],"yoast_head":"<!-- This site is optimized with the Yoast SEO plugin v27.3 - https:\/\/yoast.com\/product\/yoast-seo-wordpress\/ -->\n<title>Collado confirms that Xavi has made it clear that he has him at Bar\u00e7a<\/title>\n<meta name=\"description\" content=\"\u00c1lex Hill will return to the FC Barcelona in July after a season yielded in the Granada. The one of Sabadell conversed with &#039;Jijantes FC&#039; on his plans for the 2...\" \/>\n<meta name=\"robots\" content=\"index, follow, max-snippet:-1, max-image-preview:large, max-video-preview:-1\" \/>\n<link rel=\"canonical\" href=\"https:\/\/www.fcbarcelonanoticias.com\/en\/players\/hill-confirms-that-xavi-has-left-him-clear-that-explains-c_280633_102.html\" \/>\n<meta property=\"og:locale\" content=\"en_US\" \/>\n<meta property=\"og:type\" content=\"article\" \/>\n<meta property=\"og:title\" content=\"Collado confirms that Xavi has made it clear that he has him at Bar\u00e7a\" \/>\n<meta property=\"og:description\" content=\"\u00c1lex Hill will return to the FC Barcelona in July after a season yielded in the Granada. The one of Sabadell conversed with &#039;Jijantes FC&#039; on his plans for the 2...\" \/>\n<meta property=\"og:url\" content=\"https:\/\/www.fcbarcelonanoticias.com\/en\/players\/hill-confirms-that-xavi-has-left-him-clear-that-explains-c_280633_102.html\" \/>\n<meta property=\"og:site_name\" content=\"EN - FC Barcelona Noticias\" \/>\n<meta property=\"article:published_time\" content=\"2022-05-25T22:39:00+00:00\" \/>\n<meta property=\"og:image\" content=\"https:\/\/www.fcbarcelonanoticias.com\/en\/wp-content\/uploads\/sites\/2\/2022\/05\/alex-collado-fc-barcelona.jpeg\" \/>\n\t<meta property=\"og:image:width\" content=\"1300\" \/>\n\t<meta property=\"og:image:height\" content=\"732\" \/>\n\t<meta property=\"og:image:type\" content=\"image\/jpeg\" \/>\n<meta name=\"author\" content=\"Andr\u00e9s Quiroz\" \/>\n<meta name=\"twitter:card\" content=\"summary_large_image\" \/>\n<meta name=\"twitter:label1\" content=\"Written by\" \/>\n\t<meta name=\"twitter:data1\" content=\"Andr\u00e9s Quiroz\" \/>\n\t<meta name=\"twitter:label2\" content=\"Est. reading time\" \/>\n\t<meta name=\"twitter:data2\" content=\"3 minutes\" \/>\n<script type=\"application\/ld+json\" class=\"yoast-schema-graph\">{\"@context\":\"https:\\\/\\\/schema.org\",\"@graph\":[{\"@type\":\"Article\",\"@id\":\"https:\\\/\\\/www.fcbarcelonanoticias.com\\\/en\\\/players\\\/hill-confirms-that-xavi-has-left-him-clear-that-explains-c_280633_102.html#article\",\"isPartOf\":{\"@id\":\"https:\\\/\\\/www.fcbarcelonanoticias.com\\\/en\\\/players\\\/hill-confirms-that-xavi-has-left-him-clear-that-explains-c_280633_102.html\"},\"author\":{\"name\":\"Andr\u00e9s Quiroz\",\"@id\":\"https:\\\/\\\/www.fcbarcelonanoticias.com\\\/en\\\/#\\\/schema\\\/person\\\/c2cd9f6fa1af5c0d0eccd0fefa575c88\"},\"headline\":\"Collado confirms that Xavi has made it clear that he has him at Bar\u00e7a\",\"datePublished\":\"2022-05-25T22:39:00+00:00\",\"mainEntityOfPage\":{\"@id\":\"https:\\\/\\\/www.fcbarcelonanoticias.com\\\/en\\\/players\\\/hill-confirms-that-xavi-has-left-him-clear-that-explains-c_280633_102.html\"},\"wordCount\":528,\"image\":{\"@id\":\"https:\\\/\\\/www.fcbarcelonanoticias.com\\\/en\\\/players\\\/hill-confirms-that-xavi-has-left-him-clear-that-explains-c_280633_102.html#primaryimage\"},\"thumbnailUrl\":\"https:\\\/\\\/www.fcbarcelonanoticias.com\\\/en\\\/wp-content\\\/uploads\\\/sites\\\/2\\\/2022\\\/05\\\/alex-collado-fc-barcelona.jpeg\",\"keywords\":[\"Xavi Hern\u00e1ndez\"],\"articleSection\":[\"Players\",\"Players\"],\"inLanguage\":\"en-US\"},{\"@type\":\"WebPage\",\"@id\":\"https:\\\/\\\/www.fcbarcelonanoticias.com\\\/en\\\/players\\\/hill-confirms-that-xavi-has-left-him-clear-that-explains-c_280633_102.html\",\"url\":\"https:\\\/\\\/www.fcbarcelonanoticias.com\\\/en\\\/players\\\/hill-confirms-that-xavi-has-left-him-clear-that-explains-c_280633_102.html\",\"name\":\"Collado confirms that Xavi has made it clear that he has him at Bar\u00e7a\",\"isPartOf\":{\"@id\":\"https:\\\/\\\/www.fcbarcelonanoticias.com\\\/en\\\/#website\"},\"primaryImageOfPage\":{\"@id\":\"https:\\\/\\\/www.fcbarcelonanoticias.com\\\/en\\\/players\\\/hill-confirms-that-xavi-has-left-him-clear-that-explains-c_280633_102.html#primaryimage\"},\"image\":{\"@id\":\"https:\\\/\\\/www.fcbarcelonanoticias.com\\\/en\\\/players\\\/hill-confirms-that-xavi-has-left-him-clear-that-explains-c_280633_102.html#primaryimage\"},\"thumbnailUrl\":\"https:\\\/\\\/www.fcbarcelonanoticias.com\\\/en\\\/wp-content\\\/uploads\\\/sites\\\/2\\\/2022\\\/05\\\/alex-collado-fc-barcelona.jpeg\",\"datePublished\":\"2022-05-25T22:39:00+00:00\",\"author\":{\"@id\":\"https:\\\/\\\/www.fcbarcelonanoticias.com\\\/en\\\/#\\\/schema\\\/person\\\/c2cd9f6fa1af5c0d0eccd0fefa575c88\"},\"description\":\"\u00c1lex Hill will return to the FC Barcelona in July after a season yielded in the Granada. The one of Sabadell conversed with 'Jijantes FC' on his plans for the 2...\",\"breadcrumb\":{\"@id\":\"https:\\\/\\\/www.fcbarcelonanoticias.com\\\/en\\\/players\\\/hill-confirms-that-xavi-has-left-him-clear-that-explains-c_280633_102.html#breadcrumb\"},\"inLanguage\":\"en-US\",\"potentialAction\":[{\"@type\":\"ReadAction\",\"target\":[\"https:\\\/\\\/www.fcbarcelonanoticias.com\\\/en\\\/players\\\/hill-confirms-that-xavi-has-left-him-clear-that-explains-c_280633_102.html\"]}]},{\"@type\":\"ImageObject\",\"inLanguage\":\"en-US\",\"@id\":\"https:\\\/\\\/www.fcbarcelonanoticias.com\\\/en\\\/players\\\/hill-confirms-that-xavi-has-left-him-clear-that-explains-c_280633_102.html#primaryimage\",\"url\":\"https:\\\/\\\/www.fcbarcelonanoticias.com\\\/en\\\/wp-content\\\/uploads\\\/sites\\\/2\\\/2022\\\/05\\\/alex-collado-fc-barcelona.jpeg\",\"contentUrl\":\"https:\\\/\\\/www.fcbarcelonanoticias.com\\\/en\\\/wp-content\\\/uploads\\\/sites\\\/2\\\/2022\\\/05\\\/alex-collado-fc-barcelona.jpeg\",\"width\":1300,\"height\":732},{\"@type\":\"BreadcrumbList\",\"@id\":\"https:\\\/\\\/www.fcbarcelonanoticias.com\\\/en\\\/players\\\/hill-confirms-that-xavi-has-left-him-clear-that-explains-c_280633_102.html#breadcrumb\",\"itemListElement\":[{\"@type\":\"ListItem\",\"position\":1,\"name\":\"Portada\",\"item\":\"https:\\\/\\\/www.fcbarcelonanoticias.com\\\/en\\\/\"},{\"@type\":\"ListItem\",\"position\":2,\"name\":\"Collado confirms that Xavi has made it clear that he has him at Bar\u00e7a\"}]},{\"@type\":\"WebSite\",\"@id\":\"https:\\\/\\\/www.fcbarcelonanoticias.com\\\/en\\\/#website\",\"url\":\"https:\\\/\\\/www.fcbarcelonanoticias.com\\\/en\\\/\",\"name\":\"EN - FC Barcelona Noticias\",\"description\":\"\",\"potentialAction\":[{\"@type\":\"SearchAction\",\"target\":{\"@type\":\"EntryPoint\",\"urlTemplate\":\"https:\\\/\\\/www.fcbarcelonanoticias.com\\\/en\\\/?s={search_term_string}\"},\"query-input\":{\"@type\":\"PropertyValueSpecification\",\"valueRequired\":true,\"valueName\":\"search_term_string\"}}],\"inLanguage\":\"en-US\"},{\"@type\":\"Person\",\"@id\":\"https:\\\/\\\/www.fcbarcelonanoticias.com\\\/en\\\/#\\\/schema\\\/person\\\/c2cd9f6fa1af5c0d0eccd0fefa575c88\",\"name\":\"Andr\u00e9s Quiroz\",\"image\":{\"@type\":\"ImageObject\",\"inLanguage\":\"en-US\",\"@id\":\"https:\\\/\\\/secure.gravatar.com\\\/avatar\\\/?s=96&d=mm&r=g\",\"url\":\"https:\\\/\\\/secure.gravatar.com\\\/avatar\\\/?s=96&d=mm&r=g\",\"contentUrl\":\"https:\\\/\\\/secure.gravatar.com\\\/avatar\\\/?s=96&d=mm&r=g\",\"caption\":\"Andr\u00e9s Quiroz\"},\"description\":\"Licenciado en Periodismo por la Universidad de los Andes. Me encargo de analizar y compartir los contenidos m\u00e1s destacados de la\u00a0actualidad del F\u00fatbol Club Barcelona, Mercado de Fichajes y F\u00fatbol Internacional en FCBN. La informaci\u00f3n es poder, pero tambi\u00e9n conocimiento.\",\"url\":\"https:\\\/\\\/www.fcbarcelonanoticias.com\\\/en\\\/fc-barcelona\\\/andres-quiroz_17_115.html\"}]}<\/script>\n<!-- \/ Yoast SEO plugin. -->","yoast_head_json":{"title":"Collado confirms that Xavi has made it clear that he has him at Bar\u00e7a","description":"\u00c1lex Hill will return to the FC Barcelona in July after a season yielded in the Granada. The one of Sabadell conversed with 'Jijantes FC' on his plans for the 2...","robots":{"index":"index","follow":"follow","max-snippet":"max-snippet:-1","max-image-preview":"max-image-preview:large","max-video-preview":"max-video-preview:-1"},"canonical":"https:\/\/www.fcbarcelonanoticias.com\/en\/players\/hill-confirms-that-xavi-has-left-him-clear-that-explains-c_280633_102.html","og_locale":"en_US","og_type":"article","og_title":"Collado confirms that Xavi has made it clear that he has him at Bar\u00e7a","og_description":"\u00c1lex Hill will return to the FC Barcelona in July after a season yielded in the Granada. The one of Sabadell conversed with 'Jijantes FC' on his plans for the 2...","og_url":"https:\/\/www.fcbarcelonanoticias.com\/en\/players\/hill-confirms-that-xavi-has-left-him-clear-that-explains-c_280633_102.html","og_site_name":"EN - FC Barcelona Noticias","article_published_time":"2022-05-25T22:39:00+00:00","og_image":[{"width":1300,"height":732,"url":"https:\/\/www.fcbarcelonanoticias.com\/en\/wp-content\/uploads\/sites\/2\/2022\/05\/alex-collado-fc-barcelona.jpeg","type":"image\/jpeg"}],"author":"Andr\u00e9s Quiroz","twitter_card":"summary_large_image","twitter_misc":{"Written by":"Andr\u00e9s Quiroz","Est. reading time":"3 minutes"},"schema":{"@context":"https:\/\/schema.org","@graph":[{"@type":"Article","@id":"https:\/\/www.fcbarcelonanoticias.com\/en\/players\/hill-confirms-that-xavi-has-left-him-clear-that-explains-c_280633_102.html#article","isPartOf":{"@id":"https:\/\/www.fcbarcelonanoticias.com\/en\/players\/hill-confirms-that-xavi-has-left-him-clear-that-explains-c_280633_102.html"},"author":{"name":"Andr\u00e9s Quiroz","@id":"https:\/\/www.fcbarcelonanoticias.com\/en\/#\/schema\/person\/c2cd9f6fa1af5c0d0eccd0fefa575c88"},"headline":"Collado confirms that Xavi has made it clear that he has him at Bar\u00e7a","datePublished":"2022-05-25T22:39:00+00:00","mainEntityOfPage":{"@id":"https:\/\/www.fcbarcelonanoticias.com\/en\/players\/hill-confirms-that-xavi-has-left-him-clear-that-explains-c_280633_102.html"},"wordCount":528,"image":{"@id":"https:\/\/www.fcbarcelonanoticias.com\/en\/players\/hill-confirms-that-xavi-has-left-him-clear-that-explains-c_280633_102.html#primaryimage"},"thumbnailUrl":"https:\/\/www.fcbarcelonanoticias.com\/en\/wp-content\/uploads\/sites\/2\/2022\/05\/alex-collado-fc-barcelona.jpeg","keywords":["Xavi Hern\u00e1ndez"],"articleSection":["Players","Players"],"inLanguage":"en-US"},{"@type":"WebPage","@id":"https:\/\/www.fcbarcelonanoticias.com\/en\/players\/hill-confirms-that-xavi-has-left-him-clear-that-explains-c_280633_102.html","url":"https:\/\/www.fcbarcelonanoticias.com\/en\/players\/hill-confirms-that-xavi-has-left-him-clear-that-explains-c_280633_102.html","name":"Collado confirms that Xavi has made it clear that he has him at Bar\u00e7a","isPartOf":{"@id":"https:\/\/www.fcbarcelonanoticias.com\/en\/#website"},"primaryImageOfPage":{"@id":"https:\/\/www.fcbarcelonanoticias.com\/en\/players\/hill-confirms-that-xavi-has-left-him-clear-that-explains-c_280633_102.html#primaryimage"},"image":{"@id":"https:\/\/www.fcbarcelonanoticias.com\/en\/players\/hill-confirms-that-xavi-has-left-him-clear-that-explains-c_280633_102.html#primaryimage"},"thumbnailUrl":"https:\/\/www.fcbarcelonanoticias.com\/en\/wp-content\/uploads\/sites\/2\/2022\/05\/alex-collado-fc-barcelona.jpeg","datePublished":"2022-05-25T22:39:00+00:00","author":{"@id":"https:\/\/www.fcbarcelonanoticias.com\/en\/#\/schema\/person\/c2cd9f6fa1af5c0d0eccd0fefa575c88"},"description":"\u00c1lex Hill will return to the FC Barcelona in July after a season yielded in the Granada. The one of Sabadell conversed with 'Jijantes FC' on his plans for the 2...","breadcrumb":{"@id":"https:\/\/www.fcbarcelonanoticias.com\/en\/players\/hill-confirms-that-xavi-has-left-him-clear-that-explains-c_280633_102.html#breadcrumb"},"inLanguage":"en-US","potentialAction":[{"@type":"ReadAction","target":["https:\/\/www.fcbarcelonanoticias.com\/en\/players\/hill-confirms-that-xavi-has-left-him-clear-that-explains-c_280633_102.html"]}]},{"@type":"ImageObject","inLanguage":"en-US","@id":"https:\/\/www.fcbarcelonanoticias.com\/en\/players\/hill-confirms-that-xavi-has-left-him-clear-that-explains-c_280633_102.html#primaryimage","url":"https:\/\/www.fcbarcelonanoticias.com\/en\/wp-content\/uploads\/sites\/2\/2022\/05\/alex-collado-fc-barcelona.jpeg","contentUrl":"https:\/\/www.fcbarcelonanoticias.com\/en\/wp-content\/uploads\/sites\/2\/2022\/05\/alex-collado-fc-barcelona.jpeg","width":1300,"height":732},{"@type":"BreadcrumbList","@id":"https:\/\/www.fcbarcelonanoticias.com\/en\/players\/hill-confirms-that-xavi-has-left-him-clear-that-explains-c_280633_102.html#breadcrumb","itemListElement":[{"@type":"ListItem","position":1,"name":"Portada","item":"https:\/\/www.fcbarcelonanoticias.com\/en\/"},{"@type":"ListItem","position":2,"name":"Collado confirms that Xavi has made it clear that he has him at Bar\u00e7a"}]},{"@type":"WebSite","@id":"https:\/\/www.fcbarcelonanoticias.com\/en\/#website","url":"https:\/\/www.fcbarcelonanoticias.com\/en\/","name":"EN - FC Barcelona Noticias","description":"","potentialAction":[{"@type":"SearchAction","target":{"@type":"EntryPoint","urlTemplate":"https:\/\/www.fcbarcelonanoticias.com\/en\/?s={search_term_string}"},"query-input":{"@type":"PropertyValueSpecification","valueRequired":true,"valueName":"search_term_string"}}],"inLanguage":"en-US"},{"@type":"Person","@id":"https:\/\/www.fcbarcelonanoticias.com\/en\/#\/schema\/person\/c2cd9f6fa1af5c0d0eccd0fefa575c88","name":"Andr\u00e9s Quiroz","image":{"@type":"ImageObject","inLanguage":"en-US","@id":"https:\/\/secure.gravatar.com\/avatar\/?s=96&d=mm&r=g","url":"https:\/\/secure.gravatar.com\/avatar\/?s=96&d=mm&r=g","contentUrl":"https:\/\/secure.gravatar.com\/avatar\/?s=96&d=mm&r=g","caption":"Andr\u00e9s Quiroz"},"description":"Licenciado en Periodismo por la Universidad de los Andes. Me encargo de analizar y compartir los contenidos m\u00e1s destacados de la\u00a0actualidad del F\u00fatbol Club Barcelona, Mercado de Fichajes y F\u00fatbol Internacional en FCBN. La informaci\u00f3n es poder, pero tambi\u00e9n conocimiento.","url":"https:\/\/www.fcbarcelonanoticias.com\/en\/fc-barcelona\/andres-quiroz_17_115.html"}]}},"_links":{"self":[{"href":"https:\/\/www.fcbarcelonanoticias.com\/en\/wp-json\/wp\/v2\/posts\/72870","targetHints":{"allow":["GET"]}}],"collection":[{"href":"https:\/\/www.fcbarcelonanoticias.com\/en\/wp-json\/wp\/v2\/posts"}],"about":[{"href":"https:\/\/www.fcbarcelonanoticias.com\/en\/wp-json\/wp\/v2\/types\/post"}],"author":[{"embeddable":true,"href":"https:\/\/www.fcbarcelonanoticias.com\/en\/wp-json\/wp\/v2\/users\/347"}],"replies":[{"embeddable":true,"href":"https:\/\/www.fcbarcelonanoticias.com\/en\/wp-json\/wp\/v2\/comments?post=72870"}],"version-history":[{"count":1,"href":"https:\/\/www.fcbarcelonanoticias.com\/en\/wp-json\/wp\/v2\/posts\/72870\/revisions"}],"predecessor-version":[{"id":119973,"href":"https:\/\/www.fcbarcelonanoticias.com\/en\/wp-json\/wp\/v2\/posts\/72870\/revisions\/119973"}],"wp:featuredmedia":[{"embeddable":true,"href":"https:\/\/www.fcbarcelonanoticias.com\/en\/wp-json\/wp\/v2\/media\/72872"}],"wp:attachment":[{"href":"https:\/\/www.fcbarcelonanoticias.com\/en\/wp-json\/wp\/v2\/media?parent=72870"}],"wp:term":[{"taxonomy":"category","embeddable":true,"href":"https:\/\/www.fcbarcelonanoticias.com\/en\/wp-json\/wp\/v2\/categories?post=72870"},{"taxonomy":"post_tag","embeddable":true,"href":"https:\/\/www.fcbarcelonanoticias.com\/en\/wp-json\/wp\/v2\/tags?post=72870"}],"curies":[{"name":"wp","href":"https:\/\/api.w.org\/{rel}","templated":true}]}}