{"id":72903,"date":"2023-10-08T22:44:00","date_gmt":"2023-10-08T20:44:00","guid":{"rendered":"https:\/\/weisetech.dev\/fc-barcelona-noticias\/en\/historical-lamine-yamal-becomes-the-youngest-scorer-in-laliga-history_296898_102\/"},"modified":"2023-10-08T23:30:00","modified_gmt":"2023-10-08T21:30:00","slug":"historical-lamine-yamal-becomes-the-youngest-scorer-in-laliga-history_296898_102","status":"publish","type":"post","link":"https:\/\/www.fcbarcelonanoticias.com\/en\/players\/historical-lamine-yamal-becomes-the-youngest-scorer-in-laliga-history_296898_102.html","title":{"rendered":"Historical!  Lamine Yamal becomes the youngest scorer in LaLiga history"},"content":{"rendered":"<h2 class=\"wp-block-heading\">Lamine Yamal made history again with Bar\u00e7a, since at just 16 years and 87 days he became the youngest scorer in LaLiga.  His goal was the starting point for the Blaugranas in what ended up being an agonizing draw against Granada<\/h2>  \r\n<div class=\"article-addons\">\r\n    <a href=\"https:\/\/www.fcbarcelonanoticias.com\/en\/calendar-fc-barcelona.html\"\r\n       target=\"_self\"\r\n       title=\"Calendar of FC Barcelona\"\r\n       class=\"blue-gredient-btn\">\r\n       \r\n        Calendar of FC Barcelona    <\/a>\r\n<\/div>   <p>Lamine Yamal, <a data-external=\"0\" data-intl-links-en=\"https:\/\/www.fcbarcelonanoticias.com\/en\/laliga\/chronicle-of-the-granada-fc-barcelona-of-laliga_296892_102.html\" data-intl-links-es=\"https:\/\/www.fcbarcelonanoticias.com\/laliga\/barca-rescata-punto-en-exigente-visita-granada-2-2_296892_102.html\" href=\"https:\/\/www.fcbarcelonanoticias.com\/en\/laliga\/chronicle-of-the-granada-fc-barcelona-of-laliga_296892_102.html\" rel=\"follow\" target=\"_self\" title=\"El Bar\u00e7a rescata un punto en una exigente visita a Granada (2-2)\">with his goal in the tie two to two in front of the Granada CF<\/a>, <strong>happened to the history of LaLiga and of the FC Barcelona like the goleador younger of the history of the championship<\/strong>, with 16 years and 87 days. It surpassed like this to Fabrice Olinga of the M\u00e1laga, the one who attained it in 2012 in front of the Celtic of Vigo with 16 years and 98 days.<\/p>  <p>The native of Esplugues of Llobegrat took advantage of a pass of Jo\u00e3or F\u00e9lix to mark a target that, in his moment, approached to the Bar\u00e7a 1-2 in front of the &#8216;nazar\u00edes&#8217;. The attacker, in the last moment,<strong> attained to push the balloon to the bottom of the arch, appearing by the second stick of the totally free goalkeeper of mark<\/strong>, to win the resistance of Andr\u00e9 Ferreira and annotate his first as much as cul\u00e9, which had done him extremely elusive.<\/p>  <blockquote class=\"twitter-tweet\"> <p dir=\"ltr\" lang=\"es\">A HISTORICAL GOAL! Lamine Yamal annotated the discount vs. Granada and turned into the youngest player in annotating a goal in the history of <a href=\"https:\/\/twitter.com\/en\/hashtag\/LaLigaxESPN?src=hash&amp;ref_src=twsrc%5Etfw\">#LaLigaxESPN<\/a> with 16 years and 87 days.<br><br> \ud83d\udcfa Mir\u00e1 <a href=\"https:\/\/twitter.com\/en\/hashtag\/LaLiga?src=hash&amp;ref_src=twsrc%5Etfw\">#LaLiga<\/a> By <a href=\"https:\/\/twitter.com\/en\/hashtag\/ESPNenStarPlus?src=hash&amp;ref_src=twsrc%5Etfw\">#ESPNenStarPlus<\/a> <a href=\"https:\/\/t.co\/en\/Ogd3LoiNad\">pic.twitter.com\/ogd3loinad<\/a><\/p> \u2014 SportsCenter (@SC_ESPN) <a href=\"https:\/\/twitter.com\/en\/SC_ESPN\/status\/1711107941309223230?ref_src=twsrc%5Etfw\">October 8, 2023<\/a> <\/blockquote> <p>The right extreme <strong>also shined in statistical terms, being a true headache for the defence of the Granada<\/strong>. It completed two of three dribblings, made a shot to door and had 57 touch of balloon, of which connected 28 of 36 times with his mates (78% of precision in passes). Besides, it was very hit in the duels, since it won five of nine terrestrial crosses and won the only aerial clash in which it participated.<\/p>  <h2>Lamine Yamal no for to demolish records<\/h2>  <p>With east,<strong> Lamine Yamal attains his sixth record in his short history like professional in the City Condal<\/strong>. Already it has turned into the <a data-external=\"0\" data-intl-links-en=\"https:\/\/www.fcbarcelonanoticias.com\/en\/laliga\/lamine-yamal-passes-history-xavi-becomes-a-younger-newcomer-barca_291959_102.html\" data-intl-links-es=\"https:\/\/www.fcbarcelonanoticias.com\/laliga\/lamine-yamal-pasa-historia-xavi-convierte-en-debutante-mas-joven-barca_291959_102.html\" href=\"https:\/\/www.fcbarcelonanoticias.com\/en\/laliga\/lamine-yamal-passes-history-xavi-becomes-a-younger-newcomer-barca_291959_102.html\" rel=\"follow\" target=\"_self\" title=\"\u00a1Lamine Yamal pasa a la historia! Xavi le convierte en el debutante m\u00e1s joven del Bar\u00e7a\">debutante younger so much in the first team of the Bar\u00e7a<\/a> (15 years and 290 days) as in the Atl\u00e8tic (15 years and 297 days). Besides, it is the champion (15 years and 305 days), the headline and the assistant (16 years and 45 days) younger in the history of LaLiga in the 21st century.<\/p> ","protected":false},"excerpt":{"rendered":"<p>Lamine Yamal made history again with Bar\u00e7a, since at just 16 years and 87 days he became the youngest scorer in LaLiga. His goal was the starting point for the Blaugranas in what ended up being an agonizing draw against Granada Lamine Yamal, with his goal in the tie two to two in front of [&hellip;]<\/p>\n","protected":false},"author":355,"featured_media":72905,"comment_status":"closed","ping_status":"open","sticky":false,"template":"","format":"standard","meta":{"_acf_changed":false,"inline_featured_image":false,"_nextfly_llmd_date_locked":false,"footnotes":""},"categories":[453,107],"tags":[],"class_list":["post-72903","post","type-post","status-publish","format-standard","has-post-thumbnail","hentry","category-players-2","category-players"],"acf":[],"yoast_head":"<!-- This site is optimized with the Yoast SEO plugin v27.3 - https:\/\/yoast.com\/product\/yoast-seo-wordpress\/ -->\n<title>Historical! Lamine Yamal becomes the youngest scorer in LaLiga history<\/title>\n<meta name=\"description\" content=\"Lamine Yamal made history again with Bar\u00e7a, since at just 16 years and 87 days he became the youngest scorer in LaLiga. His goal was the starting point for the Blaugranas in what ended up being an agonizing draw against Granada\" \/>\n<meta name=\"robots\" content=\"index, follow, max-snippet:-1, max-image-preview:large, max-video-preview:-1\" \/>\n<link rel=\"canonical\" href=\"https:\/\/www.fcbarcelonanoticias.com\/en\/players\/historical-lamine-yamal-becomes-the-youngest-scorer-in-laliga-history_296898_102.html\" \/>\n<meta property=\"og:locale\" content=\"en_US\" \/>\n<meta property=\"og:type\" content=\"article\" \/>\n<meta property=\"og:title\" content=\"Historical! Lamine Yamal becomes the youngest scorer in LaLiga history\" \/>\n<meta property=\"og:description\" content=\"Lamine Yamal made history again with Bar\u00e7a, since at just 16 years and 87 days he became the youngest scorer in LaLiga. His goal was the starting point for the Blaugranas in what ended up being an agonizing draw against Granada\" \/>\n<meta property=\"og:url\" content=\"https:\/\/www.fcbarcelonanoticias.com\/en\/players\/historical-lamine-yamal-becomes-the-youngest-scorer-in-laliga-history_296898_102.html\" \/>\n<meta property=\"og:site_name\" content=\"EN - FC Barcelona Noticias\" \/>\n<meta property=\"article:published_time\" content=\"2023-10-08T20:44:00+00:00\" \/>\n<meta property=\"article:modified_time\" content=\"2023-10-08T21:30:00+00:00\" \/>\n<meta name=\"author\" content=\"Kevin G\u00f3mez\" \/>\n<meta name=\"twitter:card\" content=\"summary_large_image\" \/>\n<meta name=\"twitter:label1\" content=\"Written by\" \/>\n\t<meta name=\"twitter:data1\" content=\"Kevin G\u00f3mez\" \/>\n\t<meta name=\"twitter:label2\" content=\"Est. reading time\" \/>\n\t<meta name=\"twitter:data2\" content=\"2 minutes\" \/>\n<script type=\"application\/ld+json\" class=\"yoast-schema-graph\">{\"@context\":\"https:\\\/\\\/schema.org\",\"@graph\":[{\"@type\":\"Article\",\"@id\":\"https:\\\/\\\/www.fcbarcelonanoticias.com\\\/en\\\/players\\\/historical-lamine-yamal-becomes-the-youngest-scorer-in-laliga-history_296898_102.html#article\",\"isPartOf\":{\"@id\":\"https:\\\/\\\/www.fcbarcelonanoticias.com\\\/en\\\/players\\\/historical-lamine-yamal-becomes-the-youngest-scorer-in-laliga-history_296898_102.html\"},\"author\":{\"name\":\"Kevin G\u00f3mez\",\"@id\":\"https:\\\/\\\/www.fcbarcelonanoticias.com\\\/en\\\/#\\\/schema\\\/person\\\/991443f134df9a64c6874f96ff984c9d\"},\"headline\":\"Historical! Lamine Yamal becomes the youngest scorer in LaLiga history\",\"datePublished\":\"2023-10-08T20:44:00+00:00\",\"dateModified\":\"2023-10-08T21:30:00+00:00\",\"mainEntityOfPage\":{\"@id\":\"https:\\\/\\\/www.fcbarcelonanoticias.com\\\/en\\\/players\\\/historical-lamine-yamal-becomes-the-youngest-scorer-in-laliga-history_296898_102.html\"},\"wordCount\":400,\"image\":{\"@id\":\"https:\\\/\\\/www.fcbarcelonanoticias.com\\\/en\\\/players\\\/historical-lamine-yamal-becomes-the-youngest-scorer-in-laliga-history_296898_102.html#primaryimage\"},\"thumbnailUrl\":\"\",\"articleSection\":[\"Players\",\"Players\"],\"inLanguage\":\"en-US\"},{\"@type\":\"WebPage\",\"@id\":\"https:\\\/\\\/www.fcbarcelonanoticias.com\\\/en\\\/players\\\/historical-lamine-yamal-becomes-the-youngest-scorer-in-laliga-history_296898_102.html\",\"url\":\"https:\\\/\\\/www.fcbarcelonanoticias.com\\\/en\\\/players\\\/historical-lamine-yamal-becomes-the-youngest-scorer-in-laliga-history_296898_102.html\",\"name\":\"Historical! Lamine Yamal becomes the youngest scorer in LaLiga history\",\"isPartOf\":{\"@id\":\"https:\\\/\\\/www.fcbarcelonanoticias.com\\\/en\\\/#website\"},\"primaryImageOfPage\":{\"@id\":\"https:\\\/\\\/www.fcbarcelonanoticias.com\\\/en\\\/players\\\/historical-lamine-yamal-becomes-the-youngest-scorer-in-laliga-history_296898_102.html#primaryimage\"},\"image\":{\"@id\":\"https:\\\/\\\/www.fcbarcelonanoticias.com\\\/en\\\/players\\\/historical-lamine-yamal-becomes-the-youngest-scorer-in-laliga-history_296898_102.html#primaryimage\"},\"thumbnailUrl\":\"\",\"datePublished\":\"2023-10-08T20:44:00+00:00\",\"dateModified\":\"2023-10-08T21:30:00+00:00\",\"author\":{\"@id\":\"https:\\\/\\\/www.fcbarcelonanoticias.com\\\/en\\\/#\\\/schema\\\/person\\\/991443f134df9a64c6874f96ff984c9d\"},\"description\":\"Lamine Yamal made history again with Bar\u00e7a, since at just 16 years and 87 days he became the youngest scorer in LaLiga. His goal was the starting point for the Blaugranas in what ended up being an agonizing draw against Granada\",\"breadcrumb\":{\"@id\":\"https:\\\/\\\/www.fcbarcelonanoticias.com\\\/en\\\/players\\\/historical-lamine-yamal-becomes-the-youngest-scorer-in-laliga-history_296898_102.html#breadcrumb\"},\"inLanguage\":\"en-US\",\"potentialAction\":[{\"@type\":\"ReadAction\",\"target\":[\"https:\\\/\\\/www.fcbarcelonanoticias.com\\\/en\\\/players\\\/historical-lamine-yamal-becomes-the-youngest-scorer-in-laliga-history_296898_102.html\"]}]},{\"@type\":\"ImageObject\",\"inLanguage\":\"en-US\",\"@id\":\"https:\\\/\\\/www.fcbarcelonanoticias.com\\\/en\\\/players\\\/historical-lamine-yamal-becomes-the-youngest-scorer-in-laliga-history_296898_102.html#primaryimage\",\"url\":\"\",\"contentUrl\":\"\",\"width\":1300,\"height\":732},{\"@type\":\"BreadcrumbList\",\"@id\":\"https:\\\/\\\/www.fcbarcelonanoticias.com\\\/en\\\/players\\\/historical-lamine-yamal-becomes-the-youngest-scorer-in-laliga-history_296898_102.html#breadcrumb\",\"itemListElement\":[{\"@type\":\"ListItem\",\"position\":1,\"name\":\"Portada\",\"item\":\"https:\\\/\\\/www.fcbarcelonanoticias.com\\\/en\\\/\"},{\"@type\":\"ListItem\",\"position\":2,\"name\":\"Historical! Lamine Yamal becomes the youngest scorer in LaLiga history\"}]},{\"@type\":\"WebSite\",\"@id\":\"https:\\\/\\\/www.fcbarcelonanoticias.com\\\/en\\\/#website\",\"url\":\"https:\\\/\\\/www.fcbarcelonanoticias.com\\\/en\\\/\",\"name\":\"EN - FC Barcelona Noticias\",\"description\":\"\",\"potentialAction\":[{\"@type\":\"SearchAction\",\"target\":{\"@type\":\"EntryPoint\",\"urlTemplate\":\"https:\\\/\\\/www.fcbarcelonanoticias.com\\\/en\\\/?s={search_term_string}\"},\"query-input\":{\"@type\":\"PropertyValueSpecification\",\"valueRequired\":true,\"valueName\":\"search_term_string\"}}],\"inLanguage\":\"en-US\"},{\"@type\":\"Person\",\"@id\":\"https:\\\/\\\/www.fcbarcelonanoticias.com\\\/en\\\/#\\\/schema\\\/person\\\/991443f134df9a64c6874f96ff984c9d\",\"name\":\"Kevin G\u00f3mez\",\"image\":{\"@type\":\"ImageObject\",\"inLanguage\":\"en-US\",\"@id\":\"https:\\\/\\\/secure.gravatar.com\\\/avatar\\\/?s=96&d=mm&r=g\",\"url\":\"https:\\\/\\\/secure.gravatar.com\\\/avatar\\\/?s=96&d=mm&r=g\",\"contentUrl\":\"https:\\\/\\\/secure.gravatar.com\\\/avatar\\\/?s=96&d=mm&r=g\",\"caption\":\"Kevin G\u00f3mez\"},\"description\":\"Licenciado\u00a0en Periodismo y Comunicaci\u00f3n Audiovisual. Redactor en FCBN responsable de cubrir toda\u00a0la informaci\u00f3n del FC Barcelona y las principales competiciones de\u00a0f\u00fatbol.\",\"url\":\"https:\\\/\\\/www.fcbarcelonanoticias.com\\\/en\\\/jugadores\\\/kevin-gomez_23_115.html\"}]}<\/script>\n<!-- \/ Yoast SEO plugin. -->","yoast_head_json":{"title":"Historical! Lamine Yamal becomes the youngest scorer in LaLiga history","description":"Lamine Yamal made history again with Bar\u00e7a, since at just 16 years and 87 days he became the youngest scorer in LaLiga. His goal was the starting point for the Blaugranas in what ended up being an agonizing draw against Granada","robots":{"index":"index","follow":"follow","max-snippet":"max-snippet:-1","max-image-preview":"max-image-preview:large","max-video-preview":"max-video-preview:-1"},"canonical":"https:\/\/www.fcbarcelonanoticias.com\/en\/players\/historical-lamine-yamal-becomes-the-youngest-scorer-in-laliga-history_296898_102.html","og_locale":"en_US","og_type":"article","og_title":"Historical! Lamine Yamal becomes the youngest scorer in LaLiga history","og_description":"Lamine Yamal made history again with Bar\u00e7a, since at just 16 years and 87 days he became the youngest scorer in LaLiga. His goal was the starting point for the Blaugranas in what ended up being an agonizing draw against Granada","og_url":"https:\/\/www.fcbarcelonanoticias.com\/en\/players\/historical-lamine-yamal-becomes-the-youngest-scorer-in-laliga-history_296898_102.html","og_site_name":"EN - FC Barcelona Noticias","article_published_time":"2023-10-08T20:44:00+00:00","article_modified_time":"2023-10-08T21:30:00+00:00","author":"Kevin G\u00f3mez","twitter_card":"summary_large_image","twitter_misc":{"Written by":"Kevin G\u00f3mez","Est. reading time":"2 minutes"},"schema":{"@context":"https:\/\/schema.org","@graph":[{"@type":"Article","@id":"https:\/\/www.fcbarcelonanoticias.com\/en\/players\/historical-lamine-yamal-becomes-the-youngest-scorer-in-laliga-history_296898_102.html#article","isPartOf":{"@id":"https:\/\/www.fcbarcelonanoticias.com\/en\/players\/historical-lamine-yamal-becomes-the-youngest-scorer-in-laliga-history_296898_102.html"},"author":{"name":"Kevin G\u00f3mez","@id":"https:\/\/www.fcbarcelonanoticias.com\/en\/#\/schema\/person\/991443f134df9a64c6874f96ff984c9d"},"headline":"Historical! Lamine Yamal becomes the youngest scorer in LaLiga history","datePublished":"2023-10-08T20:44:00+00:00","dateModified":"2023-10-08T21:30:00+00:00","mainEntityOfPage":{"@id":"https:\/\/www.fcbarcelonanoticias.com\/en\/players\/historical-lamine-yamal-becomes-the-youngest-scorer-in-laliga-history_296898_102.html"},"wordCount":400,"image":{"@id":"https:\/\/www.fcbarcelonanoticias.com\/en\/players\/historical-lamine-yamal-becomes-the-youngest-scorer-in-laliga-history_296898_102.html#primaryimage"},"thumbnailUrl":"","articleSection":["Players","Players"],"inLanguage":"en-US"},{"@type":"WebPage","@id":"https:\/\/www.fcbarcelonanoticias.com\/en\/players\/historical-lamine-yamal-becomes-the-youngest-scorer-in-laliga-history_296898_102.html","url":"https:\/\/www.fcbarcelonanoticias.com\/en\/players\/historical-lamine-yamal-becomes-the-youngest-scorer-in-laliga-history_296898_102.html","name":"Historical! Lamine Yamal becomes the youngest scorer in LaLiga history","isPartOf":{"@id":"https:\/\/www.fcbarcelonanoticias.com\/en\/#website"},"primaryImageOfPage":{"@id":"https:\/\/www.fcbarcelonanoticias.com\/en\/players\/historical-lamine-yamal-becomes-the-youngest-scorer-in-laliga-history_296898_102.html#primaryimage"},"image":{"@id":"https:\/\/www.fcbarcelonanoticias.com\/en\/players\/historical-lamine-yamal-becomes-the-youngest-scorer-in-laliga-history_296898_102.html#primaryimage"},"thumbnailUrl":"","datePublished":"2023-10-08T20:44:00+00:00","dateModified":"2023-10-08T21:30:00+00:00","author":{"@id":"https:\/\/www.fcbarcelonanoticias.com\/en\/#\/schema\/person\/991443f134df9a64c6874f96ff984c9d"},"description":"Lamine Yamal made history again with Bar\u00e7a, since at just 16 years and 87 days he became the youngest scorer in LaLiga. His goal was the starting point for the Blaugranas in what ended up being an agonizing draw against Granada","breadcrumb":{"@id":"https:\/\/www.fcbarcelonanoticias.com\/en\/players\/historical-lamine-yamal-becomes-the-youngest-scorer-in-laliga-history_296898_102.html#breadcrumb"},"inLanguage":"en-US","potentialAction":[{"@type":"ReadAction","target":["https:\/\/www.fcbarcelonanoticias.com\/en\/players\/historical-lamine-yamal-becomes-the-youngest-scorer-in-laliga-history_296898_102.html"]}]},{"@type":"ImageObject","inLanguage":"en-US","@id":"https:\/\/www.fcbarcelonanoticias.com\/en\/players\/historical-lamine-yamal-becomes-the-youngest-scorer-in-laliga-history_296898_102.html#primaryimage","url":"","contentUrl":"","width":1300,"height":732},{"@type":"BreadcrumbList","@id":"https:\/\/www.fcbarcelonanoticias.com\/en\/players\/historical-lamine-yamal-becomes-the-youngest-scorer-in-laliga-history_296898_102.html#breadcrumb","itemListElement":[{"@type":"ListItem","position":1,"name":"Portada","item":"https:\/\/www.fcbarcelonanoticias.com\/en\/"},{"@type":"ListItem","position":2,"name":"Historical! Lamine Yamal becomes the youngest scorer in LaLiga history"}]},{"@type":"WebSite","@id":"https:\/\/www.fcbarcelonanoticias.com\/en\/#website","url":"https:\/\/www.fcbarcelonanoticias.com\/en\/","name":"EN - FC Barcelona Noticias","description":"","potentialAction":[{"@type":"SearchAction","target":{"@type":"EntryPoint","urlTemplate":"https:\/\/www.fcbarcelonanoticias.com\/en\/?s={search_term_string}"},"query-input":{"@type":"PropertyValueSpecification","valueRequired":true,"valueName":"search_term_string"}}],"inLanguage":"en-US"},{"@type":"Person","@id":"https:\/\/www.fcbarcelonanoticias.com\/en\/#\/schema\/person\/991443f134df9a64c6874f96ff984c9d","name":"Kevin G\u00f3mez","image":{"@type":"ImageObject","inLanguage":"en-US","@id":"https:\/\/secure.gravatar.com\/avatar\/?s=96&d=mm&r=g","url":"https:\/\/secure.gravatar.com\/avatar\/?s=96&d=mm&r=g","contentUrl":"https:\/\/secure.gravatar.com\/avatar\/?s=96&d=mm&r=g","caption":"Kevin G\u00f3mez"},"description":"Licenciado\u00a0en Periodismo y Comunicaci\u00f3n Audiovisual. Redactor en FCBN responsable de cubrir toda\u00a0la informaci\u00f3n del FC Barcelona y las principales competiciones de\u00a0f\u00fatbol.","url":"https:\/\/www.fcbarcelonanoticias.com\/en\/jugadores\/kevin-gomez_23_115.html"}]}},"_links":{"self":[{"href":"https:\/\/www.fcbarcelonanoticias.com\/en\/wp-json\/wp\/v2\/posts\/72903","targetHints":{"allow":["GET"]}}],"collection":[{"href":"https:\/\/www.fcbarcelonanoticias.com\/en\/wp-json\/wp\/v2\/posts"}],"about":[{"href":"https:\/\/www.fcbarcelonanoticias.com\/en\/wp-json\/wp\/v2\/types\/post"}],"author":[{"embeddable":true,"href":"https:\/\/www.fcbarcelonanoticias.com\/en\/wp-json\/wp\/v2\/users\/355"}],"replies":[{"embeddable":true,"href":"https:\/\/www.fcbarcelonanoticias.com\/en\/wp-json\/wp\/v2\/comments?post=72903"}],"version-history":[{"count":1,"href":"https:\/\/www.fcbarcelonanoticias.com\/en\/wp-json\/wp\/v2\/posts\/72903\/revisions"}],"predecessor-version":[{"id":72904,"href":"https:\/\/www.fcbarcelonanoticias.com\/en\/wp-json\/wp\/v2\/posts\/72903\/revisions\/72904"}],"wp:featuredmedia":[{"embeddable":true,"href":"https:\/\/www.fcbarcelonanoticias.com\/en\/wp-json\/"}],"wp:attachment":[{"href":"https:\/\/www.fcbarcelonanoticias.com\/en\/wp-json\/wp\/v2\/media?parent=72903"}],"wp:term":[{"taxonomy":"category","embeddable":true,"href":"https:\/\/www.fcbarcelonanoticias.com\/en\/wp-json\/wp\/v2\/categories?post=72903"},{"taxonomy":"post_tag","embeddable":true,"href":"https:\/\/www.fcbarcelonanoticias.com\/en\/wp-json\/wp\/v2\/tags?post=72903"}],"curies":[{"name":"wp","href":"https:\/\/api.w.org\/{rel}","templated":true}]}}