{"id":72970,"date":"2017-03-08T21:01:00","date_gmt":"2017-03-08T20:01:00","guid":{"rendered":"https:\/\/weisetech.dev\/fc-barcelona-noticias\/en\/imparable-killer-suarez-marked-to-the-psg-in-the-first-of-the-barca_197773_102\/"},"modified":"2026-04-16T09:14:30","modified_gmt":"2026-04-16T07:14:30","slug":"imparable-killer-suarez-marked-to-the-psg-in-the-first-of-the-barca_197773_102","status":"publish","type":"post","link":"https:\/\/www.fcbarcelonanoticias.com\/en\/players\/imparable-killer-suarez-marked-to-the-psg-in-the-first-of-the-barca_197773_102.html","title":{"rendered":"IMPARABLE: &#8220;Killer&#8221; Su\u00e1rez marked to the PSG in the first of the Bar\u00e7a"},"content":{"rendered":"<h2 class=\"wp-block-heading\">The Uruguayan forward of the FC Barcelona, Luis Su\u00e1rez, gave validity to the dreams of all the barcelonismo when annotating the first goal of the party against the PSG in the minute three, in an act of faith of the charr\u00faa that generated the ideal script for the traced back<\/h2>  \r\n<div class=\"article-addons\">\r\n    <a href=\"https:\/\/www.fcbarcelonanoticias.com\/en\/calendar-fc-barcelona.html\"\r\n       target=\"_self\"\r\n       title=\"Calendar of FC Barcelona\"\r\n       class=\"blue-gredient-btn\">\r\n       \r\n        Calendar of FC Barcelona    <\/a>\r\n<\/div>   <p>Error tremendo of the guardameta, <strong>Kevin Trapp<\/strong>, and of the central of Paris Saint-Germain to <strong>allow the first goal of the so longed for &#8220;traced back&#8221; of the FC Barcelona<\/strong> in eighth of <a href=\"https:\/\/www.fcbarcelonanoticias.com\/champions-league-calendario-y-resultados.html\"><strong>Champions League<\/strong><\/a> in front of the group trained by Unai Emery.<\/p> <p><strong>The Basque technician  desga\u00f1itaba in the zone of benches<\/strong> after contemplating how Luis Su\u00e1rez, smarter that anybody in the interior of the area, won the position to the hour to finish a loose ball that did not dare to attack neither the defenders of the PSG not even the cancerbero, that <strong>remained  to half exit<\/strong> and allowed like this the head butt of Luis Su\u00e1rez.<\/p> <h2> <a href=\"https:\/\/www.fcbarcelonanoticias.com\/en\/tags\/luis-suarez.html\">Luis Su\u00e1rez<\/a>, always the smartest of the class<\/h2> <p>The spherical went in crying to the interior of the goal, and although the goalkeeper achieved to take it out of inside,<strong> this is not LaLiga Spanish and the videoarbitraje went out to the palestra<\/strong> to allow the first goal of the cul\u00e9s hardly in the minute three of party.<\/p> <p>Without place to doubts,<strong> stage inmejorable for a FC Barcelona that kept the possession<\/strong> from the first minutes and took advantage of the scenic fear of Paris Saint-Germain, a team that in spite of being talentoso does not have neither the experience neither the history of all a Bar\u00e7a. Luis Su\u00e1rez and the rest of players cul\u00e9s, definitely, generated during the first minutes hopes for the fans cul\u00e9s.<\/p> ","protected":false},"excerpt":{"rendered":"<p>The Uruguayan forward of the FC Barcelona, Luis Su\u00e1rez, gave validity to the dreams of all the barcelonismo when annotating the first goal of the party against the PSG in the minute three, in an act of faith of the charr\u00faa that generated the ideal script for the traced back Error tremendo of the guardameta, [&hellip;]<\/p>\n","protected":false},"author":366,"featured_media":72972,"comment_status":"closed","ping_status":"open","sticky":false,"template":"","format":"standard","meta":{"_acf_changed":false,"inline_featured_image":false,"_nextfly_llmd_date_locked":false,"footnotes":""},"categories":[453,107],"tags":[135,88],"class_list":["post-72970","post","type-post","status-publish","format-standard","has-post-thumbnail","hentry","category-players-2","category-players","tag-luis-suarez","tag-paris-saint-germain"],"acf":[],"yoast_head":"<!-- This site is optimized with the Yoast SEO plugin v27.3 - https:\/\/yoast.com\/product\/yoast-seo-wordpress\/ -->\n<title>&quot;Killer&quot; Su\u00e1rez marked to the PSG in the first of the Bar\u00e7a<\/title>\n<meta name=\"description\" content=\"The Uruguayan forward of the FC Barcelona, Luis Su\u00e1rez, gave validity to the dreams of all the barcelonismo when annotating the first goal of the party against the...\" \/>\n<meta name=\"robots\" content=\"index, follow, max-snippet:-1, max-image-preview:large, max-video-preview:-1\" \/>\n<link rel=\"canonical\" href=\"https:\/\/www.fcbarcelonanoticias.com\/en\/players\/imparable-killer-suarez-marked-to-the-psg-in-the-first-of-the-barca_197773_102.html\" \/>\n<meta property=\"og:locale\" content=\"en_US\" \/>\n<meta property=\"og:type\" content=\"article\" \/>\n<meta property=\"og:title\" content=\"&quot;Killer&quot; Su\u00e1rez marked to the PSG in the first of the Bar\u00e7a\" \/>\n<meta property=\"og:description\" content=\"The Uruguayan forward of the FC Barcelona, Luis Su\u00e1rez, gave validity to the dreams of all the barcelonismo when annotating the first goal of the party against the...\" \/>\n<meta property=\"og:url\" content=\"https:\/\/www.fcbarcelonanoticias.com\/en\/players\/imparable-killer-suarez-marked-to-the-psg-in-the-first-of-the-barca_197773_102.html\" \/>\n<meta property=\"og:site_name\" content=\"EN - FC Barcelona Noticias\" \/>\n<meta property=\"article:published_time\" content=\"2017-03-08T20:01:00+00:00\" \/>\n<meta property=\"article:modified_time\" content=\"2026-04-16T07:14:30+00:00\" \/>\n<meta property=\"og:image\" content=\"https:\/\/www.fcbarcelonanoticias.com\/en\/wp-content\/uploads\/sites\/2\/2017\/03\/luis-suarez-212275.jpeg\" \/>\n\t<meta property=\"og:image:width\" content=\"761\" \/>\n\t<meta property=\"og:image:height\" content=\"428\" \/>\n\t<meta property=\"og:image:type\" content=\"image\/jpeg\" \/>\n<meta name=\"author\" content=\"Carlos Dom\u00ednguez\" \/>\n<meta name=\"twitter:card\" content=\"summary_large_image\" \/>\n<meta name=\"twitter:label1\" content=\"Written by\" \/>\n\t<meta name=\"twitter:data1\" content=\"Carlos Dom\u00ednguez\" \/>\n\t<meta name=\"twitter:label2\" content=\"Est. reading time\" \/>\n\t<meta name=\"twitter:data2\" content=\"1 minute\" \/>\n<script type=\"application\/ld+json\" class=\"yoast-schema-graph\">{\"@context\":\"https:\\\/\\\/schema.org\",\"@graph\":[{\"@type\":\"Article\",\"@id\":\"https:\\\/\\\/www.fcbarcelonanoticias.com\\\/en\\\/players\\\/imparable-killer-suarez-marked-to-the-psg-in-the-first-of-the-barca_197773_102.html#article\",\"isPartOf\":{\"@id\":\"https:\\\/\\\/www.fcbarcelonanoticias.com\\\/en\\\/players\\\/imparable-killer-suarez-marked-to-the-psg-in-the-first-of-the-barca_197773_102.html\"},\"author\":{\"name\":\"Carlos Dom\u00ednguez\",\"@id\":\"https:\\\/\\\/www.fcbarcelonanoticias.com\\\/en\\\/#\\\/schema\\\/person\\\/888e29b17b79c70d1c617d8a7bc9b8c6\"},\"headline\":\"IMPARABLE: &#8220;Killer&#8221; Su\u00e1rez marked to the PSG in the first of the Bar\u00e7a\",\"datePublished\":\"2017-03-08T20:01:00+00:00\",\"dateModified\":\"2026-04-16T07:14:30+00:00\",\"mainEntityOfPage\":{\"@id\":\"https:\\\/\\\/www.fcbarcelonanoticias.com\\\/en\\\/players\\\/imparable-killer-suarez-marked-to-the-psg-in-the-first-of-the-barca_197773_102.html\"},\"wordCount\":311,\"image\":{\"@id\":\"https:\\\/\\\/www.fcbarcelonanoticias.com\\\/en\\\/players\\\/imparable-killer-suarez-marked-to-the-psg-in-the-first-of-the-barca_197773_102.html#primaryimage\"},\"thumbnailUrl\":\"https:\\\/\\\/www.fcbarcelonanoticias.com\\\/en\\\/wp-content\\\/uploads\\\/sites\\\/2\\\/2017\\\/03\\\/luis-suarez-212275.jpeg\",\"keywords\":[\"Luis Su\u00e1rez\",\"Paris Saint-Germain\"],\"articleSection\":[\"Players\",\"Players\"],\"inLanguage\":\"en-US\"},{\"@type\":\"WebPage\",\"@id\":\"https:\\\/\\\/www.fcbarcelonanoticias.com\\\/en\\\/players\\\/imparable-killer-suarez-marked-to-the-psg-in-the-first-of-the-barca_197773_102.html\",\"url\":\"https:\\\/\\\/www.fcbarcelonanoticias.com\\\/en\\\/players\\\/imparable-killer-suarez-marked-to-the-psg-in-the-first-of-the-barca_197773_102.html\",\"name\":\"\\\"Killer\\\" Su\u00e1rez marked to the PSG in the first of the Bar\u00e7a\",\"isPartOf\":{\"@id\":\"https:\\\/\\\/www.fcbarcelonanoticias.com\\\/en\\\/#website\"},\"primaryImageOfPage\":{\"@id\":\"https:\\\/\\\/www.fcbarcelonanoticias.com\\\/en\\\/players\\\/imparable-killer-suarez-marked-to-the-psg-in-the-first-of-the-barca_197773_102.html#primaryimage\"},\"image\":{\"@id\":\"https:\\\/\\\/www.fcbarcelonanoticias.com\\\/en\\\/players\\\/imparable-killer-suarez-marked-to-the-psg-in-the-first-of-the-barca_197773_102.html#primaryimage\"},\"thumbnailUrl\":\"https:\\\/\\\/www.fcbarcelonanoticias.com\\\/en\\\/wp-content\\\/uploads\\\/sites\\\/2\\\/2017\\\/03\\\/luis-suarez-212275.jpeg\",\"datePublished\":\"2017-03-08T20:01:00+00:00\",\"dateModified\":\"2026-04-16T07:14:30+00:00\",\"author\":{\"@id\":\"https:\\\/\\\/www.fcbarcelonanoticias.com\\\/en\\\/#\\\/schema\\\/person\\\/888e29b17b79c70d1c617d8a7bc9b8c6\"},\"description\":\"The Uruguayan forward of the FC Barcelona, Luis Su\u00e1rez, gave validity to the dreams of all the barcelonismo when annotating the first goal of the party against the...\",\"breadcrumb\":{\"@id\":\"https:\\\/\\\/www.fcbarcelonanoticias.com\\\/en\\\/players\\\/imparable-killer-suarez-marked-to-the-psg-in-the-first-of-the-barca_197773_102.html#breadcrumb\"},\"inLanguage\":\"en-US\",\"potentialAction\":[{\"@type\":\"ReadAction\",\"target\":[\"https:\\\/\\\/www.fcbarcelonanoticias.com\\\/en\\\/players\\\/imparable-killer-suarez-marked-to-the-psg-in-the-first-of-the-barca_197773_102.html\"]}]},{\"@type\":\"ImageObject\",\"inLanguage\":\"en-US\",\"@id\":\"https:\\\/\\\/www.fcbarcelonanoticias.com\\\/en\\\/players\\\/imparable-killer-suarez-marked-to-the-psg-in-the-first-of-the-barca_197773_102.html#primaryimage\",\"url\":\"https:\\\/\\\/www.fcbarcelonanoticias.com\\\/en\\\/wp-content\\\/uploads\\\/sites\\\/2\\\/2017\\\/03\\\/luis-suarez-212275.jpeg\",\"contentUrl\":\"https:\\\/\\\/www.fcbarcelonanoticias.com\\\/en\\\/wp-content\\\/uploads\\\/sites\\\/2\\\/2017\\\/03\\\/luis-suarez-212275.jpeg\",\"width\":761,\"height\":428},{\"@type\":\"BreadcrumbList\",\"@id\":\"https:\\\/\\\/www.fcbarcelonanoticias.com\\\/en\\\/players\\\/imparable-killer-suarez-marked-to-the-psg-in-the-first-of-the-barca_197773_102.html#breadcrumb\",\"itemListElement\":[{\"@type\":\"ListItem\",\"position\":1,\"name\":\"Portada\",\"item\":\"https:\\\/\\\/www.fcbarcelonanoticias.com\\\/en\\\/\"},{\"@type\":\"ListItem\",\"position\":2,\"name\":\"IMPARABLE: &#8220;Killer&#8221; Su\u00e1rez marked to the PSG in the first of the Bar\u00e7a\"}]},{\"@type\":\"WebSite\",\"@id\":\"https:\\\/\\\/www.fcbarcelonanoticias.com\\\/en\\\/#website\",\"url\":\"https:\\\/\\\/www.fcbarcelonanoticias.com\\\/en\\\/\",\"name\":\"EN - FC Barcelona Noticias\",\"description\":\"\",\"potentialAction\":[{\"@type\":\"SearchAction\",\"target\":{\"@type\":\"EntryPoint\",\"urlTemplate\":\"https:\\\/\\\/www.fcbarcelonanoticias.com\\\/en\\\/?s={search_term_string}\"},\"query-input\":{\"@type\":\"PropertyValueSpecification\",\"valueRequired\":true,\"valueName\":\"search_term_string\"}}],\"inLanguage\":\"en-US\"},{\"@type\":\"Person\",\"@id\":\"https:\\\/\\\/www.fcbarcelonanoticias.com\\\/en\\\/#\\\/schema\\\/person\\\/888e29b17b79c70d1c617d8a7bc9b8c6\",\"name\":\"Carlos Dom\u00ednguez\",\"image\":{\"@type\":\"ImageObject\",\"inLanguage\":\"en-US\",\"@id\":\"https:\\\/\\\/secure.gravatar.com\\\/avatar\\\/?s=96&d=mm&r=g\",\"url\":\"https:\\\/\\\/secure.gravatar.com\\\/avatar\\\/?s=96&d=mm&r=g\",\"contentUrl\":\"https:\\\/\\\/secure.gravatar.com\\\/avatar\\\/?s=96&d=mm&r=g\",\"caption\":\"Carlos Dom\u00ednguez\"},\"url\":\"https:\\\/\\\/www.fcbarcelonanoticias.com\\\/en\\\/carlos-dominguez_2_115.html\"}]}<\/script>\n<!-- \/ Yoast SEO plugin. -->","yoast_head_json":{"title":"\"Killer\" Su\u00e1rez marked to the PSG in the first of the Bar\u00e7a","description":"The Uruguayan forward of the FC Barcelona, Luis Su\u00e1rez, gave validity to the dreams of all the barcelonismo when annotating the first goal of the party against the...","robots":{"index":"index","follow":"follow","max-snippet":"max-snippet:-1","max-image-preview":"max-image-preview:large","max-video-preview":"max-video-preview:-1"},"canonical":"https:\/\/www.fcbarcelonanoticias.com\/en\/players\/imparable-killer-suarez-marked-to-the-psg-in-the-first-of-the-barca_197773_102.html","og_locale":"en_US","og_type":"article","og_title":"\"Killer\" Su\u00e1rez marked to the PSG in the first of the Bar\u00e7a","og_description":"The Uruguayan forward of the FC Barcelona, Luis Su\u00e1rez, gave validity to the dreams of all the barcelonismo when annotating the first goal of the party against the...","og_url":"https:\/\/www.fcbarcelonanoticias.com\/en\/players\/imparable-killer-suarez-marked-to-the-psg-in-the-first-of-the-barca_197773_102.html","og_site_name":"EN - FC Barcelona Noticias","article_published_time":"2017-03-08T20:01:00+00:00","article_modified_time":"2026-04-16T07:14:30+00:00","og_image":[{"width":761,"height":428,"url":"https:\/\/www.fcbarcelonanoticias.com\/en\/wp-content\/uploads\/sites\/2\/2017\/03\/luis-suarez-212275.jpeg","type":"image\/jpeg"}],"author":"Carlos Dom\u00ednguez","twitter_card":"summary_large_image","twitter_misc":{"Written by":"Carlos Dom\u00ednguez","Est. reading time":"1 minute"},"schema":{"@context":"https:\/\/schema.org","@graph":[{"@type":"Article","@id":"https:\/\/www.fcbarcelonanoticias.com\/en\/players\/imparable-killer-suarez-marked-to-the-psg-in-the-first-of-the-barca_197773_102.html#article","isPartOf":{"@id":"https:\/\/www.fcbarcelonanoticias.com\/en\/players\/imparable-killer-suarez-marked-to-the-psg-in-the-first-of-the-barca_197773_102.html"},"author":{"name":"Carlos Dom\u00ednguez","@id":"https:\/\/www.fcbarcelonanoticias.com\/en\/#\/schema\/person\/888e29b17b79c70d1c617d8a7bc9b8c6"},"headline":"IMPARABLE: &#8220;Killer&#8221; Su\u00e1rez marked to the PSG in the first of the Bar\u00e7a","datePublished":"2017-03-08T20:01:00+00:00","dateModified":"2026-04-16T07:14:30+00:00","mainEntityOfPage":{"@id":"https:\/\/www.fcbarcelonanoticias.com\/en\/players\/imparable-killer-suarez-marked-to-the-psg-in-the-first-of-the-barca_197773_102.html"},"wordCount":311,"image":{"@id":"https:\/\/www.fcbarcelonanoticias.com\/en\/players\/imparable-killer-suarez-marked-to-the-psg-in-the-first-of-the-barca_197773_102.html#primaryimage"},"thumbnailUrl":"https:\/\/www.fcbarcelonanoticias.com\/en\/wp-content\/uploads\/sites\/2\/2017\/03\/luis-suarez-212275.jpeg","keywords":["Luis Su\u00e1rez","Paris Saint-Germain"],"articleSection":["Players","Players"],"inLanguage":"en-US"},{"@type":"WebPage","@id":"https:\/\/www.fcbarcelonanoticias.com\/en\/players\/imparable-killer-suarez-marked-to-the-psg-in-the-first-of-the-barca_197773_102.html","url":"https:\/\/www.fcbarcelonanoticias.com\/en\/players\/imparable-killer-suarez-marked-to-the-psg-in-the-first-of-the-barca_197773_102.html","name":"\"Killer\" Su\u00e1rez marked to the PSG in the first of the Bar\u00e7a","isPartOf":{"@id":"https:\/\/www.fcbarcelonanoticias.com\/en\/#website"},"primaryImageOfPage":{"@id":"https:\/\/www.fcbarcelonanoticias.com\/en\/players\/imparable-killer-suarez-marked-to-the-psg-in-the-first-of-the-barca_197773_102.html#primaryimage"},"image":{"@id":"https:\/\/www.fcbarcelonanoticias.com\/en\/players\/imparable-killer-suarez-marked-to-the-psg-in-the-first-of-the-barca_197773_102.html#primaryimage"},"thumbnailUrl":"https:\/\/www.fcbarcelonanoticias.com\/en\/wp-content\/uploads\/sites\/2\/2017\/03\/luis-suarez-212275.jpeg","datePublished":"2017-03-08T20:01:00+00:00","dateModified":"2026-04-16T07:14:30+00:00","author":{"@id":"https:\/\/www.fcbarcelonanoticias.com\/en\/#\/schema\/person\/888e29b17b79c70d1c617d8a7bc9b8c6"},"description":"The Uruguayan forward of the FC Barcelona, Luis Su\u00e1rez, gave validity to the dreams of all the barcelonismo when annotating the first goal of the party against the...","breadcrumb":{"@id":"https:\/\/www.fcbarcelonanoticias.com\/en\/players\/imparable-killer-suarez-marked-to-the-psg-in-the-first-of-the-barca_197773_102.html#breadcrumb"},"inLanguage":"en-US","potentialAction":[{"@type":"ReadAction","target":["https:\/\/www.fcbarcelonanoticias.com\/en\/players\/imparable-killer-suarez-marked-to-the-psg-in-the-first-of-the-barca_197773_102.html"]}]},{"@type":"ImageObject","inLanguage":"en-US","@id":"https:\/\/www.fcbarcelonanoticias.com\/en\/players\/imparable-killer-suarez-marked-to-the-psg-in-the-first-of-the-barca_197773_102.html#primaryimage","url":"https:\/\/www.fcbarcelonanoticias.com\/en\/wp-content\/uploads\/sites\/2\/2017\/03\/luis-suarez-212275.jpeg","contentUrl":"https:\/\/www.fcbarcelonanoticias.com\/en\/wp-content\/uploads\/sites\/2\/2017\/03\/luis-suarez-212275.jpeg","width":761,"height":428},{"@type":"BreadcrumbList","@id":"https:\/\/www.fcbarcelonanoticias.com\/en\/players\/imparable-killer-suarez-marked-to-the-psg-in-the-first-of-the-barca_197773_102.html#breadcrumb","itemListElement":[{"@type":"ListItem","position":1,"name":"Portada","item":"https:\/\/www.fcbarcelonanoticias.com\/en\/"},{"@type":"ListItem","position":2,"name":"IMPARABLE: &#8220;Killer&#8221; Su\u00e1rez marked to the PSG in the first of the Bar\u00e7a"}]},{"@type":"WebSite","@id":"https:\/\/www.fcbarcelonanoticias.com\/en\/#website","url":"https:\/\/www.fcbarcelonanoticias.com\/en\/","name":"EN - FC Barcelona Noticias","description":"","potentialAction":[{"@type":"SearchAction","target":{"@type":"EntryPoint","urlTemplate":"https:\/\/www.fcbarcelonanoticias.com\/en\/?s={search_term_string}"},"query-input":{"@type":"PropertyValueSpecification","valueRequired":true,"valueName":"search_term_string"}}],"inLanguage":"en-US"},{"@type":"Person","@id":"https:\/\/www.fcbarcelonanoticias.com\/en\/#\/schema\/person\/888e29b17b79c70d1c617d8a7bc9b8c6","name":"Carlos Dom\u00ednguez","image":{"@type":"ImageObject","inLanguage":"en-US","@id":"https:\/\/secure.gravatar.com\/avatar\/?s=96&d=mm&r=g","url":"https:\/\/secure.gravatar.com\/avatar\/?s=96&d=mm&r=g","contentUrl":"https:\/\/secure.gravatar.com\/avatar\/?s=96&d=mm&r=g","caption":"Carlos Dom\u00ednguez"},"url":"https:\/\/www.fcbarcelonanoticias.com\/en\/carlos-dominguez_2_115.html"}]}},"_links":{"self":[{"href":"https:\/\/www.fcbarcelonanoticias.com\/en\/wp-json\/wp\/v2\/posts\/72970","targetHints":{"allow":["GET"]}}],"collection":[{"href":"https:\/\/www.fcbarcelonanoticias.com\/en\/wp-json\/wp\/v2\/posts"}],"about":[{"href":"https:\/\/www.fcbarcelonanoticias.com\/en\/wp-json\/wp\/v2\/types\/post"}],"author":[{"embeddable":true,"href":"https:\/\/www.fcbarcelonanoticias.com\/en\/wp-json\/wp\/v2\/users\/366"}],"replies":[{"embeddable":true,"href":"https:\/\/www.fcbarcelonanoticias.com\/en\/wp-json\/wp\/v2\/comments?post=72970"}],"version-history":[{"count":2,"href":"https:\/\/www.fcbarcelonanoticias.com\/en\/wp-json\/wp\/v2\/posts\/72970\/revisions"}],"predecessor-version":[{"id":169799,"href":"https:\/\/www.fcbarcelonanoticias.com\/en\/wp-json\/wp\/v2\/posts\/72970\/revisions\/169799"}],"wp:featuredmedia":[{"embeddable":true,"href":"https:\/\/www.fcbarcelonanoticias.com\/en\/wp-json\/wp\/v2\/media\/72972"}],"wp:attachment":[{"href":"https:\/\/www.fcbarcelonanoticias.com\/en\/wp-json\/wp\/v2\/media?parent=72970"}],"wp:term":[{"taxonomy":"category","embeddable":true,"href":"https:\/\/www.fcbarcelonanoticias.com\/en\/wp-json\/wp\/v2\/categories?post=72970"},{"taxonomy":"post_tag","embeddable":true,"href":"https:\/\/www.fcbarcelonanoticias.com\/en\/wp-json\/wp\/v2\/tags?post=72970"}],"curies":[{"name":"wp","href":"https:\/\/api.w.org\/{rel}","templated":true}]}}