{"id":73127,"date":"2020-11-16T08:11:00","date_gmt":"2020-11-16T07:11:00","guid":{"rendered":"https:\/\/weisetech.dev\/fc-barcelona-noticias\/en\/indirect-luis-suarez-koeman-departure-barcelona_262344_102\/"},"modified":"2020-11-16T10:52:00","modified_gmt":"2020-11-16T09:52:00","slug":"indirect-luis-suarez-koeman-departure-barcelona_262344_102","status":"publish","type":"post","link":"https:\/\/www.fcbarcelonanoticias.com\/en\/players\/indirect-luis-suarez-koeman-departure-barcelona_262344_102.html","title":{"rendered":"The indirect of Luis Su\u00e1rez to Koeman for his departure from Bar\u00e7a"},"content":{"rendered":"<h2 class=\"wp-block-heading\">Luis Su\u00e1rez spoke with &#8216;MARCA&#8217; in an interview in which he referred to various issues related to FC Barcelona. The charr\u00faa spoke about his departure and sent an indirect message to Ronald Koeman<\/h2>  \r\n<div class=\"article-addons\">\r\n    <a href=\"https:\/\/www.fcbarcelonanoticias.com\/en\/calendar-fc-barcelona.html\"\r\n       target=\"_self\"\r\n       title=\"Calendar of FC Barcelona\"\r\n       class=\"blue-gredient-btn\">\r\n       \r\n        Calendar of FC Barcelona    <\/a>\r\n<\/div>   <p><strong><a data-external=\"0\" data-intl-links-en=\"https:\/\/www.fcbarcelonanoticias.com\/en\/tags\/luis-suarez\" data-intl-links-es=\"https:\/\/www.fcbarcelonanoticias.com\/tags\/luis-suarez\" href=\"https:\/\/www.fcbarcelonanoticias.com\/en\/tags\/luis-suarez.html\" rel=\"follow\" target=\"_self\" title=\"Luis Su\u00e1rez\">Luis Su\u00e1rez<\/a>\u200b<\/strong> spoke with the newspaper &#8216;MARK&#8217; on his present in the Athletic of Madrid and of his past in the FC Barcelona, where left several friends, between them <strong><a data-external=\"0\" data-intl-links-en=\"https:\/\/www.fcbarcelonanoticias.com\/en\/players\/lionel-messi\" data-intl-links-es=\"https:\/\/www.fcbarcelonanoticias.com\/jugadores\/lionel-messi\" href=\"https:\/\/www.fcbarcelonanoticias.com\/en\/players\/lionel-messi.html\" rel=\"follow\" target=\"_self\" title=\"Lionel Messi\">Leo Messi<\/a><\/strong>. The charr\u00faa agreed of the Argentinian and recognised that they still are in contact. &#8220;The truth that speak a lot, yes&#8221;, admitted. Nevertheless, the one of Jump wanted to leave very clear that with the one of Rosario no longer speaks of football and that <strong>especially centre in the personal section, that is the truly important for them.<\/strong><\/p>  <p>&#8220;Sincerely we speak of our life. Recently it was the birthday of one of my children, also of the his. <strong>We speak of the life, of the virus, of everything, but very little of the football, of the goals that fail, of tactical systems&#8230;<\/strong> We concern us more than how it is the family that of what happens in the football&#8221;, stood out, wanting to leave clear that what happens or what happened inside the terrain of game is in a second plane for both in these moments.<\/p>  <p>On the other hand, it referred to his exit of the Barcelona and remembered that it was by decision of Ronald Koeman and of the club, that wanted to take another way. &#8220;<strong>There was a tactical planning or, as what want to call it, of work that looked for do changes<\/strong>. One had to accept it because it was that they did not need you. Each one that take out conclusions. I have to live my present in the Atleti, but to one puts him badly that, I that left fellow, are living this fault of forcefulness&#8221;, said, in reference to the fault of punter\u00eda of the Bar\u00e7a in the forward.<\/p>  <p>Besides, it recognised that it hurt him that they taught him the door of exit in the Barcelona and felt relieved and happy by the fact that in the Atleti himself trusted he in spite of his age. &#8220;It was not a calent\u00f3n, was sad and hurt by the forms to go out. Already I said it, <strong>where close you a door open you five giants valuing the work, the professionalism and the path<\/strong>. I seat me proud. Where did not want to me want me in another. I found the happiness and enjoying this moment now&#8221;, affirmed.<\/p>  <h3>Su\u00e1rez sees to the Athletic winning this League<\/h3>  <p>Also it referred to the possibilities of the Athletic in this League after the bad moment by which cross Bar\u00e7a and Real Madrid. For Su\u00e1rez, can be the year of the colchoneros. &#8220;It can that it was one Ties couple. The one who commit less errors from the beginning&#8230; I that was in the Bar\u00e7a am conscious that if you begin bad and lose points is very difficult to go back to reach to the first. <strong>It is necessary to be firm, convinced. If you want to win the League has to be from the beginning, with many win<\/strong>&#8220;, signalled.<\/p>  <p>For him, in spite of the bad moment of the two big of Spain, the championship goes to be very argued to the end, by what it will be necessary to struggle until the last day. In this sense, has confidence in his team, that up to now is doing very well the things. &#8220;Like sample is the Atleti, the Madrid, the Bar\u00e7a has not gone out him the things as they want to. But we know that will be litigating it to the end. <strong>If we believe it to us and have this illusion&#8230; Why not dreaming?<\/strong>&#8220;, it concluded.<\/p> ","protected":false},"excerpt":{"rendered":"<p>Luis Su\u00e1rez spoke with &#8216;MARCA&#8217; in an interview in which he referred to various issues related to FC Barcelona. The charr\u00faa spoke about his departure and sent an indirect message to Ronald Koeman Luis Su\u00e1rez\u200b spoke with the newspaper &#8216;MARK&#8217; on his present in the Athletic of Madrid and of his past in the FC [&hellip;]<\/p>\n","protected":false},"author":380,"featured_media":73134,"comment_status":"closed","ping_status":"open","sticky":false,"template":"","format":"standard","meta":{"_acf_changed":false,"inline_featured_image":false,"_nextfly_llmd_date_locked":false,"footnotes":""},"categories":[453,107],"tags":[59,135,209],"class_list":["post-73127","post","type-post","status-publish","format-standard","has-post-thumbnail","hentry","category-players-2","category-players","tag-atletico-de-madrid","tag-luis-suarez","tag-ronald-koeman"],"acf":[],"yoast_head":"<!-- This site is optimized with the Yoast SEO plugin v27.3 - https:\/\/yoast.com\/product\/yoast-seo-wordpress\/ -->\n<title>The indirect of Luis Su\u00e1rez to Koeman for his departure from Bar\u00e7a<\/title>\n<meta name=\"description\" content=\"Luis Su\u00e1rez spoke with &#039;MARK&#039; in an interview in which it referred to several subjects related with the FC Barcelona. The charr\u00faa spoke on his course and lanz...\" \/>\n<meta name=\"robots\" content=\"index, follow, max-snippet:-1, max-image-preview:large, max-video-preview:-1\" \/>\n<link rel=\"canonical\" href=\"https:\/\/www.fcbarcelonanoticias.com\/en\/players\/indirect-luis-suarez-koeman-departure-barcelona_262344_102.html\" \/>\n<meta property=\"og:locale\" content=\"en_US\" \/>\n<meta property=\"og:type\" content=\"article\" \/>\n<meta property=\"og:title\" content=\"The indirect of Luis Su\u00e1rez to Koeman for his departure from Bar\u00e7a\" \/>\n<meta property=\"og:description\" content=\"Luis Su\u00e1rez spoke with &#039;MARK&#039; in an interview in which it referred to several subjects related with the FC Barcelona. The charr\u00faa spoke on his course and lanz...\" \/>\n<meta property=\"og:url\" content=\"https:\/\/www.fcbarcelonanoticias.com\/en\/players\/indirect-luis-suarez-koeman-departure-barcelona_262344_102.html\" \/>\n<meta property=\"og:site_name\" content=\"EN - FC Barcelona Noticias\" \/>\n<meta property=\"article:published_time\" content=\"2020-11-16T07:11:00+00:00\" \/>\n<meta property=\"article:modified_time\" content=\"2020-11-16T09:52:00+00:00\" \/>\n<meta property=\"og:image\" content=\"https:\/\/www.fcbarcelonanoticias.com\/en\/wp-content\/uploads\/sites\/2\/2020\/11\/suarez-entrevista-barca.jpeg\" \/>\n\t<meta property=\"og:image:width\" content=\"1300\" \/>\n\t<meta property=\"og:image:height\" content=\"744\" \/>\n\t<meta property=\"og:image:type\" content=\"image\/jpeg\" \/>\n<meta name=\"author\" content=\"user_4036\" \/>\n<meta name=\"twitter:card\" content=\"summary_large_image\" \/>\n<meta name=\"twitter:label1\" content=\"Written by\" \/>\n\t<meta name=\"twitter:data1\" content=\"user_4036\" \/>\n\t<meta name=\"twitter:label2\" content=\"Est. reading time\" \/>\n\t<meta name=\"twitter:data2\" content=\"3 minutes\" \/>\n<script type=\"application\/ld+json\" class=\"yoast-schema-graph\">{\"@context\":\"https:\\\/\\\/schema.org\",\"@graph\":[{\"@type\":\"Article\",\"@id\":\"https:\\\/\\\/www.fcbarcelonanoticias.com\\\/en\\\/players\\\/indirect-luis-suarez-koeman-departure-barcelona_262344_102.html#article\",\"isPartOf\":{\"@id\":\"https:\\\/\\\/www.fcbarcelonanoticias.com\\\/en\\\/players\\\/indirect-luis-suarez-koeman-departure-barcelona_262344_102.html\"},\"author\":{\"name\":\"user_4036\",\"@id\":\"https:\\\/\\\/www.fcbarcelonanoticias.com\\\/en\\\/#\\\/schema\\\/person\\\/2c11766f24f3c56715694e077889a703\"},\"headline\":\"The indirect of Luis Su\u00e1rez to Koeman for his departure from Bar\u00e7a\",\"datePublished\":\"2020-11-16T07:11:00+00:00\",\"dateModified\":\"2020-11-16T09:52:00+00:00\",\"mainEntityOfPage\":{\"@id\":\"https:\\\/\\\/www.fcbarcelonanoticias.com\\\/en\\\/players\\\/indirect-luis-suarez-koeman-departure-barcelona_262344_102.html\"},\"wordCount\":653,\"image\":{\"@id\":\"https:\\\/\\\/www.fcbarcelonanoticias.com\\\/en\\\/players\\\/indirect-luis-suarez-koeman-departure-barcelona_262344_102.html#primaryimage\"},\"thumbnailUrl\":\"https:\\\/\\\/www.fcbarcelonanoticias.com\\\/en\\\/wp-content\\\/uploads\\\/sites\\\/2\\\/2020\\\/11\\\/suarez-entrevista-barca.jpeg\",\"keywords\":[\"Atl\u00e9tico de Madrid\",\"Luis Su\u00e1rez\",\"Ronald Koeman\"],\"articleSection\":[\"Players\",\"Players\"],\"inLanguage\":\"en-US\"},{\"@type\":\"WebPage\",\"@id\":\"https:\\\/\\\/www.fcbarcelonanoticias.com\\\/en\\\/players\\\/indirect-luis-suarez-koeman-departure-barcelona_262344_102.html\",\"url\":\"https:\\\/\\\/www.fcbarcelonanoticias.com\\\/en\\\/players\\\/indirect-luis-suarez-koeman-departure-barcelona_262344_102.html\",\"name\":\"The indirect of Luis Su\u00e1rez to Koeman for his departure from Bar\u00e7a\",\"isPartOf\":{\"@id\":\"https:\\\/\\\/www.fcbarcelonanoticias.com\\\/en\\\/#website\"},\"primaryImageOfPage\":{\"@id\":\"https:\\\/\\\/www.fcbarcelonanoticias.com\\\/en\\\/players\\\/indirect-luis-suarez-koeman-departure-barcelona_262344_102.html#primaryimage\"},\"image\":{\"@id\":\"https:\\\/\\\/www.fcbarcelonanoticias.com\\\/en\\\/players\\\/indirect-luis-suarez-koeman-departure-barcelona_262344_102.html#primaryimage\"},\"thumbnailUrl\":\"https:\\\/\\\/www.fcbarcelonanoticias.com\\\/en\\\/wp-content\\\/uploads\\\/sites\\\/2\\\/2020\\\/11\\\/suarez-entrevista-barca.jpeg\",\"datePublished\":\"2020-11-16T07:11:00+00:00\",\"dateModified\":\"2020-11-16T09:52:00+00:00\",\"author\":{\"@id\":\"https:\\\/\\\/www.fcbarcelonanoticias.com\\\/en\\\/#\\\/schema\\\/person\\\/2c11766f24f3c56715694e077889a703\"},\"description\":\"Luis Su\u00e1rez spoke with 'MARK' in an interview in which it referred to several subjects related with the FC Barcelona. The charr\u00faa spoke on his course and lanz...\",\"breadcrumb\":{\"@id\":\"https:\\\/\\\/www.fcbarcelonanoticias.com\\\/en\\\/players\\\/indirect-luis-suarez-koeman-departure-barcelona_262344_102.html#breadcrumb\"},\"inLanguage\":\"en-US\",\"potentialAction\":[{\"@type\":\"ReadAction\",\"target\":[\"https:\\\/\\\/www.fcbarcelonanoticias.com\\\/en\\\/players\\\/indirect-luis-suarez-koeman-departure-barcelona_262344_102.html\"]}]},{\"@type\":\"ImageObject\",\"inLanguage\":\"en-US\",\"@id\":\"https:\\\/\\\/www.fcbarcelonanoticias.com\\\/en\\\/players\\\/indirect-luis-suarez-koeman-departure-barcelona_262344_102.html#primaryimage\",\"url\":\"https:\\\/\\\/www.fcbarcelonanoticias.com\\\/en\\\/wp-content\\\/uploads\\\/sites\\\/2\\\/2020\\\/11\\\/suarez-entrevista-barca.jpeg\",\"contentUrl\":\"https:\\\/\\\/www.fcbarcelonanoticias.com\\\/en\\\/wp-content\\\/uploads\\\/sites\\\/2\\\/2020\\\/11\\\/suarez-entrevista-barca.jpeg\",\"width\":1300,\"height\":744},{\"@type\":\"BreadcrumbList\",\"@id\":\"https:\\\/\\\/www.fcbarcelonanoticias.com\\\/en\\\/players\\\/indirect-luis-suarez-koeman-departure-barcelona_262344_102.html#breadcrumb\",\"itemListElement\":[{\"@type\":\"ListItem\",\"position\":1,\"name\":\"Portada\",\"item\":\"https:\\\/\\\/www.fcbarcelonanoticias.com\\\/en\\\/\"},{\"@type\":\"ListItem\",\"position\":2,\"name\":\"The indirect of Luis Su\u00e1rez to Koeman for his departure from Bar\u00e7a\"}]},{\"@type\":\"WebSite\",\"@id\":\"https:\\\/\\\/www.fcbarcelonanoticias.com\\\/en\\\/#website\",\"url\":\"https:\\\/\\\/www.fcbarcelonanoticias.com\\\/en\\\/\",\"name\":\"EN - FC Barcelona Noticias\",\"description\":\"\",\"potentialAction\":[{\"@type\":\"SearchAction\",\"target\":{\"@type\":\"EntryPoint\",\"urlTemplate\":\"https:\\\/\\\/www.fcbarcelonanoticias.com\\\/en\\\/?s={search_term_string}\"},\"query-input\":{\"@type\":\"PropertyValueSpecification\",\"valueRequired\":true,\"valueName\":\"search_term_string\"}}],\"inLanguage\":\"en-US\"},{\"@type\":\"Person\",\"@id\":\"https:\\\/\\\/www.fcbarcelonanoticias.com\\\/en\\\/#\\\/schema\\\/person\\\/2c11766f24f3c56715694e077889a703\",\"name\":\"user_4036\",\"image\":{\"@type\":\"ImageObject\",\"inLanguage\":\"en-US\",\"@id\":\"https:\\\/\\\/secure.gravatar.com\\\/avatar\\\/?s=96&d=mm&r=g\",\"url\":\"https:\\\/\\\/secure.gravatar.com\\\/avatar\\\/?s=96&d=mm&r=g\",\"contentUrl\":\"https:\\\/\\\/secure.gravatar.com\\\/avatar\\\/?s=96&d=mm&r=g\",\"caption\":\"user_4036\"},\"url\":\"https:\\\/\\\/www.fcbarcelonanoticias.com\\\/en\\\/user_4036.html\"}]}<\/script>\n<!-- \/ Yoast SEO plugin. -->","yoast_head_json":{"title":"The indirect of Luis Su\u00e1rez to Koeman for his departure from Bar\u00e7a","description":"Luis Su\u00e1rez spoke with 'MARK' in an interview in which it referred to several subjects related with the FC Barcelona. The charr\u00faa spoke on his course and lanz...","robots":{"index":"index","follow":"follow","max-snippet":"max-snippet:-1","max-image-preview":"max-image-preview:large","max-video-preview":"max-video-preview:-1"},"canonical":"https:\/\/www.fcbarcelonanoticias.com\/en\/players\/indirect-luis-suarez-koeman-departure-barcelona_262344_102.html","og_locale":"en_US","og_type":"article","og_title":"The indirect of Luis Su\u00e1rez to Koeman for his departure from Bar\u00e7a","og_description":"Luis Su\u00e1rez spoke with 'MARK' in an interview in which it referred to several subjects related with the FC Barcelona. The charr\u00faa spoke on his course and lanz...","og_url":"https:\/\/www.fcbarcelonanoticias.com\/en\/players\/indirect-luis-suarez-koeman-departure-barcelona_262344_102.html","og_site_name":"EN - FC Barcelona Noticias","article_published_time":"2020-11-16T07:11:00+00:00","article_modified_time":"2020-11-16T09:52:00+00:00","og_image":[{"width":1300,"height":744,"url":"https:\/\/www.fcbarcelonanoticias.com\/en\/wp-content\/uploads\/sites\/2\/2020\/11\/suarez-entrevista-barca.jpeg","type":"image\/jpeg"}],"author":"user_4036","twitter_card":"summary_large_image","twitter_misc":{"Written by":"user_4036","Est. reading time":"3 minutes"},"schema":{"@context":"https:\/\/schema.org","@graph":[{"@type":"Article","@id":"https:\/\/www.fcbarcelonanoticias.com\/en\/players\/indirect-luis-suarez-koeman-departure-barcelona_262344_102.html#article","isPartOf":{"@id":"https:\/\/www.fcbarcelonanoticias.com\/en\/players\/indirect-luis-suarez-koeman-departure-barcelona_262344_102.html"},"author":{"name":"user_4036","@id":"https:\/\/www.fcbarcelonanoticias.com\/en\/#\/schema\/person\/2c11766f24f3c56715694e077889a703"},"headline":"The indirect of Luis Su\u00e1rez to Koeman for his departure from Bar\u00e7a","datePublished":"2020-11-16T07:11:00+00:00","dateModified":"2020-11-16T09:52:00+00:00","mainEntityOfPage":{"@id":"https:\/\/www.fcbarcelonanoticias.com\/en\/players\/indirect-luis-suarez-koeman-departure-barcelona_262344_102.html"},"wordCount":653,"image":{"@id":"https:\/\/www.fcbarcelonanoticias.com\/en\/players\/indirect-luis-suarez-koeman-departure-barcelona_262344_102.html#primaryimage"},"thumbnailUrl":"https:\/\/www.fcbarcelonanoticias.com\/en\/wp-content\/uploads\/sites\/2\/2020\/11\/suarez-entrevista-barca.jpeg","keywords":["Atl\u00e9tico de Madrid","Luis Su\u00e1rez","Ronald Koeman"],"articleSection":["Players","Players"],"inLanguage":"en-US"},{"@type":"WebPage","@id":"https:\/\/www.fcbarcelonanoticias.com\/en\/players\/indirect-luis-suarez-koeman-departure-barcelona_262344_102.html","url":"https:\/\/www.fcbarcelonanoticias.com\/en\/players\/indirect-luis-suarez-koeman-departure-barcelona_262344_102.html","name":"The indirect of Luis Su\u00e1rez to Koeman for his departure from Bar\u00e7a","isPartOf":{"@id":"https:\/\/www.fcbarcelonanoticias.com\/en\/#website"},"primaryImageOfPage":{"@id":"https:\/\/www.fcbarcelonanoticias.com\/en\/players\/indirect-luis-suarez-koeman-departure-barcelona_262344_102.html#primaryimage"},"image":{"@id":"https:\/\/www.fcbarcelonanoticias.com\/en\/players\/indirect-luis-suarez-koeman-departure-barcelona_262344_102.html#primaryimage"},"thumbnailUrl":"https:\/\/www.fcbarcelonanoticias.com\/en\/wp-content\/uploads\/sites\/2\/2020\/11\/suarez-entrevista-barca.jpeg","datePublished":"2020-11-16T07:11:00+00:00","dateModified":"2020-11-16T09:52:00+00:00","author":{"@id":"https:\/\/www.fcbarcelonanoticias.com\/en\/#\/schema\/person\/2c11766f24f3c56715694e077889a703"},"description":"Luis Su\u00e1rez spoke with 'MARK' in an interview in which it referred to several subjects related with the FC Barcelona. The charr\u00faa spoke on his course and lanz...","breadcrumb":{"@id":"https:\/\/www.fcbarcelonanoticias.com\/en\/players\/indirect-luis-suarez-koeman-departure-barcelona_262344_102.html#breadcrumb"},"inLanguage":"en-US","potentialAction":[{"@type":"ReadAction","target":["https:\/\/www.fcbarcelonanoticias.com\/en\/players\/indirect-luis-suarez-koeman-departure-barcelona_262344_102.html"]}]},{"@type":"ImageObject","inLanguage":"en-US","@id":"https:\/\/www.fcbarcelonanoticias.com\/en\/players\/indirect-luis-suarez-koeman-departure-barcelona_262344_102.html#primaryimage","url":"https:\/\/www.fcbarcelonanoticias.com\/en\/wp-content\/uploads\/sites\/2\/2020\/11\/suarez-entrevista-barca.jpeg","contentUrl":"https:\/\/www.fcbarcelonanoticias.com\/en\/wp-content\/uploads\/sites\/2\/2020\/11\/suarez-entrevista-barca.jpeg","width":1300,"height":744},{"@type":"BreadcrumbList","@id":"https:\/\/www.fcbarcelonanoticias.com\/en\/players\/indirect-luis-suarez-koeman-departure-barcelona_262344_102.html#breadcrumb","itemListElement":[{"@type":"ListItem","position":1,"name":"Portada","item":"https:\/\/www.fcbarcelonanoticias.com\/en\/"},{"@type":"ListItem","position":2,"name":"The indirect of Luis Su\u00e1rez to Koeman for his departure from Bar\u00e7a"}]},{"@type":"WebSite","@id":"https:\/\/www.fcbarcelonanoticias.com\/en\/#website","url":"https:\/\/www.fcbarcelonanoticias.com\/en\/","name":"EN - FC Barcelona Noticias","description":"","potentialAction":[{"@type":"SearchAction","target":{"@type":"EntryPoint","urlTemplate":"https:\/\/www.fcbarcelonanoticias.com\/en\/?s={search_term_string}"},"query-input":{"@type":"PropertyValueSpecification","valueRequired":true,"valueName":"search_term_string"}}],"inLanguage":"en-US"},{"@type":"Person","@id":"https:\/\/www.fcbarcelonanoticias.com\/en\/#\/schema\/person\/2c11766f24f3c56715694e077889a703","name":"user_4036","image":{"@type":"ImageObject","inLanguage":"en-US","@id":"https:\/\/secure.gravatar.com\/avatar\/?s=96&d=mm&r=g","url":"https:\/\/secure.gravatar.com\/avatar\/?s=96&d=mm&r=g","contentUrl":"https:\/\/secure.gravatar.com\/avatar\/?s=96&d=mm&r=g","caption":"user_4036"},"url":"https:\/\/www.fcbarcelonanoticias.com\/en\/user_4036.html"}]}},"_links":{"self":[{"href":"https:\/\/www.fcbarcelonanoticias.com\/en\/wp-json\/wp\/v2\/posts\/73127","targetHints":{"allow":["GET"]}}],"collection":[{"href":"https:\/\/www.fcbarcelonanoticias.com\/en\/wp-json\/wp\/v2\/posts"}],"about":[{"href":"https:\/\/www.fcbarcelonanoticias.com\/en\/wp-json\/wp\/v2\/types\/post"}],"author":[{"embeddable":true,"href":"https:\/\/www.fcbarcelonanoticias.com\/en\/wp-json\/wp\/v2\/users\/380"}],"replies":[{"embeddable":true,"href":"https:\/\/www.fcbarcelonanoticias.com\/en\/wp-json\/wp\/v2\/comments?post=73127"}],"version-history":[{"count":1,"href":"https:\/\/www.fcbarcelonanoticias.com\/en\/wp-json\/wp\/v2\/posts\/73127\/revisions"}],"predecessor-version":[{"id":73133,"href":"https:\/\/www.fcbarcelonanoticias.com\/en\/wp-json\/wp\/v2\/posts\/73127\/revisions\/73133"}],"wp:featuredmedia":[{"embeddable":true,"href":"https:\/\/www.fcbarcelonanoticias.com\/en\/wp-json\/wp\/v2\/media\/73134"}],"wp:attachment":[{"href":"https:\/\/www.fcbarcelonanoticias.com\/en\/wp-json\/wp\/v2\/media?parent=73127"}],"wp:term":[{"taxonomy":"category","embeddable":true,"href":"https:\/\/www.fcbarcelonanoticias.com\/en\/wp-json\/wp\/v2\/categories?post=73127"},{"taxonomy":"post_tag","embeddable":true,"href":"https:\/\/www.fcbarcelonanoticias.com\/en\/wp-json\/wp\/v2\/tags?post=73127"}],"curies":[{"name":"wp","href":"https:\/\/api.w.org\/{rel}","templated":true}]}}