{"id":7315,"date":"2023-03-15T14:00:00","date_gmt":"2023-03-15T13:00:00","guid":{"rendered":"https:\/\/weisetech.dev\/fc-barcelona-noticias\/en\/oficial-juzgado-barcelona-admite-denuncia-fiscalia-contra-barca_290550_102\/"},"modified":"2023-03-15T17:38:00","modified_gmt":"2023-03-15T16:38:00","slug":"oficial-juzgado-barcelona-admite-denuncia-fiscalia-contra-barca_290550_102","status":"publish","type":"post","link":"https:\/\/www.fcbarcelonanoticias.com\/en\/club\/oficial-juzgado-barcelona-admite-denuncia-fiscalia-contra-barca_290550_102.html","title":{"rendered":"OFFICIAL: The Barcelona court admits the prosecution&#8217;s complaint against Bar\u00e7a"},"content":{"rendered":"<h2 class=\"wp-block-heading\">This Wednesday, March 15, the Barcelona judge has accepted for processing the complaint made by the Prosecutor&#8217;s Office against Bar\u00e7a for the alleged crime of corruption in sport<\/h2>  \r\n<div class=\"article-addons\">\r\n    <a href=\"https:\/\/www.fcbarcelonanoticias.com\/en\/calendar-fc-barcelona.html\"\r\n       target=\"_self\"\r\n       title=\"Calendar of FC Barcelona\"\r\n       class=\"blue-gredient-btn\">\r\n       \r\n        Calendar of FC Barcelona    <\/a>\r\n<\/div>   <p>The complaint by corruption presented by the Fiscal\u00eda against of the FC Barcelona<strong> has been admitted by the jueza Silvia L\u00f3pez Mej\u00edas of the court of Barcelona.<\/strong> The indictment engloba to the entity like legal person and also to the ex-presidents Sandro Rosell and Josep Maria Bartomeu <strong><a data-external=\"0\" data-intl-links-en=\"https:\/\/www.fcbarcelonanoticias.com\/en\/club\/ex-presidents-barca-defend-themselves-for-negreira-case-charge-against-real-madrid_290512_102.html\" data-intl-links-es=\"https:\/\/www.fcbarcelonanoticias.com\/club\/expresidentes-barca-se-defienden-por-caso-negreira-cargan-contra-real-madrid_290512_102.html\" href=\"https:\/\/www.fcbarcelonanoticias.com\/en\/club\/ex-presidents-barca-defend-themselves-for-negreira-case-charge-against-real-madrid_290512_102.html\" rel=\"follow\" target=\"_self\" title=\"Los expresidentes del Bar\u00e7a defienden los pagos a Negreira 'cargando' contra el Madrid\">by the millionaire payments to the exvicepresidente of the Technical Committee of Referees<\/a><\/strong> (CTA) Jos\u00e9 Mar\u00eda Enr\u00edquez Negreira.<\/p>  <p>In the indictment details that both exmandatarios of the Bar\u00e7a <strong>kept a verbal and economic agreement with Negreira to favour to the club in the referee&#8217;s decisions in the parties<\/strong> and &#8220;like this in the result of the competitions&#8221;. It is by these services that the exdirigente of the CTA habria presented bills to the collection of Inland revenue by millionaire quantities <strong>&#8220;without that the same answered to any provision or services of real advice&#8221;.<\/strong><\/p>  <h2>The payments through the time<\/h2>  <p><strong>In total were 7.3 million euros those that embols\u00f3 the excolegiado between 2001 and 2018<\/strong> by the services that, according to the total of the amounts invoiceed, &#8220;did not have any legal support or estatuario&#8221; due to the fact that &#8220;it was not approved by the General Assembly&#8221; neither neither foreseen &#8221; in the statutes of the club&#8221;.<strong> It is thus that these functions of Negreira &#8220;lacked title that justified them&#8221;,<\/strong> aimed the Fiscal\u00eda in his complaint.<\/p>  <p>Although the relation kept by 17 years,<strong> the investigation only will comprise the years that are not prescribed thanks to the crime of corruption of individuals in the sportive field.<\/strong> That is to say, between December of 2010 and May of 2018, when the cul\u00e9s put end to the presumptive agreement<a data-external=\"0\" data-intl-links-en=\"https:\/\/www.fcbarcelonanoticias.com\/en\/laliga\/fc-barcelona-could-be-a-victim-scammer-in-negreira-case_289728_102.html\" data-intl-links-es=\"https:\/\/www.fcbarcelonanoticias.com\/laliga\/fc-barcelona-podria-ser-victima-estafador-en-caso-negreira_289728_102.html\" href=\"https:\/\/www.fcbarcelonanoticias.com\/en\/fc-barcelona\/laliga\/fc-barcelona-could-be-a-victim-scammer-in-negreira-case_289728_102.html\" rel=\"follow\" target=\"_self\" title=\"El Bar\u00e7a podr\u00eda ser \" v=\"\"> because of the blackmails and threats of the own ex\u00e1rbitro<\/a>.<\/p>  <h2>Analysis of the bills<\/h2>  <p>Although the figure known to date is near to the eight million euros, <strong>the true is that it will be the jueza the one who will determine the total if it requests to the Barcelona and to the own Negreira the copies of the bills<\/strong> that accredit the distinct operations between both. <strong>These requirements would comprise the mandate of Rosell between 2011 and 2014<\/strong> and also who were the executive managers for that then, standing out the financial directors, general and treasurers. <strong>Nowadays the Fiscal\u00eda understands that it exists sportive corruption, falsity of mercantile documents and disloyal administration <\/strong>by part of the ancient members of the Catalan Managerial Board.<\/p> ","protected":false},"excerpt":{"rendered":"<p>This Wednesday, March 15, the Barcelona judge has accepted for processing the complaint made by the Prosecutor&#8217;s Office against Bar\u00e7a for the alleged crime of corruption in sport The complaint by corruption presented by the Fiscal\u00eda against of the FC Barcelona has been admitted by the jueza Silvia L\u00f3pez Mej\u00edas of the court of Barcelona. [&hellip;]<\/p>\n","protected":false},"author":0,"featured_media":7316,"comment_status":"closed","ping_status":"open","sticky":false,"template":"","format":"standard","meta":{"_acf_changed":false,"inline_featured_image":false,"_nextfly_llmd_date_locked":false,"footnotes":""},"categories":[111],"tags":[270,190],"class_list":["post-7315","post","type-post","status-publish","format-standard","has-post-thumbnail","hentry","category-fc-barcelona","tag-case-negreira","tag-referees"],"acf":[],"yoast_head":"<!-- This site is optimized with the Yoast SEO plugin v27.3 - https:\/\/yoast.com\/product\/yoast-seo-wordpress\/ -->\n<title>OFFICIAL: The Barcelona court admits the prosecution&#039;s complaint against Bar\u00e7a<\/title>\n<meta name=\"description\" content=\"This Wednesday, March 15, the Barcelona judge has accepted for processing the complaint made by the Prosecutor&#039;s Office against Bar\u00e7a for the alleged crime of corruption in sport\" \/>\n<meta name=\"robots\" content=\"index, follow, max-snippet:-1, max-image-preview:large, max-video-preview:-1\" \/>\n<link rel=\"canonical\" href=\"https:\/\/www.fcbarcelonanoticias.com\/en\/club\/oficial-juzgado-barcelona-admite-denuncia-fiscalia-contra-barca_290550_102.html\" \/>\n<meta property=\"og:locale\" content=\"en_US\" \/>\n<meta property=\"og:type\" content=\"article\" \/>\n<meta property=\"og:title\" content=\"OFFICIAL: The Barcelona court admits the prosecution&#039;s complaint against Bar\u00e7a\" \/>\n<meta property=\"og:description\" content=\"This Wednesday, March 15, the Barcelona judge has accepted for processing the complaint made by the Prosecutor&#039;s Office against Bar\u00e7a for the alleged crime of corruption in sport\" \/>\n<meta property=\"og:url\" content=\"https:\/\/www.fcbarcelonanoticias.com\/en\/club\/oficial-juzgado-barcelona-admite-denuncia-fiscalia-contra-barca_290550_102.html\" \/>\n<meta property=\"og:site_name\" content=\"EN - FC Barcelona Noticias\" \/>\n<meta property=\"article:published_time\" content=\"2023-03-15T13:00:00+00:00\" \/>\n<meta property=\"article:modified_time\" content=\"2023-03-15T16:38:00+00:00\" \/>\n<meta property=\"og:image\" content=\"https:\/\/www.fcbarcelonanoticias.com\/en\/wp-content\/uploads\/sites\/2\/2023\/03\/bartomeu-gritos-dimision.jpeg\" \/>\n\t<meta property=\"og:image:width\" content=\"1200\" \/>\n\t<meta property=\"og:image:height\" content=\"800\" \/>\n\t<meta property=\"og:image:type\" content=\"image\/jpeg\" \/>\n<meta name=\"twitter:card\" content=\"summary_large_image\" \/>\n<meta name=\"twitter:label1\" content=\"Est. reading time\" \/>\n\t<meta name=\"twitter:data1\" content=\"2 minutes\" \/>\n<script type=\"application\/ld+json\" class=\"yoast-schema-graph\">{\"@context\":\"https:\\\/\\\/schema.org\",\"@graph\":[{\"@type\":\"Article\",\"@id\":\"https:\\\/\\\/www.fcbarcelonanoticias.com\\\/en\\\/club\\\/oficial-juzgado-barcelona-admite-denuncia-fiscalia-contra-barca_290550_102.html#article\",\"isPartOf\":{\"@id\":\"https:\\\/\\\/www.fcbarcelonanoticias.com\\\/en\\\/club\\\/oficial-juzgado-barcelona-admite-denuncia-fiscalia-contra-barca_290550_102.html\"},\"author\":{\"name\":\"\",\"@id\":\"\"},\"headline\":\"OFFICIAL: The Barcelona court admits the prosecution&#8217;s complaint against Bar\u00e7a\",\"datePublished\":\"2023-03-15T13:00:00+00:00\",\"dateModified\":\"2023-03-15T16:38:00+00:00\",\"mainEntityOfPage\":{\"@id\":\"https:\\\/\\\/www.fcbarcelonanoticias.com\\\/en\\\/club\\\/oficial-juzgado-barcelona-admite-denuncia-fiscalia-contra-barca_290550_102.html\"},\"wordCount\":439,\"image\":{\"@id\":\"https:\\\/\\\/www.fcbarcelonanoticias.com\\\/en\\\/club\\\/oficial-juzgado-barcelona-admite-denuncia-fiscalia-contra-barca_290550_102.html#primaryimage\"},\"thumbnailUrl\":\"https:\\\/\\\/www.fcbarcelonanoticias.com\\\/en\\\/wp-content\\\/uploads\\\/sites\\\/2\\\/2023\\\/03\\\/bartomeu-gritos-dimision.jpeg\",\"keywords\":[\"Case Negreira\",\"Referees\"],\"articleSection\":[\"FC Barcelona\"],\"inLanguage\":\"en-US\"},{\"@type\":\"WebPage\",\"@id\":\"https:\\\/\\\/www.fcbarcelonanoticias.com\\\/en\\\/club\\\/oficial-juzgado-barcelona-admite-denuncia-fiscalia-contra-barca_290550_102.html\",\"url\":\"https:\\\/\\\/www.fcbarcelonanoticias.com\\\/en\\\/club\\\/oficial-juzgado-barcelona-admite-denuncia-fiscalia-contra-barca_290550_102.html\",\"name\":\"OFFICIAL: The Barcelona court admits the prosecution's complaint against Bar\u00e7a\",\"isPartOf\":{\"@id\":\"https:\\\/\\\/www.fcbarcelonanoticias.com\\\/en\\\/#website\"},\"primaryImageOfPage\":{\"@id\":\"https:\\\/\\\/www.fcbarcelonanoticias.com\\\/en\\\/club\\\/oficial-juzgado-barcelona-admite-denuncia-fiscalia-contra-barca_290550_102.html#primaryimage\"},\"image\":{\"@id\":\"https:\\\/\\\/www.fcbarcelonanoticias.com\\\/en\\\/club\\\/oficial-juzgado-barcelona-admite-denuncia-fiscalia-contra-barca_290550_102.html#primaryimage\"},\"thumbnailUrl\":\"https:\\\/\\\/www.fcbarcelonanoticias.com\\\/en\\\/wp-content\\\/uploads\\\/sites\\\/2\\\/2023\\\/03\\\/bartomeu-gritos-dimision.jpeg\",\"datePublished\":\"2023-03-15T13:00:00+00:00\",\"dateModified\":\"2023-03-15T16:38:00+00:00\",\"author\":{\"@id\":\"\"},\"description\":\"This Wednesday, March 15, the Barcelona judge has accepted for processing the complaint made by the Prosecutor's Office against Bar\u00e7a for the alleged crime of corruption in sport\",\"breadcrumb\":{\"@id\":\"https:\\\/\\\/www.fcbarcelonanoticias.com\\\/en\\\/club\\\/oficial-juzgado-barcelona-admite-denuncia-fiscalia-contra-barca_290550_102.html#breadcrumb\"},\"inLanguage\":\"en-US\",\"potentialAction\":[{\"@type\":\"ReadAction\",\"target\":[\"https:\\\/\\\/www.fcbarcelonanoticias.com\\\/en\\\/club\\\/oficial-juzgado-barcelona-admite-denuncia-fiscalia-contra-barca_290550_102.html\"]}]},{\"@type\":\"ImageObject\",\"inLanguage\":\"en-US\",\"@id\":\"https:\\\/\\\/www.fcbarcelonanoticias.com\\\/en\\\/club\\\/oficial-juzgado-barcelona-admite-denuncia-fiscalia-contra-barca_290550_102.html#primaryimage\",\"url\":\"https:\\\/\\\/www.fcbarcelonanoticias.com\\\/en\\\/wp-content\\\/uploads\\\/sites\\\/2\\\/2023\\\/03\\\/bartomeu-gritos-dimision.jpeg\",\"contentUrl\":\"https:\\\/\\\/www.fcbarcelonanoticias.com\\\/en\\\/wp-content\\\/uploads\\\/sites\\\/2\\\/2023\\\/03\\\/bartomeu-gritos-dimision.jpeg\",\"width\":1200,\"height\":800},{\"@type\":\"BreadcrumbList\",\"@id\":\"https:\\\/\\\/www.fcbarcelonanoticias.com\\\/en\\\/club\\\/oficial-juzgado-barcelona-admite-denuncia-fiscalia-contra-barca_290550_102.html#breadcrumb\",\"itemListElement\":[{\"@type\":\"ListItem\",\"position\":1,\"name\":\"Portada\",\"item\":\"https:\\\/\\\/www.fcbarcelonanoticias.com\\\/en\\\/\"},{\"@type\":\"ListItem\",\"position\":2,\"name\":\"OFFICIAL: The Barcelona court admits the prosecution&#8217;s complaint against Bar\u00e7a\"}]},{\"@type\":\"WebSite\",\"@id\":\"https:\\\/\\\/www.fcbarcelonanoticias.com\\\/en\\\/#website\",\"url\":\"https:\\\/\\\/www.fcbarcelonanoticias.com\\\/en\\\/\",\"name\":\"EN - FC Barcelona Noticias\",\"description\":\"\",\"potentialAction\":[{\"@type\":\"SearchAction\",\"target\":{\"@type\":\"EntryPoint\",\"urlTemplate\":\"https:\\\/\\\/www.fcbarcelonanoticias.com\\\/en\\\/?s={search_term_string}\"},\"query-input\":{\"@type\":\"PropertyValueSpecification\",\"valueRequired\":true,\"valueName\":\"search_term_string\"}}],\"inLanguage\":\"en-US\"}]}<\/script>\n<!-- \/ Yoast SEO plugin. -->","yoast_head_json":{"title":"OFFICIAL: The Barcelona court admits the prosecution's complaint against Bar\u00e7a","description":"This Wednesday, March 15, the Barcelona judge has accepted for processing the complaint made by the Prosecutor's Office against Bar\u00e7a for the alleged crime of corruption in sport","robots":{"index":"index","follow":"follow","max-snippet":"max-snippet:-1","max-image-preview":"max-image-preview:large","max-video-preview":"max-video-preview:-1"},"canonical":"https:\/\/www.fcbarcelonanoticias.com\/en\/club\/oficial-juzgado-barcelona-admite-denuncia-fiscalia-contra-barca_290550_102.html","og_locale":"en_US","og_type":"article","og_title":"OFFICIAL: The Barcelona court admits the prosecution's complaint against Bar\u00e7a","og_description":"This Wednesday, March 15, the Barcelona judge has accepted for processing the complaint made by the Prosecutor's Office against Bar\u00e7a for the alleged crime of corruption in sport","og_url":"https:\/\/www.fcbarcelonanoticias.com\/en\/club\/oficial-juzgado-barcelona-admite-denuncia-fiscalia-contra-barca_290550_102.html","og_site_name":"EN - FC Barcelona Noticias","article_published_time":"2023-03-15T13:00:00+00:00","article_modified_time":"2023-03-15T16:38:00+00:00","og_image":[{"width":1200,"height":800,"url":"https:\/\/www.fcbarcelonanoticias.com\/en\/wp-content\/uploads\/sites\/2\/2023\/03\/bartomeu-gritos-dimision.jpeg","type":"image\/jpeg"}],"twitter_card":"summary_large_image","twitter_misc":{"Est. reading time":"2 minutes"},"schema":{"@context":"https:\/\/schema.org","@graph":[{"@type":"Article","@id":"https:\/\/www.fcbarcelonanoticias.com\/en\/club\/oficial-juzgado-barcelona-admite-denuncia-fiscalia-contra-barca_290550_102.html#article","isPartOf":{"@id":"https:\/\/www.fcbarcelonanoticias.com\/en\/club\/oficial-juzgado-barcelona-admite-denuncia-fiscalia-contra-barca_290550_102.html"},"author":{"name":"","@id":""},"headline":"OFFICIAL: The Barcelona court admits the prosecution&#8217;s complaint against Bar\u00e7a","datePublished":"2023-03-15T13:00:00+00:00","dateModified":"2023-03-15T16:38:00+00:00","mainEntityOfPage":{"@id":"https:\/\/www.fcbarcelonanoticias.com\/en\/club\/oficial-juzgado-barcelona-admite-denuncia-fiscalia-contra-barca_290550_102.html"},"wordCount":439,"image":{"@id":"https:\/\/www.fcbarcelonanoticias.com\/en\/club\/oficial-juzgado-barcelona-admite-denuncia-fiscalia-contra-barca_290550_102.html#primaryimage"},"thumbnailUrl":"https:\/\/www.fcbarcelonanoticias.com\/en\/wp-content\/uploads\/sites\/2\/2023\/03\/bartomeu-gritos-dimision.jpeg","keywords":["Case Negreira","Referees"],"articleSection":["FC Barcelona"],"inLanguage":"en-US"},{"@type":"WebPage","@id":"https:\/\/www.fcbarcelonanoticias.com\/en\/club\/oficial-juzgado-barcelona-admite-denuncia-fiscalia-contra-barca_290550_102.html","url":"https:\/\/www.fcbarcelonanoticias.com\/en\/club\/oficial-juzgado-barcelona-admite-denuncia-fiscalia-contra-barca_290550_102.html","name":"OFFICIAL: The Barcelona court admits the prosecution's complaint against Bar\u00e7a","isPartOf":{"@id":"https:\/\/www.fcbarcelonanoticias.com\/en\/#website"},"primaryImageOfPage":{"@id":"https:\/\/www.fcbarcelonanoticias.com\/en\/club\/oficial-juzgado-barcelona-admite-denuncia-fiscalia-contra-barca_290550_102.html#primaryimage"},"image":{"@id":"https:\/\/www.fcbarcelonanoticias.com\/en\/club\/oficial-juzgado-barcelona-admite-denuncia-fiscalia-contra-barca_290550_102.html#primaryimage"},"thumbnailUrl":"https:\/\/www.fcbarcelonanoticias.com\/en\/wp-content\/uploads\/sites\/2\/2023\/03\/bartomeu-gritos-dimision.jpeg","datePublished":"2023-03-15T13:00:00+00:00","dateModified":"2023-03-15T16:38:00+00:00","author":{"@id":""},"description":"This Wednesday, March 15, the Barcelona judge has accepted for processing the complaint made by the Prosecutor's Office against Bar\u00e7a for the alleged crime of corruption in sport","breadcrumb":{"@id":"https:\/\/www.fcbarcelonanoticias.com\/en\/club\/oficial-juzgado-barcelona-admite-denuncia-fiscalia-contra-barca_290550_102.html#breadcrumb"},"inLanguage":"en-US","potentialAction":[{"@type":"ReadAction","target":["https:\/\/www.fcbarcelonanoticias.com\/en\/club\/oficial-juzgado-barcelona-admite-denuncia-fiscalia-contra-barca_290550_102.html"]}]},{"@type":"ImageObject","inLanguage":"en-US","@id":"https:\/\/www.fcbarcelonanoticias.com\/en\/club\/oficial-juzgado-barcelona-admite-denuncia-fiscalia-contra-barca_290550_102.html#primaryimage","url":"https:\/\/www.fcbarcelonanoticias.com\/en\/wp-content\/uploads\/sites\/2\/2023\/03\/bartomeu-gritos-dimision.jpeg","contentUrl":"https:\/\/www.fcbarcelonanoticias.com\/en\/wp-content\/uploads\/sites\/2\/2023\/03\/bartomeu-gritos-dimision.jpeg","width":1200,"height":800},{"@type":"BreadcrumbList","@id":"https:\/\/www.fcbarcelonanoticias.com\/en\/club\/oficial-juzgado-barcelona-admite-denuncia-fiscalia-contra-barca_290550_102.html#breadcrumb","itemListElement":[{"@type":"ListItem","position":1,"name":"Portada","item":"https:\/\/www.fcbarcelonanoticias.com\/en\/"},{"@type":"ListItem","position":2,"name":"OFFICIAL: The Barcelona court admits the prosecution&#8217;s complaint against Bar\u00e7a"}]},{"@type":"WebSite","@id":"https:\/\/www.fcbarcelonanoticias.com\/en\/#website","url":"https:\/\/www.fcbarcelonanoticias.com\/en\/","name":"EN - FC Barcelona Noticias","description":"","potentialAction":[{"@type":"SearchAction","target":{"@type":"EntryPoint","urlTemplate":"https:\/\/www.fcbarcelonanoticias.com\/en\/?s={search_term_string}"},"query-input":{"@type":"PropertyValueSpecification","valueRequired":true,"valueName":"search_term_string"}}],"inLanguage":"en-US"}]}},"_links":{"self":[{"href":"https:\/\/www.fcbarcelonanoticias.com\/en\/wp-json\/wp\/v2\/posts\/7315","targetHints":{"allow":["GET"]}}],"collection":[{"href":"https:\/\/www.fcbarcelonanoticias.com\/en\/wp-json\/wp\/v2\/posts"}],"about":[{"href":"https:\/\/www.fcbarcelonanoticias.com\/en\/wp-json\/wp\/v2\/types\/post"}],"replies":[{"embeddable":true,"href":"https:\/\/www.fcbarcelonanoticias.com\/en\/wp-json\/wp\/v2\/comments?post=7315"}],"version-history":[{"count":8,"href":"https:\/\/www.fcbarcelonanoticias.com\/en\/wp-json\/wp\/v2\/posts\/7315\/revisions"}],"predecessor-version":[{"id":10255,"href":"https:\/\/www.fcbarcelonanoticias.com\/en\/wp-json\/wp\/v2\/posts\/7315\/revisions\/10255"}],"wp:featuredmedia":[{"embeddable":true,"href":"https:\/\/www.fcbarcelonanoticias.com\/en\/wp-json\/wp\/v2\/media\/7316"}],"wp:attachment":[{"href":"https:\/\/www.fcbarcelonanoticias.com\/en\/wp-json\/wp\/v2\/media?parent=7315"}],"wp:term":[{"taxonomy":"category","embeddable":true,"href":"https:\/\/www.fcbarcelonanoticias.com\/en\/wp-json\/wp\/v2\/categories?post=7315"},{"taxonomy":"post_tag","embeddable":true,"href":"https:\/\/www.fcbarcelonanoticias.com\/en\/wp-json\/wp\/v2\/tags?post=7315"}],"curies":[{"name":"wp","href":"https:\/\/api.w.org\/{rel}","templated":true}]}}