{"id":73165,"date":"2017-04-04T09:24:00","date_gmt":"2017-04-04T07:24:00","guid":{"rendered":"https:\/\/weisetech.dev\/fc-barcelona-noticias\/en\/iniesta-indispensable-for-the-partidazos-of-the-barca-in-april_198560_102\/"},"modified":"2026-04-16T10:01:59","modified_gmt":"2026-04-16T08:01:59","slug":"iniesta-indispensable-for-the-partidazos-of-the-barca-in-april_198560_102","status":"publish","type":"post","link":"https:\/\/www.fcbarcelonanoticias.com\/en\/players\/iniesta-indispensable-for-the-partidazos-of-the-barca-in-april_198560_102.html","title":{"rendered":"Iniesta, indispensable for the partidazos of the Bar\u00e7a in April"},"content":{"rendered":"<h2 class=\"wp-block-heading\">The midfield player manchego of the FC Barcelona, Andr\u00e9s Iniesta, will be very important for the Bar\u00e7a of face to the important parties that has by in front the team in the month of April, and thus Luis Enrique has looked for dosificarle to the maximum<\/h2>  \r\n<div class=\"article-addons\">\r\n    <a href=\"https:\/\/www.fcbarcelonanoticias.com\/en\/calendar-fc-barcelona.html\"\r\n       target=\"_self\"\r\n       title=\"Calendar of FC Barcelona\"\r\n       class=\"blue-gredient-btn\">\r\n       \r\n        Calendar of FC Barcelona    <\/a>\r\n<\/div>   <p>It would not exist any <a href=\"https:\/\/www.fcbarcelonanoticias.com\/jugadores\/enigmatica-situacion-de-andres-iniesta-en-el-fc-barcelona_198538_102.html\"><strong>mystery in the FC Barcelona around the figure of Andr\u00e9s Iniesta<\/strong><\/a>. In spite of that this season 2016-17 the Barcelona captain has seen  notably prejudiced by the injuries and physical annoyances, that have prevented him shine to the best level of game, foresees  that it was headline in<strong> the important parties that has by in front the team<\/strong> during the present month of April.<\/p> <p>It rested against the Granada after the stop of selections and jumped to the terrain of game in the second part. Well, it expects  that the manchego <strong>was indisputable headline against the Seville this Wednesday<\/strong>, whereas it could rest the weekend in front of the M\u00e1laga to be also title <a href=\"https:\/\/www.fcbarcelonanoticias.com\/entradas\/entradas-fc-barcelona-vs-juventus-champions-league_198066_102.html\"><strong>in front of the Juventus of Tur\u00edn<\/strong><\/a> next week in the Juventus Stadium.<\/p> <p><strong>The FC Barcelona wants to have him to the maximum level of game<\/strong> for the decisive parties of the season, and is thus that Luis Enrique has been &#8220;taking care him&#8221; with care and calculating very well his minutes during the last times.<\/p> <h2>Iniesta, present in the decisive parties<\/h2> <p><a href=\"https:\/\/www.fcbarcelonanoticias.com\/entradas\/entradas-real-madrid-vs-fc-barcelona-el-clasico_198199_102.html\"><strong>Iniesta also will be to title in the Classical against the Real Madrid<\/strong><\/a> in the Bernab\u00e9u, what could force to that it rest in front of the Real Sociedad in the Camp Nou. In any case, Luis Enrique already has very very defined the plan to take out the optimum performance of Andr\u00e9s Iniesta, as it occurred during the traced back of the Bar\u00e7a-PSG (6-1), in which the manchego was protagonist of one of the goals.<\/p> <p>For the time being, from the Catalan press inform that <strong>the physical state of Andr\u00e9s Iniesta is optimum<\/strong>. It will be necessary to expect, then , that no  lesione during the next appointments and can complete without problems the demanding calendar that has by in front the FC Barcelona.<\/p> ","protected":false},"excerpt":{"rendered":"<p>The midfield player manchego of the FC Barcelona, Andr\u00e9s Iniesta, will be very important for the Bar\u00e7a of face to the important parties that has by in front the team in the month of April, and thus Luis Enrique has looked for dosificarle to the maximum It would not exist any mystery in the FC [&hellip;]<\/p>\n","protected":false},"author":366,"featured_media":73170,"comment_status":"closed","ping_status":"open","sticky":false,"template":"","format":"standard","meta":{"_acf_changed":false,"inline_featured_image":false,"_nextfly_llmd_date_locked":false,"footnotes":""},"categories":[453,107],"tags":[168,148],"class_list":["post-73165","post","type-post","status-publish","format-standard","has-post-thumbnail","hentry","category-players-2","category-players","tag-andres-iniesta","tag-luis-enrique"],"acf":[],"yoast_head":"<!-- This site is optimized with the Yoast SEO plugin v27.3 - https:\/\/yoast.com\/product\/yoast-seo-wordpress\/ -->\n<title>Iniesta, indispensable for the partidazos of the Bar\u00e7a in April<\/title>\n<meta name=\"description\" content=\"The midfield player manchego of the FC Barcelona, Andr\u00e9s Iniesta, will be very important for the Bar\u00e7a of face to the important parties that has by...\" \/>\n<meta name=\"robots\" content=\"index, follow, max-snippet:-1, max-image-preview:large, max-video-preview:-1\" \/>\n<link rel=\"canonical\" href=\"https:\/\/www.fcbarcelonanoticias.com\/en\/players\/iniesta-indispensable-for-the-partidazos-of-the-barca-in-april_198560_102.html\" \/>\n<meta property=\"og:locale\" content=\"en_US\" \/>\n<meta property=\"og:type\" content=\"article\" \/>\n<meta property=\"og:title\" content=\"Iniesta, indispensable for the partidazos of the Bar\u00e7a in April\" \/>\n<meta property=\"og:description\" content=\"The midfield player manchego of the FC Barcelona, Andr\u00e9s Iniesta, will be very important for the Bar\u00e7a of face to the important parties that has by...\" \/>\n<meta property=\"og:url\" content=\"https:\/\/www.fcbarcelonanoticias.com\/en\/players\/iniesta-indispensable-for-the-partidazos-of-the-barca-in-april_198560_102.html\" \/>\n<meta property=\"og:site_name\" content=\"EN - FC Barcelona Noticias\" \/>\n<meta property=\"article:published_time\" content=\"2017-04-04T07:24:00+00:00\" \/>\n<meta property=\"article:modified_time\" content=\"2026-04-16T08:01:59+00:00\" \/>\n<meta property=\"og:image\" content=\"https:\/\/www.fcbarcelonanoticias.com\/en\/wp-content\/uploads\/sites\/2\/2017\/04\/andres-iniesta-214492.jpeg\" \/>\n\t<meta property=\"og:image:width\" content=\"761\" \/>\n\t<meta property=\"og:image:height\" content=\"428\" \/>\n\t<meta property=\"og:image:type\" content=\"image\/jpeg\" \/>\n<meta name=\"author\" content=\"Carlos Dom\u00ednguez\" \/>\n<meta name=\"twitter:card\" content=\"summary_large_image\" \/>\n<meta name=\"twitter:label1\" content=\"Written by\" \/>\n\t<meta name=\"twitter:data1\" content=\"Carlos Dom\u00ednguez\" \/>\n\t<meta name=\"twitter:label2\" content=\"Est. reading time\" \/>\n\t<meta name=\"twitter:data2\" content=\"2 minutes\" \/>\n<script type=\"application\/ld+json\" class=\"yoast-schema-graph\">{\"@context\":\"https:\\\/\\\/schema.org\",\"@graph\":[{\"@type\":\"Article\",\"@id\":\"https:\\\/\\\/www.fcbarcelonanoticias.com\\\/en\\\/players\\\/iniesta-indispensable-for-the-partidazos-of-the-barca-in-april_198560_102.html#article\",\"isPartOf\":{\"@id\":\"https:\\\/\\\/www.fcbarcelonanoticias.com\\\/en\\\/players\\\/iniesta-indispensable-for-the-partidazos-of-the-barca-in-april_198560_102.html\"},\"author\":{\"name\":\"Carlos Dom\u00ednguez\",\"@id\":\"https:\\\/\\\/www.fcbarcelonanoticias.com\\\/en\\\/#\\\/schema\\\/person\\\/888e29b17b79c70d1c617d8a7bc9b8c6\"},\"headline\":\"Iniesta, indispensable for the partidazos of the Bar\u00e7a in April\",\"datePublished\":\"2017-04-04T07:24:00+00:00\",\"dateModified\":\"2026-04-16T08:01:59+00:00\",\"mainEntityOfPage\":{\"@id\":\"https:\\\/\\\/www.fcbarcelonanoticias.com\\\/en\\\/players\\\/iniesta-indispensable-for-the-partidazos-of-the-barca-in-april_198560_102.html\"},\"wordCount\":371,\"image\":{\"@id\":\"https:\\\/\\\/www.fcbarcelonanoticias.com\\\/en\\\/players\\\/iniesta-indispensable-for-the-partidazos-of-the-barca-in-april_198560_102.html#primaryimage\"},\"thumbnailUrl\":\"https:\\\/\\\/www.fcbarcelonanoticias.com\\\/en\\\/wp-content\\\/uploads\\\/sites\\\/2\\\/2017\\\/04\\\/andres-iniesta-214492.jpeg\",\"keywords\":[\"Andr\u00e9s Iniesta\",\"Luis Enrique\"],\"articleSection\":[\"Players\",\"Players\"],\"inLanguage\":\"en-US\"},{\"@type\":\"WebPage\",\"@id\":\"https:\\\/\\\/www.fcbarcelonanoticias.com\\\/en\\\/players\\\/iniesta-indispensable-for-the-partidazos-of-the-barca-in-april_198560_102.html\",\"url\":\"https:\\\/\\\/www.fcbarcelonanoticias.com\\\/en\\\/players\\\/iniesta-indispensable-for-the-partidazos-of-the-barca-in-april_198560_102.html\",\"name\":\"Iniesta, indispensable for the partidazos of the Bar\u00e7a in April\",\"isPartOf\":{\"@id\":\"https:\\\/\\\/www.fcbarcelonanoticias.com\\\/en\\\/#website\"},\"primaryImageOfPage\":{\"@id\":\"https:\\\/\\\/www.fcbarcelonanoticias.com\\\/en\\\/players\\\/iniesta-indispensable-for-the-partidazos-of-the-barca-in-april_198560_102.html#primaryimage\"},\"image\":{\"@id\":\"https:\\\/\\\/www.fcbarcelonanoticias.com\\\/en\\\/players\\\/iniesta-indispensable-for-the-partidazos-of-the-barca-in-april_198560_102.html#primaryimage\"},\"thumbnailUrl\":\"https:\\\/\\\/www.fcbarcelonanoticias.com\\\/en\\\/wp-content\\\/uploads\\\/sites\\\/2\\\/2017\\\/04\\\/andres-iniesta-214492.jpeg\",\"datePublished\":\"2017-04-04T07:24:00+00:00\",\"dateModified\":\"2026-04-16T08:01:59+00:00\",\"author\":{\"@id\":\"https:\\\/\\\/www.fcbarcelonanoticias.com\\\/en\\\/#\\\/schema\\\/person\\\/888e29b17b79c70d1c617d8a7bc9b8c6\"},\"description\":\"The midfield player manchego of the FC Barcelona, Andr\u00e9s Iniesta, will be very important for the Bar\u00e7a of face to the important parties that has by...\",\"breadcrumb\":{\"@id\":\"https:\\\/\\\/www.fcbarcelonanoticias.com\\\/en\\\/players\\\/iniesta-indispensable-for-the-partidazos-of-the-barca-in-april_198560_102.html#breadcrumb\"},\"inLanguage\":\"en-US\",\"potentialAction\":[{\"@type\":\"ReadAction\",\"target\":[\"https:\\\/\\\/www.fcbarcelonanoticias.com\\\/en\\\/players\\\/iniesta-indispensable-for-the-partidazos-of-the-barca-in-april_198560_102.html\"]}]},{\"@type\":\"ImageObject\",\"inLanguage\":\"en-US\",\"@id\":\"https:\\\/\\\/www.fcbarcelonanoticias.com\\\/en\\\/players\\\/iniesta-indispensable-for-the-partidazos-of-the-barca-in-april_198560_102.html#primaryimage\",\"url\":\"https:\\\/\\\/www.fcbarcelonanoticias.com\\\/en\\\/wp-content\\\/uploads\\\/sites\\\/2\\\/2017\\\/04\\\/andres-iniesta-214492.jpeg\",\"contentUrl\":\"https:\\\/\\\/www.fcbarcelonanoticias.com\\\/en\\\/wp-content\\\/uploads\\\/sites\\\/2\\\/2017\\\/04\\\/andres-iniesta-214492.jpeg\",\"width\":761,\"height\":428},{\"@type\":\"BreadcrumbList\",\"@id\":\"https:\\\/\\\/www.fcbarcelonanoticias.com\\\/en\\\/players\\\/iniesta-indispensable-for-the-partidazos-of-the-barca-in-april_198560_102.html#breadcrumb\",\"itemListElement\":[{\"@type\":\"ListItem\",\"position\":1,\"name\":\"Portada\",\"item\":\"https:\\\/\\\/www.fcbarcelonanoticias.com\\\/en\\\/\"},{\"@type\":\"ListItem\",\"position\":2,\"name\":\"Iniesta, indispensable for the partidazos of the Bar\u00e7a in April\"}]},{\"@type\":\"WebSite\",\"@id\":\"https:\\\/\\\/www.fcbarcelonanoticias.com\\\/en\\\/#website\",\"url\":\"https:\\\/\\\/www.fcbarcelonanoticias.com\\\/en\\\/\",\"name\":\"EN - FC Barcelona Noticias\",\"description\":\"\",\"potentialAction\":[{\"@type\":\"SearchAction\",\"target\":{\"@type\":\"EntryPoint\",\"urlTemplate\":\"https:\\\/\\\/www.fcbarcelonanoticias.com\\\/en\\\/?s={search_term_string}\"},\"query-input\":{\"@type\":\"PropertyValueSpecification\",\"valueRequired\":true,\"valueName\":\"search_term_string\"}}],\"inLanguage\":\"en-US\"},{\"@type\":\"Person\",\"@id\":\"https:\\\/\\\/www.fcbarcelonanoticias.com\\\/en\\\/#\\\/schema\\\/person\\\/888e29b17b79c70d1c617d8a7bc9b8c6\",\"name\":\"Carlos Dom\u00ednguez\",\"image\":{\"@type\":\"ImageObject\",\"inLanguage\":\"en-US\",\"@id\":\"https:\\\/\\\/secure.gravatar.com\\\/avatar\\\/?s=96&d=mm&r=g\",\"url\":\"https:\\\/\\\/secure.gravatar.com\\\/avatar\\\/?s=96&d=mm&r=g\",\"contentUrl\":\"https:\\\/\\\/secure.gravatar.com\\\/avatar\\\/?s=96&d=mm&r=g\",\"caption\":\"Carlos Dom\u00ednguez\"},\"url\":\"https:\\\/\\\/www.fcbarcelonanoticias.com\\\/en\\\/carlos-dominguez_2_115.html\"}]}<\/script>\n<!-- \/ Yoast SEO plugin. -->","yoast_head_json":{"title":"Iniesta, indispensable for the partidazos of the Bar\u00e7a in April","description":"The midfield player manchego of the FC Barcelona, Andr\u00e9s Iniesta, will be very important for the Bar\u00e7a of face to the important parties that has by...","robots":{"index":"index","follow":"follow","max-snippet":"max-snippet:-1","max-image-preview":"max-image-preview:large","max-video-preview":"max-video-preview:-1"},"canonical":"https:\/\/www.fcbarcelonanoticias.com\/en\/players\/iniesta-indispensable-for-the-partidazos-of-the-barca-in-april_198560_102.html","og_locale":"en_US","og_type":"article","og_title":"Iniesta, indispensable for the partidazos of the Bar\u00e7a in April","og_description":"The midfield player manchego of the FC Barcelona, Andr\u00e9s Iniesta, will be very important for the Bar\u00e7a of face to the important parties that has by...","og_url":"https:\/\/www.fcbarcelonanoticias.com\/en\/players\/iniesta-indispensable-for-the-partidazos-of-the-barca-in-april_198560_102.html","og_site_name":"EN - FC Barcelona Noticias","article_published_time":"2017-04-04T07:24:00+00:00","article_modified_time":"2026-04-16T08:01:59+00:00","og_image":[{"width":761,"height":428,"url":"https:\/\/www.fcbarcelonanoticias.com\/en\/wp-content\/uploads\/sites\/2\/2017\/04\/andres-iniesta-214492.jpeg","type":"image\/jpeg"}],"author":"Carlos Dom\u00ednguez","twitter_card":"summary_large_image","twitter_misc":{"Written by":"Carlos Dom\u00ednguez","Est. reading time":"2 minutes"},"schema":{"@context":"https:\/\/schema.org","@graph":[{"@type":"Article","@id":"https:\/\/www.fcbarcelonanoticias.com\/en\/players\/iniesta-indispensable-for-the-partidazos-of-the-barca-in-april_198560_102.html#article","isPartOf":{"@id":"https:\/\/www.fcbarcelonanoticias.com\/en\/players\/iniesta-indispensable-for-the-partidazos-of-the-barca-in-april_198560_102.html"},"author":{"name":"Carlos Dom\u00ednguez","@id":"https:\/\/www.fcbarcelonanoticias.com\/en\/#\/schema\/person\/888e29b17b79c70d1c617d8a7bc9b8c6"},"headline":"Iniesta, indispensable for the partidazos of the Bar\u00e7a in April","datePublished":"2017-04-04T07:24:00+00:00","dateModified":"2026-04-16T08:01:59+00:00","mainEntityOfPage":{"@id":"https:\/\/www.fcbarcelonanoticias.com\/en\/players\/iniesta-indispensable-for-the-partidazos-of-the-barca-in-april_198560_102.html"},"wordCount":371,"image":{"@id":"https:\/\/www.fcbarcelonanoticias.com\/en\/players\/iniesta-indispensable-for-the-partidazos-of-the-barca-in-april_198560_102.html#primaryimage"},"thumbnailUrl":"https:\/\/www.fcbarcelonanoticias.com\/en\/wp-content\/uploads\/sites\/2\/2017\/04\/andres-iniesta-214492.jpeg","keywords":["Andr\u00e9s Iniesta","Luis Enrique"],"articleSection":["Players","Players"],"inLanguage":"en-US"},{"@type":"WebPage","@id":"https:\/\/www.fcbarcelonanoticias.com\/en\/players\/iniesta-indispensable-for-the-partidazos-of-the-barca-in-april_198560_102.html","url":"https:\/\/www.fcbarcelonanoticias.com\/en\/players\/iniesta-indispensable-for-the-partidazos-of-the-barca-in-april_198560_102.html","name":"Iniesta, indispensable for the partidazos of the Bar\u00e7a in April","isPartOf":{"@id":"https:\/\/www.fcbarcelonanoticias.com\/en\/#website"},"primaryImageOfPage":{"@id":"https:\/\/www.fcbarcelonanoticias.com\/en\/players\/iniesta-indispensable-for-the-partidazos-of-the-barca-in-april_198560_102.html#primaryimage"},"image":{"@id":"https:\/\/www.fcbarcelonanoticias.com\/en\/players\/iniesta-indispensable-for-the-partidazos-of-the-barca-in-april_198560_102.html#primaryimage"},"thumbnailUrl":"https:\/\/www.fcbarcelonanoticias.com\/en\/wp-content\/uploads\/sites\/2\/2017\/04\/andres-iniesta-214492.jpeg","datePublished":"2017-04-04T07:24:00+00:00","dateModified":"2026-04-16T08:01:59+00:00","author":{"@id":"https:\/\/www.fcbarcelonanoticias.com\/en\/#\/schema\/person\/888e29b17b79c70d1c617d8a7bc9b8c6"},"description":"The midfield player manchego of the FC Barcelona, Andr\u00e9s Iniesta, will be very important for the Bar\u00e7a of face to the important parties that has by...","breadcrumb":{"@id":"https:\/\/www.fcbarcelonanoticias.com\/en\/players\/iniesta-indispensable-for-the-partidazos-of-the-barca-in-april_198560_102.html#breadcrumb"},"inLanguage":"en-US","potentialAction":[{"@type":"ReadAction","target":["https:\/\/www.fcbarcelonanoticias.com\/en\/players\/iniesta-indispensable-for-the-partidazos-of-the-barca-in-april_198560_102.html"]}]},{"@type":"ImageObject","inLanguage":"en-US","@id":"https:\/\/www.fcbarcelonanoticias.com\/en\/players\/iniesta-indispensable-for-the-partidazos-of-the-barca-in-april_198560_102.html#primaryimage","url":"https:\/\/www.fcbarcelonanoticias.com\/en\/wp-content\/uploads\/sites\/2\/2017\/04\/andres-iniesta-214492.jpeg","contentUrl":"https:\/\/www.fcbarcelonanoticias.com\/en\/wp-content\/uploads\/sites\/2\/2017\/04\/andres-iniesta-214492.jpeg","width":761,"height":428},{"@type":"BreadcrumbList","@id":"https:\/\/www.fcbarcelonanoticias.com\/en\/players\/iniesta-indispensable-for-the-partidazos-of-the-barca-in-april_198560_102.html#breadcrumb","itemListElement":[{"@type":"ListItem","position":1,"name":"Portada","item":"https:\/\/www.fcbarcelonanoticias.com\/en\/"},{"@type":"ListItem","position":2,"name":"Iniesta, indispensable for the partidazos of the Bar\u00e7a in April"}]},{"@type":"WebSite","@id":"https:\/\/www.fcbarcelonanoticias.com\/en\/#website","url":"https:\/\/www.fcbarcelonanoticias.com\/en\/","name":"EN - FC Barcelona Noticias","description":"","potentialAction":[{"@type":"SearchAction","target":{"@type":"EntryPoint","urlTemplate":"https:\/\/www.fcbarcelonanoticias.com\/en\/?s={search_term_string}"},"query-input":{"@type":"PropertyValueSpecification","valueRequired":true,"valueName":"search_term_string"}}],"inLanguage":"en-US"},{"@type":"Person","@id":"https:\/\/www.fcbarcelonanoticias.com\/en\/#\/schema\/person\/888e29b17b79c70d1c617d8a7bc9b8c6","name":"Carlos Dom\u00ednguez","image":{"@type":"ImageObject","inLanguage":"en-US","@id":"https:\/\/secure.gravatar.com\/avatar\/?s=96&d=mm&r=g","url":"https:\/\/secure.gravatar.com\/avatar\/?s=96&d=mm&r=g","contentUrl":"https:\/\/secure.gravatar.com\/avatar\/?s=96&d=mm&r=g","caption":"Carlos Dom\u00ednguez"},"url":"https:\/\/www.fcbarcelonanoticias.com\/en\/carlos-dominguez_2_115.html"}]}},"_links":{"self":[{"href":"https:\/\/www.fcbarcelonanoticias.com\/en\/wp-json\/wp\/v2\/posts\/73165","targetHints":{"allow":["GET"]}}],"collection":[{"href":"https:\/\/www.fcbarcelonanoticias.com\/en\/wp-json\/wp\/v2\/posts"}],"about":[{"href":"https:\/\/www.fcbarcelonanoticias.com\/en\/wp-json\/wp\/v2\/types\/post"}],"author":[{"embeddable":true,"href":"https:\/\/www.fcbarcelonanoticias.com\/en\/wp-json\/wp\/v2\/users\/366"}],"replies":[{"embeddable":true,"href":"https:\/\/www.fcbarcelonanoticias.com\/en\/wp-json\/wp\/v2\/comments?post=73165"}],"version-history":[{"count":4,"href":"https:\/\/www.fcbarcelonanoticias.com\/en\/wp-json\/wp\/v2\/posts\/73165\/revisions"}],"predecessor-version":[{"id":183937,"href":"https:\/\/www.fcbarcelonanoticias.com\/en\/wp-json\/wp\/v2\/posts\/73165\/revisions\/183937"}],"wp:featuredmedia":[{"embeddable":true,"href":"https:\/\/www.fcbarcelonanoticias.com\/en\/wp-json\/wp\/v2\/media\/73170"}],"wp:attachment":[{"href":"https:\/\/www.fcbarcelonanoticias.com\/en\/wp-json\/wp\/v2\/media?parent=73165"}],"wp:term":[{"taxonomy":"category","embeddable":true,"href":"https:\/\/www.fcbarcelonanoticias.com\/en\/wp-json\/wp\/v2\/categories?post=73165"},{"taxonomy":"post_tag","embeddable":true,"href":"https:\/\/www.fcbarcelonanoticias.com\/en\/wp-json\/wp\/v2\/tags?post=73165"}],"curies":[{"name":"wp","href":"https:\/\/api.w.org\/{rel}","templated":true}]}}