{"id":7319,"date":"2023-03-08T10:22:00","date_gmt":"2023-03-08T09:22:00","guid":{"rendered":"https:\/\/weisetech.dev\/fc-barcelona-noticias\/en\/negreira-habria-ofrecido-fc-barcelona-ayuda-con-var_290318_102\/"},"modified":"2023-03-08T10:22:00","modified_gmt":"2023-03-08T09:22:00","slug":"negreira-habria-ofrecido-fc-barcelona-ayuda-con-var_290318_102","status":"publish","type":"post","link":"https:\/\/www.fcbarcelonanoticias.com\/en\/club\/negreira-habria-ofrecido-fc-barcelona-ayuda-con-var_290318_102.html","title":{"rendered":"Negreira would have offered Bar\u00e7a help with the VAR"},"content":{"rendered":"<h2 class=\"wp-block-heading\">New information revealed by &#8216;El Mundo&#8217; ensures that Enr\u00edquez Negreira, former vice president of the CTA, offered Bar\u00e7a help with the VAR but the club ignored the proposal<\/h2>  \r\n<div class=\"article-addons\">\r\n    <a href=\"https:\/\/www.fcbarcelonanoticias.com\/en\/calendar-fc-barcelona.html\"\r\n       target=\"_self\"\r\n       title=\"Calendar of FC Barcelona\"\r\n       class=\"blue-gredient-btn\">\r\n       \r\n        Calendar of FC Barcelona    <\/a>\r\n<\/div>   <p>The designated &#8216;case Negreira&#8217; great a new page. <strong>The newspaper &#8216;The World&#8217; has commissioned to take out to the light the last novelties<\/strong> on the supposed payments that the FC Barcelona would have done between 2001 and 2018 to the exvicepresidente of the Technical Committee of Referees (CTA) Jos\u00e9 Mar\u00eda Enr\u00edquez Negreira by different verbal consultancys.<\/p>  <p>The information is time dates of 2020,<strong> when the exdirigente already found out of his charge and had taken the decision to cease his collaboration two years backwards.<\/strong> Negreira sent a message to the Bar\u00e7a during the season in which the COVID paralysed to the football and the Real Madrid did with the title. <strong>One in which the Barcelona complained by the bad performances of the VAR<\/strong> and went then when it arrived the proposal of the excolegiado.<\/p>  <h2>The Bar\u00e7a hart\u00f3 of Negreira<\/h2>  <p><strong>&#8220;I can help you with the VAR. With me it would have gone you better&#8221;<\/strong>, went the offer of Negreira to the dispatches of the Barcelona. <strong>&#8220;If it interests you, contact&#8221;<\/strong>, it insisted in a final sentence as &#8216;The World&#8217;, although from the club there was not answer some due to the fact that <strong><a data-external=\"0\" data-intl-links-en=\"https:\/\/www.fcbarcelonanoticias.com\/en\/fc-barcelona\/like-this-it-has-been-the-intimidation-of-negreira-to-the-fc-barcelona-consultancys_289701_102.html\" data-intl-links-es=\"https:\/\/www.fcbarcelonanoticias.com\/fc-barcelona\/ha-sido-intimidacion-negreira-fc-barcelona-por-fin-sus-asesorias_289701_102.html\" href=\"https:\/\/www.fcbarcelonanoticias.com\/en\/fc-barcelona\/fc-barcelona\/like-this-it-has-been-the-intimidation-of-negreira-to-the-fc-barcelona-consultancys_289701_102.html\" rel=\"follow\" target=\"_self\" title=\"As\u00ed ha sido la intimidaci\u00f3n de Negreira al FC Barcelona por el fin de sus asesor\u00edas\">the continuous messages, blackmails and threats<\/a> would have hartado to the Catalan executives.<\/strong><\/p>  <p>It is important to remember that the ex\u00e1rbitro <a data-external=\"0\" data-intl-links-en=\"https:\/\/www.fcbarcelonanoticias.com\/en\/fc-barcelona\/like-this-it-has-been-the-intimidation-of-negreira-to-the-fc-barcelona-consultancys_289701_102.html\" data-intl-links-es=\"https:\/\/www.fcbarcelonanoticias.com\/fc-barcelona\/ha-sido-intimidacion-negreira-fc-barcelona-por-fin-sus-asesorias_289701_102.html\" href=\"https:\/\/www.fcbarcelonanoticias.com\/en\/fc-barcelona\/fc-barcelona\/like-this-it-has-been-the-intimidation-of-negreira-to-the-fc-barcelona-consultancys_289701_102.html\" rel=\"follow\" target=\"_self\" title=\"As\u00ed ha sido la intimidaci\u00f3n de Negreira al FC Barcelona por el fin de sus asesor\u00edas\">already had tried to intimidate to the cul\u00e9s<\/a> with &#8220;desvelar irregularities&#8221; when they ceased his consultancys. In the burofax Enr\u00edquez Negreira speaks to explain <strong>&#8220;without miramientos the irregularities of the club that had known and lived at first hand&#8221;<\/strong>. The information, also provided by &#8216;The World&#8217;, details to the complete the document sent in which it says to feel abused and elevates the tone against the president highlighting that<strong> &#8220;I do not think that another scandal favour to the club&#8221;.<\/strong><\/p>  <h2><strong>Complaint of the Fiscal\u00eda<\/strong><\/h2>  <p><strong>This Tuesday the Fiscal\u00eda has taken the decision to report to the Barcelona and to Josep Maria Bartomeu by corruption continued in the sport<\/strong> by all the situation of the &#8216;case Negreira&#8217;. The corruption in the businesses is a crime that went in in force in the penal reform of the 2010 and that includes the fraud in the sportive field, by <strong>what the case will happen now to the court of Barcelona after all the information recopilada by the National Body of Police during the investigation.<\/strong><\/p> ","protected":false},"excerpt":{"rendered":"<p>New information revealed by &#8216;El Mundo&#8217; ensures that Enr\u00edquez Negreira, former vice president of the CTA, offered Bar\u00e7a help with the VAR but the club ignored the proposal The designated &#8216;case Negreira&#8217; great a new page. The newspaper &#8216;The World&#8217; has commissioned to take out to the light the last novelties on the supposed payments [&hellip;]<\/p>\n","protected":false},"author":0,"featured_media":7320,"comment_status":"closed","ping_status":"open","sticky":false,"template":"","format":"standard","meta":{"_acf_changed":false,"inline_featured_image":false,"_nextfly_llmd_date_locked":false,"footnotes":""},"categories":[111],"tags":[190,194],"class_list":["post-7319","post","type-post","status-publish","format-standard","has-post-thumbnail","hentry","category-fc-barcelona","tag-referees","tag-var"],"acf":[],"yoast_head":"<!-- This site is optimized with the Yoast SEO plugin v27.3 - https:\/\/yoast.com\/product\/yoast-seo-wordpress\/ -->\n<title>Negreira would have offered Bar\u00e7a help with the VAR<\/title>\n<meta name=\"description\" content=\"New information revealed by &#039;El Mundo&#039; ensures that Enr\u00edquez Negreira, former vice president of the CTA, offered Bar\u00e7a help with the VAR but the club ignored the proposal\" \/>\n<meta name=\"robots\" content=\"index, follow, max-snippet:-1, max-image-preview:large, max-video-preview:-1\" \/>\n<link rel=\"canonical\" href=\"https:\/\/www.fcbarcelonanoticias.com\/en\/club\/negreira-habria-ofrecido-fc-barcelona-ayuda-con-var_290318_102.html\" \/>\n<meta property=\"og:locale\" content=\"en_US\" \/>\n<meta property=\"og:type\" content=\"article\" \/>\n<meta property=\"og:title\" content=\"Negreira would have offered Bar\u00e7a help with the VAR\" \/>\n<meta property=\"og:description\" content=\"New information revealed by &#039;El Mundo&#039; ensures that Enr\u00edquez Negreira, former vice president of the CTA, offered Bar\u00e7a help with the VAR but the club ignored the proposal\" \/>\n<meta property=\"og:url\" content=\"https:\/\/www.fcbarcelonanoticias.com\/en\/club\/negreira-habria-ofrecido-fc-barcelona-ayuda-con-var_290318_102.html\" \/>\n<meta property=\"og:site_name\" content=\"EN - FC Barcelona Noticias\" \/>\n<meta property=\"article:published_time\" content=\"2023-03-08T09:22:00+00:00\" \/>\n<meta property=\"og:image\" content=\"https:\/\/www.fcbarcelonanoticias.com\/en\/wp-content\/uploads\/sites\/2\/2023\/03\/fc-barcelona-escudo.jpeg\" \/>\n\t<meta property=\"og:image:width\" content=\"1300\" \/>\n\t<meta property=\"og:image:height\" content=\"733\" \/>\n\t<meta property=\"og:image:type\" content=\"image\/jpeg\" \/>\n<meta name=\"twitter:card\" content=\"summary_large_image\" \/>\n<meta name=\"twitter:label1\" content=\"Est. reading time\" \/>\n\t<meta name=\"twitter:data1\" content=\"2 minutes\" \/>\n<script type=\"application\/ld+json\" class=\"yoast-schema-graph\">{\"@context\":\"https:\\\/\\\/schema.org\",\"@graph\":[{\"@type\":\"Article\",\"@id\":\"https:\\\/\\\/www.fcbarcelonanoticias.com\\\/en\\\/club\\\/negreira-habria-ofrecido-fc-barcelona-ayuda-con-var_290318_102.html#article\",\"isPartOf\":{\"@id\":\"https:\\\/\\\/www.fcbarcelonanoticias.com\\\/en\\\/club\\\/negreira-habria-ofrecido-fc-barcelona-ayuda-con-var_290318_102.html\"},\"author\":{\"name\":\"\",\"@id\":\"\"},\"headline\":\"Negreira would have offered Bar\u00e7a help with the VAR\",\"datePublished\":\"2023-03-08T09:22:00+00:00\",\"mainEntityOfPage\":{\"@id\":\"https:\\\/\\\/www.fcbarcelonanoticias.com\\\/en\\\/club\\\/negreira-habria-ofrecido-fc-barcelona-ayuda-con-var_290318_102.html\"},\"wordCount\":430,\"image\":{\"@id\":\"https:\\\/\\\/www.fcbarcelonanoticias.com\\\/en\\\/club\\\/negreira-habria-ofrecido-fc-barcelona-ayuda-con-var_290318_102.html#primaryimage\"},\"thumbnailUrl\":\"https:\\\/\\\/www.fcbarcelonanoticias.com\\\/en\\\/wp-content\\\/uploads\\\/sites\\\/2\\\/2023\\\/03\\\/fc-barcelona-escudo.jpeg\",\"keywords\":[\"Referees\",\"VAR\"],\"articleSection\":[\"FC Barcelona\"],\"inLanguage\":\"en-US\"},{\"@type\":\"WebPage\",\"@id\":\"https:\\\/\\\/www.fcbarcelonanoticias.com\\\/en\\\/club\\\/negreira-habria-ofrecido-fc-barcelona-ayuda-con-var_290318_102.html\",\"url\":\"https:\\\/\\\/www.fcbarcelonanoticias.com\\\/en\\\/club\\\/negreira-habria-ofrecido-fc-barcelona-ayuda-con-var_290318_102.html\",\"name\":\"Negreira would have offered Bar\u00e7a help with the VAR\",\"isPartOf\":{\"@id\":\"https:\\\/\\\/www.fcbarcelonanoticias.com\\\/en\\\/#website\"},\"primaryImageOfPage\":{\"@id\":\"https:\\\/\\\/www.fcbarcelonanoticias.com\\\/en\\\/club\\\/negreira-habria-ofrecido-fc-barcelona-ayuda-con-var_290318_102.html#primaryimage\"},\"image\":{\"@id\":\"https:\\\/\\\/www.fcbarcelonanoticias.com\\\/en\\\/club\\\/negreira-habria-ofrecido-fc-barcelona-ayuda-con-var_290318_102.html#primaryimage\"},\"thumbnailUrl\":\"https:\\\/\\\/www.fcbarcelonanoticias.com\\\/en\\\/wp-content\\\/uploads\\\/sites\\\/2\\\/2023\\\/03\\\/fc-barcelona-escudo.jpeg\",\"datePublished\":\"2023-03-08T09:22:00+00:00\",\"author\":{\"@id\":\"\"},\"description\":\"New information revealed by 'El Mundo' ensures that Enr\u00edquez Negreira, former vice president of the CTA, offered Bar\u00e7a help with the VAR but the club ignored the proposal\",\"breadcrumb\":{\"@id\":\"https:\\\/\\\/www.fcbarcelonanoticias.com\\\/en\\\/club\\\/negreira-habria-ofrecido-fc-barcelona-ayuda-con-var_290318_102.html#breadcrumb\"},\"inLanguage\":\"en-US\",\"potentialAction\":[{\"@type\":\"ReadAction\",\"target\":[\"https:\\\/\\\/www.fcbarcelonanoticias.com\\\/en\\\/club\\\/negreira-habria-ofrecido-fc-barcelona-ayuda-con-var_290318_102.html\"]}]},{\"@type\":\"ImageObject\",\"inLanguage\":\"en-US\",\"@id\":\"https:\\\/\\\/www.fcbarcelonanoticias.com\\\/en\\\/club\\\/negreira-habria-ofrecido-fc-barcelona-ayuda-con-var_290318_102.html#primaryimage\",\"url\":\"https:\\\/\\\/www.fcbarcelonanoticias.com\\\/en\\\/wp-content\\\/uploads\\\/sites\\\/2\\\/2023\\\/03\\\/fc-barcelona-escudo.jpeg\",\"contentUrl\":\"https:\\\/\\\/www.fcbarcelonanoticias.com\\\/en\\\/wp-content\\\/uploads\\\/sites\\\/2\\\/2023\\\/03\\\/fc-barcelona-escudo.jpeg\",\"width\":1300,\"height\":733},{\"@type\":\"BreadcrumbList\",\"@id\":\"https:\\\/\\\/www.fcbarcelonanoticias.com\\\/en\\\/club\\\/negreira-habria-ofrecido-fc-barcelona-ayuda-con-var_290318_102.html#breadcrumb\",\"itemListElement\":[{\"@type\":\"ListItem\",\"position\":1,\"name\":\"Portada\",\"item\":\"https:\\\/\\\/www.fcbarcelonanoticias.com\\\/en\\\/\"},{\"@type\":\"ListItem\",\"position\":2,\"name\":\"Negreira would have offered Bar\u00e7a help with the VAR\"}]},{\"@type\":\"WebSite\",\"@id\":\"https:\\\/\\\/www.fcbarcelonanoticias.com\\\/en\\\/#website\",\"url\":\"https:\\\/\\\/www.fcbarcelonanoticias.com\\\/en\\\/\",\"name\":\"EN - FC Barcelona Noticias\",\"description\":\"\",\"potentialAction\":[{\"@type\":\"SearchAction\",\"target\":{\"@type\":\"EntryPoint\",\"urlTemplate\":\"https:\\\/\\\/www.fcbarcelonanoticias.com\\\/en\\\/?s={search_term_string}\"},\"query-input\":{\"@type\":\"PropertyValueSpecification\",\"valueRequired\":true,\"valueName\":\"search_term_string\"}}],\"inLanguage\":\"en-US\"}]}<\/script>\n<!-- \/ Yoast SEO plugin. -->","yoast_head_json":{"title":"Negreira would have offered Bar\u00e7a help with the VAR","description":"New information revealed by 'El Mundo' ensures that Enr\u00edquez Negreira, former vice president of the CTA, offered Bar\u00e7a help with the VAR but the club ignored the proposal","robots":{"index":"index","follow":"follow","max-snippet":"max-snippet:-1","max-image-preview":"max-image-preview:large","max-video-preview":"max-video-preview:-1"},"canonical":"https:\/\/www.fcbarcelonanoticias.com\/en\/club\/negreira-habria-ofrecido-fc-barcelona-ayuda-con-var_290318_102.html","og_locale":"en_US","og_type":"article","og_title":"Negreira would have offered Bar\u00e7a help with the VAR","og_description":"New information revealed by 'El Mundo' ensures that Enr\u00edquez Negreira, former vice president of the CTA, offered Bar\u00e7a help with the VAR but the club ignored the proposal","og_url":"https:\/\/www.fcbarcelonanoticias.com\/en\/club\/negreira-habria-ofrecido-fc-barcelona-ayuda-con-var_290318_102.html","og_site_name":"EN - FC Barcelona Noticias","article_published_time":"2023-03-08T09:22:00+00:00","og_image":[{"width":1300,"height":733,"url":"https:\/\/www.fcbarcelonanoticias.com\/en\/wp-content\/uploads\/sites\/2\/2023\/03\/fc-barcelona-escudo.jpeg","type":"image\/jpeg"}],"twitter_card":"summary_large_image","twitter_misc":{"Est. reading time":"2 minutes"},"schema":{"@context":"https:\/\/schema.org","@graph":[{"@type":"Article","@id":"https:\/\/www.fcbarcelonanoticias.com\/en\/club\/negreira-habria-ofrecido-fc-barcelona-ayuda-con-var_290318_102.html#article","isPartOf":{"@id":"https:\/\/www.fcbarcelonanoticias.com\/en\/club\/negreira-habria-ofrecido-fc-barcelona-ayuda-con-var_290318_102.html"},"author":{"name":"","@id":""},"headline":"Negreira would have offered Bar\u00e7a help with the VAR","datePublished":"2023-03-08T09:22:00+00:00","mainEntityOfPage":{"@id":"https:\/\/www.fcbarcelonanoticias.com\/en\/club\/negreira-habria-ofrecido-fc-barcelona-ayuda-con-var_290318_102.html"},"wordCount":430,"image":{"@id":"https:\/\/www.fcbarcelonanoticias.com\/en\/club\/negreira-habria-ofrecido-fc-barcelona-ayuda-con-var_290318_102.html#primaryimage"},"thumbnailUrl":"https:\/\/www.fcbarcelonanoticias.com\/en\/wp-content\/uploads\/sites\/2\/2023\/03\/fc-barcelona-escudo.jpeg","keywords":["Referees","VAR"],"articleSection":["FC Barcelona"],"inLanguage":"en-US"},{"@type":"WebPage","@id":"https:\/\/www.fcbarcelonanoticias.com\/en\/club\/negreira-habria-ofrecido-fc-barcelona-ayuda-con-var_290318_102.html","url":"https:\/\/www.fcbarcelonanoticias.com\/en\/club\/negreira-habria-ofrecido-fc-barcelona-ayuda-con-var_290318_102.html","name":"Negreira would have offered Bar\u00e7a help with the VAR","isPartOf":{"@id":"https:\/\/www.fcbarcelonanoticias.com\/en\/#website"},"primaryImageOfPage":{"@id":"https:\/\/www.fcbarcelonanoticias.com\/en\/club\/negreira-habria-ofrecido-fc-barcelona-ayuda-con-var_290318_102.html#primaryimage"},"image":{"@id":"https:\/\/www.fcbarcelonanoticias.com\/en\/club\/negreira-habria-ofrecido-fc-barcelona-ayuda-con-var_290318_102.html#primaryimage"},"thumbnailUrl":"https:\/\/www.fcbarcelonanoticias.com\/en\/wp-content\/uploads\/sites\/2\/2023\/03\/fc-barcelona-escudo.jpeg","datePublished":"2023-03-08T09:22:00+00:00","author":{"@id":""},"description":"New information revealed by 'El Mundo' ensures that Enr\u00edquez Negreira, former vice president of the CTA, offered Bar\u00e7a help with the VAR but the club ignored the proposal","breadcrumb":{"@id":"https:\/\/www.fcbarcelonanoticias.com\/en\/club\/negreira-habria-ofrecido-fc-barcelona-ayuda-con-var_290318_102.html#breadcrumb"},"inLanguage":"en-US","potentialAction":[{"@type":"ReadAction","target":["https:\/\/www.fcbarcelonanoticias.com\/en\/club\/negreira-habria-ofrecido-fc-barcelona-ayuda-con-var_290318_102.html"]}]},{"@type":"ImageObject","inLanguage":"en-US","@id":"https:\/\/www.fcbarcelonanoticias.com\/en\/club\/negreira-habria-ofrecido-fc-barcelona-ayuda-con-var_290318_102.html#primaryimage","url":"https:\/\/www.fcbarcelonanoticias.com\/en\/wp-content\/uploads\/sites\/2\/2023\/03\/fc-barcelona-escudo.jpeg","contentUrl":"https:\/\/www.fcbarcelonanoticias.com\/en\/wp-content\/uploads\/sites\/2\/2023\/03\/fc-barcelona-escudo.jpeg","width":1300,"height":733},{"@type":"BreadcrumbList","@id":"https:\/\/www.fcbarcelonanoticias.com\/en\/club\/negreira-habria-ofrecido-fc-barcelona-ayuda-con-var_290318_102.html#breadcrumb","itemListElement":[{"@type":"ListItem","position":1,"name":"Portada","item":"https:\/\/www.fcbarcelonanoticias.com\/en\/"},{"@type":"ListItem","position":2,"name":"Negreira would have offered Bar\u00e7a help with the VAR"}]},{"@type":"WebSite","@id":"https:\/\/www.fcbarcelonanoticias.com\/en\/#website","url":"https:\/\/www.fcbarcelonanoticias.com\/en\/","name":"EN - FC Barcelona Noticias","description":"","potentialAction":[{"@type":"SearchAction","target":{"@type":"EntryPoint","urlTemplate":"https:\/\/www.fcbarcelonanoticias.com\/en\/?s={search_term_string}"},"query-input":{"@type":"PropertyValueSpecification","valueRequired":true,"valueName":"search_term_string"}}],"inLanguage":"en-US"}]}},"_links":{"self":[{"href":"https:\/\/www.fcbarcelonanoticias.com\/en\/wp-json\/wp\/v2\/posts\/7319","targetHints":{"allow":["GET"]}}],"collection":[{"href":"https:\/\/www.fcbarcelonanoticias.com\/en\/wp-json\/wp\/v2\/posts"}],"about":[{"href":"https:\/\/www.fcbarcelonanoticias.com\/en\/wp-json\/wp\/v2\/types\/post"}],"replies":[{"embeddable":true,"href":"https:\/\/www.fcbarcelonanoticias.com\/en\/wp-json\/wp\/v2\/comments?post=7319"}],"version-history":[{"count":9,"href":"https:\/\/www.fcbarcelonanoticias.com\/en\/wp-json\/wp\/v2\/posts\/7319\/revisions"}],"predecessor-version":[{"id":10244,"href":"https:\/\/www.fcbarcelonanoticias.com\/en\/wp-json\/wp\/v2\/posts\/7319\/revisions\/10244"}],"wp:featuredmedia":[{"embeddable":true,"href":"https:\/\/www.fcbarcelonanoticias.com\/en\/wp-json\/wp\/v2\/media\/7320"}],"wp:attachment":[{"href":"https:\/\/www.fcbarcelonanoticias.com\/en\/wp-json\/wp\/v2\/media?parent=7319"}],"wp:term":[{"taxonomy":"category","embeddable":true,"href":"https:\/\/www.fcbarcelonanoticias.com\/en\/wp-json\/wp\/v2\/categories?post=7319"},{"taxonomy":"post_tag","embeddable":true,"href":"https:\/\/www.fcbarcelonanoticias.com\/en\/wp-json\/wp\/v2\/tags?post=7319"}],"curies":[{"name":"wp","href":"https:\/\/api.w.org\/{rel}","templated":true}]}}