{"id":73270,"date":"2023-11-14T16:00:00","date_gmt":"2023-11-14T15:00:00","guid":{"rendered":"https:\/\/weisetech.dev\/fc-barcelona-noticias\/en\/inigo-martinez-made-clear-his-leadership-at-barca-by-coming-out-in-defense-of-lamine_298077_102\/"},"modified":"2023-11-14T16:08:00","modified_gmt":"2023-11-14T15:08:00","slug":"inigo-martinez-made-clear-his-leadership-at-barca-by-coming-out-in-defense-of-lamine_298077_102","status":"publish","type":"post","link":"https:\/\/www.fcbarcelonanoticias.com\/en\/players\/inigo-martinez-made-clear-his-leadership-at-barca-by-coming-out-in-defense-of-lamine_298077_102.html","title":{"rendered":"I\u00f1igo Mart\u00ednez made clear his leadership at Bar\u00e7a by coming out in defense of Lamine"},"content":{"rendered":"<h2 class=\"wp-block-heading\">I\u00f1igo Mart\u00ednez has shown that he is not only a leader on the field of play at a sporting level, but that he is also capable of showing his hierarchy by defending his teammates in controversial situations, as happened in the match against Alav\u00e9s with Lamine Yamal<\/h2>  \r\n<div class=\"article-addons\">\r\n    <a href=\"https:\/\/www.fcbarcelonanoticias.com\/en\/calendar-fc-barcelona.html\"\r\n       target=\"_self\"\r\n       title=\"Calendar of FC Barcelona\"\r\n       class=\"blue-gredient-btn\">\r\n       \r\n        Calendar of FC Barcelona    <\/a>\r\n<\/div>   <p>The name of I\u00f1igo Mart\u00ednez has gone taking flight in the City Condal. Although for anybody is a secret the hierarchy of the native of Ondarroa, forged in his steps by the Athletic Bilbao (177 parties) and by the Real Sociedad (239 parties), <strong>the start of his adventure in the Bar\u00e7a had not been the showiest<\/strong>, since it recovered of a fascitis plant and his registration was one of the last in arriving to good port.<\/p>  <p>Once sanado of his physical mishaps, the Basque has begun to win the confidence of Xavi and, after eight duels,<strong> already begins to situate like one of the pieces more and better valued by the technician of Terrassa <\/strong>for apuntalar the defensive line. In fact, <a data-external=\"0\" data-intl-links-en=\"https:\/\/www.fcbarcelonanoticias.com\/en\/laliga\/inigo-martinez-wins-him-the-game-to-christensen-to-eyes-of-xavi_298025_102.html\" data-intl-links-es=\"https:\/\/www.fcbarcelonanoticias.com\/laliga\/inigo-martinez-gana-partida-christensen-ojos-xavi_298025_102.html\" href=\"https:\/\/www.fcbarcelonanoticias.com\/en\/laliga\/inigo-martinez-wins-him-the-game-to-christensen-to-eyes-of-xavi_298025_102.html\" rel=\"follow\" target=\"_self\" title=\"I\u00f1igo Mart\u00ednez le gana la partida a Christensen a ojos de Xavi\">seem to have him won the square of third head office to Andreas Christensen<\/a> to the that the physical problems have not left him show in his splendour.<\/p>  <h2>The big gesture of I\u00f1igo Mart\u00ednez in defence of Lamine Yamal<\/h2>  <p>In the duel in front of the Alav\u00e9s, the last performance of I\u00f1igo Mart\u00ednez with the Bar\u00e7a previous to the international stop, where, on the other hand, <strong>has returned to an announcement with the Spanish selection, to which did not assist from March of this year<\/strong>, the Basque gave a postcard that gave sample of his leadership like one of the most veteran players and experienced of the Barcelona payroll.<\/p>  <p>It passed the minute 50&#8242;, the Catalan cast had the marker against (0-1) when after a questionable referee&#8217;s decision in which Lamine Yamal and Pedri were to demand him to the referee, several players of the Alav\u00e9s were to increpar to the jovencito of 16 years by his complaint. <strong>Antonio White<\/strong>, one of the footballers that formed part of the careo to the espluguense, arriving even to the physical contact and to an airy palabrer\u00edo, <strong>went the &#8216;victim&#8217; of the timely defence of the Basque defender<\/strong>.<\/p>  <blockquote class=\"twitter-tweet\"> <p dir=\"ltr\" lang=\"es\">I\u00f1igo Mart\u00ednez defending to Lamine.\ud83d\udc68\u200d\ud83d\udc66\u2764\ufe0f <a href=\"https:\/\/t.co\/en\/zEmIGf2qH7\">pic.twitter.com\/zemigf2qh7<\/a><\/p> \u2014 Espa\u00f1aActu \ud83c\uddea\ud83c\uddf8 (@EspanaActu) <a href=\"https:\/\/twitter.com\/en\/EspanaActu\/status\/1724185697425256619?ref_src=twsrc%5Etfw\">November 13, 2023<\/a> <\/blockquote> <p>I\u00f1igo planted in front of the midfield player and <strong>with some vehemence has questioned him the fact that how dared to treat like this to a &#8216;youngster&#8217;<\/strong>. A gesture that has cost him to the Basque to win a bit more the affection of all the Barcelona fans and, of course, <a data-external=\"0\" data-intl-links-en=\"https:\/\/www.fcbarcelonanoticias.com\/en\/laliga\/inigo-martinez-leaves-clear-that-the-changing-room-of-the-barca-has-to-happen-of-the-criticisms_298019_102.html\" data-intl-links-es=\"https:\/\/www.fcbarcelonanoticias.com\/laliga\/inigo-martinez-deja-claro-vestuario-barca-debe-pasar-criticas_298019_102.html\" href=\"https:\/\/www.fcbarcelonanoticias.com\/en\/laliga\/inigo-martinez-leaves-clear-that-the-changing-room-of-the-barca-has-to-happen-of-the-criticisms_298019_102.html\" rel=\"follow\" target=\"_self\" title=\"I\u00f1igo Mart\u00ednez deja claro que el vestuario del Bar\u00e7a debe 'pasar' de las cr\u00edticas\">win more weight in a changing room<\/a> in which already palpa his leadership and commitment with the project of the FC Barcelona.<\/p> ","protected":false},"excerpt":{"rendered":"<p>I\u00f1igo Mart\u00ednez has shown that he is not only a leader on the field of play at a sporting level, but that he is also capable of showing his hierarchy by defending his teammates in controversial situations, as happened in the match against Alav\u00e9s with Lamine Yamal The name of I\u00f1igo Mart\u00ednez has gone taking [&hellip;]<\/p>\n","protected":false},"author":355,"featured_media":55357,"comment_status":"closed","ping_status":"open","sticky":false,"template":"","format":"standard","meta":{"_acf_changed":false,"inline_featured_image":false,"_nextfly_llmd_date_locked":false,"footnotes":""},"categories":[453,107],"tags":[344],"class_list":["post-73270","post","type-post","status-publish","format-standard","has-post-thumbnail","hentry","category-players-2","category-players","tag-alaves"],"acf":[],"yoast_head":"<!-- This site is optimized with the Yoast SEO plugin v27.3 - https:\/\/yoast.com\/product\/yoast-seo-wordpress\/ -->\n<title>I\u00f1igo Mart\u00ednez made clear his leadership at Bar\u00e7a by coming out in defense of Lamine<\/title>\n<meta name=\"description\" content=\"I\u00f1igo Mart\u00ednez has shown that he is not only a leader on the field of play at a sporting level, but that he is also capable of showing his hierarchy by defending his teammates in controversial situations, as happened in the match against Alav\u00e9s with Lamine Yamal\" \/>\n<meta name=\"robots\" content=\"index, follow, max-snippet:-1, max-image-preview:large, max-video-preview:-1\" \/>\n<link rel=\"canonical\" href=\"https:\/\/www.fcbarcelonanoticias.com\/en\/players\/inigo-martinez-made-clear-his-leadership-at-barca-by-coming-out-in-defense-of-lamine_298077_102.html\" \/>\n<meta property=\"og:locale\" content=\"en_US\" \/>\n<meta property=\"og:type\" content=\"article\" \/>\n<meta property=\"og:title\" content=\"I\u00f1igo Mart\u00ednez made clear his leadership at Bar\u00e7a by coming out in defense of Lamine\" \/>\n<meta property=\"og:description\" content=\"I\u00f1igo Mart\u00ednez has shown that he is not only a leader on the field of play at a sporting level, but that he is also capable of showing his hierarchy by defending his teammates in controversial situations, as happened in the match against Alav\u00e9s with Lamine Yamal\" \/>\n<meta property=\"og:url\" content=\"https:\/\/www.fcbarcelonanoticias.com\/en\/players\/inigo-martinez-made-clear-his-leadership-at-barca-by-coming-out-in-defense-of-lamine_298077_102.html\" \/>\n<meta property=\"og:site_name\" content=\"EN - FC Barcelona Noticias\" \/>\n<meta property=\"article:published_time\" content=\"2023-11-14T15:00:00+00:00\" \/>\n<meta property=\"article:modified_time\" content=\"2023-11-14T15:08:00+00:00\" \/>\n<meta property=\"og:image\" content=\"https:\/\/www.fcbarcelonanoticias.com\/en\/wp-content\/uploads\/sites\/2\/2023\/09\/inigo-martinez-con-el-fc-barcelona.png\" \/>\n\t<meta property=\"og:image:width\" content=\"1300\" \/>\n\t<meta property=\"og:image:height\" content=\"732\" \/>\n\t<meta property=\"og:image:type\" content=\"image\/png\" \/>\n<meta name=\"author\" content=\"Kevin G\u00f3mez\" \/>\n<meta name=\"twitter:card\" content=\"summary_large_image\" \/>\n<meta name=\"twitter:label1\" content=\"Written by\" \/>\n\t<meta name=\"twitter:data1\" content=\"Kevin G\u00f3mez\" \/>\n\t<meta name=\"twitter:label2\" content=\"Est. reading time\" \/>\n\t<meta name=\"twitter:data2\" content=\"2 minutes\" \/>\n<script type=\"application\/ld+json\" class=\"yoast-schema-graph\">{\"@context\":\"https:\\\/\\\/schema.org\",\"@graph\":[{\"@type\":\"Article\",\"@id\":\"https:\\\/\\\/www.fcbarcelonanoticias.com\\\/en\\\/players\\\/inigo-martinez-made-clear-his-leadership-at-barca-by-coming-out-in-defense-of-lamine_298077_102.html#article\",\"isPartOf\":{\"@id\":\"https:\\\/\\\/www.fcbarcelonanoticias.com\\\/en\\\/players\\\/inigo-martinez-made-clear-his-leadership-at-barca-by-coming-out-in-defense-of-lamine_298077_102.html\"},\"author\":{\"name\":\"Kevin G\u00f3mez\",\"@id\":\"https:\\\/\\\/www.fcbarcelonanoticias.com\\\/en\\\/#\\\/schema\\\/person\\\/991443f134df9a64c6874f96ff984c9d\"},\"headline\":\"I\u00f1igo Mart\u00ednez made clear his leadership at Bar\u00e7a by coming out in defense of Lamine\",\"datePublished\":\"2023-11-14T15:00:00+00:00\",\"dateModified\":\"2023-11-14T15:08:00+00:00\",\"mainEntityOfPage\":{\"@id\":\"https:\\\/\\\/www.fcbarcelonanoticias.com\\\/en\\\/players\\\/inigo-martinez-made-clear-his-leadership-at-barca-by-coming-out-in-defense-of-lamine_298077_102.html\"},\"wordCount\":482,\"image\":{\"@id\":\"https:\\\/\\\/www.fcbarcelonanoticias.com\\\/en\\\/players\\\/inigo-martinez-made-clear-his-leadership-at-barca-by-coming-out-in-defense-of-lamine_298077_102.html#primaryimage\"},\"thumbnailUrl\":\"https:\\\/\\\/www.fcbarcelonanoticias.com\\\/en\\\/wp-content\\\/uploads\\\/sites\\\/2\\\/2023\\\/09\\\/inigo-martinez-con-el-fc-barcelona.png\",\"keywords\":[\"Alav\u00e9s\"],\"articleSection\":[\"Players\",\"Players\"],\"inLanguage\":\"en-US\"},{\"@type\":\"WebPage\",\"@id\":\"https:\\\/\\\/www.fcbarcelonanoticias.com\\\/en\\\/players\\\/inigo-martinez-made-clear-his-leadership-at-barca-by-coming-out-in-defense-of-lamine_298077_102.html\",\"url\":\"https:\\\/\\\/www.fcbarcelonanoticias.com\\\/en\\\/players\\\/inigo-martinez-made-clear-his-leadership-at-barca-by-coming-out-in-defense-of-lamine_298077_102.html\",\"name\":\"I\u00f1igo Mart\u00ednez made clear his leadership at Bar\u00e7a by coming out in defense of Lamine\",\"isPartOf\":{\"@id\":\"https:\\\/\\\/www.fcbarcelonanoticias.com\\\/en\\\/#website\"},\"primaryImageOfPage\":{\"@id\":\"https:\\\/\\\/www.fcbarcelonanoticias.com\\\/en\\\/players\\\/inigo-martinez-made-clear-his-leadership-at-barca-by-coming-out-in-defense-of-lamine_298077_102.html#primaryimage\"},\"image\":{\"@id\":\"https:\\\/\\\/www.fcbarcelonanoticias.com\\\/en\\\/players\\\/inigo-martinez-made-clear-his-leadership-at-barca-by-coming-out-in-defense-of-lamine_298077_102.html#primaryimage\"},\"thumbnailUrl\":\"https:\\\/\\\/www.fcbarcelonanoticias.com\\\/en\\\/wp-content\\\/uploads\\\/sites\\\/2\\\/2023\\\/09\\\/inigo-martinez-con-el-fc-barcelona.png\",\"datePublished\":\"2023-11-14T15:00:00+00:00\",\"dateModified\":\"2023-11-14T15:08:00+00:00\",\"author\":{\"@id\":\"https:\\\/\\\/www.fcbarcelonanoticias.com\\\/en\\\/#\\\/schema\\\/person\\\/991443f134df9a64c6874f96ff984c9d\"},\"description\":\"I\u00f1igo Mart\u00ednez has shown that he is not only a leader on the field of play at a sporting level, but that he is also capable of showing his hierarchy by defending his teammates in controversial situations, as happened in the match against Alav\u00e9s with Lamine Yamal\",\"breadcrumb\":{\"@id\":\"https:\\\/\\\/www.fcbarcelonanoticias.com\\\/en\\\/players\\\/inigo-martinez-made-clear-his-leadership-at-barca-by-coming-out-in-defense-of-lamine_298077_102.html#breadcrumb\"},\"inLanguage\":\"en-US\",\"potentialAction\":[{\"@type\":\"ReadAction\",\"target\":[\"https:\\\/\\\/www.fcbarcelonanoticias.com\\\/en\\\/players\\\/inigo-martinez-made-clear-his-leadership-at-barca-by-coming-out-in-defense-of-lamine_298077_102.html\"]}]},{\"@type\":\"ImageObject\",\"inLanguage\":\"en-US\",\"@id\":\"https:\\\/\\\/www.fcbarcelonanoticias.com\\\/en\\\/players\\\/inigo-martinez-made-clear-his-leadership-at-barca-by-coming-out-in-defense-of-lamine_298077_102.html#primaryimage\",\"url\":\"https:\\\/\\\/www.fcbarcelonanoticias.com\\\/en\\\/wp-content\\\/uploads\\\/sites\\\/2\\\/2023\\\/09\\\/inigo-martinez-con-el-fc-barcelona.png\",\"contentUrl\":\"https:\\\/\\\/www.fcbarcelonanoticias.com\\\/en\\\/wp-content\\\/uploads\\\/sites\\\/2\\\/2023\\\/09\\\/inigo-martinez-con-el-fc-barcelona.png\",\"width\":1300,\"height\":732},{\"@type\":\"BreadcrumbList\",\"@id\":\"https:\\\/\\\/www.fcbarcelonanoticias.com\\\/en\\\/players\\\/inigo-martinez-made-clear-his-leadership-at-barca-by-coming-out-in-defense-of-lamine_298077_102.html#breadcrumb\",\"itemListElement\":[{\"@type\":\"ListItem\",\"position\":1,\"name\":\"Portada\",\"item\":\"https:\\\/\\\/www.fcbarcelonanoticias.com\\\/en\\\/\"},{\"@type\":\"ListItem\",\"position\":2,\"name\":\"I\u00f1igo Mart\u00ednez made clear his leadership at Bar\u00e7a by coming out in defense of Lamine\"}]},{\"@type\":\"WebSite\",\"@id\":\"https:\\\/\\\/www.fcbarcelonanoticias.com\\\/en\\\/#website\",\"url\":\"https:\\\/\\\/www.fcbarcelonanoticias.com\\\/en\\\/\",\"name\":\"EN - FC Barcelona Noticias\",\"description\":\"\",\"potentialAction\":[{\"@type\":\"SearchAction\",\"target\":{\"@type\":\"EntryPoint\",\"urlTemplate\":\"https:\\\/\\\/www.fcbarcelonanoticias.com\\\/en\\\/?s={search_term_string}\"},\"query-input\":{\"@type\":\"PropertyValueSpecification\",\"valueRequired\":true,\"valueName\":\"search_term_string\"}}],\"inLanguage\":\"en-US\"},{\"@type\":\"Person\",\"@id\":\"https:\\\/\\\/www.fcbarcelonanoticias.com\\\/en\\\/#\\\/schema\\\/person\\\/991443f134df9a64c6874f96ff984c9d\",\"name\":\"Kevin G\u00f3mez\",\"image\":{\"@type\":\"ImageObject\",\"inLanguage\":\"en-US\",\"@id\":\"https:\\\/\\\/secure.gravatar.com\\\/avatar\\\/?s=96&d=mm&r=g\",\"url\":\"https:\\\/\\\/secure.gravatar.com\\\/avatar\\\/?s=96&d=mm&r=g\",\"contentUrl\":\"https:\\\/\\\/secure.gravatar.com\\\/avatar\\\/?s=96&d=mm&r=g\",\"caption\":\"Kevin G\u00f3mez\"},\"description\":\"Licenciado\u00a0en Periodismo y Comunicaci\u00f3n Audiovisual. Redactor en FCBN responsable de cubrir toda\u00a0la informaci\u00f3n del FC Barcelona y las principales competiciones de\u00a0f\u00fatbol.\",\"url\":\"https:\\\/\\\/www.fcbarcelonanoticias.com\\\/en\\\/jugadores\\\/kevin-gomez_23_115.html\"}]}<\/script>\n<!-- \/ Yoast SEO plugin. -->","yoast_head_json":{"title":"I\u00f1igo Mart\u00ednez made clear his leadership at Bar\u00e7a by coming out in defense of Lamine","description":"I\u00f1igo Mart\u00ednez has shown that he is not only a leader on the field of play at a sporting level, but that he is also capable of showing his hierarchy by defending his teammates in controversial situations, as happened in the match against Alav\u00e9s with Lamine Yamal","robots":{"index":"index","follow":"follow","max-snippet":"max-snippet:-1","max-image-preview":"max-image-preview:large","max-video-preview":"max-video-preview:-1"},"canonical":"https:\/\/www.fcbarcelonanoticias.com\/en\/players\/inigo-martinez-made-clear-his-leadership-at-barca-by-coming-out-in-defense-of-lamine_298077_102.html","og_locale":"en_US","og_type":"article","og_title":"I\u00f1igo Mart\u00ednez made clear his leadership at Bar\u00e7a by coming out in defense of Lamine","og_description":"I\u00f1igo Mart\u00ednez has shown that he is not only a leader on the field of play at a sporting level, but that he is also capable of showing his hierarchy by defending his teammates in controversial situations, as happened in the match against Alav\u00e9s with Lamine Yamal","og_url":"https:\/\/www.fcbarcelonanoticias.com\/en\/players\/inigo-martinez-made-clear-his-leadership-at-barca-by-coming-out-in-defense-of-lamine_298077_102.html","og_site_name":"EN - FC Barcelona Noticias","article_published_time":"2023-11-14T15:00:00+00:00","article_modified_time":"2023-11-14T15:08:00+00:00","og_image":[{"width":1300,"height":732,"url":"https:\/\/www.fcbarcelonanoticias.com\/en\/wp-content\/uploads\/sites\/2\/2023\/09\/inigo-martinez-con-el-fc-barcelona.png","type":"image\/png"}],"author":"Kevin G\u00f3mez","twitter_card":"summary_large_image","twitter_misc":{"Written by":"Kevin G\u00f3mez","Est. reading time":"2 minutes"},"schema":{"@context":"https:\/\/schema.org","@graph":[{"@type":"Article","@id":"https:\/\/www.fcbarcelonanoticias.com\/en\/players\/inigo-martinez-made-clear-his-leadership-at-barca-by-coming-out-in-defense-of-lamine_298077_102.html#article","isPartOf":{"@id":"https:\/\/www.fcbarcelonanoticias.com\/en\/players\/inigo-martinez-made-clear-his-leadership-at-barca-by-coming-out-in-defense-of-lamine_298077_102.html"},"author":{"name":"Kevin G\u00f3mez","@id":"https:\/\/www.fcbarcelonanoticias.com\/en\/#\/schema\/person\/991443f134df9a64c6874f96ff984c9d"},"headline":"I\u00f1igo Mart\u00ednez made clear his leadership at Bar\u00e7a by coming out in defense of Lamine","datePublished":"2023-11-14T15:00:00+00:00","dateModified":"2023-11-14T15:08:00+00:00","mainEntityOfPage":{"@id":"https:\/\/www.fcbarcelonanoticias.com\/en\/players\/inigo-martinez-made-clear-his-leadership-at-barca-by-coming-out-in-defense-of-lamine_298077_102.html"},"wordCount":482,"image":{"@id":"https:\/\/www.fcbarcelonanoticias.com\/en\/players\/inigo-martinez-made-clear-his-leadership-at-barca-by-coming-out-in-defense-of-lamine_298077_102.html#primaryimage"},"thumbnailUrl":"https:\/\/www.fcbarcelonanoticias.com\/en\/wp-content\/uploads\/sites\/2\/2023\/09\/inigo-martinez-con-el-fc-barcelona.png","keywords":["Alav\u00e9s"],"articleSection":["Players","Players"],"inLanguage":"en-US"},{"@type":"WebPage","@id":"https:\/\/www.fcbarcelonanoticias.com\/en\/players\/inigo-martinez-made-clear-his-leadership-at-barca-by-coming-out-in-defense-of-lamine_298077_102.html","url":"https:\/\/www.fcbarcelonanoticias.com\/en\/players\/inigo-martinez-made-clear-his-leadership-at-barca-by-coming-out-in-defense-of-lamine_298077_102.html","name":"I\u00f1igo Mart\u00ednez made clear his leadership at Bar\u00e7a by coming out in defense of Lamine","isPartOf":{"@id":"https:\/\/www.fcbarcelonanoticias.com\/en\/#website"},"primaryImageOfPage":{"@id":"https:\/\/www.fcbarcelonanoticias.com\/en\/players\/inigo-martinez-made-clear-his-leadership-at-barca-by-coming-out-in-defense-of-lamine_298077_102.html#primaryimage"},"image":{"@id":"https:\/\/www.fcbarcelonanoticias.com\/en\/players\/inigo-martinez-made-clear-his-leadership-at-barca-by-coming-out-in-defense-of-lamine_298077_102.html#primaryimage"},"thumbnailUrl":"https:\/\/www.fcbarcelonanoticias.com\/en\/wp-content\/uploads\/sites\/2\/2023\/09\/inigo-martinez-con-el-fc-barcelona.png","datePublished":"2023-11-14T15:00:00+00:00","dateModified":"2023-11-14T15:08:00+00:00","author":{"@id":"https:\/\/www.fcbarcelonanoticias.com\/en\/#\/schema\/person\/991443f134df9a64c6874f96ff984c9d"},"description":"I\u00f1igo Mart\u00ednez has shown that he is not only a leader on the field of play at a sporting level, but that he is also capable of showing his hierarchy by defending his teammates in controversial situations, as happened in the match against Alav\u00e9s with Lamine Yamal","breadcrumb":{"@id":"https:\/\/www.fcbarcelonanoticias.com\/en\/players\/inigo-martinez-made-clear-his-leadership-at-barca-by-coming-out-in-defense-of-lamine_298077_102.html#breadcrumb"},"inLanguage":"en-US","potentialAction":[{"@type":"ReadAction","target":["https:\/\/www.fcbarcelonanoticias.com\/en\/players\/inigo-martinez-made-clear-his-leadership-at-barca-by-coming-out-in-defense-of-lamine_298077_102.html"]}]},{"@type":"ImageObject","inLanguage":"en-US","@id":"https:\/\/www.fcbarcelonanoticias.com\/en\/players\/inigo-martinez-made-clear-his-leadership-at-barca-by-coming-out-in-defense-of-lamine_298077_102.html#primaryimage","url":"https:\/\/www.fcbarcelonanoticias.com\/en\/wp-content\/uploads\/sites\/2\/2023\/09\/inigo-martinez-con-el-fc-barcelona.png","contentUrl":"https:\/\/www.fcbarcelonanoticias.com\/en\/wp-content\/uploads\/sites\/2\/2023\/09\/inigo-martinez-con-el-fc-barcelona.png","width":1300,"height":732},{"@type":"BreadcrumbList","@id":"https:\/\/www.fcbarcelonanoticias.com\/en\/players\/inigo-martinez-made-clear-his-leadership-at-barca-by-coming-out-in-defense-of-lamine_298077_102.html#breadcrumb","itemListElement":[{"@type":"ListItem","position":1,"name":"Portada","item":"https:\/\/www.fcbarcelonanoticias.com\/en\/"},{"@type":"ListItem","position":2,"name":"I\u00f1igo Mart\u00ednez made clear his leadership at Bar\u00e7a by coming out in defense of Lamine"}]},{"@type":"WebSite","@id":"https:\/\/www.fcbarcelonanoticias.com\/en\/#website","url":"https:\/\/www.fcbarcelonanoticias.com\/en\/","name":"EN - FC Barcelona Noticias","description":"","potentialAction":[{"@type":"SearchAction","target":{"@type":"EntryPoint","urlTemplate":"https:\/\/www.fcbarcelonanoticias.com\/en\/?s={search_term_string}"},"query-input":{"@type":"PropertyValueSpecification","valueRequired":true,"valueName":"search_term_string"}}],"inLanguage":"en-US"},{"@type":"Person","@id":"https:\/\/www.fcbarcelonanoticias.com\/en\/#\/schema\/person\/991443f134df9a64c6874f96ff984c9d","name":"Kevin G\u00f3mez","image":{"@type":"ImageObject","inLanguage":"en-US","@id":"https:\/\/secure.gravatar.com\/avatar\/?s=96&d=mm&r=g","url":"https:\/\/secure.gravatar.com\/avatar\/?s=96&d=mm&r=g","contentUrl":"https:\/\/secure.gravatar.com\/avatar\/?s=96&d=mm&r=g","caption":"Kevin G\u00f3mez"},"description":"Licenciado\u00a0en Periodismo y Comunicaci\u00f3n Audiovisual. Redactor en FCBN responsable de cubrir toda\u00a0la informaci\u00f3n del FC Barcelona y las principales competiciones de\u00a0f\u00fatbol.","url":"https:\/\/www.fcbarcelonanoticias.com\/en\/jugadores\/kevin-gomez_23_115.html"}]}},"_links":{"self":[{"href":"https:\/\/www.fcbarcelonanoticias.com\/en\/wp-json\/wp\/v2\/posts\/73270","targetHints":{"allow":["GET"]}}],"collection":[{"href":"https:\/\/www.fcbarcelonanoticias.com\/en\/wp-json\/wp\/v2\/posts"}],"about":[{"href":"https:\/\/www.fcbarcelonanoticias.com\/en\/wp-json\/wp\/v2\/types\/post"}],"author":[{"embeddable":true,"href":"https:\/\/www.fcbarcelonanoticias.com\/en\/wp-json\/wp\/v2\/users\/355"}],"replies":[{"embeddable":true,"href":"https:\/\/www.fcbarcelonanoticias.com\/en\/wp-json\/wp\/v2\/comments?post=73270"}],"version-history":[{"count":2,"href":"https:\/\/www.fcbarcelonanoticias.com\/en\/wp-json\/wp\/v2\/posts\/73270\/revisions"}],"predecessor-version":[{"id":73273,"href":"https:\/\/www.fcbarcelonanoticias.com\/en\/wp-json\/wp\/v2\/posts\/73270\/revisions\/73273"}],"wp:featuredmedia":[{"embeddable":true,"href":"https:\/\/www.fcbarcelonanoticias.com\/en\/wp-json\/wp\/v2\/media\/55357"}],"wp:attachment":[{"href":"https:\/\/www.fcbarcelonanoticias.com\/en\/wp-json\/wp\/v2\/media?parent=73270"}],"wp:term":[{"taxonomy":"category","embeddable":true,"href":"https:\/\/www.fcbarcelonanoticias.com\/en\/wp-json\/wp\/v2\/categories?post=73270"},{"taxonomy":"post_tag","embeddable":true,"href":"https:\/\/www.fcbarcelonanoticias.com\/en\/wp-json\/wp\/v2\/tags?post=73270"}],"curies":[{"name":"wp","href":"https:\/\/api.w.org\/{rel}","templated":true}]}}