{"id":73312,"date":"2024-01-12T00:25:00","date_gmt":"2024-01-11T23:25:00","guid":{"rendered":"https:\/\/weisetech.dev\/fc-barcelona-noticias\/en\/inaki-pena-changed-the-game-with-save-that-saved-barca_299820_102\/"},"modified":"2024-01-12T08:23:00","modified_gmt":"2024-01-12T07:23:00","slug":"inaki-pena-changed-the-game-with-save-that-saved-barca_299820_102","status":"publish","type":"post","link":"https:\/\/www.fcbarcelonanoticias.com\/en\/players\/inaki-pena-changed-the-game-with-save-that-saved-barca_299820_102.html","title":{"rendered":"I\u00f1aki Pe\u00f1a &#8216;changed&#8217; the game with a save that saved Bar\u00e7a"},"content":{"rendered":"<h2 class=\"wp-block-heading\">The level of I\u00f1aki Pe\u00f1a is clearly not identical to that of Marc-Andr\u00e9 ter Stegen, but this Thursday he had very good reactions and also had the weight of changing the direction in which the match could fall<\/h2>  \r\n<div class=\"article-addons\">\r\n    <a href=\"https:\/\/www.fcbarcelonanoticias.com\/en\/calendar-fc-barcelona.html\"\r\n       target=\"_self\"\r\n       title=\"Calendar of FC Barcelona\"\r\n       class=\"blue-gredient-btn\">\r\n       \r\n        Calendar of FC Barcelona    <\/a>\r\n<\/div>   <p><strong>The FC Barcelona surpassed the semifinals of the Supercopa of Spain by second consecutive season.<\/strong> <a data-external=\"0\" data-intl-links-en=\"https:\/\/www.fcbarcelonanoticias.com\/en\/supercopa-of-spain\/there-will-be-clasico-solida-victoria-barca-get-in-final-supercopa-2-0_299809_102.html\" data-intl-links-es=\"https:\/\/www.fcbarcelonanoticias.com\/supercopa-de-espana\/habra-clasico-solida-victoria-barca-meterse-en-final-supercopa-2-0_299809_102.html\" href=\"https:\/\/www.fcbarcelonanoticias.com\/en\/supercopa-of-spain\/there-will-be-clasico-solida-victoria-barca-get-in-final-supercopa-2-0_299809_102.html\" rel=\"follow\" target=\"_self\" title=\"\u00a1Habr\u00e1 Cl\u00e1sico! S\u00f3lida victoria del Bar\u00e7a para meterse en la final de la Supercopa (2-0)\">The cul\u00e9s achieved the triumph this Thursday against Osasuna (2-0)<\/a> in a party in which they attained besides cut a series of more than four months in which the ones of Xavi Hern\u00e1ndez <a data-external=\"0\" data-intl-links-en=\"https:\/\/www.fcbarcelonanoticias.com\/en\/supercopa-of-spain\/the-barca-left-backwards-the-series-damned-and-at-last-went-back-to-win-of-more-than-goal_299815_102.html\" data-intl-links-es=\"https:\/\/www.fcbarcelonanoticias.com\/supercopa-de-espana\/barca-dejo-atras-racha-maldita-por-fin-volvio-ganar-mas-gol_299815_102.html\" href=\"https:\/\/www.fcbarcelonanoticias.com\/en\/supercopa-of-spain\/the-barca-left-backwards-the-series-damned-and-at-last-went-back-to-win-of-more-than-goal_299815_102.html\" rel=\"follow\" target=\"_self\" title=\"El Bar\u00e7a dej\u00f3 atr\u00e1s la racha 'maldita' y por fin volvi\u00f3 a ganar de m\u00e1s de un gol\">had not been able to win by two or more goals of difference<\/a>.<\/p>  <p>Besides, the Bar\u00e7a achieved to leave the goal to zero, something that did not give from 3 December 2023, when it won by the minimum to the Athletic of Madrid (1-0) in LaLiga. Both situations, although especially this last has arrived thanks to one of the proper names of the meeting: I\u00f1aki Crag. <strong>The goalkeeper, that premi\u00e8red in a competition where had been always in the bench, attained to keep his goal to zero and besides could change the destination of the meeting with a big unemployed.<\/strong><\/p>  <h2>An action that changed the course of the party for the Bar\u00e7a<\/h2>  <p>The guardameta title of the Bar\u00e7a, until it return Ter Stegen in some three weeks, went of more to less regarding load of work, but like a goalkeeper of team &#8216;big&#8217;, appeared when it was required and was attentive in each attempt of contragolpe of the Osasuna. <strong>In fact, it solved a big played of the Croatian Budimir in which Ronald Ara\u00fajo was surpassed and with a big bale out attained to detain the balloon and keep the 0-0 partial when it was near the rest.<\/strong><\/p>  <blockquote class=\"twitter-tweet\"> <p dir=\"ltr\" lang=\"es\">\ud83e\udd2f The occasion of Budimir. The stop of I\u00f1aki Crag.<br><br> \ud83c\udd9a <a href=\"https:\/\/twitter.com\/en\/FCBarcelona?ref_src=twsrc%5Etfw\">@FCBarcelona<\/a> &#8211; <a href=\"https:\/\/twitter.com\/en\/Osasuna?ref_src=twsrc%5Etfw\">@Osasuna<\/a> | 0-0 | 40&#8242;<br><br> \ud83d\udcfa <a href=\"https:\/\/twitter.com\/en\/MovistarFutbol?ref_src=twsrc%5Etfw\">@MovistarFutbol<\/a><a href=\"https:\/\/twitter.com\/en\/hashtag\/superSupercopa?src=hash&amp;ref_src=twsrc%5Etfw\">#superSupercopa<\/a> <a href=\"https:\/\/t.co\/en\/PIDdPEQl86\">pic.twitter.com\/piddpeql86<\/a><\/p> \u2014 RFEF (@rfef) <a href=\"https:\/\/twitter.com\/en\/rfef\/status\/1745531735234781635?ref_src=twsrc%5Etfw\">January 11, 2024<\/a> <\/blockquote> <h2>Moment of leadership for the canterano cul\u00e9<\/h2>  <p>Like this, I\u00f1aki Crag could show that it is a player in which Xavi can trust his XI, <strong>especially when treating of a competition in which has the guarantee to play from beginning to end in front of the format of &#8216;final four&#8217;.<\/strong> In fact, the Sunday will look for to do with a title that already has in his list of winners, since the Barcelona are the valid champions, but this time being one of the protagonists in the terrain of game.<\/p> ","protected":false},"excerpt":{"rendered":"<p>The level of I\u00f1aki Pe\u00f1a is clearly not identical to that of Marc-Andr\u00e9 ter Stegen, but this Thursday he had very good reactions and also had the weight of changing the direction in which the match could fall The FC Barcelona surpassed the semifinals of the Supercopa of Spain by second consecutive season. The cul\u00e9s [&hellip;]<\/p>\n","protected":false},"author":345,"featured_media":73313,"comment_status":"closed","ping_status":"open","sticky":false,"template":"","format":"standard","meta":{"_acf_changed":false,"inline_featured_image":false,"_nextfly_llmd_date_locked":false,"footnotes":""},"categories":[445,128],"tags":[136,48],"class_list":["post-73312","post","type-post","status-publish","format-standard","has-post-thumbnail","hentry","category-spanish-super-cup-2","category-spanish-super-cup","tag-injured","tag-xavi-hernandez"],"acf":[],"yoast_head":"<!-- This site is optimized with the Yoast SEO plugin v27.3 - https:\/\/yoast.com\/product\/yoast-seo-wordpress\/ -->\n<title>I\u00f1aki Pe\u00f1a &#039;changed&#039; the game with a save that saved Bar\u00e7a<\/title>\n<meta name=\"description\" content=\"The level of I\u00f1aki Pe\u00f1a is clearly not identical to that of Marc-Andr\u00e9 ter Stegen, but this Thursday he had very good reactions and also had the weight of changing the direction in which the match could fall\" \/>\n<meta name=\"robots\" content=\"noindex, follow\" \/>\n<meta property=\"og:locale\" content=\"en_US\" \/>\n<meta property=\"og:type\" content=\"article\" \/>\n<meta property=\"og:title\" content=\"I\u00f1aki Pe\u00f1a &#039;changed&#039; the game with a save that saved Bar\u00e7a\" \/>\n<meta property=\"og:description\" content=\"The level of I\u00f1aki Pe\u00f1a is clearly not identical to that of Marc-Andr\u00e9 ter Stegen, but this Thursday he had very good reactions and also had the weight of changing the direction in which the match could fall\" \/>\n<meta property=\"og:url\" content=\"https:\/\/www.fcbarcelonanoticias.com\/en\/players\/inaki-pena-changed-the-game-with-save-that-saved-barca_299820_102.html\" \/>\n<meta property=\"og:site_name\" content=\"EN - FC Barcelona Noticias\" \/>\n<meta property=\"article:published_time\" content=\"2024-01-11T23:25:00+00:00\" \/>\n<meta property=\"article:modified_time\" content=\"2024-01-12T07:23:00+00:00\" \/>\n<meta property=\"og:image\" content=\"https:\/\/www.fcbarcelonanoticias.com\/en\/wp-content\/uploads\/sites\/2\/2024\/01\/inaki-pena-supercopa.jpeg\" \/>\n\t<meta property=\"og:image:width\" content=\"1300\" \/>\n\t<meta property=\"og:image:height\" content=\"735\" \/>\n\t<meta property=\"og:image:type\" content=\"image\/jpeg\" \/>\n<meta name=\"author\" content=\"Carlos Montenegro\" \/>\n<meta name=\"twitter:card\" content=\"summary_large_image\" \/>\n<meta name=\"twitter:label1\" content=\"Written by\" \/>\n\t<meta name=\"twitter:data1\" content=\"Carlos Montenegro\" \/>\n\t<meta name=\"twitter:label2\" content=\"Est. reading time\" \/>\n\t<meta name=\"twitter:data2\" content=\"2 minutes\" \/>\n<script type=\"application\/ld+json\" class=\"yoast-schema-graph\">{\"@context\":\"https:\\\/\\\/schema.org\",\"@graph\":[{\"@type\":\"Article\",\"@id\":\"https:\\\/\\\/www.fcbarcelonanoticias.com\\\/en\\\/players\\\/inaki-pena-changed-the-game-with-save-that-saved-barca_299820_102.html#article\",\"isPartOf\":{\"@id\":\"https:\\\/\\\/www.fcbarcelonanoticias.com\\\/en\\\/players\\\/inaki-pena-changed-the-game-with-save-that-saved-barca_299820_102.html\"},\"author\":{\"name\":\"Carlos Montenegro\",\"@id\":\"https:\\\/\\\/www.fcbarcelonanoticias.com\\\/en\\\/#\\\/schema\\\/person\\\/aa1d038709c262cb247e240f6b39bbf5\"},\"headline\":\"I\u00f1aki Pe\u00f1a &#8216;changed&#8217; the game with a save that saved Bar\u00e7a\",\"datePublished\":\"2024-01-11T23:25:00+00:00\",\"dateModified\":\"2024-01-12T07:23:00+00:00\",\"mainEntityOfPage\":{\"@id\":\"https:\\\/\\\/www.fcbarcelonanoticias.com\\\/en\\\/players\\\/inaki-pena-changed-the-game-with-save-that-saved-barca_299820_102.html\"},\"wordCount\":420,\"image\":{\"@id\":\"https:\\\/\\\/www.fcbarcelonanoticias.com\\\/en\\\/players\\\/inaki-pena-changed-the-game-with-save-that-saved-barca_299820_102.html#primaryimage\"},\"thumbnailUrl\":\"https:\\\/\\\/www.fcbarcelonanoticias.com\\\/en\\\/wp-content\\\/uploads\\\/sites\\\/2\\\/2024\\\/01\\\/inaki-pena-supercopa.jpeg\",\"keywords\":[\"injured\",\"Xavi Hern\u00e1ndez\"],\"articleSection\":[\"Spanish Super Cup\",\"Spanish Super Cup\"],\"inLanguage\":\"en-US\"},{\"@type\":\"WebPage\",\"@id\":\"https:\\\/\\\/www.fcbarcelonanoticias.com\\\/en\\\/players\\\/inaki-pena-changed-the-game-with-save-that-saved-barca_299820_102.html\",\"url\":\"https:\\\/\\\/www.fcbarcelonanoticias.com\\\/en\\\/players\\\/inaki-pena-changed-the-game-with-save-that-saved-barca_299820_102.html\",\"name\":\"I\u00f1aki Pe\u00f1a 'changed' the game with a save that saved Bar\u00e7a\",\"isPartOf\":{\"@id\":\"https:\\\/\\\/www.fcbarcelonanoticias.com\\\/en\\\/#website\"},\"primaryImageOfPage\":{\"@id\":\"https:\\\/\\\/www.fcbarcelonanoticias.com\\\/en\\\/players\\\/inaki-pena-changed-the-game-with-save-that-saved-barca_299820_102.html#primaryimage\"},\"image\":{\"@id\":\"https:\\\/\\\/www.fcbarcelonanoticias.com\\\/en\\\/players\\\/inaki-pena-changed-the-game-with-save-that-saved-barca_299820_102.html#primaryimage\"},\"thumbnailUrl\":\"https:\\\/\\\/www.fcbarcelonanoticias.com\\\/en\\\/wp-content\\\/uploads\\\/sites\\\/2\\\/2024\\\/01\\\/inaki-pena-supercopa.jpeg\",\"datePublished\":\"2024-01-11T23:25:00+00:00\",\"dateModified\":\"2024-01-12T07:23:00+00:00\",\"author\":{\"@id\":\"https:\\\/\\\/www.fcbarcelonanoticias.com\\\/en\\\/#\\\/schema\\\/person\\\/aa1d038709c262cb247e240f6b39bbf5\"},\"description\":\"The level of I\u00f1aki Pe\u00f1a is clearly not identical to that of Marc-Andr\u00e9 ter Stegen, but this Thursday he had very good reactions and also had the weight of changing the direction in which the match could fall\",\"breadcrumb\":{\"@id\":\"https:\\\/\\\/www.fcbarcelonanoticias.com\\\/en\\\/players\\\/inaki-pena-changed-the-game-with-save-that-saved-barca_299820_102.html#breadcrumb\"},\"inLanguage\":\"en-US\",\"potentialAction\":[{\"@type\":\"ReadAction\",\"target\":[\"https:\\\/\\\/www.fcbarcelonanoticias.com\\\/en\\\/players\\\/inaki-pena-changed-the-game-with-save-that-saved-barca_299820_102.html\"]}]},{\"@type\":\"ImageObject\",\"inLanguage\":\"en-US\",\"@id\":\"https:\\\/\\\/www.fcbarcelonanoticias.com\\\/en\\\/players\\\/inaki-pena-changed-the-game-with-save-that-saved-barca_299820_102.html#primaryimage\",\"url\":\"https:\\\/\\\/www.fcbarcelonanoticias.com\\\/en\\\/wp-content\\\/uploads\\\/sites\\\/2\\\/2024\\\/01\\\/inaki-pena-supercopa.jpeg\",\"contentUrl\":\"https:\\\/\\\/www.fcbarcelonanoticias.com\\\/en\\\/wp-content\\\/uploads\\\/sites\\\/2\\\/2024\\\/01\\\/inaki-pena-supercopa.jpeg\",\"width\":1300,\"height\":735},{\"@type\":\"BreadcrumbList\",\"@id\":\"https:\\\/\\\/www.fcbarcelonanoticias.com\\\/en\\\/players\\\/inaki-pena-changed-the-game-with-save-that-saved-barca_299820_102.html#breadcrumb\",\"itemListElement\":[{\"@type\":\"ListItem\",\"position\":1,\"name\":\"Portada\",\"item\":\"https:\\\/\\\/www.fcbarcelonanoticias.com\\\/en\\\/\"},{\"@type\":\"ListItem\",\"position\":2,\"name\":\"I\u00f1aki Pe\u00f1a &#8216;changed&#8217; the game with a save that saved Bar\u00e7a\"}]},{\"@type\":\"WebSite\",\"@id\":\"https:\\\/\\\/www.fcbarcelonanoticias.com\\\/en\\\/#website\",\"url\":\"https:\\\/\\\/www.fcbarcelonanoticias.com\\\/en\\\/\",\"name\":\"EN - FC Barcelona Noticias\",\"description\":\"\",\"potentialAction\":[{\"@type\":\"SearchAction\",\"target\":{\"@type\":\"EntryPoint\",\"urlTemplate\":\"https:\\\/\\\/www.fcbarcelonanoticias.com\\\/en\\\/?s={search_term_string}\"},\"query-input\":{\"@type\":\"PropertyValueSpecification\",\"valueRequired\":true,\"valueName\":\"search_term_string\"}}],\"inLanguage\":\"en-US\"},{\"@type\":\"Person\",\"@id\":\"https:\\\/\\\/www.fcbarcelonanoticias.com\\\/en\\\/#\\\/schema\\\/person\\\/aa1d038709c262cb247e240f6b39bbf5\",\"name\":\"Carlos Montenegro\",\"image\":{\"@type\":\"ImageObject\",\"inLanguage\":\"en-US\",\"@id\":\"https:\\\/\\\/secure.gravatar.com\\\/avatar\\\/?s=96&d=mm&r=g\",\"url\":\"https:\\\/\\\/secure.gravatar.com\\\/avatar\\\/?s=96&d=mm&r=g\",\"contentUrl\":\"https:\\\/\\\/secure.gravatar.com\\\/avatar\\\/?s=96&d=mm&r=g\",\"caption\":\"Carlos Montenegro\"},\"url\":\"https:\\\/\\\/www.fcbarcelonanoticias.com\\\/en\\\/carlos-montenegro_20_115.html\"}]}<\/script>\n<!-- \/ Yoast SEO plugin. -->","yoast_head_json":{"title":"I\u00f1aki Pe\u00f1a 'changed' the game with a save that saved Bar\u00e7a","description":"The level of I\u00f1aki Pe\u00f1a is clearly not identical to that of Marc-Andr\u00e9 ter Stegen, but this Thursday he had very good reactions and also had the weight of changing the direction in which the match could fall","robots":{"index":"noindex","follow":"follow"},"og_locale":"en_US","og_type":"article","og_title":"I\u00f1aki Pe\u00f1a 'changed' the game with a save that saved Bar\u00e7a","og_description":"The level of I\u00f1aki Pe\u00f1a is clearly not identical to that of Marc-Andr\u00e9 ter Stegen, but this Thursday he had very good reactions and also had the weight of changing the direction in which the match could fall","og_url":"https:\/\/www.fcbarcelonanoticias.com\/en\/players\/inaki-pena-changed-the-game-with-save-that-saved-barca_299820_102.html","og_site_name":"EN - FC Barcelona Noticias","article_published_time":"2024-01-11T23:25:00+00:00","article_modified_time":"2024-01-12T07:23:00+00:00","og_image":[{"width":1300,"height":735,"url":"https:\/\/www.fcbarcelonanoticias.com\/en\/wp-content\/uploads\/sites\/2\/2024\/01\/inaki-pena-supercopa.jpeg","type":"image\/jpeg"}],"author":"Carlos Montenegro","twitter_card":"summary_large_image","twitter_misc":{"Written by":"Carlos Montenegro","Est. reading time":"2 minutes"},"schema":{"@context":"https:\/\/schema.org","@graph":[{"@type":"Article","@id":"https:\/\/www.fcbarcelonanoticias.com\/en\/players\/inaki-pena-changed-the-game-with-save-that-saved-barca_299820_102.html#article","isPartOf":{"@id":"https:\/\/www.fcbarcelonanoticias.com\/en\/players\/inaki-pena-changed-the-game-with-save-that-saved-barca_299820_102.html"},"author":{"name":"Carlos Montenegro","@id":"https:\/\/www.fcbarcelonanoticias.com\/en\/#\/schema\/person\/aa1d038709c262cb247e240f6b39bbf5"},"headline":"I\u00f1aki Pe\u00f1a &#8216;changed&#8217; the game with a save that saved Bar\u00e7a","datePublished":"2024-01-11T23:25:00+00:00","dateModified":"2024-01-12T07:23:00+00:00","mainEntityOfPage":{"@id":"https:\/\/www.fcbarcelonanoticias.com\/en\/players\/inaki-pena-changed-the-game-with-save-that-saved-barca_299820_102.html"},"wordCount":420,"image":{"@id":"https:\/\/www.fcbarcelonanoticias.com\/en\/players\/inaki-pena-changed-the-game-with-save-that-saved-barca_299820_102.html#primaryimage"},"thumbnailUrl":"https:\/\/www.fcbarcelonanoticias.com\/en\/wp-content\/uploads\/sites\/2\/2024\/01\/inaki-pena-supercopa.jpeg","keywords":["injured","Xavi Hern\u00e1ndez"],"articleSection":["Spanish Super Cup","Spanish Super Cup"],"inLanguage":"en-US"},{"@type":"WebPage","@id":"https:\/\/www.fcbarcelonanoticias.com\/en\/players\/inaki-pena-changed-the-game-with-save-that-saved-barca_299820_102.html","url":"https:\/\/www.fcbarcelonanoticias.com\/en\/players\/inaki-pena-changed-the-game-with-save-that-saved-barca_299820_102.html","name":"I\u00f1aki Pe\u00f1a 'changed' the game with a save that saved Bar\u00e7a","isPartOf":{"@id":"https:\/\/www.fcbarcelonanoticias.com\/en\/#website"},"primaryImageOfPage":{"@id":"https:\/\/www.fcbarcelonanoticias.com\/en\/players\/inaki-pena-changed-the-game-with-save-that-saved-barca_299820_102.html#primaryimage"},"image":{"@id":"https:\/\/www.fcbarcelonanoticias.com\/en\/players\/inaki-pena-changed-the-game-with-save-that-saved-barca_299820_102.html#primaryimage"},"thumbnailUrl":"https:\/\/www.fcbarcelonanoticias.com\/en\/wp-content\/uploads\/sites\/2\/2024\/01\/inaki-pena-supercopa.jpeg","datePublished":"2024-01-11T23:25:00+00:00","dateModified":"2024-01-12T07:23:00+00:00","author":{"@id":"https:\/\/www.fcbarcelonanoticias.com\/en\/#\/schema\/person\/aa1d038709c262cb247e240f6b39bbf5"},"description":"The level of I\u00f1aki Pe\u00f1a is clearly not identical to that of Marc-Andr\u00e9 ter Stegen, but this Thursday he had very good reactions and also had the weight of changing the direction in which the match could fall","breadcrumb":{"@id":"https:\/\/www.fcbarcelonanoticias.com\/en\/players\/inaki-pena-changed-the-game-with-save-that-saved-barca_299820_102.html#breadcrumb"},"inLanguage":"en-US","potentialAction":[{"@type":"ReadAction","target":["https:\/\/www.fcbarcelonanoticias.com\/en\/players\/inaki-pena-changed-the-game-with-save-that-saved-barca_299820_102.html"]}]},{"@type":"ImageObject","inLanguage":"en-US","@id":"https:\/\/www.fcbarcelonanoticias.com\/en\/players\/inaki-pena-changed-the-game-with-save-that-saved-barca_299820_102.html#primaryimage","url":"https:\/\/www.fcbarcelonanoticias.com\/en\/wp-content\/uploads\/sites\/2\/2024\/01\/inaki-pena-supercopa.jpeg","contentUrl":"https:\/\/www.fcbarcelonanoticias.com\/en\/wp-content\/uploads\/sites\/2\/2024\/01\/inaki-pena-supercopa.jpeg","width":1300,"height":735},{"@type":"BreadcrumbList","@id":"https:\/\/www.fcbarcelonanoticias.com\/en\/players\/inaki-pena-changed-the-game-with-save-that-saved-barca_299820_102.html#breadcrumb","itemListElement":[{"@type":"ListItem","position":1,"name":"Portada","item":"https:\/\/www.fcbarcelonanoticias.com\/en\/"},{"@type":"ListItem","position":2,"name":"I\u00f1aki Pe\u00f1a &#8216;changed&#8217; the game with a save that saved Bar\u00e7a"}]},{"@type":"WebSite","@id":"https:\/\/www.fcbarcelonanoticias.com\/en\/#website","url":"https:\/\/www.fcbarcelonanoticias.com\/en\/","name":"EN - FC Barcelona Noticias","description":"","potentialAction":[{"@type":"SearchAction","target":{"@type":"EntryPoint","urlTemplate":"https:\/\/www.fcbarcelonanoticias.com\/en\/?s={search_term_string}"},"query-input":{"@type":"PropertyValueSpecification","valueRequired":true,"valueName":"search_term_string"}}],"inLanguage":"en-US"},{"@type":"Person","@id":"https:\/\/www.fcbarcelonanoticias.com\/en\/#\/schema\/person\/aa1d038709c262cb247e240f6b39bbf5","name":"Carlos Montenegro","image":{"@type":"ImageObject","inLanguage":"en-US","@id":"https:\/\/secure.gravatar.com\/avatar\/?s=96&d=mm&r=g","url":"https:\/\/secure.gravatar.com\/avatar\/?s=96&d=mm&r=g","contentUrl":"https:\/\/secure.gravatar.com\/avatar\/?s=96&d=mm&r=g","caption":"Carlos Montenegro"},"url":"https:\/\/www.fcbarcelonanoticias.com\/en\/carlos-montenegro_20_115.html"}]}},"_links":{"self":[{"href":"https:\/\/www.fcbarcelonanoticias.com\/en\/wp-json\/wp\/v2\/posts\/73312","targetHints":{"allow":["GET"]}}],"collection":[{"href":"https:\/\/www.fcbarcelonanoticias.com\/en\/wp-json\/wp\/v2\/posts"}],"about":[{"href":"https:\/\/www.fcbarcelonanoticias.com\/en\/wp-json\/wp\/v2\/types\/post"}],"author":[{"embeddable":true,"href":"https:\/\/www.fcbarcelonanoticias.com\/en\/wp-json\/wp\/v2\/users\/345"}],"replies":[{"embeddable":true,"href":"https:\/\/www.fcbarcelonanoticias.com\/en\/wp-json\/wp\/v2\/comments?post=73312"}],"version-history":[{"count":1,"href":"https:\/\/www.fcbarcelonanoticias.com\/en\/wp-json\/wp\/v2\/posts\/73312\/revisions"}],"predecessor-version":[{"id":120082,"href":"https:\/\/www.fcbarcelonanoticias.com\/en\/wp-json\/wp\/v2\/posts\/73312\/revisions\/120082"}],"wp:featuredmedia":[{"embeddable":true,"href":"https:\/\/www.fcbarcelonanoticias.com\/en\/wp-json\/wp\/v2\/media\/73313"}],"wp:attachment":[{"href":"https:\/\/www.fcbarcelonanoticias.com\/en\/wp-json\/wp\/v2\/media?parent=73312"}],"wp:term":[{"taxonomy":"category","embeddable":true,"href":"https:\/\/www.fcbarcelonanoticias.com\/en\/wp-json\/wp\/v2\/categories?post=73312"},{"taxonomy":"post_tag","embeddable":true,"href":"https:\/\/www.fcbarcelonanoticias.com\/en\/wp-json\/wp\/v2\/tags?post=73312"}],"curies":[{"name":"wp","href":"https:\/\/api.w.org\/{rel}","templated":true}]}}