{"id":73346,"date":"2024-04-01T17:09:00","date_gmt":"2024-04-01T15:09:00","guid":{"rendered":"https:\/\/weisetech.dev\/fc-barcelona-noticias\/en\/inigo-martinez-confronted-with-young-fan-who-insulted-him-when-passing-by-with-the-car_302219_102\/"},"modified":"2024-04-01T17:14:00","modified_gmt":"2024-04-01T15:14:00","slug":"inigo-martinez-confronted-with-young-fan-who-insulted-him-when-passing-by-with-the-car_302219_102","status":"publish","type":"post","link":"https:\/\/www.fcbarcelonanoticias.com\/en\/players\/inigo-martinez-confronted-with-young-fan-who-insulted-him-when-passing-by-with-the-car_302219_102.html","title":{"rendered":"I\u00f1igo Mart\u00ednez &#8216;confronted&#8217; with a young fan who insulted him when passing by with the car"},"content":{"rendered":"<h2 class=\"wp-block-heading\">I\u00f1igo Mart\u00ednez recently starred in an incident that soon went viral on social networks. His reaction was justified due to the insults that an alleged fan of the cul\u00e9 club uttered towards the Basque defender<\/h2>  \r\n<div class=\"article-addons\">\r\n    <a href=\"https:\/\/www.fcbarcelonanoticias.com\/en\/calendar-fc-barcelona.html\"\r\n       target=\"_self\"\r\n       title=\"Calendar of FC Barcelona\"\r\n       class=\"blue-gredient-btn\">\r\n       \r\n        Calendar of FC Barcelona    <\/a>\r\n<\/div>   <p><a data-external=\"0\" data-intl-links-en=\"https:\/\/www.fcbarcelonanoticias.com\/en\/tags\/inigo-martinez\" data-intl-links-es=\"https:\/\/www.fcbarcelonanoticias.com\/tags\/inigo-martinez\" href=\"https:\/\/www.fcbarcelonanoticias.com\/en\/tags\/inigo-martinez.html\" rel=\"follow\" target=\"_self\" title=\"I\u00f1igo Mart\u00ednez\">I\u00f1igo Mart\u00ednez<\/a>, the one who was to title in the saga beside Pau Cubars\u00ed the past Saturday in the commitment against the UD The Palms (1-0) in LaLiga, went back to form part of the XI initial of Xavi for the first time from the meeting in front of the RCD Mallorca in the day 28 of the contest suspender belt. In this occasion, <strong>has jumped to the palestra after an unlucky incident of the that was protagonist recently<\/strong>, after going out of a session of training in the Sportive City Joan Gamper.<\/p>  <p>As it can appreciate in an audiovisual material that quickly went back viral in the social networks, the one of Ondarroa braked and went down of his car for encararse to one of the a lot of youngsters that expected out of the enclosure cul\u00e9 with the intention to achieve a photo or an autograph. The reason of the clash is related with the fact that one of these youngsters, known as &#8216;tiktokers&#8217;,<strong> abused repeatedly to the player, what caused the annoyance of the Basque and carried it to go out to reproach it<\/strong>.<\/p>  <blockquote class=\"twitter-tweet\"> <p dir=\"ltr\" lang=\"es\">If you go you of the Athletic finish losing\u2026 <a href=\"https:\/\/t.co\/en\/EWDcZzdgAD\">pic.twitter.com\/ewdczzdgad<\/a><\/p> \u2014 Julen (@julenathclub) <a href=\"https:\/\/twitter.com\/en\/julenathclub\/status\/1774765066820194454?ref_src=twsrc%5Etfw\">April 1, 2024<\/a> <\/blockquote> <p>&#8220;<strong>That it was the last time that you call me silly, the last time that you abuse me, and the same for your fellow<\/strong>&#8220;, expressed the exjugador of the Athletic Club to one of the youngsters, the one who also adopted a challenging attitude in front of the defender. Before returning to his car and abandon the place, heard him say: &#8220;<strong>The last, eh? You do not do you the chulo because I crap me in God<\/strong>&#8220;, showing clearly his annoyance.<\/p>  <h2>Several players of the FC Barcelona already have had altercations with fans<\/h2>  <p>It is necessary to stand out that this is not the first recent incident in which footballers of the FC Barcelona confront to supposed fans cul\u00e9s. Recently, <a data-external=\"0\" data-intl-links-en=\"https:\/\/www.fcbarcelonanoticias.com\/en\/players\/joao-cancelo-clarifies-his-controversial-episode-with-some-fans-of-barca_296951_102.html\" data-intl-links-es=\"https:\/\/www.fcbarcelonanoticias.com\/jugadores\/joao-cancelo-aclara-su-polemico-episodio-con-aficionados-del-barca_296951_102.html\" href=\"https:\/\/www.fcbarcelonanoticias.com\/en\/players\/joao-cancelo-clarifies-his-controversial-episode-with-some-fans-of-barca_296951_102.html\" rel=\"follow\" target=\"_self\" title=\"Joao Cancelo aclara su pol\u00e9mico episodio con unos aficionados&nbsp;del&nbsp;Bar\u00e7a\">Jo\u00e3or Cancel had a similar altercation when encar\u00f3 with several presumptive Barcelona followers<\/a>: &#8220;<strong>you Are some heavy, mine mother. Every day here, it is that we can not stop every day<\/strong>&#8220;.<\/p>  <p>Also there have been incidents graver, like the occurred in 2022 when Robert Lewandowski detained to sign autographs and take out photographies with some fans and<strong> finished being victim of a theft of his clock, since somebody took advantage of the crowd to start it of the doll with a tug<\/strong>. These mishaps have carried to the Bar\u00e7a to increase the police presence out of the Sportive City and, even, to leave to announce to the public the schedules of the trainings to avoid the agglomeration of &#8216;inflate&#8217; in the place.<\/p> ","protected":false},"excerpt":{"rendered":"<p>I\u00f1igo Mart\u00ednez recently starred in an incident that soon went viral on social networks. His reaction was justified due to the insults that an alleged fan of the cul\u00e9 club uttered towards the Basque defender I\u00f1igo Mart\u00ednez, the one who was to title in the saga beside Pau Cubars\u00ed the past Saturday in the commitment [&hellip;]<\/p>\n","protected":false},"author":355,"featured_media":21027,"comment_status":"closed","ping_status":"open","sticky":false,"template":"","format":"standard","meta":{"_acf_changed":false,"inline_featured_image":false,"_nextfly_llmd_date_locked":false,"footnotes":""},"categories":[107,453],"tags":[],"class_list":["post-73346","post","type-post","status-publish","format-standard","has-post-thumbnail","hentry","category-players","category-players-2"],"acf":[],"yoast_head":"<!-- This site is optimized with the Yoast SEO plugin v27.3 - https:\/\/yoast.com\/product\/yoast-seo-wordpress\/ -->\n<title>I\u00f1igo Mart\u00ednez &#039;confronted&#039; with a young fan who insulted him when passing by with the car<\/title>\n<meta name=\"description\" content=\"I\u00f1igo Mart\u00ednez recently starred in an incident that soon went viral on social networks. His reaction was justified due to the insults that an alleged fan of the cul\u00e9 club uttered towards the Basque defender\" \/>\n<meta name=\"robots\" content=\"index, follow, max-snippet:-1, max-image-preview:large, max-video-preview:-1\" \/>\n<link rel=\"canonical\" href=\"https:\/\/www.fcbarcelonanoticias.com\/en\/players\/inigo-martinez-confronted-with-young-fan-who-insulted-him-when-passing-by-with-the-car_302219_102.html\" \/>\n<meta property=\"og:locale\" content=\"en_US\" \/>\n<meta property=\"og:type\" content=\"article\" \/>\n<meta property=\"og:title\" content=\"I\u00f1igo Mart\u00ednez &#039;confronted&#039; with a young fan who insulted him when passing by with the car\" \/>\n<meta property=\"og:description\" content=\"I\u00f1igo Mart\u00ednez recently starred in an incident that soon went viral on social networks. His reaction was justified due to the insults that an alleged fan of the cul\u00e9 club uttered towards the Basque defender\" \/>\n<meta property=\"og:url\" content=\"https:\/\/www.fcbarcelonanoticias.com\/en\/players\/inigo-martinez-confronted-with-young-fan-who-insulted-him-when-passing-by-with-the-car_302219_102.html\" \/>\n<meta property=\"og:site_name\" content=\"EN - FC Barcelona Noticias\" \/>\n<meta property=\"article:published_time\" content=\"2024-04-01T15:09:00+00:00\" \/>\n<meta property=\"article:modified_time\" content=\"2024-04-01T15:14:00+00:00\" \/>\n<meta property=\"og:image\" content=\"https:\/\/www.fcbarcelonanoticias.com\/en\/wp-content\/uploads\/sites\/2\/2026\/03\/inigo-martinez-fc-barcelona.jpeg\" \/>\n\t<meta property=\"og:image:width\" content=\"1250\" \/>\n\t<meta property=\"og:image:height\" content=\"730\" \/>\n\t<meta property=\"og:image:type\" content=\"image\/jpeg\" \/>\n<meta name=\"author\" content=\"Kevin G\u00f3mez\" \/>\n<meta name=\"twitter:card\" content=\"summary_large_image\" \/>\n<meta name=\"twitter:label1\" content=\"Written by\" \/>\n\t<meta name=\"twitter:data1\" content=\"Kevin G\u00f3mez\" \/>\n\t<meta name=\"twitter:label2\" content=\"Est. reading time\" \/>\n\t<meta name=\"twitter:data2\" content=\"2 minutes\" \/>\n<script type=\"application\/ld+json\" class=\"yoast-schema-graph\">{\"@context\":\"https:\\\/\\\/schema.org\",\"@graph\":[{\"@type\":\"Article\",\"@id\":\"https:\\\/\\\/www.fcbarcelonanoticias.com\\\/en\\\/players\\\/inigo-martinez-confronted-with-young-fan-who-insulted-him-when-passing-by-with-the-car_302219_102.html#article\",\"isPartOf\":{\"@id\":\"https:\\\/\\\/www.fcbarcelonanoticias.com\\\/en\\\/players\\\/inigo-martinez-confronted-with-young-fan-who-insulted-him-when-passing-by-with-the-car_302219_102.html\"},\"author\":{\"name\":\"Kevin G\u00f3mez\",\"@id\":\"https:\\\/\\\/www.fcbarcelonanoticias.com\\\/en\\\/#\\\/schema\\\/person\\\/991443f134df9a64c6874f96ff984c9d\"},\"headline\":\"I\u00f1igo Mart\u00ednez &#8216;confronted&#8217; with a young fan who insulted him when passing by with the car\",\"datePublished\":\"2024-04-01T15:09:00+00:00\",\"dateModified\":\"2024-04-01T15:14:00+00:00\",\"mainEntityOfPage\":{\"@id\":\"https:\\\/\\\/www.fcbarcelonanoticias.com\\\/en\\\/players\\\/inigo-martinez-confronted-with-young-fan-who-insulted-him-when-passing-by-with-the-car_302219_102.html\"},\"wordCount\":503,\"image\":{\"@id\":\"https:\\\/\\\/www.fcbarcelonanoticias.com\\\/en\\\/players\\\/inigo-martinez-confronted-with-young-fan-who-insulted-him-when-passing-by-with-the-car_302219_102.html#primaryimage\"},\"thumbnailUrl\":\"https:\\\/\\\/www.fcbarcelonanoticias.com\\\/en\\\/wp-content\\\/uploads\\\/sites\\\/2\\\/2026\\\/03\\\/inigo-martinez-fc-barcelona.jpeg\",\"articleSection\":[\"Players\",\"Players\"],\"inLanguage\":\"en-US\"},{\"@type\":\"WebPage\",\"@id\":\"https:\\\/\\\/www.fcbarcelonanoticias.com\\\/en\\\/players\\\/inigo-martinez-confronted-with-young-fan-who-insulted-him-when-passing-by-with-the-car_302219_102.html\",\"url\":\"https:\\\/\\\/www.fcbarcelonanoticias.com\\\/en\\\/players\\\/inigo-martinez-confronted-with-young-fan-who-insulted-him-when-passing-by-with-the-car_302219_102.html\",\"name\":\"I\u00f1igo Mart\u00ednez 'confronted' with a young fan who insulted him when passing by with the car\",\"isPartOf\":{\"@id\":\"https:\\\/\\\/www.fcbarcelonanoticias.com\\\/en\\\/#website\"},\"primaryImageOfPage\":{\"@id\":\"https:\\\/\\\/www.fcbarcelonanoticias.com\\\/en\\\/players\\\/inigo-martinez-confronted-with-young-fan-who-insulted-him-when-passing-by-with-the-car_302219_102.html#primaryimage\"},\"image\":{\"@id\":\"https:\\\/\\\/www.fcbarcelonanoticias.com\\\/en\\\/players\\\/inigo-martinez-confronted-with-young-fan-who-insulted-him-when-passing-by-with-the-car_302219_102.html#primaryimage\"},\"thumbnailUrl\":\"https:\\\/\\\/www.fcbarcelonanoticias.com\\\/en\\\/wp-content\\\/uploads\\\/sites\\\/2\\\/2026\\\/03\\\/inigo-martinez-fc-barcelona.jpeg\",\"datePublished\":\"2024-04-01T15:09:00+00:00\",\"dateModified\":\"2024-04-01T15:14:00+00:00\",\"author\":{\"@id\":\"https:\\\/\\\/www.fcbarcelonanoticias.com\\\/en\\\/#\\\/schema\\\/person\\\/991443f134df9a64c6874f96ff984c9d\"},\"description\":\"I\u00f1igo Mart\u00ednez recently starred in an incident that soon went viral on social networks. His reaction was justified due to the insults that an alleged fan of the cul\u00e9 club uttered towards the Basque defender\",\"breadcrumb\":{\"@id\":\"https:\\\/\\\/www.fcbarcelonanoticias.com\\\/en\\\/players\\\/inigo-martinez-confronted-with-young-fan-who-insulted-him-when-passing-by-with-the-car_302219_102.html#breadcrumb\"},\"inLanguage\":\"en-US\",\"potentialAction\":[{\"@type\":\"ReadAction\",\"target\":[\"https:\\\/\\\/www.fcbarcelonanoticias.com\\\/en\\\/players\\\/inigo-martinez-confronted-with-young-fan-who-insulted-him-when-passing-by-with-the-car_302219_102.html\"]}]},{\"@type\":\"ImageObject\",\"inLanguage\":\"en-US\",\"@id\":\"https:\\\/\\\/www.fcbarcelonanoticias.com\\\/en\\\/players\\\/inigo-martinez-confronted-with-young-fan-who-insulted-him-when-passing-by-with-the-car_302219_102.html#primaryimage\",\"url\":\"https:\\\/\\\/www.fcbarcelonanoticias.com\\\/en\\\/wp-content\\\/uploads\\\/sites\\\/2\\\/2026\\\/03\\\/inigo-martinez-fc-barcelona.jpeg\",\"contentUrl\":\"https:\\\/\\\/www.fcbarcelonanoticias.com\\\/en\\\/wp-content\\\/uploads\\\/sites\\\/2\\\/2026\\\/03\\\/inigo-martinez-fc-barcelona.jpeg\",\"width\":1250,\"height\":730},{\"@type\":\"BreadcrumbList\",\"@id\":\"https:\\\/\\\/www.fcbarcelonanoticias.com\\\/en\\\/players\\\/inigo-martinez-confronted-with-young-fan-who-insulted-him-when-passing-by-with-the-car_302219_102.html#breadcrumb\",\"itemListElement\":[{\"@type\":\"ListItem\",\"position\":1,\"name\":\"Portada\",\"item\":\"https:\\\/\\\/www.fcbarcelonanoticias.com\\\/en\\\/\"},{\"@type\":\"ListItem\",\"position\":2,\"name\":\"I\u00f1igo Mart\u00ednez &#8216;confronted&#8217; with a young fan who insulted him when passing by with the car\"}]},{\"@type\":\"WebSite\",\"@id\":\"https:\\\/\\\/www.fcbarcelonanoticias.com\\\/en\\\/#website\",\"url\":\"https:\\\/\\\/www.fcbarcelonanoticias.com\\\/en\\\/\",\"name\":\"EN - FC Barcelona Noticias\",\"description\":\"\",\"potentialAction\":[{\"@type\":\"SearchAction\",\"target\":{\"@type\":\"EntryPoint\",\"urlTemplate\":\"https:\\\/\\\/www.fcbarcelonanoticias.com\\\/en\\\/?s={search_term_string}\"},\"query-input\":{\"@type\":\"PropertyValueSpecification\",\"valueRequired\":true,\"valueName\":\"search_term_string\"}}],\"inLanguage\":\"en-US\"},{\"@type\":\"Person\",\"@id\":\"https:\\\/\\\/www.fcbarcelonanoticias.com\\\/en\\\/#\\\/schema\\\/person\\\/991443f134df9a64c6874f96ff984c9d\",\"name\":\"Kevin G\u00f3mez\",\"image\":{\"@type\":\"ImageObject\",\"inLanguage\":\"en-US\",\"@id\":\"https:\\\/\\\/secure.gravatar.com\\\/avatar\\\/?s=96&d=mm&r=g\",\"url\":\"https:\\\/\\\/secure.gravatar.com\\\/avatar\\\/?s=96&d=mm&r=g\",\"contentUrl\":\"https:\\\/\\\/secure.gravatar.com\\\/avatar\\\/?s=96&d=mm&r=g\",\"caption\":\"Kevin G\u00f3mez\"},\"description\":\"Licenciado\u00a0en Periodismo y Comunicaci\u00f3n Audiovisual. Redactor en FCBN responsable de cubrir toda\u00a0la informaci\u00f3n del FC Barcelona y las principales competiciones de\u00a0f\u00fatbol.\",\"url\":\"https:\\\/\\\/www.fcbarcelonanoticias.com\\\/en\\\/jugadores\\\/kevin-gomez_23_115.html\"}]}<\/script>\n<!-- \/ Yoast SEO plugin. -->","yoast_head_json":{"title":"I\u00f1igo Mart\u00ednez 'confronted' with a young fan who insulted him when passing by with the car","description":"I\u00f1igo Mart\u00ednez recently starred in an incident that soon went viral on social networks. His reaction was justified due to the insults that an alleged fan of the cul\u00e9 club uttered towards the Basque defender","robots":{"index":"index","follow":"follow","max-snippet":"max-snippet:-1","max-image-preview":"max-image-preview:large","max-video-preview":"max-video-preview:-1"},"canonical":"https:\/\/www.fcbarcelonanoticias.com\/en\/players\/inigo-martinez-confronted-with-young-fan-who-insulted-him-when-passing-by-with-the-car_302219_102.html","og_locale":"en_US","og_type":"article","og_title":"I\u00f1igo Mart\u00ednez 'confronted' with a young fan who insulted him when passing by with the car","og_description":"I\u00f1igo Mart\u00ednez recently starred in an incident that soon went viral on social networks. His reaction was justified due to the insults that an alleged fan of the cul\u00e9 club uttered towards the Basque defender","og_url":"https:\/\/www.fcbarcelonanoticias.com\/en\/players\/inigo-martinez-confronted-with-young-fan-who-insulted-him-when-passing-by-with-the-car_302219_102.html","og_site_name":"EN - FC Barcelona Noticias","article_published_time":"2024-04-01T15:09:00+00:00","article_modified_time":"2024-04-01T15:14:00+00:00","og_image":[{"width":1250,"height":730,"url":"https:\/\/www.fcbarcelonanoticias.com\/en\/wp-content\/uploads\/sites\/2\/2026\/03\/inigo-martinez-fc-barcelona.jpeg","type":"image\/jpeg"}],"author":"Kevin G\u00f3mez","twitter_card":"summary_large_image","twitter_misc":{"Written by":"Kevin G\u00f3mez","Est. reading time":"2 minutes"},"schema":{"@context":"https:\/\/schema.org","@graph":[{"@type":"Article","@id":"https:\/\/www.fcbarcelonanoticias.com\/en\/players\/inigo-martinez-confronted-with-young-fan-who-insulted-him-when-passing-by-with-the-car_302219_102.html#article","isPartOf":{"@id":"https:\/\/www.fcbarcelonanoticias.com\/en\/players\/inigo-martinez-confronted-with-young-fan-who-insulted-him-when-passing-by-with-the-car_302219_102.html"},"author":{"name":"Kevin G\u00f3mez","@id":"https:\/\/www.fcbarcelonanoticias.com\/en\/#\/schema\/person\/991443f134df9a64c6874f96ff984c9d"},"headline":"I\u00f1igo Mart\u00ednez &#8216;confronted&#8217; with a young fan who insulted him when passing by with the car","datePublished":"2024-04-01T15:09:00+00:00","dateModified":"2024-04-01T15:14:00+00:00","mainEntityOfPage":{"@id":"https:\/\/www.fcbarcelonanoticias.com\/en\/players\/inigo-martinez-confronted-with-young-fan-who-insulted-him-when-passing-by-with-the-car_302219_102.html"},"wordCount":503,"image":{"@id":"https:\/\/www.fcbarcelonanoticias.com\/en\/players\/inigo-martinez-confronted-with-young-fan-who-insulted-him-when-passing-by-with-the-car_302219_102.html#primaryimage"},"thumbnailUrl":"https:\/\/www.fcbarcelonanoticias.com\/en\/wp-content\/uploads\/sites\/2\/2026\/03\/inigo-martinez-fc-barcelona.jpeg","articleSection":["Players","Players"],"inLanguage":"en-US"},{"@type":"WebPage","@id":"https:\/\/www.fcbarcelonanoticias.com\/en\/players\/inigo-martinez-confronted-with-young-fan-who-insulted-him-when-passing-by-with-the-car_302219_102.html","url":"https:\/\/www.fcbarcelonanoticias.com\/en\/players\/inigo-martinez-confronted-with-young-fan-who-insulted-him-when-passing-by-with-the-car_302219_102.html","name":"I\u00f1igo Mart\u00ednez 'confronted' with a young fan who insulted him when passing by with the car","isPartOf":{"@id":"https:\/\/www.fcbarcelonanoticias.com\/en\/#website"},"primaryImageOfPage":{"@id":"https:\/\/www.fcbarcelonanoticias.com\/en\/players\/inigo-martinez-confronted-with-young-fan-who-insulted-him-when-passing-by-with-the-car_302219_102.html#primaryimage"},"image":{"@id":"https:\/\/www.fcbarcelonanoticias.com\/en\/players\/inigo-martinez-confronted-with-young-fan-who-insulted-him-when-passing-by-with-the-car_302219_102.html#primaryimage"},"thumbnailUrl":"https:\/\/www.fcbarcelonanoticias.com\/en\/wp-content\/uploads\/sites\/2\/2026\/03\/inigo-martinez-fc-barcelona.jpeg","datePublished":"2024-04-01T15:09:00+00:00","dateModified":"2024-04-01T15:14:00+00:00","author":{"@id":"https:\/\/www.fcbarcelonanoticias.com\/en\/#\/schema\/person\/991443f134df9a64c6874f96ff984c9d"},"description":"I\u00f1igo Mart\u00ednez recently starred in an incident that soon went viral on social networks. His reaction was justified due to the insults that an alleged fan of the cul\u00e9 club uttered towards the Basque defender","breadcrumb":{"@id":"https:\/\/www.fcbarcelonanoticias.com\/en\/players\/inigo-martinez-confronted-with-young-fan-who-insulted-him-when-passing-by-with-the-car_302219_102.html#breadcrumb"},"inLanguage":"en-US","potentialAction":[{"@type":"ReadAction","target":["https:\/\/www.fcbarcelonanoticias.com\/en\/players\/inigo-martinez-confronted-with-young-fan-who-insulted-him-when-passing-by-with-the-car_302219_102.html"]}]},{"@type":"ImageObject","inLanguage":"en-US","@id":"https:\/\/www.fcbarcelonanoticias.com\/en\/players\/inigo-martinez-confronted-with-young-fan-who-insulted-him-when-passing-by-with-the-car_302219_102.html#primaryimage","url":"https:\/\/www.fcbarcelonanoticias.com\/en\/wp-content\/uploads\/sites\/2\/2026\/03\/inigo-martinez-fc-barcelona.jpeg","contentUrl":"https:\/\/www.fcbarcelonanoticias.com\/en\/wp-content\/uploads\/sites\/2\/2026\/03\/inigo-martinez-fc-barcelona.jpeg","width":1250,"height":730},{"@type":"BreadcrumbList","@id":"https:\/\/www.fcbarcelonanoticias.com\/en\/players\/inigo-martinez-confronted-with-young-fan-who-insulted-him-when-passing-by-with-the-car_302219_102.html#breadcrumb","itemListElement":[{"@type":"ListItem","position":1,"name":"Portada","item":"https:\/\/www.fcbarcelonanoticias.com\/en\/"},{"@type":"ListItem","position":2,"name":"I\u00f1igo Mart\u00ednez &#8216;confronted&#8217; with a young fan who insulted him when passing by with the car"}]},{"@type":"WebSite","@id":"https:\/\/www.fcbarcelonanoticias.com\/en\/#website","url":"https:\/\/www.fcbarcelonanoticias.com\/en\/","name":"EN - FC Barcelona Noticias","description":"","potentialAction":[{"@type":"SearchAction","target":{"@type":"EntryPoint","urlTemplate":"https:\/\/www.fcbarcelonanoticias.com\/en\/?s={search_term_string}"},"query-input":{"@type":"PropertyValueSpecification","valueRequired":true,"valueName":"search_term_string"}}],"inLanguage":"en-US"},{"@type":"Person","@id":"https:\/\/www.fcbarcelonanoticias.com\/en\/#\/schema\/person\/991443f134df9a64c6874f96ff984c9d","name":"Kevin G\u00f3mez","image":{"@type":"ImageObject","inLanguage":"en-US","@id":"https:\/\/secure.gravatar.com\/avatar\/?s=96&d=mm&r=g","url":"https:\/\/secure.gravatar.com\/avatar\/?s=96&d=mm&r=g","contentUrl":"https:\/\/secure.gravatar.com\/avatar\/?s=96&d=mm&r=g","caption":"Kevin G\u00f3mez"},"description":"Licenciado\u00a0en Periodismo y Comunicaci\u00f3n Audiovisual. Redactor en FCBN responsable de cubrir toda\u00a0la informaci\u00f3n del FC Barcelona y las principales competiciones de\u00a0f\u00fatbol.","url":"https:\/\/www.fcbarcelonanoticias.com\/en\/jugadores\/kevin-gomez_23_115.html"}]}},"_links":{"self":[{"href":"https:\/\/www.fcbarcelonanoticias.com\/en\/wp-json\/wp\/v2\/posts\/73346","targetHints":{"allow":["GET"]}}],"collection":[{"href":"https:\/\/www.fcbarcelonanoticias.com\/en\/wp-json\/wp\/v2\/posts"}],"about":[{"href":"https:\/\/www.fcbarcelonanoticias.com\/en\/wp-json\/wp\/v2\/types\/post"}],"author":[{"embeddable":true,"href":"https:\/\/www.fcbarcelonanoticias.com\/en\/wp-json\/wp\/v2\/users\/355"}],"replies":[{"embeddable":true,"href":"https:\/\/www.fcbarcelonanoticias.com\/en\/wp-json\/wp\/v2\/comments?post=73346"}],"version-history":[{"count":1,"href":"https:\/\/www.fcbarcelonanoticias.com\/en\/wp-json\/wp\/v2\/posts\/73346\/revisions"}],"predecessor-version":[{"id":73347,"href":"https:\/\/www.fcbarcelonanoticias.com\/en\/wp-json\/wp\/v2\/posts\/73346\/revisions\/73347"}],"wp:featuredmedia":[{"embeddable":true,"href":"https:\/\/www.fcbarcelonanoticias.com\/en\/wp-json\/wp\/v2\/media\/21027"}],"wp:attachment":[{"href":"https:\/\/www.fcbarcelonanoticias.com\/en\/wp-json\/wp\/v2\/media?parent=73346"}],"wp:term":[{"taxonomy":"category","embeddable":true,"href":"https:\/\/www.fcbarcelonanoticias.com\/en\/wp-json\/wp\/v2\/categories?post=73346"},{"taxonomy":"post_tag","embeddable":true,"href":"https:\/\/www.fcbarcelonanoticias.com\/en\/wp-json\/wp\/v2\/tags?post=73346"}],"curies":[{"name":"wp","href":"https:\/\/api.w.org\/{rel}","templated":true}]}}