{"id":73784,"date":"2023-11-21T16:08:00","date_gmt":"2023-11-21T15:08:00","guid":{"rendered":"https:\/\/weisetech.dev\/fc-barcelona-noticias\/en\/joao-felix-and-the-spaniards-already-are-to-the-orders-of-xavi-to-prepare-the-rayo-barca_298301_102\/"},"modified":"2023-11-21T16:08:00","modified_gmt":"2023-11-21T15:08:00","slug":"joao-felix-and-the-spaniards-already-are-to-the-orders-of-xavi-to-prepare-the-rayo-barca_298301_102","status":"publish","type":"post","link":"https:\/\/www.fcbarcelonanoticias.com\/en\/players\/joao-felix-and-the-spaniards-already-are-to-the-orders-of-xavi-to-prepare-the-rayo-barca_298301_102.html","title":{"rendered":"Joao Felix and the Spaniards are already under Xavi&#8217;s orders to prepare for Rayo-Bar\u00e7a"},"content":{"rendered":"<h2 class=\"wp-block-heading\">The FC Barcelona has recovered a significant part of his international from this same Tuesday afterwards that until four footballers that travelled with his selections trained in the session of the morning<\/h2>  \r\n<div class=\"article-addons\">\r\n    <a href=\"https:\/\/www.fcbarcelonanoticias.com\/en\/calendar-fc-barcelona.html\"\r\n       target=\"_self\"\r\n       title=\"Calendar of FC Barcelona\"\r\n       class=\"blue-gredient-btn\">\r\n       \r\n        Calendar of FC Barcelona    <\/a>\r\n<\/div>   <p>In spite of the hard hit that has supposed the injury of Gavi for all in the FC Barcelona, the Barcelona team worked this Tuesday thinking already in the visit that will have next Saturday in Vallecas in front of the Ray Vallecano (14:00 hours). The session had presence of the Andalusian, <strong>the one who approached to the Ciutat Esportiva to converse with some of his mates and between them were already varied of the international cul\u00e9. <\/strong><\/p>  <p>Like this it reviewed it the own Bar\u00e7a, explaining that so much I\u00f1igo Mart\u00ednez, Ferran Torres and Lamine Yamal already have worked to the orders of Xavi Hern\u00e1ndez after winning to Cyprus and Georgia with the Spanish selection. <strong>Besides, the Portuguese Jo\u00e3or F\u00e9lix also has been on the lawn after what were the two last victories of the team luso on the way to the Eurocopa 2024.<\/strong><\/p>  <p>Although certainly the Bar\u00e7a had the absences of Cancel and Frenkie of Jong. <a data-external=\"0\" data-intl-links-en=\"https:\/\/www.fcbarcelonanoticias.com\/en\/players\/frenkie-de-jong-and-joao-cancelo-absent-barca-training_298295_102.html\" data-intl-links-es=\"https:\/\/www.fcbarcelonanoticias.com\/jugadores\/frenkie-jong-joao-cancelo-bajas-en-entrenamiento-del-barca_298295_102.html\" href=\"https:\/\/www.fcbarcelonanoticias.com\/en\/players\/frenkie-de-jong-and-joao-cancelo-absent-barca-training_298295_102.html\" rel=\"follow\" target=\"_self\" title=\"Frenkie de Jong y Joao Cancelo, bajas en el entrenamiento&nbsp;del&nbsp;Bar\u00e7a\">As we already explain in FCBN<\/a>, <strong>the technical body Catalan has been able to add to four very important players to confront to the Ray this weekend. <\/strong>The three forwards could be perfectly titled if we take into account that Robert Lewandowski will be playing a new split this Tuesday with Poland.<\/p>  <h2>Xavi himself that it can be happy from this Tuesday<\/h2>  <p>Besides, I\u00f1igo mart\u00ednez outlines also to be in the XI if finally I Cancel is not to the one hundred by one hundred and Xavi has to use to Ara\u00fajo or Kound\u00e9 in the right side. It is thus that earns so much importance that the Bar\u00e7a have been able to have from this same Tuesday until four international working, <strong>remembering besides that Pedri there is not attended to the stop with Spain and could be headline, especially in front of the drop of Gavi and the existent doubts with Of Jong.<\/strong><\/p> ","protected":false},"excerpt":{"rendered":"<p>The FC Barcelona has recovered a significant part of his international from this same Tuesday afterwards that until four footballers that travelled with his selections trained in the session of the morning In spite of the hard hit that has supposed the injury of Gavi for all in the FC Barcelona, the Barcelona team worked [&hellip;]<\/p>\n","protected":false},"author":345,"featured_media":73731,"comment_status":"closed","ping_status":"open","sticky":false,"template":"","format":"standard","meta":{"_acf_changed":false,"inline_featured_image":false,"_nextfly_llmd_date_locked":false,"footnotes":""},"categories":[453,107],"tags":[239,84,48],"class_list":["post-73784","post","type-post","status-publish","format-standard","has-post-thumbnail","hentry","category-players-2","category-players","tag-joao-felix","tag-rayo-vallecano","tag-xavi-hernandez"],"acf":[],"yoast_head":"<!-- This site is optimized with the Yoast SEO plugin v27.3 - https:\/\/yoast.com\/product\/yoast-seo-wordpress\/ -->\n<title>Joao Felix and the Spaniards are already under Xavi&#039;s orders to prepare for Rayo-Bar\u00e7a<\/title>\n<meta name=\"description\" content=\"The FC Barcelona has recovered a significant part of his international from this same Tuesday afterwards that until four footballers that travelled with his selections trained in the session of the morning\" \/>\n<meta name=\"robots\" content=\"index, follow, max-snippet:-1, max-image-preview:large, max-video-preview:-1\" \/>\n<link rel=\"canonical\" href=\"https:\/\/www.fcbarcelonanoticias.com\/en\/players\/joao-felix-and-the-spaniards-already-are-to-the-orders-of-xavi-to-prepare-the-rayo-barca_298301_102.html\" \/>\n<meta property=\"og:locale\" content=\"en_US\" \/>\n<meta property=\"og:type\" content=\"article\" \/>\n<meta property=\"og:title\" content=\"Joao Felix and the Spaniards are already under Xavi&#039;s orders to prepare for Rayo-Bar\u00e7a\" \/>\n<meta property=\"og:description\" content=\"The FC Barcelona has recovered a significant part of his international from this same Tuesday afterwards that until four footballers that travelled with his selections trained in the session of the morning\" \/>\n<meta property=\"og:url\" content=\"https:\/\/www.fcbarcelonanoticias.com\/en\/players\/joao-felix-and-the-spaniards-already-are-to-the-orders-of-xavi-to-prepare-the-rayo-barca_298301_102.html\" \/>\n<meta property=\"og:site_name\" content=\"EN - FC Barcelona Noticias\" \/>\n<meta property=\"article:published_time\" content=\"2023-11-21T15:08:00+00:00\" \/>\n<meta property=\"og:image\" content=\"https:\/\/www.fcbarcelonanoticias.com\/en\/wp-content\/uploads\/sites\/2\/2023\/11\/joao-felix-entrenamiento4.jpeg\" \/>\n\t<meta property=\"og:image:width\" content=\"1300\" \/>\n\t<meta property=\"og:image:height\" content=\"738\" \/>\n\t<meta property=\"og:image:type\" content=\"image\/jpeg\" \/>\n<meta name=\"author\" content=\"Carlos Montenegro\" \/>\n<meta name=\"twitter:card\" content=\"summary_large_image\" \/>\n<meta name=\"twitter:label1\" content=\"Written by\" \/>\n\t<meta name=\"twitter:data1\" content=\"Carlos Montenegro\" \/>\n\t<meta name=\"twitter:label2\" content=\"Est. reading time\" \/>\n\t<meta name=\"twitter:data2\" content=\"2 minutes\" \/>\n<script type=\"application\/ld+json\" class=\"yoast-schema-graph\">{\"@context\":\"https:\\\/\\\/schema.org\",\"@graph\":[{\"@type\":\"Article\",\"@id\":\"https:\\\/\\\/www.fcbarcelonanoticias.com\\\/en\\\/players\\\/joao-felix-and-the-spaniards-already-are-to-the-orders-of-xavi-to-prepare-the-rayo-barca_298301_102.html#article\",\"isPartOf\":{\"@id\":\"https:\\\/\\\/www.fcbarcelonanoticias.com\\\/en\\\/players\\\/joao-felix-and-the-spaniards-already-are-to-the-orders-of-xavi-to-prepare-the-rayo-barca_298301_102.html\"},\"author\":{\"name\":\"Carlos Montenegro\",\"@id\":\"https:\\\/\\\/www.fcbarcelonanoticias.com\\\/en\\\/#\\\/schema\\\/person\\\/aa1d038709c262cb247e240f6b39bbf5\"},\"headline\":\"Joao Felix and the Spaniards are already under Xavi&#8217;s orders to prepare for Rayo-Bar\u00e7a\",\"datePublished\":\"2023-11-21T15:08:00+00:00\",\"mainEntityOfPage\":{\"@id\":\"https:\\\/\\\/www.fcbarcelonanoticias.com\\\/en\\\/players\\\/joao-felix-and-the-spaniards-already-are-to-the-orders-of-xavi-to-prepare-the-rayo-barca_298301_102.html\"},\"wordCount\":368,\"image\":{\"@id\":\"https:\\\/\\\/www.fcbarcelonanoticias.com\\\/en\\\/players\\\/joao-felix-and-the-spaniards-already-are-to-the-orders-of-xavi-to-prepare-the-rayo-barca_298301_102.html#primaryimage\"},\"thumbnailUrl\":\"https:\\\/\\\/www.fcbarcelonanoticias.com\\\/en\\\/wp-content\\\/uploads\\\/sites\\\/2\\\/2023\\\/11\\\/joao-felix-entrenamiento4.jpeg\",\"keywords\":[\"Joao F\u00e9lix\",\"Rayo Vallecano\",\"Xavi Hern\u00e1ndez\"],\"articleSection\":[\"Players\",\"Players\"],\"inLanguage\":\"en-US\"},{\"@type\":\"WebPage\",\"@id\":\"https:\\\/\\\/www.fcbarcelonanoticias.com\\\/en\\\/players\\\/joao-felix-and-the-spaniards-already-are-to-the-orders-of-xavi-to-prepare-the-rayo-barca_298301_102.html\",\"url\":\"https:\\\/\\\/www.fcbarcelonanoticias.com\\\/en\\\/players\\\/joao-felix-and-the-spaniards-already-are-to-the-orders-of-xavi-to-prepare-the-rayo-barca_298301_102.html\",\"name\":\"Joao Felix and the Spaniards are already under Xavi's orders to prepare for Rayo-Bar\u00e7a\",\"isPartOf\":{\"@id\":\"https:\\\/\\\/www.fcbarcelonanoticias.com\\\/en\\\/#website\"},\"primaryImageOfPage\":{\"@id\":\"https:\\\/\\\/www.fcbarcelonanoticias.com\\\/en\\\/players\\\/joao-felix-and-the-spaniards-already-are-to-the-orders-of-xavi-to-prepare-the-rayo-barca_298301_102.html#primaryimage\"},\"image\":{\"@id\":\"https:\\\/\\\/www.fcbarcelonanoticias.com\\\/en\\\/players\\\/joao-felix-and-the-spaniards-already-are-to-the-orders-of-xavi-to-prepare-the-rayo-barca_298301_102.html#primaryimage\"},\"thumbnailUrl\":\"https:\\\/\\\/www.fcbarcelonanoticias.com\\\/en\\\/wp-content\\\/uploads\\\/sites\\\/2\\\/2023\\\/11\\\/joao-felix-entrenamiento4.jpeg\",\"datePublished\":\"2023-11-21T15:08:00+00:00\",\"author\":{\"@id\":\"https:\\\/\\\/www.fcbarcelonanoticias.com\\\/en\\\/#\\\/schema\\\/person\\\/aa1d038709c262cb247e240f6b39bbf5\"},\"description\":\"The FC Barcelona has recovered a significant part of his international from this same Tuesday afterwards that until four footballers that travelled with his selections trained in the session of the morning\",\"breadcrumb\":{\"@id\":\"https:\\\/\\\/www.fcbarcelonanoticias.com\\\/en\\\/players\\\/joao-felix-and-the-spaniards-already-are-to-the-orders-of-xavi-to-prepare-the-rayo-barca_298301_102.html#breadcrumb\"},\"inLanguage\":\"en-US\",\"potentialAction\":[{\"@type\":\"ReadAction\",\"target\":[\"https:\\\/\\\/www.fcbarcelonanoticias.com\\\/en\\\/players\\\/joao-felix-and-the-spaniards-already-are-to-the-orders-of-xavi-to-prepare-the-rayo-barca_298301_102.html\"]}]},{\"@type\":\"ImageObject\",\"inLanguage\":\"en-US\",\"@id\":\"https:\\\/\\\/www.fcbarcelonanoticias.com\\\/en\\\/players\\\/joao-felix-and-the-spaniards-already-are-to-the-orders-of-xavi-to-prepare-the-rayo-barca_298301_102.html#primaryimage\",\"url\":\"https:\\\/\\\/www.fcbarcelonanoticias.com\\\/en\\\/wp-content\\\/uploads\\\/sites\\\/2\\\/2023\\\/11\\\/joao-felix-entrenamiento4.jpeg\",\"contentUrl\":\"https:\\\/\\\/www.fcbarcelonanoticias.com\\\/en\\\/wp-content\\\/uploads\\\/sites\\\/2\\\/2023\\\/11\\\/joao-felix-entrenamiento4.jpeg\",\"width\":1300,\"height\":738},{\"@type\":\"BreadcrumbList\",\"@id\":\"https:\\\/\\\/www.fcbarcelonanoticias.com\\\/en\\\/players\\\/joao-felix-and-the-spaniards-already-are-to-the-orders-of-xavi-to-prepare-the-rayo-barca_298301_102.html#breadcrumb\",\"itemListElement\":[{\"@type\":\"ListItem\",\"position\":1,\"name\":\"Portada\",\"item\":\"https:\\\/\\\/www.fcbarcelonanoticias.com\\\/en\\\/\"},{\"@type\":\"ListItem\",\"position\":2,\"name\":\"Joao Felix and the Spaniards are already under Xavi&#8217;s orders to prepare for Rayo-Bar\u00e7a\"}]},{\"@type\":\"WebSite\",\"@id\":\"https:\\\/\\\/www.fcbarcelonanoticias.com\\\/en\\\/#website\",\"url\":\"https:\\\/\\\/www.fcbarcelonanoticias.com\\\/en\\\/\",\"name\":\"EN - FC Barcelona Noticias\",\"description\":\"\",\"potentialAction\":[{\"@type\":\"SearchAction\",\"target\":{\"@type\":\"EntryPoint\",\"urlTemplate\":\"https:\\\/\\\/www.fcbarcelonanoticias.com\\\/en\\\/?s={search_term_string}\"},\"query-input\":{\"@type\":\"PropertyValueSpecification\",\"valueRequired\":true,\"valueName\":\"search_term_string\"}}],\"inLanguage\":\"en-US\"},{\"@type\":\"Person\",\"@id\":\"https:\\\/\\\/www.fcbarcelonanoticias.com\\\/en\\\/#\\\/schema\\\/person\\\/aa1d038709c262cb247e240f6b39bbf5\",\"name\":\"Carlos Montenegro\",\"image\":{\"@type\":\"ImageObject\",\"inLanguage\":\"en-US\",\"@id\":\"https:\\\/\\\/secure.gravatar.com\\\/avatar\\\/?s=96&d=mm&r=g\",\"url\":\"https:\\\/\\\/secure.gravatar.com\\\/avatar\\\/?s=96&d=mm&r=g\",\"contentUrl\":\"https:\\\/\\\/secure.gravatar.com\\\/avatar\\\/?s=96&d=mm&r=g\",\"caption\":\"Carlos Montenegro\"},\"url\":\"https:\\\/\\\/www.fcbarcelonanoticias.com\\\/en\\\/carlos-montenegro_20_115.html\"}]}<\/script>\n<!-- \/ Yoast SEO plugin. -->","yoast_head_json":{"title":"Joao Felix and the Spaniards are already under Xavi's orders to prepare for Rayo-Bar\u00e7a","description":"The FC Barcelona has recovered a significant part of his international from this same Tuesday afterwards that until four footballers that travelled with his selections trained in the session of the morning","robots":{"index":"index","follow":"follow","max-snippet":"max-snippet:-1","max-image-preview":"max-image-preview:large","max-video-preview":"max-video-preview:-1"},"canonical":"https:\/\/www.fcbarcelonanoticias.com\/en\/players\/joao-felix-and-the-spaniards-already-are-to-the-orders-of-xavi-to-prepare-the-rayo-barca_298301_102.html","og_locale":"en_US","og_type":"article","og_title":"Joao Felix and the Spaniards are already under Xavi's orders to prepare for Rayo-Bar\u00e7a","og_description":"The FC Barcelona has recovered a significant part of his international from this same Tuesday afterwards that until four footballers that travelled with his selections trained in the session of the morning","og_url":"https:\/\/www.fcbarcelonanoticias.com\/en\/players\/joao-felix-and-the-spaniards-already-are-to-the-orders-of-xavi-to-prepare-the-rayo-barca_298301_102.html","og_site_name":"EN - FC Barcelona Noticias","article_published_time":"2023-11-21T15:08:00+00:00","og_image":[{"width":1300,"height":738,"url":"https:\/\/www.fcbarcelonanoticias.com\/en\/wp-content\/uploads\/sites\/2\/2023\/11\/joao-felix-entrenamiento4.jpeg","type":"image\/jpeg"}],"author":"Carlos Montenegro","twitter_card":"summary_large_image","twitter_misc":{"Written by":"Carlos Montenegro","Est. reading time":"2 minutes"},"schema":{"@context":"https:\/\/schema.org","@graph":[{"@type":"Article","@id":"https:\/\/www.fcbarcelonanoticias.com\/en\/players\/joao-felix-and-the-spaniards-already-are-to-the-orders-of-xavi-to-prepare-the-rayo-barca_298301_102.html#article","isPartOf":{"@id":"https:\/\/www.fcbarcelonanoticias.com\/en\/players\/joao-felix-and-the-spaniards-already-are-to-the-orders-of-xavi-to-prepare-the-rayo-barca_298301_102.html"},"author":{"name":"Carlos Montenegro","@id":"https:\/\/www.fcbarcelonanoticias.com\/en\/#\/schema\/person\/aa1d038709c262cb247e240f6b39bbf5"},"headline":"Joao Felix and the Spaniards are already under Xavi&#8217;s orders to prepare for Rayo-Bar\u00e7a","datePublished":"2023-11-21T15:08:00+00:00","mainEntityOfPage":{"@id":"https:\/\/www.fcbarcelonanoticias.com\/en\/players\/joao-felix-and-the-spaniards-already-are-to-the-orders-of-xavi-to-prepare-the-rayo-barca_298301_102.html"},"wordCount":368,"image":{"@id":"https:\/\/www.fcbarcelonanoticias.com\/en\/players\/joao-felix-and-the-spaniards-already-are-to-the-orders-of-xavi-to-prepare-the-rayo-barca_298301_102.html#primaryimage"},"thumbnailUrl":"https:\/\/www.fcbarcelonanoticias.com\/en\/wp-content\/uploads\/sites\/2\/2023\/11\/joao-felix-entrenamiento4.jpeg","keywords":["Joao F\u00e9lix","Rayo Vallecano","Xavi Hern\u00e1ndez"],"articleSection":["Players","Players"],"inLanguage":"en-US"},{"@type":"WebPage","@id":"https:\/\/www.fcbarcelonanoticias.com\/en\/players\/joao-felix-and-the-spaniards-already-are-to-the-orders-of-xavi-to-prepare-the-rayo-barca_298301_102.html","url":"https:\/\/www.fcbarcelonanoticias.com\/en\/players\/joao-felix-and-the-spaniards-already-are-to-the-orders-of-xavi-to-prepare-the-rayo-barca_298301_102.html","name":"Joao Felix and the Spaniards are already under Xavi's orders to prepare for Rayo-Bar\u00e7a","isPartOf":{"@id":"https:\/\/www.fcbarcelonanoticias.com\/en\/#website"},"primaryImageOfPage":{"@id":"https:\/\/www.fcbarcelonanoticias.com\/en\/players\/joao-felix-and-the-spaniards-already-are-to-the-orders-of-xavi-to-prepare-the-rayo-barca_298301_102.html#primaryimage"},"image":{"@id":"https:\/\/www.fcbarcelonanoticias.com\/en\/players\/joao-felix-and-the-spaniards-already-are-to-the-orders-of-xavi-to-prepare-the-rayo-barca_298301_102.html#primaryimage"},"thumbnailUrl":"https:\/\/www.fcbarcelonanoticias.com\/en\/wp-content\/uploads\/sites\/2\/2023\/11\/joao-felix-entrenamiento4.jpeg","datePublished":"2023-11-21T15:08:00+00:00","author":{"@id":"https:\/\/www.fcbarcelonanoticias.com\/en\/#\/schema\/person\/aa1d038709c262cb247e240f6b39bbf5"},"description":"The FC Barcelona has recovered a significant part of his international from this same Tuesday afterwards that until four footballers that travelled with his selections trained in the session of the morning","breadcrumb":{"@id":"https:\/\/www.fcbarcelonanoticias.com\/en\/players\/joao-felix-and-the-spaniards-already-are-to-the-orders-of-xavi-to-prepare-the-rayo-barca_298301_102.html#breadcrumb"},"inLanguage":"en-US","potentialAction":[{"@type":"ReadAction","target":["https:\/\/www.fcbarcelonanoticias.com\/en\/players\/joao-felix-and-the-spaniards-already-are-to-the-orders-of-xavi-to-prepare-the-rayo-barca_298301_102.html"]}]},{"@type":"ImageObject","inLanguage":"en-US","@id":"https:\/\/www.fcbarcelonanoticias.com\/en\/players\/joao-felix-and-the-spaniards-already-are-to-the-orders-of-xavi-to-prepare-the-rayo-barca_298301_102.html#primaryimage","url":"https:\/\/www.fcbarcelonanoticias.com\/en\/wp-content\/uploads\/sites\/2\/2023\/11\/joao-felix-entrenamiento4.jpeg","contentUrl":"https:\/\/www.fcbarcelonanoticias.com\/en\/wp-content\/uploads\/sites\/2\/2023\/11\/joao-felix-entrenamiento4.jpeg","width":1300,"height":738},{"@type":"BreadcrumbList","@id":"https:\/\/www.fcbarcelonanoticias.com\/en\/players\/joao-felix-and-the-spaniards-already-are-to-the-orders-of-xavi-to-prepare-the-rayo-barca_298301_102.html#breadcrumb","itemListElement":[{"@type":"ListItem","position":1,"name":"Portada","item":"https:\/\/www.fcbarcelonanoticias.com\/en\/"},{"@type":"ListItem","position":2,"name":"Joao Felix and the Spaniards are already under Xavi&#8217;s orders to prepare for Rayo-Bar\u00e7a"}]},{"@type":"WebSite","@id":"https:\/\/www.fcbarcelonanoticias.com\/en\/#website","url":"https:\/\/www.fcbarcelonanoticias.com\/en\/","name":"EN - FC Barcelona Noticias","description":"","potentialAction":[{"@type":"SearchAction","target":{"@type":"EntryPoint","urlTemplate":"https:\/\/www.fcbarcelonanoticias.com\/en\/?s={search_term_string}"},"query-input":{"@type":"PropertyValueSpecification","valueRequired":true,"valueName":"search_term_string"}}],"inLanguage":"en-US"},{"@type":"Person","@id":"https:\/\/www.fcbarcelonanoticias.com\/en\/#\/schema\/person\/aa1d038709c262cb247e240f6b39bbf5","name":"Carlos Montenegro","image":{"@type":"ImageObject","inLanguage":"en-US","@id":"https:\/\/secure.gravatar.com\/avatar\/?s=96&d=mm&r=g","url":"https:\/\/secure.gravatar.com\/avatar\/?s=96&d=mm&r=g","contentUrl":"https:\/\/secure.gravatar.com\/avatar\/?s=96&d=mm&r=g","caption":"Carlos Montenegro"},"url":"https:\/\/www.fcbarcelonanoticias.com\/en\/carlos-montenegro_20_115.html"}]}},"_links":{"self":[{"href":"https:\/\/www.fcbarcelonanoticias.com\/en\/wp-json\/wp\/v2\/posts\/73784","targetHints":{"allow":["GET"]}}],"collection":[{"href":"https:\/\/www.fcbarcelonanoticias.com\/en\/wp-json\/wp\/v2\/posts"}],"about":[{"href":"https:\/\/www.fcbarcelonanoticias.com\/en\/wp-json\/wp\/v2\/types\/post"}],"author":[{"embeddable":true,"href":"https:\/\/www.fcbarcelonanoticias.com\/en\/wp-json\/wp\/v2\/users\/345"}],"replies":[{"embeddable":true,"href":"https:\/\/www.fcbarcelonanoticias.com\/en\/wp-json\/wp\/v2\/comments?post=73784"}],"version-history":[{"count":1,"href":"https:\/\/www.fcbarcelonanoticias.com\/en\/wp-json\/wp\/v2\/posts\/73784\/revisions"}],"predecessor-version":[{"id":120396,"href":"https:\/\/www.fcbarcelonanoticias.com\/en\/wp-json\/wp\/v2\/posts\/73784\/revisions\/120396"}],"wp:featuredmedia":[{"embeddable":true,"href":"https:\/\/www.fcbarcelonanoticias.com\/en\/wp-json\/wp\/v2\/media\/73731"}],"wp:attachment":[{"href":"https:\/\/www.fcbarcelonanoticias.com\/en\/wp-json\/wp\/v2\/media?parent=73784"}],"wp:term":[{"taxonomy":"category","embeddable":true,"href":"https:\/\/www.fcbarcelonanoticias.com\/en\/wp-json\/wp\/v2\/categories?post=73784"},{"taxonomy":"post_tag","embeddable":true,"href":"https:\/\/www.fcbarcelonanoticias.com\/en\/wp-json\/wp\/v2\/tags?post=73784"}],"curies":[{"name":"wp","href":"https:\/\/api.w.org\/{rel}","templated":true}]}}