{"id":73913,"date":"2023-10-15T15:33:00","date_gmt":"2023-10-15T13:33:00","guid":{"rendered":"https:\/\/weisetech.dev\/fc-barcelona-noticias\/en\/julian-araujo-is-liked-more-and-more-as-an-alternative-to-the-right-back-at-barca_297100_102\/"},"modified":"2023-10-15T15:40:00","modified_gmt":"2023-10-15T13:40:00","slug":"julian-araujo-is-liked-more-and-more-as-an-alternative-to-the-right-back-at-barca_297100_102","status":"publish","type":"post","link":"https:\/\/www.fcbarcelonanoticias.com\/en\/players\/julian-araujo-is-liked-more-and-more-as-an-alternative-to-the-right-back-at-barca_297100_102.html","title":{"rendered":"Juli\u00e1n Araujo claims to compete with Joao Cancelo in 2024"},"content":{"rendered":"<h2 class=\"wp-block-heading\">Juli\u00e1n Araujo needed some experience in European football, and he is having it with UD Las Palmas.  He has established himself as the undisputed starter on the right side, having stellar performances that have sparked Bar\u00e7a&#8217;s interest in reincorporating him into their ranks in the future<\/h2>  \r\n<div class=\"article-addons\">\r\n    <a href=\"https:\/\/www.fcbarcelonanoticias.com\/en\/calendar-fc-barcelona.html\"\r\n       target=\"_self\"\r\n       title=\"Calendar of FC Barcelona\"\r\n       class=\"blue-gredient-btn\">\r\n       \r\n        Calendar of FC Barcelona    <\/a>\r\n<\/div>   <p>In time of uncertainty, before the arrival of Jo\u00e3or Cancel, when escaseaban the right sides in the FC Barcelona, <strong>the name of Juli\u00e1n Araujo, although it was in the list of possible candidates<\/strong>, did not go entirely considered for the position. This did not be a question of quality futbol\u00edstica, but rather to that to the native of Lompoc was missing him experience in the European football, since <strong>it still had not had the opportunity to debut in this field<\/strong>.<\/p>  <p>Xavi, the one who knew the skills of the Mexican, since it had had it in the dynamics of the Barcelona cast in more than an occasion, together with his technical body, <strong>considered that the best was to yield it to a team of First Division where could purchase experience<\/strong>. Like this, <a data-external=\"0\" data-intl-links-en=\"https:\/\/www.fcbarcelonanoticias.com\/en\/transfers\/official-julian-araujo-leaves-the-barca-and-will-play-in-the-palmas-this-season_294686_102.html\" data-intl-links-es=\"https:\/\/www.fcbarcelonanoticias.com\/fichajes\/oficial-julian-araujo-deja-barca-jugara-en-palmas-esta-temporada_294686_102.html\" href=\"https:\/\/www.fcbarcelonanoticias.com\/en\/transfers\/official-julian-araujo-leaves-the-barca-and-will-play-in-the-palmas-this-season_294686_102.html\" rel=\"follow\" target=\"_self\" title=\"OFICIAL: Juli\u00e1n Araujo deja el Bar\u00e7a y jugar\u00e1 en Las Palmas esta&nbsp;temporada\">it attained agree his cession to the UD The<\/a>Palms , some attractive surroundings by several reasons, standing out that the trainer of the &#8216;p\u00edo p\u00edo&#8217; is Garc\u00eda Pepper, an exentrenador of the Bar\u00e7a Atl\u00e8tic and whose team has a similar proposal in terms of concepts to the Bar\u00e7a.<\/p>  <h2>Juli\u00e1n Araujo has gone back the &#8216;master and gentleman&#8217; of the right side of The Palms<\/h2>  <p>Once in the Canary Islands, <strong>the pasant\u00eda of Juli\u00e1n Araujo began of slow way<\/strong>, since in the first two meetings of LaLiga saw little action, remaining in the bench in the first (RCD Mallorca) and going in in the rest in the second (Valencia CF). Nevertheless, from this moment, <strong>turned into one of the indispensable players of the UD The<\/strong>Palms , facing a seguidilla of six duels in which it has been headline and has added a total of 455 minutes of game. It has showed like a tireless offensive tool by his band, without neglecting the defensive appearance.<\/p>  <p>In front of this situation, <a data-external=\"0\" data-intl-links-en=\"https:\/\/www.fcbarcelonanoticias.com\/en\/players\/another-alternative-for-xavi-julian-araujo-continues-impress-in-las-palmas_295841_102.html\" data-intl-links-es=\"https:\/\/www.fcbarcelonanoticias.com\/jugadores\/otra-alternativa-xavi-julian-araujo-sigue-impresionando-en-las-palmas_295841_102.html\" href=\"https:\/\/www.fcbarcelonanoticias.com\/en\/players\/another-alternative-for-xavi-julian-araujo-continues-impress-in-las-palmas_295841_102.html\" rel=\"follow\" target=\"_self\" title=\"\u00a1Otra alternativa para Xavi! Juli\u00e1n Araujo sigue impresionando&nbsp;en&nbsp;Las&nbsp;Palmas\">the FC Barcelona is very pending of what can suceder in the future of Juli\u00e1n Araujo<\/a>. For now, Bojan Krki\u0107, commissioned to do follow-up to the players yielded, <strong>already has transmitted him to the player that the Bar\u00e7a is very satisfied with his performance<\/strong>. From the City Condal, would be him considering like a valuable option to win a place in the staff for the next season, especially if it takes into account that the position needs an acting, considering that the Barcelona would centre his economic efforts in trying fichar to Jo\u00e3or Cancel of definite form in 2024.<\/p>  <div class=\"notranslate\" style=\"all: initial;\">&nbsp;<\/div> ","protected":false},"excerpt":{"rendered":"<p>Juli\u00e1n Araujo needed some experience in European football, and he is having it with UD Las Palmas. He has established himself as the undisputed starter on the right side, having stellar performances that have sparked Bar\u00e7a&#8217;s interest in reincorporating him into their ranks in the future In time of uncertainty, before the arrival of Jo\u00e3or [&hellip;]<\/p>\n","protected":false},"author":355,"featured_media":73861,"comment_status":"closed","ping_status":"open","sticky":false,"template":"","format":"standard","meta":{"_acf_changed":false,"inline_featured_image":false,"_nextfly_llmd_date_locked":false,"footnotes":""},"categories":[453,107],"tags":[380,376],"class_list":["post-73913","post","type-post","status-publish","format-standard","has-post-thumbnail","hentry","category-players-2","category-players","tag-julian-araujo","tag-ud-las-palmas"],"acf":[],"yoast_head":"<!-- This site is optimized with the Yoast SEO plugin v27.3 - https:\/\/yoast.com\/product\/yoast-seo-wordpress\/ -->\n<title>Juli\u00e1n Araujo claims to compete with Joao Cancelo in 2024<\/title>\n<meta name=\"description\" content=\"Juli\u00e1n Araujo needed some experience in European football, and he is having it with UD Las Palmas. He has established himself as the undisputed starter on the right side, having stellar performances that have sparked Bar\u00e7a&#039;s interest in reincorporating him into their ranks in the future\" \/>\n<meta name=\"robots\" content=\"index, follow, max-snippet:-1, max-image-preview:large, max-video-preview:-1\" \/>\n<link rel=\"canonical\" href=\"https:\/\/www.fcbarcelonanoticias.com\/en\/players\/julian-araujo-is-liked-more-and-more-as-an-alternative-to-the-right-back-at-barca_297100_102.html\" \/>\n<meta property=\"og:locale\" content=\"en_US\" \/>\n<meta property=\"og:type\" content=\"article\" \/>\n<meta property=\"og:title\" content=\"Juli\u00e1n Araujo claims to compete with Joao Cancelo in 2024\" \/>\n<meta property=\"og:description\" content=\"Juli\u00e1n Araujo needed some experience in European football, and he is having it with UD Las Palmas. He has established himself as the undisputed starter on the right side, having stellar performances that have sparked Bar\u00e7a&#039;s interest in reincorporating him into their ranks in the future\" \/>\n<meta property=\"og:url\" content=\"https:\/\/www.fcbarcelonanoticias.com\/en\/players\/julian-araujo-is-liked-more-and-more-as-an-alternative-to-the-right-back-at-barca_297100_102.html\" \/>\n<meta property=\"og:site_name\" content=\"EN - FC Barcelona Noticias\" \/>\n<meta property=\"article:published_time\" content=\"2023-10-15T13:33:00+00:00\" \/>\n<meta property=\"article:modified_time\" content=\"2023-10-15T13:40:00+00:00\" \/>\n<meta property=\"og:image\" content=\"https:\/\/www.fcbarcelonanoticias.com\/en\/wp-content\/uploads\/sites\/2\/2023\/12\/julian-araujo-frente-al-real-madrid.jpeg\" \/>\n\t<meta property=\"og:image:width\" content=\"1300\" \/>\n\t<meta property=\"og:image:height\" content=\"750\" \/>\n\t<meta property=\"og:image:type\" content=\"image\/jpeg\" \/>\n<meta name=\"author\" content=\"Kevin G\u00f3mez\" \/>\n<meta name=\"twitter:card\" content=\"summary_large_image\" \/>\n<meta name=\"twitter:label1\" content=\"Written by\" \/>\n\t<meta name=\"twitter:data1\" content=\"Kevin G\u00f3mez\" \/>\n\t<meta name=\"twitter:label2\" content=\"Est. reading time\" \/>\n\t<meta name=\"twitter:data2\" content=\"2 minutes\" \/>\n<script type=\"application\/ld+json\" class=\"yoast-schema-graph\">{\"@context\":\"https:\\\/\\\/schema.org\",\"@graph\":[{\"@type\":\"Article\",\"@id\":\"https:\\\/\\\/www.fcbarcelonanoticias.com\\\/en\\\/players\\\/julian-araujo-is-liked-more-and-more-as-an-alternative-to-the-right-back-at-barca_297100_102.html#article\",\"isPartOf\":{\"@id\":\"https:\\\/\\\/www.fcbarcelonanoticias.com\\\/en\\\/players\\\/julian-araujo-is-liked-more-and-more-as-an-alternative-to-the-right-back-at-barca_297100_102.html\"},\"author\":{\"name\":\"Kevin G\u00f3mez\",\"@id\":\"https:\\\/\\\/www.fcbarcelonanoticias.com\\\/en\\\/#\\\/schema\\\/person\\\/991443f134df9a64c6874f96ff984c9d\"},\"headline\":\"Juli\u00e1n Araujo claims to compete with Joao Cancelo in 2024\",\"datePublished\":\"2023-10-15T13:33:00+00:00\",\"dateModified\":\"2023-10-15T13:40:00+00:00\",\"mainEntityOfPage\":{\"@id\":\"https:\\\/\\\/www.fcbarcelonanoticias.com\\\/en\\\/players\\\/julian-araujo-is-liked-more-and-more-as-an-alternative-to-the-right-back-at-barca_297100_102.html\"},\"wordCount\":470,\"image\":{\"@id\":\"https:\\\/\\\/www.fcbarcelonanoticias.com\\\/en\\\/players\\\/julian-araujo-is-liked-more-and-more-as-an-alternative-to-the-right-back-at-barca_297100_102.html#primaryimage\"},\"thumbnailUrl\":\"https:\\\/\\\/www.fcbarcelonanoticias.com\\\/en\\\/wp-content\\\/uploads\\\/sites\\\/2\\\/2023\\\/12\\\/julian-araujo-frente-al-real-madrid.jpeg\",\"keywords\":[\"Juli\u00e1n Araujo\",\"UD Las Palmas\"],\"articleSection\":[\"Players\",\"Players\"],\"inLanguage\":\"en-US\"},{\"@type\":\"WebPage\",\"@id\":\"https:\\\/\\\/www.fcbarcelonanoticias.com\\\/en\\\/players\\\/julian-araujo-is-liked-more-and-more-as-an-alternative-to-the-right-back-at-barca_297100_102.html\",\"url\":\"https:\\\/\\\/www.fcbarcelonanoticias.com\\\/en\\\/players\\\/julian-araujo-is-liked-more-and-more-as-an-alternative-to-the-right-back-at-barca_297100_102.html\",\"name\":\"Juli\u00e1n Araujo claims to compete with Joao Cancelo in 2024\",\"isPartOf\":{\"@id\":\"https:\\\/\\\/www.fcbarcelonanoticias.com\\\/en\\\/#website\"},\"primaryImageOfPage\":{\"@id\":\"https:\\\/\\\/www.fcbarcelonanoticias.com\\\/en\\\/players\\\/julian-araujo-is-liked-more-and-more-as-an-alternative-to-the-right-back-at-barca_297100_102.html#primaryimage\"},\"image\":{\"@id\":\"https:\\\/\\\/www.fcbarcelonanoticias.com\\\/en\\\/players\\\/julian-araujo-is-liked-more-and-more-as-an-alternative-to-the-right-back-at-barca_297100_102.html#primaryimage\"},\"thumbnailUrl\":\"https:\\\/\\\/www.fcbarcelonanoticias.com\\\/en\\\/wp-content\\\/uploads\\\/sites\\\/2\\\/2023\\\/12\\\/julian-araujo-frente-al-real-madrid.jpeg\",\"datePublished\":\"2023-10-15T13:33:00+00:00\",\"dateModified\":\"2023-10-15T13:40:00+00:00\",\"author\":{\"@id\":\"https:\\\/\\\/www.fcbarcelonanoticias.com\\\/en\\\/#\\\/schema\\\/person\\\/991443f134df9a64c6874f96ff984c9d\"},\"description\":\"Juli\u00e1n Araujo needed some experience in European football, and he is having it with UD Las Palmas. He has established himself as the undisputed starter on the right side, having stellar performances that have sparked Bar\u00e7a's interest in reincorporating him into their ranks in the future\",\"breadcrumb\":{\"@id\":\"https:\\\/\\\/www.fcbarcelonanoticias.com\\\/en\\\/players\\\/julian-araujo-is-liked-more-and-more-as-an-alternative-to-the-right-back-at-barca_297100_102.html#breadcrumb\"},\"inLanguage\":\"en-US\",\"potentialAction\":[{\"@type\":\"ReadAction\",\"target\":[\"https:\\\/\\\/www.fcbarcelonanoticias.com\\\/en\\\/players\\\/julian-araujo-is-liked-more-and-more-as-an-alternative-to-the-right-back-at-barca_297100_102.html\"]}]},{\"@type\":\"ImageObject\",\"inLanguage\":\"en-US\",\"@id\":\"https:\\\/\\\/www.fcbarcelonanoticias.com\\\/en\\\/players\\\/julian-araujo-is-liked-more-and-more-as-an-alternative-to-the-right-back-at-barca_297100_102.html#primaryimage\",\"url\":\"https:\\\/\\\/www.fcbarcelonanoticias.com\\\/en\\\/wp-content\\\/uploads\\\/sites\\\/2\\\/2023\\\/12\\\/julian-araujo-frente-al-real-madrid.jpeg\",\"contentUrl\":\"https:\\\/\\\/www.fcbarcelonanoticias.com\\\/en\\\/wp-content\\\/uploads\\\/sites\\\/2\\\/2023\\\/12\\\/julian-araujo-frente-al-real-madrid.jpeg\",\"width\":1300,\"height\":750},{\"@type\":\"BreadcrumbList\",\"@id\":\"https:\\\/\\\/www.fcbarcelonanoticias.com\\\/en\\\/players\\\/julian-araujo-is-liked-more-and-more-as-an-alternative-to-the-right-back-at-barca_297100_102.html#breadcrumb\",\"itemListElement\":[{\"@type\":\"ListItem\",\"position\":1,\"name\":\"Portada\",\"item\":\"https:\\\/\\\/www.fcbarcelonanoticias.com\\\/en\\\/\"},{\"@type\":\"ListItem\",\"position\":2,\"name\":\"Juli\u00e1n Araujo claims to compete with Joao Cancelo in 2024\"}]},{\"@type\":\"WebSite\",\"@id\":\"https:\\\/\\\/www.fcbarcelonanoticias.com\\\/en\\\/#website\",\"url\":\"https:\\\/\\\/www.fcbarcelonanoticias.com\\\/en\\\/\",\"name\":\"EN - FC Barcelona Noticias\",\"description\":\"\",\"potentialAction\":[{\"@type\":\"SearchAction\",\"target\":{\"@type\":\"EntryPoint\",\"urlTemplate\":\"https:\\\/\\\/www.fcbarcelonanoticias.com\\\/en\\\/?s={search_term_string}\"},\"query-input\":{\"@type\":\"PropertyValueSpecification\",\"valueRequired\":true,\"valueName\":\"search_term_string\"}}],\"inLanguage\":\"en-US\"},{\"@type\":\"Person\",\"@id\":\"https:\\\/\\\/www.fcbarcelonanoticias.com\\\/en\\\/#\\\/schema\\\/person\\\/991443f134df9a64c6874f96ff984c9d\",\"name\":\"Kevin G\u00f3mez\",\"image\":{\"@type\":\"ImageObject\",\"inLanguage\":\"en-US\",\"@id\":\"https:\\\/\\\/secure.gravatar.com\\\/avatar\\\/?s=96&d=mm&r=g\",\"url\":\"https:\\\/\\\/secure.gravatar.com\\\/avatar\\\/?s=96&d=mm&r=g\",\"contentUrl\":\"https:\\\/\\\/secure.gravatar.com\\\/avatar\\\/?s=96&d=mm&r=g\",\"caption\":\"Kevin G\u00f3mez\"},\"description\":\"Licenciado\u00a0en Periodismo y Comunicaci\u00f3n Audiovisual. Redactor en FCBN responsable de cubrir toda\u00a0la informaci\u00f3n del FC Barcelona y las principales competiciones de\u00a0f\u00fatbol.\",\"url\":\"https:\\\/\\\/www.fcbarcelonanoticias.com\\\/en\\\/jugadores\\\/kevin-gomez_23_115.html\"}]}<\/script>\n<!-- \/ Yoast SEO plugin. -->","yoast_head_json":{"title":"Juli\u00e1n Araujo claims to compete with Joao Cancelo in 2024","description":"Juli\u00e1n Araujo needed some experience in European football, and he is having it with UD Las Palmas. He has established himself as the undisputed starter on the right side, having stellar performances that have sparked Bar\u00e7a's interest in reincorporating him into their ranks in the future","robots":{"index":"index","follow":"follow","max-snippet":"max-snippet:-1","max-image-preview":"max-image-preview:large","max-video-preview":"max-video-preview:-1"},"canonical":"https:\/\/www.fcbarcelonanoticias.com\/en\/players\/julian-araujo-is-liked-more-and-more-as-an-alternative-to-the-right-back-at-barca_297100_102.html","og_locale":"en_US","og_type":"article","og_title":"Juli\u00e1n Araujo claims to compete with Joao Cancelo in 2024","og_description":"Juli\u00e1n Araujo needed some experience in European football, and he is having it with UD Las Palmas. He has established himself as the undisputed starter on the right side, having stellar performances that have sparked Bar\u00e7a's interest in reincorporating him into their ranks in the future","og_url":"https:\/\/www.fcbarcelonanoticias.com\/en\/players\/julian-araujo-is-liked-more-and-more-as-an-alternative-to-the-right-back-at-barca_297100_102.html","og_site_name":"EN - FC Barcelona Noticias","article_published_time":"2023-10-15T13:33:00+00:00","article_modified_time":"2023-10-15T13:40:00+00:00","og_image":[{"width":1300,"height":750,"url":"https:\/\/www.fcbarcelonanoticias.com\/en\/wp-content\/uploads\/sites\/2\/2023\/12\/julian-araujo-frente-al-real-madrid.jpeg","type":"image\/jpeg"}],"author":"Kevin G\u00f3mez","twitter_card":"summary_large_image","twitter_misc":{"Written by":"Kevin G\u00f3mez","Est. reading time":"2 minutes"},"schema":{"@context":"https:\/\/schema.org","@graph":[{"@type":"Article","@id":"https:\/\/www.fcbarcelonanoticias.com\/en\/players\/julian-araujo-is-liked-more-and-more-as-an-alternative-to-the-right-back-at-barca_297100_102.html#article","isPartOf":{"@id":"https:\/\/www.fcbarcelonanoticias.com\/en\/players\/julian-araujo-is-liked-more-and-more-as-an-alternative-to-the-right-back-at-barca_297100_102.html"},"author":{"name":"Kevin G\u00f3mez","@id":"https:\/\/www.fcbarcelonanoticias.com\/en\/#\/schema\/person\/991443f134df9a64c6874f96ff984c9d"},"headline":"Juli\u00e1n Araujo claims to compete with Joao Cancelo in 2024","datePublished":"2023-10-15T13:33:00+00:00","dateModified":"2023-10-15T13:40:00+00:00","mainEntityOfPage":{"@id":"https:\/\/www.fcbarcelonanoticias.com\/en\/players\/julian-araujo-is-liked-more-and-more-as-an-alternative-to-the-right-back-at-barca_297100_102.html"},"wordCount":470,"image":{"@id":"https:\/\/www.fcbarcelonanoticias.com\/en\/players\/julian-araujo-is-liked-more-and-more-as-an-alternative-to-the-right-back-at-barca_297100_102.html#primaryimage"},"thumbnailUrl":"https:\/\/www.fcbarcelonanoticias.com\/en\/wp-content\/uploads\/sites\/2\/2023\/12\/julian-araujo-frente-al-real-madrid.jpeg","keywords":["Juli\u00e1n Araujo","UD Las Palmas"],"articleSection":["Players","Players"],"inLanguage":"en-US"},{"@type":"WebPage","@id":"https:\/\/www.fcbarcelonanoticias.com\/en\/players\/julian-araujo-is-liked-more-and-more-as-an-alternative-to-the-right-back-at-barca_297100_102.html","url":"https:\/\/www.fcbarcelonanoticias.com\/en\/players\/julian-araujo-is-liked-more-and-more-as-an-alternative-to-the-right-back-at-barca_297100_102.html","name":"Juli\u00e1n Araujo claims to compete with Joao Cancelo in 2024","isPartOf":{"@id":"https:\/\/www.fcbarcelonanoticias.com\/en\/#website"},"primaryImageOfPage":{"@id":"https:\/\/www.fcbarcelonanoticias.com\/en\/players\/julian-araujo-is-liked-more-and-more-as-an-alternative-to-the-right-back-at-barca_297100_102.html#primaryimage"},"image":{"@id":"https:\/\/www.fcbarcelonanoticias.com\/en\/players\/julian-araujo-is-liked-more-and-more-as-an-alternative-to-the-right-back-at-barca_297100_102.html#primaryimage"},"thumbnailUrl":"https:\/\/www.fcbarcelonanoticias.com\/en\/wp-content\/uploads\/sites\/2\/2023\/12\/julian-araujo-frente-al-real-madrid.jpeg","datePublished":"2023-10-15T13:33:00+00:00","dateModified":"2023-10-15T13:40:00+00:00","author":{"@id":"https:\/\/www.fcbarcelonanoticias.com\/en\/#\/schema\/person\/991443f134df9a64c6874f96ff984c9d"},"description":"Juli\u00e1n Araujo needed some experience in European football, and he is having it with UD Las Palmas. He has established himself as the undisputed starter on the right side, having stellar performances that have sparked Bar\u00e7a's interest in reincorporating him into their ranks in the future","breadcrumb":{"@id":"https:\/\/www.fcbarcelonanoticias.com\/en\/players\/julian-araujo-is-liked-more-and-more-as-an-alternative-to-the-right-back-at-barca_297100_102.html#breadcrumb"},"inLanguage":"en-US","potentialAction":[{"@type":"ReadAction","target":["https:\/\/www.fcbarcelonanoticias.com\/en\/players\/julian-araujo-is-liked-more-and-more-as-an-alternative-to-the-right-back-at-barca_297100_102.html"]}]},{"@type":"ImageObject","inLanguage":"en-US","@id":"https:\/\/www.fcbarcelonanoticias.com\/en\/players\/julian-araujo-is-liked-more-and-more-as-an-alternative-to-the-right-back-at-barca_297100_102.html#primaryimage","url":"https:\/\/www.fcbarcelonanoticias.com\/en\/wp-content\/uploads\/sites\/2\/2023\/12\/julian-araujo-frente-al-real-madrid.jpeg","contentUrl":"https:\/\/www.fcbarcelonanoticias.com\/en\/wp-content\/uploads\/sites\/2\/2023\/12\/julian-araujo-frente-al-real-madrid.jpeg","width":1300,"height":750},{"@type":"BreadcrumbList","@id":"https:\/\/www.fcbarcelonanoticias.com\/en\/players\/julian-araujo-is-liked-more-and-more-as-an-alternative-to-the-right-back-at-barca_297100_102.html#breadcrumb","itemListElement":[{"@type":"ListItem","position":1,"name":"Portada","item":"https:\/\/www.fcbarcelonanoticias.com\/en\/"},{"@type":"ListItem","position":2,"name":"Juli\u00e1n Araujo claims to compete with Joao Cancelo in 2024"}]},{"@type":"WebSite","@id":"https:\/\/www.fcbarcelonanoticias.com\/en\/#website","url":"https:\/\/www.fcbarcelonanoticias.com\/en\/","name":"EN - FC Barcelona Noticias","description":"","potentialAction":[{"@type":"SearchAction","target":{"@type":"EntryPoint","urlTemplate":"https:\/\/www.fcbarcelonanoticias.com\/en\/?s={search_term_string}"},"query-input":{"@type":"PropertyValueSpecification","valueRequired":true,"valueName":"search_term_string"}}],"inLanguage":"en-US"},{"@type":"Person","@id":"https:\/\/www.fcbarcelonanoticias.com\/en\/#\/schema\/person\/991443f134df9a64c6874f96ff984c9d","name":"Kevin G\u00f3mez","image":{"@type":"ImageObject","inLanguage":"en-US","@id":"https:\/\/secure.gravatar.com\/avatar\/?s=96&d=mm&r=g","url":"https:\/\/secure.gravatar.com\/avatar\/?s=96&d=mm&r=g","contentUrl":"https:\/\/secure.gravatar.com\/avatar\/?s=96&d=mm&r=g","caption":"Kevin G\u00f3mez"},"description":"Licenciado\u00a0en Periodismo y Comunicaci\u00f3n Audiovisual. Redactor en FCBN responsable de cubrir toda\u00a0la informaci\u00f3n del FC Barcelona y las principales competiciones de\u00a0f\u00fatbol.","url":"https:\/\/www.fcbarcelonanoticias.com\/en\/jugadores\/kevin-gomez_23_115.html"}]}},"_links":{"self":[{"href":"https:\/\/www.fcbarcelonanoticias.com\/en\/wp-json\/wp\/v2\/posts\/73913","targetHints":{"allow":["GET"]}}],"collection":[{"href":"https:\/\/www.fcbarcelonanoticias.com\/en\/wp-json\/wp\/v2\/posts"}],"about":[{"href":"https:\/\/www.fcbarcelonanoticias.com\/en\/wp-json\/wp\/v2\/types\/post"}],"author":[{"embeddable":true,"href":"https:\/\/www.fcbarcelonanoticias.com\/en\/wp-json\/wp\/v2\/users\/355"}],"replies":[{"embeddable":true,"href":"https:\/\/www.fcbarcelonanoticias.com\/en\/wp-json\/wp\/v2\/comments?post=73913"}],"version-history":[{"count":1,"href":"https:\/\/www.fcbarcelonanoticias.com\/en\/wp-json\/wp\/v2\/posts\/73913\/revisions"}],"predecessor-version":[{"id":120577,"href":"https:\/\/www.fcbarcelonanoticias.com\/en\/wp-json\/wp\/v2\/posts\/73913\/revisions\/120577"}],"wp:featuredmedia":[{"embeddable":true,"href":"https:\/\/www.fcbarcelonanoticias.com\/en\/wp-json\/wp\/v2\/media\/73861"}],"wp:attachment":[{"href":"https:\/\/www.fcbarcelonanoticias.com\/en\/wp-json\/wp\/v2\/media?parent=73913"}],"wp:term":[{"taxonomy":"category","embeddable":true,"href":"https:\/\/www.fcbarcelonanoticias.com\/en\/wp-json\/wp\/v2\/categories?post=73913"},{"taxonomy":"post_tag","embeddable":true,"href":"https:\/\/www.fcbarcelonanoticias.com\/en\/wp-json\/wp\/v2\/tags?post=73913"}],"curies":[{"name":"wp","href":"https:\/\/api.w.org\/{rel}","templated":true}]}}