{"id":7396,"date":"2024-01-18T22:14:00","date_gmt":"2024-01-18T21:14:00","guid":{"rendered":"https:\/\/weisetech.dev\/fc-barcelona-noticias\/en\/aggressive-and-very-mobile-marc-guiu-premiered-as-9-headline-in-salamanca_300030_102\/"},"modified":"2024-01-18T22:14:00","modified_gmt":"2024-01-18T21:14:00","slug":"aggressive-and-very-mobile-marc-guiu-premiered-as-9-headline-in-salamanca_300030_102","status":"publish","type":"post","link":"https:\/\/www.fcbarcelonanoticias.com\/en\/copa-del-rey\/aggressive-and-very-mobile-marc-guiu-premiered-as-9-headline-in-salamanca_300030_102.html","title":{"rendered":"Aggressive and very mobile: Marc Guiu debuted as the starting &#8216;9&#8217; in Salamanca"},"content":{"rendered":"<h2 class=\"wp-block-heading\">Marc Guiu has made his debut as a starter in the FC Barcelona first team. He played the first 60 minutes of the game and left very good feelings&#8230; Will he be able to definitely sneak into Xavi Hern\u00e1ndez&#8217;s plans?<\/h2>  \r\n<div class=\"article-addons\">\r\n    <a href=\"https:\/\/www.fcbarcelonanoticias.com\/en\/calendar-fc-barcelona.html\"\r\n       target=\"_self\"\r\n       title=\"Calendar of FC Barcelona\"\r\n       class=\"blue-gredient-btn\">\r\n       \r\n        Calendar of FC Barcelona    <\/a>\r\n<\/div>   <p>The Glass of Rey, in his initial phases, is used to to be an opportunity so that the youngest players add opportunities and regularity in the first team. In the eighth of final, the <a data-external=\"0\" data-intl-links-en=\"https:\/\/www.fcbarcelonanoticias.com\/en\/fc-barcelona\" data-intl-links-es=\"https:\/\/www.fcbarcelonanoticias.com\/fc-barcelona\" href=\"https:\/\/www.fcbarcelonanoticias.com\/en\/football-soccer\/fc-barcelona.html\" rel=\"follow\" target=\"_self\" title=\"FC Barcelona\">FC Barcelona<\/a> has visited to the Unionistas of Salamanca and Xavi Hern\u00e1ndez had the opportunity of rotar in his initial alignment, leaving in the bench to several &#8216;heavy weights&#8217; to give him rest. <strong>Marc Guiu was the only representative of The Masia and added his first titularity with the &#8216;big&#8217;. <\/strong><\/p>  <p>In the previous, seemed predictable that Robert Lewandowski was acting, but more than one even thought in that Vitor Roque could be headline: A team of lower category and that, in paper, did not go to put a lot of resistance. It was the ideal stage so that it played more than a &#8216;ratito&#8217;, but the history has been very distinct. <strong>The trainer egarense bet by Marc Guiu, the one who has fallen always of foot when it has played in the first team although in the filial has not had the same opportunities. <\/strong><\/p>  <h2>Lights and shadows of Guiu in Salamanca<\/h2>  <p>The responsibility of his first headline has not weighed him. From the first instants, and after the initial fright of the Unionistas, saw with a lot of mobility in the attack and taking advantage of the advantages in the area to generate occasions of goal. It was a &#8216;9&#8217; with a lot of mobility and that was attentive to finish the times that could.<strong> It closed the party with a finish to the arch, although it was missing that it was more incolucrado in the party. It did not touch a lot of balloons (20) and lost eight of them<\/strong>. In this appearance, expected much more of him.<\/p>  <p>In any case, is a player that is in full development and that it can be important if has continuity. <strong>It is a &#8216;hunter&#8217; in the area, but probably in this Bar\u00e7a is much more necessary that the ariete go down a bit more to look for balloons and was able to participate in the creation of the played. <\/strong>That&#8217;s why it did not surprise his replacement to the hour of party, especially because had a yellow by a hard entrance that did not forgive him the main referee.<\/p>  <h2>Xavi changed the script of the party<\/h2>  <p>And it is that, in the 60&#8242;, arrived the alluvium of changes in the Bar\u00e7a. Xavi bet by the heavy artillery and gave gone in to Robert Lewandowski (precisely by Marc Guiu), \u00cdlkay G\u00fcndogan and Pedri Gonz\u00e1lez to have more command and print him more felt to the played. <strong>The Pole was not especially participatory, but the party finished resolving prompt with the goals of Jules Kound\u00e9 and Alejandro Balde. <\/strong><\/p> ","protected":false},"excerpt":{"rendered":"<p>Marc Guiu has made his debut as a starter in the FC Barcelona first team. He played the first 60 minutes of the game and left very good feelings&#8230; Will he be able to definitely sneak into Xavi Hern\u00e1ndez&#8217;s plans? The Glass of Rey, in his initial phases, is used to to be an opportunity [&hellip;]<\/p>\n","protected":false},"author":0,"featured_media":7397,"comment_status":"closed","ping_status":"open","sticky":false,"template":"","format":"standard","meta":{"_acf_changed":false,"inline_featured_image":false,"_nextfly_llmd_date_locked":false,"footnotes":""},"categories":[118,446],"tags":[310],"class_list":["post-7396","post","type-post","status-publish","format-standard","has-post-thumbnail","hentry","category-copa-del-rey","category-copa-del-rey-2","tag-marc-guiu"],"acf":[],"yoast_head":"<!-- This site is optimized with the Yoast SEO plugin v27.3 - https:\/\/yoast.com\/product\/yoast-seo-wordpress\/ -->\n<title>Aggressive and very mobile: Marc Guiu premi\u00e8red as &#039;9&#039; headline in Salamanca<\/title>\n<meta name=\"description\" content=\"Marc Guiu has premi\u00e8red like titling in the first team of the FC Barcelona. It contested the first 60 minutes of the party and left very good feelings... It will be able to colarse, definitively, in the plans of Xavi Hern\u00e1ndez?\" \/>\n<meta name=\"robots\" content=\"index, follow, max-snippet:-1, max-image-preview:large, max-video-preview:-1\" \/>\n<link rel=\"canonical\" href=\"https:\/\/www.fcbarcelonanoticias.com\/en\/copa-del-rey\/aggressive-and-very-mobile-marc-guiu-premiered-as-9-headline-in-salamanca_300030_102.html\" \/>\n<meta property=\"og:locale\" content=\"en_US\" \/>\n<meta property=\"og:type\" content=\"article\" \/>\n<meta property=\"og:title\" content=\"Aggressive and very mobile: Marc Guiu premi\u00e8red as &#039;9&#039; headline in Salamanca\" \/>\n<meta property=\"og:description\" content=\"Marc Guiu has premi\u00e8red like titling in the first team of the FC Barcelona. It contested the first 60 minutes of the party and left very good feelings... It will be able to colarse, definitively, in the plans of Xavi Hern\u00e1ndez?\" \/>\n<meta property=\"og:url\" content=\"https:\/\/www.fcbarcelonanoticias.com\/en\/copa-del-rey\/aggressive-and-very-mobile-marc-guiu-premiered-as-9-headline-in-salamanca_300030_102.html\" \/>\n<meta property=\"og:site_name\" content=\"EN - FC Barcelona Noticias\" \/>\n<meta property=\"article:published_time\" content=\"2024-01-18T21:14:00+00:00\" \/>\n<meta property=\"og:image\" content=\"https:\/\/www.fcbarcelonanoticias.com\/en\/wp-content\/uploads\/sites\/2\/2024\/01\/marc-guiu-en-el-partido-del-barca-contra-unionistas.jpeg\" \/>\n\t<meta property=\"og:image:width\" content=\"1200\" \/>\n\t<meta property=\"og:image:height\" content=\"675\" \/>\n\t<meta property=\"og:image:type\" content=\"image\/jpeg\" \/>\n<meta name=\"twitter:card\" content=\"summary_large_image\" \/>\n<meta name=\"twitter:label1\" content=\"Est. reading time\" \/>\n\t<meta name=\"twitter:data1\" content=\"3 minutes\" \/>\n<script type=\"application\/ld+json\" class=\"yoast-schema-graph\">{\"@context\":\"https:\\\/\\\/schema.org\",\"@graph\":[{\"@type\":\"Article\",\"@id\":\"https:\\\/\\\/www.fcbarcelonanoticias.com\\\/en\\\/copa-del-rey\\\/aggressive-and-very-mobile-marc-guiu-premiered-as-9-headline-in-salamanca_300030_102.html#article\",\"isPartOf\":{\"@id\":\"https:\\\/\\\/www.fcbarcelonanoticias.com\\\/en\\\/copa-del-rey\\\/aggressive-and-very-mobile-marc-guiu-premiered-as-9-headline-in-salamanca_300030_102.html\"},\"author\":{\"name\":\"\",\"@id\":\"\"},\"headline\":\"Aggressive and very mobile: Marc Guiu debuted as the starting &#8216;9&#8217; in Salamanca\",\"datePublished\":\"2024-01-18T21:14:00+00:00\",\"mainEntityOfPage\":{\"@id\":\"https:\\\/\\\/www.fcbarcelonanoticias.com\\\/en\\\/copa-del-rey\\\/aggressive-and-very-mobile-marc-guiu-premiered-as-9-headline-in-salamanca_300030_102.html\"},\"wordCount\":515,\"image\":{\"@id\":\"https:\\\/\\\/www.fcbarcelonanoticias.com\\\/en\\\/copa-del-rey\\\/aggressive-and-very-mobile-marc-guiu-premiered-as-9-headline-in-salamanca_300030_102.html#primaryimage\"},\"thumbnailUrl\":\"https:\\\/\\\/www.fcbarcelonanoticias.com\\\/en\\\/wp-content\\\/uploads\\\/sites\\\/2\\\/2024\\\/01\\\/marc-guiu-en-el-partido-del-barca-contra-unionistas.jpeg\",\"keywords\":[\"Marc Guiu\"],\"articleSection\":[\"Copa del Rey\",\"Copa del Rey\"],\"inLanguage\":\"en-US\"},{\"@type\":\"WebPage\",\"@id\":\"https:\\\/\\\/www.fcbarcelonanoticias.com\\\/en\\\/copa-del-rey\\\/aggressive-and-very-mobile-marc-guiu-premiered-as-9-headline-in-salamanca_300030_102.html\",\"url\":\"https:\\\/\\\/www.fcbarcelonanoticias.com\\\/en\\\/copa-del-rey\\\/aggressive-and-very-mobile-marc-guiu-premiered-as-9-headline-in-salamanca_300030_102.html\",\"name\":\"Aggressive and very mobile: Marc Guiu premi\u00e8red as '9' headline in Salamanca\",\"isPartOf\":{\"@id\":\"https:\\\/\\\/www.fcbarcelonanoticias.com\\\/en\\\/#website\"},\"primaryImageOfPage\":{\"@id\":\"https:\\\/\\\/www.fcbarcelonanoticias.com\\\/en\\\/copa-del-rey\\\/aggressive-and-very-mobile-marc-guiu-premiered-as-9-headline-in-salamanca_300030_102.html#primaryimage\"},\"image\":{\"@id\":\"https:\\\/\\\/www.fcbarcelonanoticias.com\\\/en\\\/copa-del-rey\\\/aggressive-and-very-mobile-marc-guiu-premiered-as-9-headline-in-salamanca_300030_102.html#primaryimage\"},\"thumbnailUrl\":\"https:\\\/\\\/www.fcbarcelonanoticias.com\\\/en\\\/wp-content\\\/uploads\\\/sites\\\/2\\\/2024\\\/01\\\/marc-guiu-en-el-partido-del-barca-contra-unionistas.jpeg\",\"datePublished\":\"2024-01-18T21:14:00+00:00\",\"author\":{\"@id\":\"\"},\"description\":\"Marc Guiu has premi\u00e8red like titling in the first team of the FC Barcelona. It contested the first 60 minutes of the party and left very good feelings... It will be able to colarse, definitively, in the plans of Xavi Hern\u00e1ndez?\",\"breadcrumb\":{\"@id\":\"https:\\\/\\\/www.fcbarcelonanoticias.com\\\/en\\\/copa-del-rey\\\/aggressive-and-very-mobile-marc-guiu-premiered-as-9-headline-in-salamanca_300030_102.html#breadcrumb\"},\"inLanguage\":\"en-US\",\"potentialAction\":[{\"@type\":\"ReadAction\",\"target\":[\"https:\\\/\\\/www.fcbarcelonanoticias.com\\\/en\\\/copa-del-rey\\\/aggressive-and-very-mobile-marc-guiu-premiered-as-9-headline-in-salamanca_300030_102.html\"]}]},{\"@type\":\"ImageObject\",\"inLanguage\":\"en-US\",\"@id\":\"https:\\\/\\\/www.fcbarcelonanoticias.com\\\/en\\\/copa-del-rey\\\/aggressive-and-very-mobile-marc-guiu-premiered-as-9-headline-in-salamanca_300030_102.html#primaryimage\",\"url\":\"https:\\\/\\\/www.fcbarcelonanoticias.com\\\/en\\\/wp-content\\\/uploads\\\/sites\\\/2\\\/2024\\\/01\\\/marc-guiu-en-el-partido-del-barca-contra-unionistas.jpeg\",\"contentUrl\":\"https:\\\/\\\/www.fcbarcelonanoticias.com\\\/en\\\/wp-content\\\/uploads\\\/sites\\\/2\\\/2024\\\/01\\\/marc-guiu-en-el-partido-del-barca-contra-unionistas.jpeg\",\"width\":1200,\"height\":675},{\"@type\":\"BreadcrumbList\",\"@id\":\"https:\\\/\\\/www.fcbarcelonanoticias.com\\\/en\\\/copa-del-rey\\\/aggressive-and-very-mobile-marc-guiu-premiered-as-9-headline-in-salamanca_300030_102.html#breadcrumb\",\"itemListElement\":[{\"@type\":\"ListItem\",\"position\":1,\"name\":\"Portada\",\"item\":\"https:\\\/\\\/www.fcbarcelonanoticias.com\\\/en\\\/\"},{\"@type\":\"ListItem\",\"position\":2,\"name\":\"Aggressive and very mobile: Marc Guiu debuted as the starting &#8216;9&#8217; in Salamanca\"}]},{\"@type\":\"WebSite\",\"@id\":\"https:\\\/\\\/www.fcbarcelonanoticias.com\\\/en\\\/#website\",\"url\":\"https:\\\/\\\/www.fcbarcelonanoticias.com\\\/en\\\/\",\"name\":\"EN - FC Barcelona Noticias\",\"description\":\"\",\"potentialAction\":[{\"@type\":\"SearchAction\",\"target\":{\"@type\":\"EntryPoint\",\"urlTemplate\":\"https:\\\/\\\/www.fcbarcelonanoticias.com\\\/en\\\/?s={search_term_string}\"},\"query-input\":{\"@type\":\"PropertyValueSpecification\",\"valueRequired\":true,\"valueName\":\"search_term_string\"}}],\"inLanguage\":\"en-US\"}]}<\/script>\n<!-- \/ Yoast SEO plugin. -->","yoast_head_json":{"title":"Aggressive and very mobile: Marc Guiu premi\u00e8red as '9' headline in Salamanca","description":"Marc Guiu has premi\u00e8red like titling in the first team of the FC Barcelona. It contested the first 60 minutes of the party and left very good feelings... It will be able to colarse, definitively, in the plans of Xavi Hern\u00e1ndez?","robots":{"index":"index","follow":"follow","max-snippet":"max-snippet:-1","max-image-preview":"max-image-preview:large","max-video-preview":"max-video-preview:-1"},"canonical":"https:\/\/www.fcbarcelonanoticias.com\/en\/copa-del-rey\/aggressive-and-very-mobile-marc-guiu-premiered-as-9-headline-in-salamanca_300030_102.html","og_locale":"en_US","og_type":"article","og_title":"Aggressive and very mobile: Marc Guiu premi\u00e8red as '9' headline in Salamanca","og_description":"Marc Guiu has premi\u00e8red like titling in the first team of the FC Barcelona. It contested the first 60 minutes of the party and left very good feelings... It will be able to colarse, definitively, in the plans of Xavi Hern\u00e1ndez?","og_url":"https:\/\/www.fcbarcelonanoticias.com\/en\/copa-del-rey\/aggressive-and-very-mobile-marc-guiu-premiered-as-9-headline-in-salamanca_300030_102.html","og_site_name":"EN - FC Barcelona Noticias","article_published_time":"2024-01-18T21:14:00+00:00","og_image":[{"width":1200,"height":675,"url":"https:\/\/www.fcbarcelonanoticias.com\/en\/wp-content\/uploads\/sites\/2\/2024\/01\/marc-guiu-en-el-partido-del-barca-contra-unionistas.jpeg","type":"image\/jpeg"}],"twitter_card":"summary_large_image","twitter_misc":{"Est. reading time":"3 minutes"},"schema":{"@context":"https:\/\/schema.org","@graph":[{"@type":"Article","@id":"https:\/\/www.fcbarcelonanoticias.com\/en\/copa-del-rey\/aggressive-and-very-mobile-marc-guiu-premiered-as-9-headline-in-salamanca_300030_102.html#article","isPartOf":{"@id":"https:\/\/www.fcbarcelonanoticias.com\/en\/copa-del-rey\/aggressive-and-very-mobile-marc-guiu-premiered-as-9-headline-in-salamanca_300030_102.html"},"author":{"name":"","@id":""},"headline":"Aggressive and very mobile: Marc Guiu debuted as the starting &#8216;9&#8217; in Salamanca","datePublished":"2024-01-18T21:14:00+00:00","mainEntityOfPage":{"@id":"https:\/\/www.fcbarcelonanoticias.com\/en\/copa-del-rey\/aggressive-and-very-mobile-marc-guiu-premiered-as-9-headline-in-salamanca_300030_102.html"},"wordCount":515,"image":{"@id":"https:\/\/www.fcbarcelonanoticias.com\/en\/copa-del-rey\/aggressive-and-very-mobile-marc-guiu-premiered-as-9-headline-in-salamanca_300030_102.html#primaryimage"},"thumbnailUrl":"https:\/\/www.fcbarcelonanoticias.com\/en\/wp-content\/uploads\/sites\/2\/2024\/01\/marc-guiu-en-el-partido-del-barca-contra-unionistas.jpeg","keywords":["Marc Guiu"],"articleSection":["Copa del Rey","Copa del Rey"],"inLanguage":"en-US"},{"@type":"WebPage","@id":"https:\/\/www.fcbarcelonanoticias.com\/en\/copa-del-rey\/aggressive-and-very-mobile-marc-guiu-premiered-as-9-headline-in-salamanca_300030_102.html","url":"https:\/\/www.fcbarcelonanoticias.com\/en\/copa-del-rey\/aggressive-and-very-mobile-marc-guiu-premiered-as-9-headline-in-salamanca_300030_102.html","name":"Aggressive and very mobile: Marc Guiu premi\u00e8red as '9' headline in Salamanca","isPartOf":{"@id":"https:\/\/www.fcbarcelonanoticias.com\/en\/#website"},"primaryImageOfPage":{"@id":"https:\/\/www.fcbarcelonanoticias.com\/en\/copa-del-rey\/aggressive-and-very-mobile-marc-guiu-premiered-as-9-headline-in-salamanca_300030_102.html#primaryimage"},"image":{"@id":"https:\/\/www.fcbarcelonanoticias.com\/en\/copa-del-rey\/aggressive-and-very-mobile-marc-guiu-premiered-as-9-headline-in-salamanca_300030_102.html#primaryimage"},"thumbnailUrl":"https:\/\/www.fcbarcelonanoticias.com\/en\/wp-content\/uploads\/sites\/2\/2024\/01\/marc-guiu-en-el-partido-del-barca-contra-unionistas.jpeg","datePublished":"2024-01-18T21:14:00+00:00","author":{"@id":""},"description":"Marc Guiu has premi\u00e8red like titling in the first team of the FC Barcelona. It contested the first 60 minutes of the party and left very good feelings... It will be able to colarse, definitively, in the plans of Xavi Hern\u00e1ndez?","breadcrumb":{"@id":"https:\/\/www.fcbarcelonanoticias.com\/en\/copa-del-rey\/aggressive-and-very-mobile-marc-guiu-premiered-as-9-headline-in-salamanca_300030_102.html#breadcrumb"},"inLanguage":"en-US","potentialAction":[{"@type":"ReadAction","target":["https:\/\/www.fcbarcelonanoticias.com\/en\/copa-del-rey\/aggressive-and-very-mobile-marc-guiu-premiered-as-9-headline-in-salamanca_300030_102.html"]}]},{"@type":"ImageObject","inLanguage":"en-US","@id":"https:\/\/www.fcbarcelonanoticias.com\/en\/copa-del-rey\/aggressive-and-very-mobile-marc-guiu-premiered-as-9-headline-in-salamanca_300030_102.html#primaryimage","url":"https:\/\/www.fcbarcelonanoticias.com\/en\/wp-content\/uploads\/sites\/2\/2024\/01\/marc-guiu-en-el-partido-del-barca-contra-unionistas.jpeg","contentUrl":"https:\/\/www.fcbarcelonanoticias.com\/en\/wp-content\/uploads\/sites\/2\/2024\/01\/marc-guiu-en-el-partido-del-barca-contra-unionistas.jpeg","width":1200,"height":675},{"@type":"BreadcrumbList","@id":"https:\/\/www.fcbarcelonanoticias.com\/en\/copa-del-rey\/aggressive-and-very-mobile-marc-guiu-premiered-as-9-headline-in-salamanca_300030_102.html#breadcrumb","itemListElement":[{"@type":"ListItem","position":1,"name":"Portada","item":"https:\/\/www.fcbarcelonanoticias.com\/en\/"},{"@type":"ListItem","position":2,"name":"Aggressive and very mobile: Marc Guiu debuted as the starting &#8216;9&#8217; in Salamanca"}]},{"@type":"WebSite","@id":"https:\/\/www.fcbarcelonanoticias.com\/en\/#website","url":"https:\/\/www.fcbarcelonanoticias.com\/en\/","name":"EN - FC Barcelona Noticias","description":"","potentialAction":[{"@type":"SearchAction","target":{"@type":"EntryPoint","urlTemplate":"https:\/\/www.fcbarcelonanoticias.com\/en\/?s={search_term_string}"},"query-input":{"@type":"PropertyValueSpecification","valueRequired":true,"valueName":"search_term_string"}}],"inLanguage":"en-US"}]}},"_links":{"self":[{"href":"https:\/\/www.fcbarcelonanoticias.com\/en\/wp-json\/wp\/v2\/posts\/7396","targetHints":{"allow":["GET"]}}],"collection":[{"href":"https:\/\/www.fcbarcelonanoticias.com\/en\/wp-json\/wp\/v2\/posts"}],"about":[{"href":"https:\/\/www.fcbarcelonanoticias.com\/en\/wp-json\/wp\/v2\/types\/post"}],"replies":[{"embeddable":true,"href":"https:\/\/www.fcbarcelonanoticias.com\/en\/wp-json\/wp\/v2\/comments?post=7396"}],"version-history":[{"count":1,"href":"https:\/\/www.fcbarcelonanoticias.com\/en\/wp-json\/wp\/v2\/posts\/7396\/revisions"}],"predecessor-version":[{"id":103584,"href":"https:\/\/www.fcbarcelonanoticias.com\/en\/wp-json\/wp\/v2\/posts\/7396\/revisions\/103584"}],"wp:featuredmedia":[{"embeddable":true,"href":"https:\/\/www.fcbarcelonanoticias.com\/en\/wp-json\/wp\/v2\/media\/7397"}],"wp:attachment":[{"href":"https:\/\/www.fcbarcelonanoticias.com\/en\/wp-json\/wp\/v2\/media?parent=7396"}],"wp:term":[{"taxonomy":"category","embeddable":true,"href":"https:\/\/www.fcbarcelonanoticias.com\/en\/wp-json\/wp\/v2\/categories?post=7396"},{"taxonomy":"post_tag","embeddable":true,"href":"https:\/\/www.fcbarcelonanoticias.com\/en\/wp-json\/wp\/v2\/tags?post=7396"}],"curies":[{"name":"wp","href":"https:\/\/api.w.org\/{rel}","templated":true}]}}