{"id":73967,"date":"2023-06-06T18:13:00","date_gmt":"2023-06-06T16:13:00","guid":{"rendered":"https:\/\/weisetech.dev\/fc-barcelona-noticias\/en\/julian-araujo-finally-debuted-with-barca-and-presented-his-candidacy-to-stay_292987_102\/"},"modified":"2023-06-06T18:13:00","modified_gmt":"2023-06-06T16:13:00","slug":"julian-araujo-finally-debuted-with-barca-and-presented-his-candidacy-to-stay_292987_102","status":"publish","type":"post","link":"https:\/\/www.fcbarcelonanoticias.com\/en\/players\/julian-araujo-finally-debuted-with-barca-and-presented-his-candidacy-to-stay_292987_102.html","title":{"rendered":"Juli\u00e1n Araujo finally debuted with Bar\u00e7a and presented his candidacy to stay"},"content":{"rendered":"<h2 class=\"wp-block-heading\">Although he surely has details to improve, certainly Juli\u00e1n Araujo has shown that he does not clash playing with the first team of FC Barcelona, great news for the club<\/h2>  \r\n<div class=\"article-addons\">\r\n    <a href=\"https:\/\/www.fcbarcelonanoticias.com\/en\/calendar-fc-barcelona.html\"\r\n       target=\"_self\"\r\n       title=\"Calendar of FC Barcelona\"\r\n       class=\"blue-gredient-btn\">\r\n       \r\n        Calendar of FC Barcelona    <\/a>\r\n<\/div>   <p><a data-external=\"0\" data-intl-links-en=\"https:\/\/www.fcbarcelonanoticias.com\/en\/transfers\/renewals-transfers-includes-plan-viability-fc-barcelona_292966_102.html\" data-intl-links-es=\"https:\/\/www.fcbarcelonanoticias.com\/fichajes\/renovaciones-fichajes-incluye-plan-viabilidad-fc-barcelona_292966_102.html\" href=\"https:\/\/www.fcbarcelonanoticias.com\/en\/transfers\/renewals-transfers-includes-plan-viability-fc-barcelona_292966_102.html\" rel=\"follow\" target=\"_self\" title=\"Las renovaciones y fichajes que incluye el plan de viabilidad del FC Barcelona\">The FC Barcelona<\/a> did the duties and <a data-external=\"0\" data-intl-links-en=\"https:\/\/www.fcbarcelonanoticias.com\/en\/fc-barcelona\/the-barca-surpasses-the-proof-against-the-vissel-in-the-goodbye-of-nbsp-iniesta-nbsp-0-2_292983_102.html\" data-intl-links-es=\"https:\/\/www.fcbarcelonanoticias.com\/fc-barcelona\/barca-supera-compromiso-contra-vissel-en-adios-de-iniesta-0-2_292983_102.html\" href=\"https:\/\/www.fcbarcelonanoticias.com\/en\/fc-barcelona\/the-barca-surpasses-the-proof-against-the-vissel-in-the-goodbye-of-nbsp-iniesta-nbsp-0-2_292983_102.html\" rel=\"follow\" target=\"_self\" title=\"El Bar\u00e7a supera su compromiso contra el Vissel en el adi\u00f3s a&nbsp;Iniesta&nbsp;(0-2)\">defeated to the Vissel Kobe this Tuesday<\/a> to close his season and allow that the players leave on holiday while in the dispatches continue scheduling the next season. <strong>One of the points that Xavi Hern\u00e1ndez and Mateu Alemany have slope of resolution is what do with the right side, something for what Juli\u00e1n Araujo can present a solution.<\/strong><\/p>  <p>And it is that when treating of a friendly, the party in front of the Japanese team allowed the debut of the defender with the Barcelona T-shirt after his signing the past winter, which concretised out of the time limit by a problem of the FIFA and left to the Mexican without index card of the first team or the filial. <strong>Thus the technical body has left to the ex Galaxy during the 90 minutes, planting it even in both sides.<\/strong><\/p>  <p>Precisely this last point has been the big appeal of the North American in his first party like cul\u00e9, <strong>one in which it has been correct during the first time and a bit calmer in the second half.<\/strong> In the following video can observe the best of the party of Araujo, the one who raises the hand to be considered like alternative for the right-handed side.<\/p>  <blockquote class=\"twitter-tweet\"> <p dir=\"ltr\" lang=\"zxx\"><a href=\"https:\/\/t.co\/en\/ukcpU5Mrbv\">pic.twitter.com\/ukcpu5mrbv<\/a><\/p> \u2014 Follow @arsenkvefcb (@AKFCBVideos) <a href=\"https:\/\/twitter.com\/en\/AKFCBVideos\/status\/1666099629921042432?ref_src=twsrc%5Etfw\">June 6, 2023<\/a> <\/blockquote>  <p>Already it has remained clear that the Mexican footballer has a big relation with the players of the first team, by what the adaptation to a so important club seems very advanced, <strong>adding also that has worked during several months with Xavi. Without an additional cost,<\/strong> and an index card of the filial of initial way, Araujo can resolve a situation in which the Catalan technician does not want to spend too much money.<\/p>  <p>The m\u00edster prefers to centre in the signing of a mediocentro, as well as in a forward to accompany to Lewandowski and to Messi -if it finishes arriving- and that deliver more competition to Raphinha and Demb\u00e9l\u00e9. The polivalencia of Araujo, <strong>so much in offensive phase like defensive, in addition to being an option for the left side,<\/strong> leaves opened the door so that it do the pre-season and convince to the technical body.<\/p> ","protected":false},"excerpt":{"rendered":"<p>Although he surely has details to improve, certainly Juli\u00e1n Araujo has shown that he does not clash playing with the first team of FC Barcelona, great news for the club The FC Barcelona did the duties and defeated to the Vissel Kobe this Tuesday to close his season and allow that the players leave on [&hellip;]<\/p>\n","protected":false},"author":345,"featured_media":22728,"comment_status":"closed","ping_status":"open","sticky":false,"template":"","format":"standard","meta":{"_acf_changed":false,"inline_featured_image":false,"_nextfly_llmd_date_locked":false,"footnotes":""},"categories":[453,107],"tags":[380,48],"class_list":["post-73967","post","type-post","status-publish","format-standard","has-post-thumbnail","hentry","category-players-2","category-players","tag-julian-araujo","tag-xavi-hernandez"],"acf":[],"yoast_head":"<!-- This site is optimized with the Yoast SEO plugin v27.3 - https:\/\/yoast.com\/product\/yoast-seo-wordpress\/ -->\n<title>Juli\u00e1n Araujo finally debuted with Bar\u00e7a and presented his candidacy to stay<\/title>\n<meta name=\"description\" content=\"Although he surely has details to improve, certainly Juli\u00e1n Araujo has shown that he does not clash playing with the first team of FC Barcelona, great news for the club\" \/>\n<meta name=\"robots\" content=\"index, follow, max-snippet:-1, max-image-preview:large, max-video-preview:-1\" \/>\n<link rel=\"canonical\" href=\"https:\/\/www.fcbarcelonanoticias.com\/en\/players\/julian-araujo-finally-debuted-with-barca-and-presented-his-candidacy-to-stay_292987_102.html\" \/>\n<meta property=\"og:locale\" content=\"en_US\" \/>\n<meta property=\"og:type\" content=\"article\" \/>\n<meta property=\"og:title\" content=\"Juli\u00e1n Araujo finally debuted with Bar\u00e7a and presented his candidacy to stay\" \/>\n<meta property=\"og:description\" content=\"Although he surely has details to improve, certainly Juli\u00e1n Araujo has shown that he does not clash playing with the first team of FC Barcelona, great news for the club\" \/>\n<meta property=\"og:url\" content=\"https:\/\/www.fcbarcelonanoticias.com\/en\/players\/julian-araujo-finally-debuted-with-barca-and-presented-his-candidacy-to-stay_292987_102.html\" \/>\n<meta property=\"og:site_name\" content=\"EN - FC Barcelona Noticias\" \/>\n<meta property=\"article:published_time\" content=\"2023-06-06T16:13:00+00:00\" \/>\n<meta property=\"og:image\" content=\"https:\/\/www.fcbarcelonanoticias.com\/en\/wp-content\/uploads\/sites\/2\/2023\/08\/julian-araujo-partido.jpeg\" \/>\n\t<meta property=\"og:image:width\" content=\"1300\" \/>\n\t<meta property=\"og:image:height\" content=\"735\" \/>\n\t<meta property=\"og:image:type\" content=\"image\/jpeg\" \/>\n<meta name=\"author\" content=\"Carlos Montenegro\" \/>\n<meta name=\"twitter:card\" content=\"summary_large_image\" \/>\n<meta name=\"twitter:label1\" content=\"Written by\" \/>\n\t<meta name=\"twitter:data1\" content=\"Carlos Montenegro\" \/>\n\t<meta name=\"twitter:label2\" content=\"Est. reading time\" \/>\n\t<meta name=\"twitter:data2\" content=\"2 minutes\" \/>\n<script type=\"application\/ld+json\" class=\"yoast-schema-graph\">{\"@context\":\"https:\\\/\\\/schema.org\",\"@graph\":[{\"@type\":\"Article\",\"@id\":\"https:\\\/\\\/www.fcbarcelonanoticias.com\\\/en\\\/players\\\/julian-araujo-finally-debuted-with-barca-and-presented-his-candidacy-to-stay_292987_102.html#article\",\"isPartOf\":{\"@id\":\"https:\\\/\\\/www.fcbarcelonanoticias.com\\\/en\\\/players\\\/julian-araujo-finally-debuted-with-barca-and-presented-his-candidacy-to-stay_292987_102.html\"},\"author\":{\"name\":\"Carlos Montenegro\",\"@id\":\"https:\\\/\\\/www.fcbarcelonanoticias.com\\\/en\\\/#\\\/schema\\\/person\\\/aa1d038709c262cb247e240f6b39bbf5\"},\"headline\":\"Juli\u00e1n Araujo finally debuted with Bar\u00e7a and presented his candidacy to stay\",\"datePublished\":\"2023-06-06T16:13:00+00:00\",\"mainEntityOfPage\":{\"@id\":\"https:\\\/\\\/www.fcbarcelonanoticias.com\\\/en\\\/players\\\/julian-araujo-finally-debuted-with-barca-and-presented-his-candidacy-to-stay_292987_102.html\"},\"wordCount\":417,\"image\":{\"@id\":\"https:\\\/\\\/www.fcbarcelonanoticias.com\\\/en\\\/players\\\/julian-araujo-finally-debuted-with-barca-and-presented-his-candidacy-to-stay_292987_102.html#primaryimage\"},\"thumbnailUrl\":\"https:\\\/\\\/www.fcbarcelonanoticias.com\\\/en\\\/wp-content\\\/uploads\\\/sites\\\/2\\\/2023\\\/08\\\/julian-araujo-partido.jpeg\",\"keywords\":[\"Juli\u00e1n Araujo\",\"Xavi Hern\u00e1ndez\"],\"articleSection\":[\"Players\",\"Players\"],\"inLanguage\":\"en-US\"},{\"@type\":\"WebPage\",\"@id\":\"https:\\\/\\\/www.fcbarcelonanoticias.com\\\/en\\\/players\\\/julian-araujo-finally-debuted-with-barca-and-presented-his-candidacy-to-stay_292987_102.html\",\"url\":\"https:\\\/\\\/www.fcbarcelonanoticias.com\\\/en\\\/players\\\/julian-araujo-finally-debuted-with-barca-and-presented-his-candidacy-to-stay_292987_102.html\",\"name\":\"Juli\u00e1n Araujo finally debuted with Bar\u00e7a and presented his candidacy to stay\",\"isPartOf\":{\"@id\":\"https:\\\/\\\/www.fcbarcelonanoticias.com\\\/en\\\/#website\"},\"primaryImageOfPage\":{\"@id\":\"https:\\\/\\\/www.fcbarcelonanoticias.com\\\/en\\\/players\\\/julian-araujo-finally-debuted-with-barca-and-presented-his-candidacy-to-stay_292987_102.html#primaryimage\"},\"image\":{\"@id\":\"https:\\\/\\\/www.fcbarcelonanoticias.com\\\/en\\\/players\\\/julian-araujo-finally-debuted-with-barca-and-presented-his-candidacy-to-stay_292987_102.html#primaryimage\"},\"thumbnailUrl\":\"https:\\\/\\\/www.fcbarcelonanoticias.com\\\/en\\\/wp-content\\\/uploads\\\/sites\\\/2\\\/2023\\\/08\\\/julian-araujo-partido.jpeg\",\"datePublished\":\"2023-06-06T16:13:00+00:00\",\"author\":{\"@id\":\"https:\\\/\\\/www.fcbarcelonanoticias.com\\\/en\\\/#\\\/schema\\\/person\\\/aa1d038709c262cb247e240f6b39bbf5\"},\"description\":\"Although he surely has details to improve, certainly Juli\u00e1n Araujo has shown that he does not clash playing with the first team of FC Barcelona, great news for the club\",\"breadcrumb\":{\"@id\":\"https:\\\/\\\/www.fcbarcelonanoticias.com\\\/en\\\/players\\\/julian-araujo-finally-debuted-with-barca-and-presented-his-candidacy-to-stay_292987_102.html#breadcrumb\"},\"inLanguage\":\"en-US\",\"potentialAction\":[{\"@type\":\"ReadAction\",\"target\":[\"https:\\\/\\\/www.fcbarcelonanoticias.com\\\/en\\\/players\\\/julian-araujo-finally-debuted-with-barca-and-presented-his-candidacy-to-stay_292987_102.html\"]}]},{\"@type\":\"ImageObject\",\"inLanguage\":\"en-US\",\"@id\":\"https:\\\/\\\/www.fcbarcelonanoticias.com\\\/en\\\/players\\\/julian-araujo-finally-debuted-with-barca-and-presented-his-candidacy-to-stay_292987_102.html#primaryimage\",\"url\":\"https:\\\/\\\/www.fcbarcelonanoticias.com\\\/en\\\/wp-content\\\/uploads\\\/sites\\\/2\\\/2023\\\/08\\\/julian-araujo-partido.jpeg\",\"contentUrl\":\"https:\\\/\\\/www.fcbarcelonanoticias.com\\\/en\\\/wp-content\\\/uploads\\\/sites\\\/2\\\/2023\\\/08\\\/julian-araujo-partido.jpeg\",\"width\":1300,\"height\":735},{\"@type\":\"BreadcrumbList\",\"@id\":\"https:\\\/\\\/www.fcbarcelonanoticias.com\\\/en\\\/players\\\/julian-araujo-finally-debuted-with-barca-and-presented-his-candidacy-to-stay_292987_102.html#breadcrumb\",\"itemListElement\":[{\"@type\":\"ListItem\",\"position\":1,\"name\":\"Portada\",\"item\":\"https:\\\/\\\/www.fcbarcelonanoticias.com\\\/en\\\/\"},{\"@type\":\"ListItem\",\"position\":2,\"name\":\"Juli\u00e1n Araujo finally debuted with Bar\u00e7a and presented his candidacy to stay\"}]},{\"@type\":\"WebSite\",\"@id\":\"https:\\\/\\\/www.fcbarcelonanoticias.com\\\/en\\\/#website\",\"url\":\"https:\\\/\\\/www.fcbarcelonanoticias.com\\\/en\\\/\",\"name\":\"EN - FC Barcelona Noticias\",\"description\":\"\",\"potentialAction\":[{\"@type\":\"SearchAction\",\"target\":{\"@type\":\"EntryPoint\",\"urlTemplate\":\"https:\\\/\\\/www.fcbarcelonanoticias.com\\\/en\\\/?s={search_term_string}\"},\"query-input\":{\"@type\":\"PropertyValueSpecification\",\"valueRequired\":true,\"valueName\":\"search_term_string\"}}],\"inLanguage\":\"en-US\"},{\"@type\":\"Person\",\"@id\":\"https:\\\/\\\/www.fcbarcelonanoticias.com\\\/en\\\/#\\\/schema\\\/person\\\/aa1d038709c262cb247e240f6b39bbf5\",\"name\":\"Carlos Montenegro\",\"image\":{\"@type\":\"ImageObject\",\"inLanguage\":\"en-US\",\"@id\":\"https:\\\/\\\/secure.gravatar.com\\\/avatar\\\/?s=96&d=mm&r=g\",\"url\":\"https:\\\/\\\/secure.gravatar.com\\\/avatar\\\/?s=96&d=mm&r=g\",\"contentUrl\":\"https:\\\/\\\/secure.gravatar.com\\\/avatar\\\/?s=96&d=mm&r=g\",\"caption\":\"Carlos Montenegro\"},\"url\":\"https:\\\/\\\/www.fcbarcelonanoticias.com\\\/en\\\/carlos-montenegro_20_115.html\"}]}<\/script>\n<!-- \/ Yoast SEO plugin. -->","yoast_head_json":{"title":"Juli\u00e1n Araujo finally debuted with Bar\u00e7a and presented his candidacy to stay","description":"Although he surely has details to improve, certainly Juli\u00e1n Araujo has shown that he does not clash playing with the first team of FC Barcelona, great news for the club","robots":{"index":"index","follow":"follow","max-snippet":"max-snippet:-1","max-image-preview":"max-image-preview:large","max-video-preview":"max-video-preview:-1"},"canonical":"https:\/\/www.fcbarcelonanoticias.com\/en\/players\/julian-araujo-finally-debuted-with-barca-and-presented-his-candidacy-to-stay_292987_102.html","og_locale":"en_US","og_type":"article","og_title":"Juli\u00e1n Araujo finally debuted with Bar\u00e7a and presented his candidacy to stay","og_description":"Although he surely has details to improve, certainly Juli\u00e1n Araujo has shown that he does not clash playing with the first team of FC Barcelona, great news for the club","og_url":"https:\/\/www.fcbarcelonanoticias.com\/en\/players\/julian-araujo-finally-debuted-with-barca-and-presented-his-candidacy-to-stay_292987_102.html","og_site_name":"EN - FC Barcelona Noticias","article_published_time":"2023-06-06T16:13:00+00:00","og_image":[{"width":1300,"height":735,"url":"https:\/\/www.fcbarcelonanoticias.com\/en\/wp-content\/uploads\/sites\/2\/2023\/08\/julian-araujo-partido.jpeg","type":"image\/jpeg"}],"author":"Carlos Montenegro","twitter_card":"summary_large_image","twitter_misc":{"Written by":"Carlos Montenegro","Est. reading time":"2 minutes"},"schema":{"@context":"https:\/\/schema.org","@graph":[{"@type":"Article","@id":"https:\/\/www.fcbarcelonanoticias.com\/en\/players\/julian-araujo-finally-debuted-with-barca-and-presented-his-candidacy-to-stay_292987_102.html#article","isPartOf":{"@id":"https:\/\/www.fcbarcelonanoticias.com\/en\/players\/julian-araujo-finally-debuted-with-barca-and-presented-his-candidacy-to-stay_292987_102.html"},"author":{"name":"Carlos Montenegro","@id":"https:\/\/www.fcbarcelonanoticias.com\/en\/#\/schema\/person\/aa1d038709c262cb247e240f6b39bbf5"},"headline":"Juli\u00e1n Araujo finally debuted with Bar\u00e7a and presented his candidacy to stay","datePublished":"2023-06-06T16:13:00+00:00","mainEntityOfPage":{"@id":"https:\/\/www.fcbarcelonanoticias.com\/en\/players\/julian-araujo-finally-debuted-with-barca-and-presented-his-candidacy-to-stay_292987_102.html"},"wordCount":417,"image":{"@id":"https:\/\/www.fcbarcelonanoticias.com\/en\/players\/julian-araujo-finally-debuted-with-barca-and-presented-his-candidacy-to-stay_292987_102.html#primaryimage"},"thumbnailUrl":"https:\/\/www.fcbarcelonanoticias.com\/en\/wp-content\/uploads\/sites\/2\/2023\/08\/julian-araujo-partido.jpeg","keywords":["Juli\u00e1n Araujo","Xavi Hern\u00e1ndez"],"articleSection":["Players","Players"],"inLanguage":"en-US"},{"@type":"WebPage","@id":"https:\/\/www.fcbarcelonanoticias.com\/en\/players\/julian-araujo-finally-debuted-with-barca-and-presented-his-candidacy-to-stay_292987_102.html","url":"https:\/\/www.fcbarcelonanoticias.com\/en\/players\/julian-araujo-finally-debuted-with-barca-and-presented-his-candidacy-to-stay_292987_102.html","name":"Juli\u00e1n Araujo finally debuted with Bar\u00e7a and presented his candidacy to stay","isPartOf":{"@id":"https:\/\/www.fcbarcelonanoticias.com\/en\/#website"},"primaryImageOfPage":{"@id":"https:\/\/www.fcbarcelonanoticias.com\/en\/players\/julian-araujo-finally-debuted-with-barca-and-presented-his-candidacy-to-stay_292987_102.html#primaryimage"},"image":{"@id":"https:\/\/www.fcbarcelonanoticias.com\/en\/players\/julian-araujo-finally-debuted-with-barca-and-presented-his-candidacy-to-stay_292987_102.html#primaryimage"},"thumbnailUrl":"https:\/\/www.fcbarcelonanoticias.com\/en\/wp-content\/uploads\/sites\/2\/2023\/08\/julian-araujo-partido.jpeg","datePublished":"2023-06-06T16:13:00+00:00","author":{"@id":"https:\/\/www.fcbarcelonanoticias.com\/en\/#\/schema\/person\/aa1d038709c262cb247e240f6b39bbf5"},"description":"Although he surely has details to improve, certainly Juli\u00e1n Araujo has shown that he does not clash playing with the first team of FC Barcelona, great news for the club","breadcrumb":{"@id":"https:\/\/www.fcbarcelonanoticias.com\/en\/players\/julian-araujo-finally-debuted-with-barca-and-presented-his-candidacy-to-stay_292987_102.html#breadcrumb"},"inLanguage":"en-US","potentialAction":[{"@type":"ReadAction","target":["https:\/\/www.fcbarcelonanoticias.com\/en\/players\/julian-araujo-finally-debuted-with-barca-and-presented-his-candidacy-to-stay_292987_102.html"]}]},{"@type":"ImageObject","inLanguage":"en-US","@id":"https:\/\/www.fcbarcelonanoticias.com\/en\/players\/julian-araujo-finally-debuted-with-barca-and-presented-his-candidacy-to-stay_292987_102.html#primaryimage","url":"https:\/\/www.fcbarcelonanoticias.com\/en\/wp-content\/uploads\/sites\/2\/2023\/08\/julian-araujo-partido.jpeg","contentUrl":"https:\/\/www.fcbarcelonanoticias.com\/en\/wp-content\/uploads\/sites\/2\/2023\/08\/julian-araujo-partido.jpeg","width":1300,"height":735},{"@type":"BreadcrumbList","@id":"https:\/\/www.fcbarcelonanoticias.com\/en\/players\/julian-araujo-finally-debuted-with-barca-and-presented-his-candidacy-to-stay_292987_102.html#breadcrumb","itemListElement":[{"@type":"ListItem","position":1,"name":"Portada","item":"https:\/\/www.fcbarcelonanoticias.com\/en\/"},{"@type":"ListItem","position":2,"name":"Juli\u00e1n Araujo finally debuted with Bar\u00e7a and presented his candidacy to stay"}]},{"@type":"WebSite","@id":"https:\/\/www.fcbarcelonanoticias.com\/en\/#website","url":"https:\/\/www.fcbarcelonanoticias.com\/en\/","name":"EN - FC Barcelona Noticias","description":"","potentialAction":[{"@type":"SearchAction","target":{"@type":"EntryPoint","urlTemplate":"https:\/\/www.fcbarcelonanoticias.com\/en\/?s={search_term_string}"},"query-input":{"@type":"PropertyValueSpecification","valueRequired":true,"valueName":"search_term_string"}}],"inLanguage":"en-US"},{"@type":"Person","@id":"https:\/\/www.fcbarcelonanoticias.com\/en\/#\/schema\/person\/aa1d038709c262cb247e240f6b39bbf5","name":"Carlos Montenegro","image":{"@type":"ImageObject","inLanguage":"en-US","@id":"https:\/\/secure.gravatar.com\/avatar\/?s=96&d=mm&r=g","url":"https:\/\/secure.gravatar.com\/avatar\/?s=96&d=mm&r=g","contentUrl":"https:\/\/secure.gravatar.com\/avatar\/?s=96&d=mm&r=g","caption":"Carlos Montenegro"},"url":"https:\/\/www.fcbarcelonanoticias.com\/en\/carlos-montenegro_20_115.html"}]}},"_links":{"self":[{"href":"https:\/\/www.fcbarcelonanoticias.com\/en\/wp-json\/wp\/v2\/posts\/73967","targetHints":{"allow":["GET"]}}],"collection":[{"href":"https:\/\/www.fcbarcelonanoticias.com\/en\/wp-json\/wp\/v2\/posts"}],"about":[{"href":"https:\/\/www.fcbarcelonanoticias.com\/en\/wp-json\/wp\/v2\/types\/post"}],"author":[{"embeddable":true,"href":"https:\/\/www.fcbarcelonanoticias.com\/en\/wp-json\/wp\/v2\/users\/345"}],"replies":[{"embeddable":true,"href":"https:\/\/www.fcbarcelonanoticias.com\/en\/wp-json\/wp\/v2\/comments?post=73967"}],"version-history":[{"count":1,"href":"https:\/\/www.fcbarcelonanoticias.com\/en\/wp-json\/wp\/v2\/posts\/73967\/revisions"}],"predecessor-version":[{"id":120498,"href":"https:\/\/www.fcbarcelonanoticias.com\/en\/wp-json\/wp\/v2\/posts\/73967\/revisions\/120498"}],"wp:featuredmedia":[{"embeddable":true,"href":"https:\/\/www.fcbarcelonanoticias.com\/en\/wp-json\/wp\/v2\/media\/22728"}],"wp:attachment":[{"href":"https:\/\/www.fcbarcelonanoticias.com\/en\/wp-json\/wp\/v2\/media?parent=73967"}],"wp:term":[{"taxonomy":"category","embeddable":true,"href":"https:\/\/www.fcbarcelonanoticias.com\/en\/wp-json\/wp\/v2\/categories?post=73967"},{"taxonomy":"post_tag","embeddable":true,"href":"https:\/\/www.fcbarcelonanoticias.com\/en\/wp-json\/wp\/v2\/tags?post=73967"}],"curies":[{"name":"wp","href":"https:\/\/api.w.org\/{rel}","templated":true}]}}