{"id":73992,"date":"2017-03-12T17:32:00","date_gmt":"2017-03-12T16:32:00","guid":{"rendered":"https:\/\/weisetech.dev\/fc-barcelona-noticias\/en\/killer-pepinazo-of-suarez-to-look-for-the-reaction-of-the-barca_197894_102\/"},"modified":"2026-04-16T09:20:51","modified_gmt":"2026-04-16T07:20:51","slug":"killer-pepinazo-of-suarez-to-look-for-the-reaction-of-the-barca_197894_102","status":"publish","type":"post","link":"https:\/\/www.fcbarcelonanoticias.com\/en\/players\/killer-pepinazo-of-suarez-to-look-for-the-reaction-of-the-barca_197894_102.html","title":{"rendered":"KILLER: Pepinazo Of Su\u00e1rez to look for the reaction of the Bar\u00e7a"},"content":{"rendered":"<h2 class=\"wp-block-heading\">The Uruguayan forward of the FC Barcelona, Luis Su\u00e1rez, dispelled the ghosts at all but begin the second half, taking advantage of a loose ball to mark with a whiplash adjusted the goal of the tie of the Barcelona group in Riazor<\/h2>  \r\n<div class=\"article-addons\">\r\n    <a href=\"https:\/\/www.fcbarcelonanoticias.com\/en\/calendar-fc-barcelona.html\"\r\n       target=\"_self\"\r\n       title=\"Calendar of FC Barcelona\"\r\n       class=\"blue-gredient-btn\">\r\n       \r\n        Calendar of FC Barcelona    <\/a>\r\n<\/div>   <p>The ariete charr\u00faa of the FC Barcelona, <strong>Luis Su\u00e1rez<\/strong>, gave the tranquility to the just team when initiating  the second half in Riazor against the Sportive of the Coru\u00f1a, equalising the party when <strong>taking advantage of a loose ball to the edge of the area<\/strong> to increase his numbers goleadores in League.<\/p> <p>Already they are <a href=\"https:\/\/www.fcbarcelonanoticias.com\/goleadores-fc-barcelona-2016-2017.html\"><strong>21 the so many of Luis Su\u00e1rez in League Santander 2016-17<\/strong><\/a> this season with the FC Barcelona, and in this occasion the target of the Uruguayan arrived thanks to <strong>a powerful and adjusted shot with thread, that  col\u00f3 by the inferior zone of the left<\/strong> stick of Germ\u00e1n Lux.<\/p> <p>Goal to give tranquility of this way to the FC Barcelona and to <strong>approach  also to <a href=\"https:\/\/www.fcbarcelonanoticias.com\/en\/jugadores\/lionel-messi.html\">Leo Messi<\/a> in the classification of the &#8220;Pichichi&#8221;<\/strong> and of the Boot of Gold 2017, situating moment\u00e1neamente to so only two goals of the Argentinian attacker and mate in the Bar\u00e7a.&nbsp;<\/p> <h2>Vital goal to pursue a new traced back<\/h2> <p>During the back minutes to the goal, <strong>Luis Su\u00e1rez followed contributing to the intense pressure of the FC Barcelona<\/strong> running sideways to side, and causing errors of defenders in the combinations and also clear fast of the guardameta Lux.<\/p> <p>Good week without place to doubts for Luis Su\u00e1rez, the one who also was <strong>one of the most stood out men of the FC Barcelona-PSG<\/strong> when annotating the first goal of the traced back and cause a penalti essential that finish repercutiendo in the fifth target, work <a href=\"https:\/\/www.fcbarcelonanoticias.com\/en\/tags\/neymar-jr.html\"><strong>of Neymar Jr<\/strong><\/a>.<\/p> ","protected":false},"excerpt":{"rendered":"<p>The Uruguayan forward of the FC Barcelona, Luis Su\u00e1rez, dispelled the ghosts at all but begin the second half, taking advantage of a loose ball to mark with a whiplash adjusted the goal of the tie of the Barcelona group in Riazor The ariete charr\u00faa of the FC Barcelona, Luis Su\u00e1rez, gave the tranquility to [&hellip;]<\/p>\n","protected":false},"author":366,"featured_media":73996,"comment_status":"closed","ping_status":"open","sticky":false,"template":"","format":"standard","meta":{"_acf_changed":false,"inline_featured_image":false,"_nextfly_llmd_date_locked":false,"footnotes":""},"categories":[453,107],"tags":[75,135],"class_list":["post-73992","post","type-post","status-publish","format-standard","has-post-thumbnail","hentry","category-players-2","category-players","tag-deportivo-de-la-coruna","tag-luis-suarez"],"acf":[],"yoast_head":"<!-- This site is optimized with the Yoast SEO plugin v27.3 - https:\/\/yoast.com\/product\/yoast-seo-wordpress\/ -->\n<title>Pepinazo Of Su\u00e1rez for the reaction of the Bar\u00e7a<\/title>\n<meta name=\"description\" content=\"The Uruguayan forward of the FC Barcelona, Luis Su\u00e1rez, dispelled the ghosts at all but begin the second half, taking advantage of a loose ball stops...\" \/>\n<meta name=\"robots\" content=\"index, follow, max-snippet:-1, max-image-preview:large, max-video-preview:-1\" \/>\n<link rel=\"canonical\" href=\"https:\/\/www.fcbarcelonanoticias.com\/en\/players\/killer-pepinazo-of-suarez-to-look-for-the-reaction-of-the-barca_197894_102.html\" \/>\n<meta property=\"og:locale\" content=\"en_US\" \/>\n<meta property=\"og:type\" content=\"article\" \/>\n<meta property=\"og:title\" content=\"Pepinazo Of Su\u00e1rez for the reaction of the Bar\u00e7a\" \/>\n<meta property=\"og:description\" content=\"The Uruguayan forward of the FC Barcelona, Luis Su\u00e1rez, dispelled the ghosts at all but begin the second half, taking advantage of a loose ball stops...\" \/>\n<meta property=\"og:url\" content=\"https:\/\/www.fcbarcelonanoticias.com\/en\/players\/killer-pepinazo-of-suarez-to-look-for-the-reaction-of-the-barca_197894_102.html\" \/>\n<meta property=\"og:site_name\" content=\"EN - FC Barcelona Noticias\" \/>\n<meta property=\"article:published_time\" content=\"2017-03-12T16:32:00+00:00\" \/>\n<meta property=\"article:modified_time\" content=\"2026-04-16T07:20:51+00:00\" \/>\n<meta property=\"og:image\" content=\"https:\/\/www.fcbarcelonanoticias.com\/en\/wp-content\/uploads\/sites\/2\/2017\/03\/luis-suarez-212649.jpeg\" \/>\n\t<meta property=\"og:image:width\" content=\"761\" \/>\n\t<meta property=\"og:image:height\" content=\"428\" \/>\n\t<meta property=\"og:image:type\" content=\"image\/jpeg\" \/>\n<meta name=\"author\" content=\"Carlos Dom\u00ednguez\" \/>\n<meta name=\"twitter:card\" content=\"summary_large_image\" \/>\n<meta name=\"twitter:label1\" content=\"Written by\" \/>\n\t<meta name=\"twitter:data1\" content=\"Carlos Dom\u00ednguez\" \/>\n\t<meta name=\"twitter:label2\" content=\"Est. reading time\" \/>\n\t<meta name=\"twitter:data2\" content=\"1 minute\" \/>\n<script type=\"application\/ld+json\" class=\"yoast-schema-graph\">{\"@context\":\"https:\\\/\\\/schema.org\",\"@graph\":[{\"@type\":\"Article\",\"@id\":\"https:\\\/\\\/www.fcbarcelonanoticias.com\\\/en\\\/players\\\/killer-pepinazo-of-suarez-to-look-for-the-reaction-of-the-barca_197894_102.html#article\",\"isPartOf\":{\"@id\":\"https:\\\/\\\/www.fcbarcelonanoticias.com\\\/en\\\/players\\\/killer-pepinazo-of-suarez-to-look-for-the-reaction-of-the-barca_197894_102.html\"},\"author\":{\"name\":\"Carlos Dom\u00ednguez\",\"@id\":\"https:\\\/\\\/www.fcbarcelonanoticias.com\\\/en\\\/#\\\/schema\\\/person\\\/888e29b17b79c70d1c617d8a7bc9b8c6\"},\"headline\":\"KILLER: Pepinazo Of Su\u00e1rez to look for the reaction of the Bar\u00e7a\",\"datePublished\":\"2017-03-12T16:32:00+00:00\",\"dateModified\":\"2026-04-16T07:20:51+00:00\",\"mainEntityOfPage\":{\"@id\":\"https:\\\/\\\/www.fcbarcelonanoticias.com\\\/en\\\/players\\\/killer-pepinazo-of-suarez-to-look-for-the-reaction-of-the-barca_197894_102.html\"},\"wordCount\":313,\"image\":{\"@id\":\"https:\\\/\\\/www.fcbarcelonanoticias.com\\\/en\\\/players\\\/killer-pepinazo-of-suarez-to-look-for-the-reaction-of-the-barca_197894_102.html#primaryimage\"},\"thumbnailUrl\":\"https:\\\/\\\/www.fcbarcelonanoticias.com\\\/en\\\/wp-content\\\/uploads\\\/sites\\\/2\\\/2017\\\/03\\\/luis-suarez-212649.jpeg\",\"keywords\":[\"Deportivo de La Coru\u00f1a\",\"Luis Su\u00e1rez\"],\"articleSection\":[\"Players\",\"Players\"],\"inLanguage\":\"en-US\"},{\"@type\":\"WebPage\",\"@id\":\"https:\\\/\\\/www.fcbarcelonanoticias.com\\\/en\\\/players\\\/killer-pepinazo-of-suarez-to-look-for-the-reaction-of-the-barca_197894_102.html\",\"url\":\"https:\\\/\\\/www.fcbarcelonanoticias.com\\\/en\\\/players\\\/killer-pepinazo-of-suarez-to-look-for-the-reaction-of-the-barca_197894_102.html\",\"name\":\"Pepinazo Of Su\u00e1rez for the reaction of the Bar\u00e7a\",\"isPartOf\":{\"@id\":\"https:\\\/\\\/www.fcbarcelonanoticias.com\\\/en\\\/#website\"},\"primaryImageOfPage\":{\"@id\":\"https:\\\/\\\/www.fcbarcelonanoticias.com\\\/en\\\/players\\\/killer-pepinazo-of-suarez-to-look-for-the-reaction-of-the-barca_197894_102.html#primaryimage\"},\"image\":{\"@id\":\"https:\\\/\\\/www.fcbarcelonanoticias.com\\\/en\\\/players\\\/killer-pepinazo-of-suarez-to-look-for-the-reaction-of-the-barca_197894_102.html#primaryimage\"},\"thumbnailUrl\":\"https:\\\/\\\/www.fcbarcelonanoticias.com\\\/en\\\/wp-content\\\/uploads\\\/sites\\\/2\\\/2017\\\/03\\\/luis-suarez-212649.jpeg\",\"datePublished\":\"2017-03-12T16:32:00+00:00\",\"dateModified\":\"2026-04-16T07:20:51+00:00\",\"author\":{\"@id\":\"https:\\\/\\\/www.fcbarcelonanoticias.com\\\/en\\\/#\\\/schema\\\/person\\\/888e29b17b79c70d1c617d8a7bc9b8c6\"},\"description\":\"The Uruguayan forward of the FC Barcelona, Luis Su\u00e1rez, dispelled the ghosts at all but begin the second half, taking advantage of a loose ball stops...\",\"breadcrumb\":{\"@id\":\"https:\\\/\\\/www.fcbarcelonanoticias.com\\\/en\\\/players\\\/killer-pepinazo-of-suarez-to-look-for-the-reaction-of-the-barca_197894_102.html#breadcrumb\"},\"inLanguage\":\"en-US\",\"potentialAction\":[{\"@type\":\"ReadAction\",\"target\":[\"https:\\\/\\\/www.fcbarcelonanoticias.com\\\/en\\\/players\\\/killer-pepinazo-of-suarez-to-look-for-the-reaction-of-the-barca_197894_102.html\"]}]},{\"@type\":\"ImageObject\",\"inLanguage\":\"en-US\",\"@id\":\"https:\\\/\\\/www.fcbarcelonanoticias.com\\\/en\\\/players\\\/killer-pepinazo-of-suarez-to-look-for-the-reaction-of-the-barca_197894_102.html#primaryimage\",\"url\":\"https:\\\/\\\/www.fcbarcelonanoticias.com\\\/en\\\/wp-content\\\/uploads\\\/sites\\\/2\\\/2017\\\/03\\\/luis-suarez-212649.jpeg\",\"contentUrl\":\"https:\\\/\\\/www.fcbarcelonanoticias.com\\\/en\\\/wp-content\\\/uploads\\\/sites\\\/2\\\/2017\\\/03\\\/luis-suarez-212649.jpeg\",\"width\":761,\"height\":428},{\"@type\":\"BreadcrumbList\",\"@id\":\"https:\\\/\\\/www.fcbarcelonanoticias.com\\\/en\\\/players\\\/killer-pepinazo-of-suarez-to-look-for-the-reaction-of-the-barca_197894_102.html#breadcrumb\",\"itemListElement\":[{\"@type\":\"ListItem\",\"position\":1,\"name\":\"Portada\",\"item\":\"https:\\\/\\\/www.fcbarcelonanoticias.com\\\/en\\\/\"},{\"@type\":\"ListItem\",\"position\":2,\"name\":\"KILLER: Pepinazo Of Su\u00e1rez to look for the reaction of the Bar\u00e7a\"}]},{\"@type\":\"WebSite\",\"@id\":\"https:\\\/\\\/www.fcbarcelonanoticias.com\\\/en\\\/#website\",\"url\":\"https:\\\/\\\/www.fcbarcelonanoticias.com\\\/en\\\/\",\"name\":\"EN - FC Barcelona Noticias\",\"description\":\"\",\"potentialAction\":[{\"@type\":\"SearchAction\",\"target\":{\"@type\":\"EntryPoint\",\"urlTemplate\":\"https:\\\/\\\/www.fcbarcelonanoticias.com\\\/en\\\/?s={search_term_string}\"},\"query-input\":{\"@type\":\"PropertyValueSpecification\",\"valueRequired\":true,\"valueName\":\"search_term_string\"}}],\"inLanguage\":\"en-US\"},{\"@type\":\"Person\",\"@id\":\"https:\\\/\\\/www.fcbarcelonanoticias.com\\\/en\\\/#\\\/schema\\\/person\\\/888e29b17b79c70d1c617d8a7bc9b8c6\",\"name\":\"Carlos Dom\u00ednguez\",\"image\":{\"@type\":\"ImageObject\",\"inLanguage\":\"en-US\",\"@id\":\"https:\\\/\\\/secure.gravatar.com\\\/avatar\\\/?s=96&d=mm&r=g\",\"url\":\"https:\\\/\\\/secure.gravatar.com\\\/avatar\\\/?s=96&d=mm&r=g\",\"contentUrl\":\"https:\\\/\\\/secure.gravatar.com\\\/avatar\\\/?s=96&d=mm&r=g\",\"caption\":\"Carlos Dom\u00ednguez\"},\"url\":\"https:\\\/\\\/www.fcbarcelonanoticias.com\\\/en\\\/carlos-dominguez_2_115.html\"}]}<\/script>\n<!-- \/ Yoast SEO plugin. -->","yoast_head_json":{"title":"Pepinazo Of Su\u00e1rez for the reaction of the Bar\u00e7a","description":"The Uruguayan forward of the FC Barcelona, Luis Su\u00e1rez, dispelled the ghosts at all but begin the second half, taking advantage of a loose ball stops...","robots":{"index":"index","follow":"follow","max-snippet":"max-snippet:-1","max-image-preview":"max-image-preview:large","max-video-preview":"max-video-preview:-1"},"canonical":"https:\/\/www.fcbarcelonanoticias.com\/en\/players\/killer-pepinazo-of-suarez-to-look-for-the-reaction-of-the-barca_197894_102.html","og_locale":"en_US","og_type":"article","og_title":"Pepinazo Of Su\u00e1rez for the reaction of the Bar\u00e7a","og_description":"The Uruguayan forward of the FC Barcelona, Luis Su\u00e1rez, dispelled the ghosts at all but begin the second half, taking advantage of a loose ball stops...","og_url":"https:\/\/www.fcbarcelonanoticias.com\/en\/players\/killer-pepinazo-of-suarez-to-look-for-the-reaction-of-the-barca_197894_102.html","og_site_name":"EN - FC Barcelona Noticias","article_published_time":"2017-03-12T16:32:00+00:00","article_modified_time":"2026-04-16T07:20:51+00:00","og_image":[{"width":761,"height":428,"url":"https:\/\/www.fcbarcelonanoticias.com\/en\/wp-content\/uploads\/sites\/2\/2017\/03\/luis-suarez-212649.jpeg","type":"image\/jpeg"}],"author":"Carlos Dom\u00ednguez","twitter_card":"summary_large_image","twitter_misc":{"Written by":"Carlos Dom\u00ednguez","Est. reading time":"1 minute"},"schema":{"@context":"https:\/\/schema.org","@graph":[{"@type":"Article","@id":"https:\/\/www.fcbarcelonanoticias.com\/en\/players\/killer-pepinazo-of-suarez-to-look-for-the-reaction-of-the-barca_197894_102.html#article","isPartOf":{"@id":"https:\/\/www.fcbarcelonanoticias.com\/en\/players\/killer-pepinazo-of-suarez-to-look-for-the-reaction-of-the-barca_197894_102.html"},"author":{"name":"Carlos Dom\u00ednguez","@id":"https:\/\/www.fcbarcelonanoticias.com\/en\/#\/schema\/person\/888e29b17b79c70d1c617d8a7bc9b8c6"},"headline":"KILLER: Pepinazo Of Su\u00e1rez to look for the reaction of the Bar\u00e7a","datePublished":"2017-03-12T16:32:00+00:00","dateModified":"2026-04-16T07:20:51+00:00","mainEntityOfPage":{"@id":"https:\/\/www.fcbarcelonanoticias.com\/en\/players\/killer-pepinazo-of-suarez-to-look-for-the-reaction-of-the-barca_197894_102.html"},"wordCount":313,"image":{"@id":"https:\/\/www.fcbarcelonanoticias.com\/en\/players\/killer-pepinazo-of-suarez-to-look-for-the-reaction-of-the-barca_197894_102.html#primaryimage"},"thumbnailUrl":"https:\/\/www.fcbarcelonanoticias.com\/en\/wp-content\/uploads\/sites\/2\/2017\/03\/luis-suarez-212649.jpeg","keywords":["Deportivo de La Coru\u00f1a","Luis Su\u00e1rez"],"articleSection":["Players","Players"],"inLanguage":"en-US"},{"@type":"WebPage","@id":"https:\/\/www.fcbarcelonanoticias.com\/en\/players\/killer-pepinazo-of-suarez-to-look-for-the-reaction-of-the-barca_197894_102.html","url":"https:\/\/www.fcbarcelonanoticias.com\/en\/players\/killer-pepinazo-of-suarez-to-look-for-the-reaction-of-the-barca_197894_102.html","name":"Pepinazo Of Su\u00e1rez for the reaction of the Bar\u00e7a","isPartOf":{"@id":"https:\/\/www.fcbarcelonanoticias.com\/en\/#website"},"primaryImageOfPage":{"@id":"https:\/\/www.fcbarcelonanoticias.com\/en\/players\/killer-pepinazo-of-suarez-to-look-for-the-reaction-of-the-barca_197894_102.html#primaryimage"},"image":{"@id":"https:\/\/www.fcbarcelonanoticias.com\/en\/players\/killer-pepinazo-of-suarez-to-look-for-the-reaction-of-the-barca_197894_102.html#primaryimage"},"thumbnailUrl":"https:\/\/www.fcbarcelonanoticias.com\/en\/wp-content\/uploads\/sites\/2\/2017\/03\/luis-suarez-212649.jpeg","datePublished":"2017-03-12T16:32:00+00:00","dateModified":"2026-04-16T07:20:51+00:00","author":{"@id":"https:\/\/www.fcbarcelonanoticias.com\/en\/#\/schema\/person\/888e29b17b79c70d1c617d8a7bc9b8c6"},"description":"The Uruguayan forward of the FC Barcelona, Luis Su\u00e1rez, dispelled the ghosts at all but begin the second half, taking advantage of a loose ball stops...","breadcrumb":{"@id":"https:\/\/www.fcbarcelonanoticias.com\/en\/players\/killer-pepinazo-of-suarez-to-look-for-the-reaction-of-the-barca_197894_102.html#breadcrumb"},"inLanguage":"en-US","potentialAction":[{"@type":"ReadAction","target":["https:\/\/www.fcbarcelonanoticias.com\/en\/players\/killer-pepinazo-of-suarez-to-look-for-the-reaction-of-the-barca_197894_102.html"]}]},{"@type":"ImageObject","inLanguage":"en-US","@id":"https:\/\/www.fcbarcelonanoticias.com\/en\/players\/killer-pepinazo-of-suarez-to-look-for-the-reaction-of-the-barca_197894_102.html#primaryimage","url":"https:\/\/www.fcbarcelonanoticias.com\/en\/wp-content\/uploads\/sites\/2\/2017\/03\/luis-suarez-212649.jpeg","contentUrl":"https:\/\/www.fcbarcelonanoticias.com\/en\/wp-content\/uploads\/sites\/2\/2017\/03\/luis-suarez-212649.jpeg","width":761,"height":428},{"@type":"BreadcrumbList","@id":"https:\/\/www.fcbarcelonanoticias.com\/en\/players\/killer-pepinazo-of-suarez-to-look-for-the-reaction-of-the-barca_197894_102.html#breadcrumb","itemListElement":[{"@type":"ListItem","position":1,"name":"Portada","item":"https:\/\/www.fcbarcelonanoticias.com\/en\/"},{"@type":"ListItem","position":2,"name":"KILLER: Pepinazo Of Su\u00e1rez to look for the reaction of the Bar\u00e7a"}]},{"@type":"WebSite","@id":"https:\/\/www.fcbarcelonanoticias.com\/en\/#website","url":"https:\/\/www.fcbarcelonanoticias.com\/en\/","name":"EN - FC Barcelona Noticias","description":"","potentialAction":[{"@type":"SearchAction","target":{"@type":"EntryPoint","urlTemplate":"https:\/\/www.fcbarcelonanoticias.com\/en\/?s={search_term_string}"},"query-input":{"@type":"PropertyValueSpecification","valueRequired":true,"valueName":"search_term_string"}}],"inLanguage":"en-US"},{"@type":"Person","@id":"https:\/\/www.fcbarcelonanoticias.com\/en\/#\/schema\/person\/888e29b17b79c70d1c617d8a7bc9b8c6","name":"Carlos Dom\u00ednguez","image":{"@type":"ImageObject","inLanguage":"en-US","@id":"https:\/\/secure.gravatar.com\/avatar\/?s=96&d=mm&r=g","url":"https:\/\/secure.gravatar.com\/avatar\/?s=96&d=mm&r=g","contentUrl":"https:\/\/secure.gravatar.com\/avatar\/?s=96&d=mm&r=g","caption":"Carlos Dom\u00ednguez"},"url":"https:\/\/www.fcbarcelonanoticias.com\/en\/carlos-dominguez_2_115.html"}]}},"_links":{"self":[{"href":"https:\/\/www.fcbarcelonanoticias.com\/en\/wp-json\/wp\/v2\/posts\/73992","targetHints":{"allow":["GET"]}}],"collection":[{"href":"https:\/\/www.fcbarcelonanoticias.com\/en\/wp-json\/wp\/v2\/posts"}],"about":[{"href":"https:\/\/www.fcbarcelonanoticias.com\/en\/wp-json\/wp\/v2\/types\/post"}],"author":[{"embeddable":true,"href":"https:\/\/www.fcbarcelonanoticias.com\/en\/wp-json\/wp\/v2\/users\/366"}],"replies":[{"embeddable":true,"href":"https:\/\/www.fcbarcelonanoticias.com\/en\/wp-json\/wp\/v2\/comments?post=73992"}],"version-history":[{"count":2,"href":"https:\/\/www.fcbarcelonanoticias.com\/en\/wp-json\/wp\/v2\/posts\/73992\/revisions"}],"predecessor-version":[{"id":172554,"href":"https:\/\/www.fcbarcelonanoticias.com\/en\/wp-json\/wp\/v2\/posts\/73992\/revisions\/172554"}],"wp:featuredmedia":[{"embeddable":true,"href":"https:\/\/www.fcbarcelonanoticias.com\/en\/wp-json\/wp\/v2\/media\/73996"}],"wp:attachment":[{"href":"https:\/\/www.fcbarcelonanoticias.com\/en\/wp-json\/wp\/v2\/media?parent=73992"}],"wp:term":[{"taxonomy":"category","embeddable":true,"href":"https:\/\/www.fcbarcelonanoticias.com\/en\/wp-json\/wp\/v2\/categories?post=73992"},{"taxonomy":"post_tag","embeddable":true,"href":"https:\/\/www.fcbarcelonanoticias.com\/en\/wp-json\/wp\/v2\/tags?post=73992"}],"curies":[{"name":"wp","href":"https:\/\/api.w.org\/{rel}","templated":true}]}}