{"id":73999,"date":"2020-11-05T07:21:00","date_gmt":"2020-11-05T06:21:00","guid":{"rendered":"https:\/\/weisetech.dev\/fc-barcelona-noticias\/en\/koeman-allowed-alena-debut-season-barcelona_262022_102\/"},"modified":"2020-11-05T07:21:00","modified_gmt":"2020-11-05T06:21:00","slug":"koeman-allowed-alena-debut-season-barcelona_262022_102","status":"publish","type":"post","link":"https:\/\/www.fcbarcelonanoticias.com\/en\/players\/koeman-allowed-alena-debut-season-barcelona_262022_102.html","title":{"rendered":"Koeman allowed Ale\u00f1\u00e1 to debut this season with Bar\u00e7a"},"content":{"rendered":"<h2 class=\"wp-block-heading\">Ronald Koeman finally gave Carles Ale\u00f1\u00e1 his first minutes this season and the youth squad made his debut with Barcelona after his loan to Betis. The one from Matar\u00f3 had just over 7 minutes in which he barely touched the ball on a couple of occasions<\/h2>  \r\n<div class=\"article-addons\">\r\n    <a href=\"https:\/\/www.fcbarcelonanoticias.com\/en\/calendar-fc-barcelona.html\"\r\n       target=\"_self\"\r\n       title=\"Calendar of FC Barcelona\"\r\n       class=\"blue-gredient-btn\">\r\n       \r\n        Calendar of FC Barcelona    <\/a>\r\n<\/div>   <p><strong><a data-external=\"0\" data-intl-links-en=\"https:\/\/www.fcbarcelonanoticias.com\/en\/tags\/alena\" data-intl-links-es=\"https:\/\/www.fcbarcelonanoticias.com\/tags\/alena\" href=\"https:\/\/www.fcbarcelonanoticias.com\/en\/tags\/alena.html\" rel=\"follow\" target=\"_self\" title=\"Ale\u00f1\u00e1\">Carles Ale\u00f1\u00e1<\/a><\/strong> returned this summer of the Real Betis to the FC Barcelona after a fruitless cession. The canterano had a lot of minutes in Seville, but did not finish to start and did not shine as it expected . It did not throw the door down, as it is used to to say with the more youngsters, and therefore it went back to the Bar\u00e7a without a clear-cut role. Perhaps by this reason <strong><a data-external=\"0\" data-intl-links-en=\"https:\/\/www.fcbarcelonanoticias.com\/en\/tags\/ronald-koeman\" data-intl-links-es=\"https:\/\/www.fcbarcelonanoticias.com\/tags\/ronald-koeman\" href=\"https:\/\/www.fcbarcelonanoticias.com\/en\/tags\/ronald-koeman.html\" rel=\"follow\" target=\"_self\" title=\"Ronald Koeman\">Ronald Koeman<\/a>\u200b is treating it as if it was a recently arrived youngster<\/strong> that it has to expect his opportunity.<\/p>  <p>Until this past 4 November, the one of Matar\u00f3 had not contested neither an alone minute with the group barcelonista this season. Luckily for him, that played Frenkie of Jong in front of the Dynamo of Kiev gave him options to go in in the second part of the meeting. <strong>Koeman Trusted he and although only they were 7 minutes more discount<\/strong>, the Dutch gave him the occasion to go in and play at last.<\/p>  <p><strong>Carles jumped to the terrain of game in the 83 to substitute to Pedri, already tired<\/strong> and quite absent in the second part. Unfortunately for him, his entrance coincided with bad minutes of his team, that was struggling for keeping the 2-1 in front of the Ukrainians. The ones of Lucescu had empatado minutes before his entrance and looked for the tie desperately, although at the end they did not achieve it.<\/p>  <p>The Catalan planted in the centre of the field, something escorado to the right, but did not have too much participation in the time that was on the green. <strong>It touched three or four balloons that did not lose, but did not leave any special detail that marked differences<\/strong>. It was a first taking of contact in which himself saw him ask the spherical whenever had option to receive, but the Barcelona was suffering and his mates did not find him too much.<\/p>  <p>It will be necessary to see if this opportunity in front of the Dynamo is something punctual or Koeman goes back to give him minutes in the next parties. <strong>The raw reality for him is that everything indicates that it played by the circumstances<\/strong>, since without Of Jong, that was central, the cul\u00e9s remained without a mediocentro with which rotar. This could have done that Riqui Puig played, but the Dutch technician preferred to do that Ale\u00f1\u00e1 debuted at last.<\/p>  <h3>Koeman Chose to Ale\u00f1\u00e1 in place of to Riqui Puig<\/h3>  <p>It surprises that the one of Zaandam &#8216;happened&#8217; of Riqui to put to the of Matar\u00f3, since in Getafe was the one of Matadepera the one who went out some minutes in the final stretch of the party. <strong>It expected that in case to have to choose between the two, chose to Puig<\/strong>, but in this case preferred to Carles. The time will say if it is something punctual or the trainer barcelonista prefers for real to the &#8216;6&#8217; above the this year &#8217;12&#8217;.<\/p> ","protected":false},"excerpt":{"rendered":"<p>Ronald Koeman finally gave Carles Ale\u00f1\u00e1 his first minutes this season and the youth squad made his debut with Barcelona after his loan to Betis. The one from Matar\u00f3 had just over 7 minutes in which he barely touched the ball on a couple of occasions Carles Ale\u00f1\u00e1 returned this summer of the Real Betis [&hellip;]<\/p>\n","protected":false},"author":380,"featured_media":66798,"comment_status":"closed","ping_status":"open","sticky":false,"template":"","format":"standard","meta":{"_acf_changed":false,"inline_featured_image":false,"_nextfly_llmd_date_locked":false,"footnotes":""},"categories":[107,453],"tags":[296,209],"class_list":["post-73999","post","type-post","status-publish","format-standard","has-post-thumbnail","hentry","category-players","category-players-2","tag-alena","tag-ronald-koeman"],"acf":[],"yoast_head":"<!-- This site is optimized with the Yoast SEO plugin v27.3 - https:\/\/yoast.com\/product\/yoast-seo-wordpress\/ -->\n<title>Koeman allowed Ale\u00f1\u00e1 to debut this season with Bar\u00e7a<\/title>\n<meta name=\"description\" content=\"Ronald Koeman at last gave him his first minutes to Carles Ale\u00f1\u00e1 this season and the canterano premi\u00e8red with the Barcelona after his cession to the Betis. The one of Mat...\" \/>\n<meta name=\"robots\" content=\"index, follow, max-snippet:-1, max-image-preview:large, max-video-preview:-1\" \/>\n<link rel=\"canonical\" href=\"https:\/\/www.fcbarcelonanoticias.com\/en\/players\/koeman-allowed-alena-debut-season-barcelona_262022_102.html\" \/>\n<meta property=\"og:locale\" content=\"en_US\" \/>\n<meta property=\"og:type\" content=\"article\" \/>\n<meta property=\"og:title\" content=\"Koeman allowed Ale\u00f1\u00e1 to debut this season with Bar\u00e7a\" \/>\n<meta property=\"og:description\" content=\"Ronald Koeman at last gave him his first minutes to Carles Ale\u00f1\u00e1 this season and the canterano premi\u00e8red with the Barcelona after his cession to the Betis. The one of Mat...\" \/>\n<meta property=\"og:url\" content=\"https:\/\/www.fcbarcelonanoticias.com\/en\/players\/koeman-allowed-alena-debut-season-barcelona_262022_102.html\" \/>\n<meta property=\"og:site_name\" content=\"EN - FC Barcelona Noticias\" \/>\n<meta property=\"article:published_time\" content=\"2020-11-05T06:21:00+00:00\" \/>\n<meta property=\"og:image\" content=\"https:\/\/www.fcbarcelonanoticias.com\/en\/wp-content\/uploads\/sites\/2\/2020\/11\/alena-barca-koeman.jpeg\" \/>\n\t<meta property=\"og:image:width\" content=\"1200\" \/>\n\t<meta property=\"og:image:height\" content=\"684\" \/>\n\t<meta property=\"og:image:type\" content=\"image\/jpeg\" \/>\n<meta name=\"author\" content=\"user_4036\" \/>\n<meta name=\"twitter:card\" content=\"summary_large_image\" \/>\n<meta name=\"twitter:label1\" content=\"Written by\" \/>\n\t<meta name=\"twitter:data1\" content=\"user_4036\" \/>\n\t<meta name=\"twitter:label2\" content=\"Est. reading time\" \/>\n\t<meta name=\"twitter:data2\" content=\"3 minutes\" \/>\n<script type=\"application\/ld+json\" class=\"yoast-schema-graph\">{\"@context\":\"https:\\\/\\\/schema.org\",\"@graph\":[{\"@type\":\"Article\",\"@id\":\"https:\\\/\\\/www.fcbarcelonanoticias.com\\\/en\\\/players\\\/koeman-allowed-alena-debut-season-barcelona_262022_102.html#article\",\"isPartOf\":{\"@id\":\"https:\\\/\\\/www.fcbarcelonanoticias.com\\\/en\\\/players\\\/koeman-allowed-alena-debut-season-barcelona_262022_102.html\"},\"author\":{\"name\":\"user_4036\",\"@id\":\"https:\\\/\\\/www.fcbarcelonanoticias.com\\\/en\\\/#\\\/schema\\\/person\\\/2c11766f24f3c56715694e077889a703\"},\"headline\":\"Koeman allowed Ale\u00f1\u00e1 to debut this season with Bar\u00e7a\",\"datePublished\":\"2020-11-05T06:21:00+00:00\",\"mainEntityOfPage\":{\"@id\":\"https:\\\/\\\/www.fcbarcelonanoticias.com\\\/en\\\/players\\\/koeman-allowed-alena-debut-season-barcelona_262022_102.html\"},\"wordCount\":549,\"image\":{\"@id\":\"https:\\\/\\\/www.fcbarcelonanoticias.com\\\/en\\\/players\\\/koeman-allowed-alena-debut-season-barcelona_262022_102.html#primaryimage\"},\"thumbnailUrl\":\"https:\\\/\\\/www.fcbarcelonanoticias.com\\\/en\\\/wp-content\\\/uploads\\\/sites\\\/2\\\/2020\\\/11\\\/alena-barca-koeman.jpeg\",\"keywords\":[\"Ale\u00f1\u00e1\",\"Ronald Koeman\"],\"articleSection\":[\"Players\",\"Players\"],\"inLanguage\":\"en-US\"},{\"@type\":\"WebPage\",\"@id\":\"https:\\\/\\\/www.fcbarcelonanoticias.com\\\/en\\\/players\\\/koeman-allowed-alena-debut-season-barcelona_262022_102.html\",\"url\":\"https:\\\/\\\/www.fcbarcelonanoticias.com\\\/en\\\/players\\\/koeman-allowed-alena-debut-season-barcelona_262022_102.html\",\"name\":\"Koeman allowed Ale\u00f1\u00e1 to debut this season with Bar\u00e7a\",\"isPartOf\":{\"@id\":\"https:\\\/\\\/www.fcbarcelonanoticias.com\\\/en\\\/#website\"},\"primaryImageOfPage\":{\"@id\":\"https:\\\/\\\/www.fcbarcelonanoticias.com\\\/en\\\/players\\\/koeman-allowed-alena-debut-season-barcelona_262022_102.html#primaryimage\"},\"image\":{\"@id\":\"https:\\\/\\\/www.fcbarcelonanoticias.com\\\/en\\\/players\\\/koeman-allowed-alena-debut-season-barcelona_262022_102.html#primaryimage\"},\"thumbnailUrl\":\"https:\\\/\\\/www.fcbarcelonanoticias.com\\\/en\\\/wp-content\\\/uploads\\\/sites\\\/2\\\/2020\\\/11\\\/alena-barca-koeman.jpeg\",\"datePublished\":\"2020-11-05T06:21:00+00:00\",\"author\":{\"@id\":\"https:\\\/\\\/www.fcbarcelonanoticias.com\\\/en\\\/#\\\/schema\\\/person\\\/2c11766f24f3c56715694e077889a703\"},\"description\":\"Ronald Koeman at last gave him his first minutes to Carles Ale\u00f1\u00e1 this season and the canterano premi\u00e8red with the Barcelona after his cession to the Betis. The one of Mat...\",\"breadcrumb\":{\"@id\":\"https:\\\/\\\/www.fcbarcelonanoticias.com\\\/en\\\/players\\\/koeman-allowed-alena-debut-season-barcelona_262022_102.html#breadcrumb\"},\"inLanguage\":\"en-US\",\"potentialAction\":[{\"@type\":\"ReadAction\",\"target\":[\"https:\\\/\\\/www.fcbarcelonanoticias.com\\\/en\\\/players\\\/koeman-allowed-alena-debut-season-barcelona_262022_102.html\"]}]},{\"@type\":\"ImageObject\",\"inLanguage\":\"en-US\",\"@id\":\"https:\\\/\\\/www.fcbarcelonanoticias.com\\\/en\\\/players\\\/koeman-allowed-alena-debut-season-barcelona_262022_102.html#primaryimage\",\"url\":\"https:\\\/\\\/www.fcbarcelonanoticias.com\\\/en\\\/wp-content\\\/uploads\\\/sites\\\/2\\\/2020\\\/11\\\/alena-barca-koeman.jpeg\",\"contentUrl\":\"https:\\\/\\\/www.fcbarcelonanoticias.com\\\/en\\\/wp-content\\\/uploads\\\/sites\\\/2\\\/2020\\\/11\\\/alena-barca-koeman.jpeg\",\"width\":1200,\"height\":684},{\"@type\":\"BreadcrumbList\",\"@id\":\"https:\\\/\\\/www.fcbarcelonanoticias.com\\\/en\\\/players\\\/koeman-allowed-alena-debut-season-barcelona_262022_102.html#breadcrumb\",\"itemListElement\":[{\"@type\":\"ListItem\",\"position\":1,\"name\":\"Portada\",\"item\":\"https:\\\/\\\/www.fcbarcelonanoticias.com\\\/en\\\/\"},{\"@type\":\"ListItem\",\"position\":2,\"name\":\"Koeman allowed Ale\u00f1\u00e1 to debut this season with Bar\u00e7a\"}]},{\"@type\":\"WebSite\",\"@id\":\"https:\\\/\\\/www.fcbarcelonanoticias.com\\\/en\\\/#website\",\"url\":\"https:\\\/\\\/www.fcbarcelonanoticias.com\\\/en\\\/\",\"name\":\"EN - FC Barcelona Noticias\",\"description\":\"\",\"potentialAction\":[{\"@type\":\"SearchAction\",\"target\":{\"@type\":\"EntryPoint\",\"urlTemplate\":\"https:\\\/\\\/www.fcbarcelonanoticias.com\\\/en\\\/?s={search_term_string}\"},\"query-input\":{\"@type\":\"PropertyValueSpecification\",\"valueRequired\":true,\"valueName\":\"search_term_string\"}}],\"inLanguage\":\"en-US\"},{\"@type\":\"Person\",\"@id\":\"https:\\\/\\\/www.fcbarcelonanoticias.com\\\/en\\\/#\\\/schema\\\/person\\\/2c11766f24f3c56715694e077889a703\",\"name\":\"user_4036\",\"image\":{\"@type\":\"ImageObject\",\"inLanguage\":\"en-US\",\"@id\":\"https:\\\/\\\/secure.gravatar.com\\\/avatar\\\/?s=96&d=mm&r=g\",\"url\":\"https:\\\/\\\/secure.gravatar.com\\\/avatar\\\/?s=96&d=mm&r=g\",\"contentUrl\":\"https:\\\/\\\/secure.gravatar.com\\\/avatar\\\/?s=96&d=mm&r=g\",\"caption\":\"user_4036\"},\"url\":\"https:\\\/\\\/www.fcbarcelonanoticias.com\\\/en\\\/user_4036.html\"}]}<\/script>\n<!-- \/ Yoast SEO plugin. -->","yoast_head_json":{"title":"Koeman allowed Ale\u00f1\u00e1 to debut this season with Bar\u00e7a","description":"Ronald Koeman at last gave him his first minutes to Carles Ale\u00f1\u00e1 this season and the canterano premi\u00e8red with the Barcelona after his cession to the Betis. The one of Mat...","robots":{"index":"index","follow":"follow","max-snippet":"max-snippet:-1","max-image-preview":"max-image-preview:large","max-video-preview":"max-video-preview:-1"},"canonical":"https:\/\/www.fcbarcelonanoticias.com\/en\/players\/koeman-allowed-alena-debut-season-barcelona_262022_102.html","og_locale":"en_US","og_type":"article","og_title":"Koeman allowed Ale\u00f1\u00e1 to debut this season with Bar\u00e7a","og_description":"Ronald Koeman at last gave him his first minutes to Carles Ale\u00f1\u00e1 this season and the canterano premi\u00e8red with the Barcelona after his cession to the Betis. The one of Mat...","og_url":"https:\/\/www.fcbarcelonanoticias.com\/en\/players\/koeman-allowed-alena-debut-season-barcelona_262022_102.html","og_site_name":"EN - FC Barcelona Noticias","article_published_time":"2020-11-05T06:21:00+00:00","og_image":[{"width":1200,"height":684,"url":"https:\/\/www.fcbarcelonanoticias.com\/en\/wp-content\/uploads\/sites\/2\/2020\/11\/alena-barca-koeman.jpeg","type":"image\/jpeg"}],"author":"user_4036","twitter_card":"summary_large_image","twitter_misc":{"Written by":"user_4036","Est. reading time":"3 minutes"},"schema":{"@context":"https:\/\/schema.org","@graph":[{"@type":"Article","@id":"https:\/\/www.fcbarcelonanoticias.com\/en\/players\/koeman-allowed-alena-debut-season-barcelona_262022_102.html#article","isPartOf":{"@id":"https:\/\/www.fcbarcelonanoticias.com\/en\/players\/koeman-allowed-alena-debut-season-barcelona_262022_102.html"},"author":{"name":"user_4036","@id":"https:\/\/www.fcbarcelonanoticias.com\/en\/#\/schema\/person\/2c11766f24f3c56715694e077889a703"},"headline":"Koeman allowed Ale\u00f1\u00e1 to debut this season with Bar\u00e7a","datePublished":"2020-11-05T06:21:00+00:00","mainEntityOfPage":{"@id":"https:\/\/www.fcbarcelonanoticias.com\/en\/players\/koeman-allowed-alena-debut-season-barcelona_262022_102.html"},"wordCount":549,"image":{"@id":"https:\/\/www.fcbarcelonanoticias.com\/en\/players\/koeman-allowed-alena-debut-season-barcelona_262022_102.html#primaryimage"},"thumbnailUrl":"https:\/\/www.fcbarcelonanoticias.com\/en\/wp-content\/uploads\/sites\/2\/2020\/11\/alena-barca-koeman.jpeg","keywords":["Ale\u00f1\u00e1","Ronald Koeman"],"articleSection":["Players","Players"],"inLanguage":"en-US"},{"@type":"WebPage","@id":"https:\/\/www.fcbarcelonanoticias.com\/en\/players\/koeman-allowed-alena-debut-season-barcelona_262022_102.html","url":"https:\/\/www.fcbarcelonanoticias.com\/en\/players\/koeman-allowed-alena-debut-season-barcelona_262022_102.html","name":"Koeman allowed Ale\u00f1\u00e1 to debut this season with Bar\u00e7a","isPartOf":{"@id":"https:\/\/www.fcbarcelonanoticias.com\/en\/#website"},"primaryImageOfPage":{"@id":"https:\/\/www.fcbarcelonanoticias.com\/en\/players\/koeman-allowed-alena-debut-season-barcelona_262022_102.html#primaryimage"},"image":{"@id":"https:\/\/www.fcbarcelonanoticias.com\/en\/players\/koeman-allowed-alena-debut-season-barcelona_262022_102.html#primaryimage"},"thumbnailUrl":"https:\/\/www.fcbarcelonanoticias.com\/en\/wp-content\/uploads\/sites\/2\/2020\/11\/alena-barca-koeman.jpeg","datePublished":"2020-11-05T06:21:00+00:00","author":{"@id":"https:\/\/www.fcbarcelonanoticias.com\/en\/#\/schema\/person\/2c11766f24f3c56715694e077889a703"},"description":"Ronald Koeman at last gave him his first minutes to Carles Ale\u00f1\u00e1 this season and the canterano premi\u00e8red with the Barcelona after his cession to the Betis. The one of Mat...","breadcrumb":{"@id":"https:\/\/www.fcbarcelonanoticias.com\/en\/players\/koeman-allowed-alena-debut-season-barcelona_262022_102.html#breadcrumb"},"inLanguage":"en-US","potentialAction":[{"@type":"ReadAction","target":["https:\/\/www.fcbarcelonanoticias.com\/en\/players\/koeman-allowed-alena-debut-season-barcelona_262022_102.html"]}]},{"@type":"ImageObject","inLanguage":"en-US","@id":"https:\/\/www.fcbarcelonanoticias.com\/en\/players\/koeman-allowed-alena-debut-season-barcelona_262022_102.html#primaryimage","url":"https:\/\/www.fcbarcelonanoticias.com\/en\/wp-content\/uploads\/sites\/2\/2020\/11\/alena-barca-koeman.jpeg","contentUrl":"https:\/\/www.fcbarcelonanoticias.com\/en\/wp-content\/uploads\/sites\/2\/2020\/11\/alena-barca-koeman.jpeg","width":1200,"height":684},{"@type":"BreadcrumbList","@id":"https:\/\/www.fcbarcelonanoticias.com\/en\/players\/koeman-allowed-alena-debut-season-barcelona_262022_102.html#breadcrumb","itemListElement":[{"@type":"ListItem","position":1,"name":"Portada","item":"https:\/\/www.fcbarcelonanoticias.com\/en\/"},{"@type":"ListItem","position":2,"name":"Koeman allowed Ale\u00f1\u00e1 to debut this season with Bar\u00e7a"}]},{"@type":"WebSite","@id":"https:\/\/www.fcbarcelonanoticias.com\/en\/#website","url":"https:\/\/www.fcbarcelonanoticias.com\/en\/","name":"EN - FC Barcelona Noticias","description":"","potentialAction":[{"@type":"SearchAction","target":{"@type":"EntryPoint","urlTemplate":"https:\/\/www.fcbarcelonanoticias.com\/en\/?s={search_term_string}"},"query-input":{"@type":"PropertyValueSpecification","valueRequired":true,"valueName":"search_term_string"}}],"inLanguage":"en-US"},{"@type":"Person","@id":"https:\/\/www.fcbarcelonanoticias.com\/en\/#\/schema\/person\/2c11766f24f3c56715694e077889a703","name":"user_4036","image":{"@type":"ImageObject","inLanguage":"en-US","@id":"https:\/\/secure.gravatar.com\/avatar\/?s=96&d=mm&r=g","url":"https:\/\/secure.gravatar.com\/avatar\/?s=96&d=mm&r=g","contentUrl":"https:\/\/secure.gravatar.com\/avatar\/?s=96&d=mm&r=g","caption":"user_4036"},"url":"https:\/\/www.fcbarcelonanoticias.com\/en\/user_4036.html"}]}},"_links":{"self":[{"href":"https:\/\/www.fcbarcelonanoticias.com\/en\/wp-json\/wp\/v2\/posts\/73999","targetHints":{"allow":["GET"]}}],"collection":[{"href":"https:\/\/www.fcbarcelonanoticias.com\/en\/wp-json\/wp\/v2\/posts"}],"about":[{"href":"https:\/\/www.fcbarcelonanoticias.com\/en\/wp-json\/wp\/v2\/types\/post"}],"author":[{"embeddable":true,"href":"https:\/\/www.fcbarcelonanoticias.com\/en\/wp-json\/wp\/v2\/users\/380"}],"replies":[{"embeddable":true,"href":"https:\/\/www.fcbarcelonanoticias.com\/en\/wp-json\/wp\/v2\/comments?post=73999"}],"version-history":[{"count":1,"href":"https:\/\/www.fcbarcelonanoticias.com\/en\/wp-json\/wp\/v2\/posts\/73999\/revisions"}],"predecessor-version":[{"id":120640,"href":"https:\/\/www.fcbarcelonanoticias.com\/en\/wp-json\/wp\/v2\/posts\/73999\/revisions\/120640"}],"wp:featuredmedia":[{"embeddable":true,"href":"https:\/\/www.fcbarcelonanoticias.com\/en\/wp-json\/wp\/v2\/media\/66798"}],"wp:attachment":[{"href":"https:\/\/www.fcbarcelonanoticias.com\/en\/wp-json\/wp\/v2\/media?parent=73999"}],"wp:term":[{"taxonomy":"category","embeddable":true,"href":"https:\/\/www.fcbarcelonanoticias.com\/en\/wp-json\/wp\/v2\/categories?post=73999"},{"taxonomy":"post_tag","embeddable":true,"href":"https:\/\/www.fcbarcelonanoticias.com\/en\/wp-json\/wp\/v2\/tags?post=73999"}],"curies":[{"name":"wp","href":"https:\/\/api.w.org\/{rel}","templated":true}]}}