{"id":74081,"date":"2019-08-31T13:45:00","date_gmt":"2019-08-31T11:45:00","guid":{"rendered":"https:\/\/weisetech.dev\/fc-barcelona-noticias\/en\/juventus-thinks-in-umtiti-after-serious-injury-chiellini_251182_102\/"},"modified":"2019-08-31T13:45:00","modified_gmt":"2019-08-31T11:45:00","slug":"juventus-thinks-in-umtiti-after-serious-injury-chiellini_251182_102","status":"publish","type":"post","link":"https:\/\/www.fcbarcelonanoticias.com\/en\/players\/juventus-thinks-in-umtiti-after-serious-injury-chiellini_251182_102.html","title":{"rendered":"The Juventus thinks in Umtiti after the serious injury of Chiellini"},"content":{"rendered":"<h2 class=\"wp-block-heading\">Giorgio Chiellini got injured and will be five months off, and Juventus already looks for a substitute. In Italy is claimed that the &#8216;bianconeri&#8217; think in Samuel Umtiti and that they could do an offer to Bar\u00e7a<\/h2>  \r\n<div class=\"article-addons\">\r\n    <a href=\"https:\/\/www.fcbarcelonanoticias.com\/en\/calendar-fc-barcelona.html\"\r\n       target=\"_self\"\r\n       title=\"Calendar of FC Barcelona\"\r\n       class=\"blue-gredient-btn\">\r\n       \r\n        Calendar of FC Barcelona    <\/a>\r\n<\/div>   <p><strong>The market <a data-external=\"0\" data-intl-links-en=\"https:\/\/www.fcbarcelonanoticias.com\/en\/transfers\" data-intl-links-es=\"https:\/\/www.fcbarcelonanoticias.com\/fichajes\" href=\"https:\/\/www.fcbarcelonanoticias.com\/en\/fc-barcelona\/transfers.html\" rel=\"follow\" target=\"_self\" title=\"Fichajes\">of signings<\/a> of the summer 2019 is in his straight final, but still could offer some surprises<\/strong>. Between the big clubs involved in the last hours of the window estival finds the <strong>FC Barcelona<\/strong>, leading by the case Neymar but also attack to other subjects that could affect to his changing room. In Italy ensure that an old known will treat to go back to the load.<\/p>  <p>According to the newspaper &#8216;Sport&#8217;, <b>the Juventus would have asked after <a data-external=\"0\" data-intl-links-en=\"https:\/\/www.fcbarcelonanoticias.com\/en\/tags\/samuel-umtiti\" data-intl-links-es=\"https:\/\/www.fcbarcelonanoticias.com\/tags\/samuel-umtiti\" href=\"https:\/\/www.fcbarcelonanoticias.com\/en\/tags\/samuel-umtiti.html\" rel=\"follow\" target=\"_self\" title=\"Samuel Umtiti\">Samuel Umtiti<\/a><\/b>, few days after the trip to the City Condal of his sportive director, Fabio Paraciti, in which it showed interest by four players cul\u00e9s. The &#8216;vecchia signora&#8217; tried to approach to Juan Miranda, Ivan Rakitic, Luis Su\u00e1rez and Ousmane Demb\u00e9l\u00e9, and now could make a movement of urgency by the ex of the Olympique of Lyon.<\/p>  <p><strong>The reason of his poll is the grave injury suffered by Giorgio Chiellini<\/strong>, captain and one of the key pieces in the saga of the &#8216;bianconeri&#8217;. The one of Steps could not finish the session of trainings of the Friday and shortly after the club confirmed the unpleasant news, and is that <strong>it will be around five months of <\/strong>drop after breaking the ligament crossed previous of his right knee, what will force him to go through the operating theatre.<\/p>  <p>In these circumstances, the quoted half aims that <strong>the turineses could propose a conveyance with option to buy<\/strong>, to do with the services of the central when finish the season. As it already did the Bayern of Munich to carry to Philippe Coutinho, during this campaign would credit a compensation to the Barcelona to cover the loan and to final of course would complete the traspaso of official form.<\/p>  <p><strong>The scarce margin of reaction barcelonista and the will of the Frenchman, however, give few hopes to the piamonteses<\/strong>, that could see forced to throw of his own effective. To Leonardo Bonucci accompany him two promises like Matthijs of Ligt and Merih Demiral, in addition to Danielle Rugani to the that the champion of the Series To carries time looking for new destination.<\/p>  <h3>Umtiti Does not do case to the rumours on his future<\/h3>  <p><strong>Although in <a data-external=\"0\" data-intl-links-en=\"https:\/\/www.fcbarcelonanoticias.com\/en\/players\" data-intl-links-es=\"https:\/\/www.fcbarcelonanoticias.com\/jugadores\" href=\"https:\/\/www.fcbarcelonanoticias.com\/en\/players.html\" rel=\"follow\" target=\"_self\" title=\"Jugadores\">the staff of the Bar\u00e7a<\/a> has produced a light change of hierarchies, Umtiti does not do case to the rumours on his future<\/strong>. Cl\u00e9ment Lenglet has advanced to his compatriot in the preferences of Ernesto Valverde, but in spite of his physical problems and to the speculations that relate him with other big of Europe, the one of Yaund\u00e9 is decided to struggle by the titularity and follow accumulating titles in the Camp Nou.<\/p> ","protected":false},"excerpt":{"rendered":"<p>Giorgio Chiellini got injured and will be five months off, and Juventus already looks for a substitute. In Italy is claimed that the &#8216;bianconeri&#8217; think in Samuel Umtiti and that they could do an offer to Bar\u00e7a The market of signings of the summer 2019 is in his straight final, but still could offer some [&hellip;]<\/p>\n","protected":false},"author":392,"featured_media":74085,"comment_status":"closed","ping_status":"open","sticky":false,"template":"","format":"standard","meta":{"_acf_changed":false,"inline_featured_image":false,"_nextfly_llmd_date_locked":false,"footnotes":""},"categories":[453,107],"tags":[105,309],"class_list":["post-74081","post","type-post","status-publish","format-standard","has-post-thumbnail","hentry","category-players-2","category-players","tag-juventus","tag-samuel-umtiti"],"acf":[],"yoast_head":"<!-- This site is optimized with the Yoast SEO plugin v27.3 - https:\/\/yoast.com\/product\/yoast-seo-wordpress\/ -->\n<title>The Juventus thinks in Umtiti after the serious injury of Chiellini<\/title>\n<meta name=\"description\" content=\"Giorgio Chiellini has lesionado and will be five months of drop, and the Juventus already looks for him substitute. In Italy ensure that the &#039;bianconeri&#039; think in Samue...\" \/>\n<meta name=\"robots\" content=\"index, follow, max-snippet:-1, max-image-preview:large, max-video-preview:-1\" \/>\n<link rel=\"canonical\" href=\"https:\/\/www.fcbarcelonanoticias.com\/en\/players\/juventus-thinks-in-umtiti-after-serious-injury-chiellini_251182_102.html\" \/>\n<meta property=\"og:locale\" content=\"en_US\" \/>\n<meta property=\"og:type\" content=\"article\" \/>\n<meta property=\"og:title\" content=\"The Juventus thinks in Umtiti after the serious injury of Chiellini\" \/>\n<meta property=\"og:description\" content=\"Giorgio Chiellini has lesionado and will be five months of drop, and the Juventus already looks for him substitute. In Italy ensure that the &#039;bianconeri&#039; think in Samue...\" \/>\n<meta property=\"og:url\" content=\"https:\/\/www.fcbarcelonanoticias.com\/en\/players\/juventus-thinks-in-umtiti-after-serious-injury-chiellini_251182_102.html\" \/>\n<meta property=\"og:site_name\" content=\"EN - FC Barcelona Noticias\" \/>\n<meta property=\"article:published_time\" content=\"2019-08-31T11:45:00+00:00\" \/>\n<meta property=\"og:image\" content=\"https:\/\/www.fcbarcelonanoticias.com\/en\/wp-content\/uploads\/sites\/2\/2019\/08\/samuelumtiti-barcelona16.jpeg\" \/>\n\t<meta property=\"og:image:width\" content=\"1200\" \/>\n\t<meta property=\"og:image:height\" content=\"675\" \/>\n\t<meta property=\"og:image:type\" content=\"image\/jpeg\" \/>\n<meta name=\"author\" content=\"user_4048\" \/>\n<meta name=\"twitter:card\" content=\"summary_large_image\" \/>\n<meta name=\"twitter:label1\" content=\"Written by\" \/>\n\t<meta name=\"twitter:data1\" content=\"user_4048\" \/>\n\t<meta name=\"twitter:label2\" content=\"Est. reading time\" \/>\n\t<meta name=\"twitter:data2\" content=\"2 minutes\" \/>\n<script type=\"application\/ld+json\" class=\"yoast-schema-graph\">{\"@context\":\"https:\\\/\\\/schema.org\",\"@graph\":[{\"@type\":\"Article\",\"@id\":\"https:\\\/\\\/www.fcbarcelonanoticias.com\\\/en\\\/players\\\/juventus-thinks-in-umtiti-after-serious-injury-chiellini_251182_102.html#article\",\"isPartOf\":{\"@id\":\"https:\\\/\\\/www.fcbarcelonanoticias.com\\\/en\\\/players\\\/juventus-thinks-in-umtiti-after-serious-injury-chiellini_251182_102.html\"},\"author\":{\"name\":\"user_4048\",\"@id\":\"https:\\\/\\\/www.fcbarcelonanoticias.com\\\/en\\\/#\\\/schema\\\/person\\\/fcdad55cab72b8d0e106d75506783b6d\"},\"headline\":\"The Juventus thinks in Umtiti after the serious injury of Chiellini\",\"datePublished\":\"2019-08-31T11:45:00+00:00\",\"mainEntityOfPage\":{\"@id\":\"https:\\\/\\\/www.fcbarcelonanoticias.com\\\/en\\\/players\\\/juventus-thinks-in-umtiti-after-serious-injury-chiellini_251182_102.html\"},\"wordCount\":490,\"image\":{\"@id\":\"https:\\\/\\\/www.fcbarcelonanoticias.com\\\/en\\\/players\\\/juventus-thinks-in-umtiti-after-serious-injury-chiellini_251182_102.html#primaryimage\"},\"thumbnailUrl\":\"https:\\\/\\\/www.fcbarcelonanoticias.com\\\/en\\\/wp-content\\\/uploads\\\/sites\\\/2\\\/2019\\\/08\\\/samuelumtiti-barcelona16.jpeg\",\"keywords\":[\"Juventus\",\"Samuel Umtiti\"],\"articleSection\":[\"Players\",\"Players\"],\"inLanguage\":\"en-US\"},{\"@type\":\"WebPage\",\"@id\":\"https:\\\/\\\/www.fcbarcelonanoticias.com\\\/en\\\/players\\\/juventus-thinks-in-umtiti-after-serious-injury-chiellini_251182_102.html\",\"url\":\"https:\\\/\\\/www.fcbarcelonanoticias.com\\\/en\\\/players\\\/juventus-thinks-in-umtiti-after-serious-injury-chiellini_251182_102.html\",\"name\":\"The Juventus thinks in Umtiti after the serious injury of Chiellini\",\"isPartOf\":{\"@id\":\"https:\\\/\\\/www.fcbarcelonanoticias.com\\\/en\\\/#website\"},\"primaryImageOfPage\":{\"@id\":\"https:\\\/\\\/www.fcbarcelonanoticias.com\\\/en\\\/players\\\/juventus-thinks-in-umtiti-after-serious-injury-chiellini_251182_102.html#primaryimage\"},\"image\":{\"@id\":\"https:\\\/\\\/www.fcbarcelonanoticias.com\\\/en\\\/players\\\/juventus-thinks-in-umtiti-after-serious-injury-chiellini_251182_102.html#primaryimage\"},\"thumbnailUrl\":\"https:\\\/\\\/www.fcbarcelonanoticias.com\\\/en\\\/wp-content\\\/uploads\\\/sites\\\/2\\\/2019\\\/08\\\/samuelumtiti-barcelona16.jpeg\",\"datePublished\":\"2019-08-31T11:45:00+00:00\",\"author\":{\"@id\":\"https:\\\/\\\/www.fcbarcelonanoticias.com\\\/en\\\/#\\\/schema\\\/person\\\/fcdad55cab72b8d0e106d75506783b6d\"},\"description\":\"Giorgio Chiellini has lesionado and will be five months of drop, and the Juventus already looks for him substitute. In Italy ensure that the 'bianconeri' think in Samue...\",\"breadcrumb\":{\"@id\":\"https:\\\/\\\/www.fcbarcelonanoticias.com\\\/en\\\/players\\\/juventus-thinks-in-umtiti-after-serious-injury-chiellini_251182_102.html#breadcrumb\"},\"inLanguage\":\"en-US\",\"potentialAction\":[{\"@type\":\"ReadAction\",\"target\":[\"https:\\\/\\\/www.fcbarcelonanoticias.com\\\/en\\\/players\\\/juventus-thinks-in-umtiti-after-serious-injury-chiellini_251182_102.html\"]}]},{\"@type\":\"ImageObject\",\"inLanguage\":\"en-US\",\"@id\":\"https:\\\/\\\/www.fcbarcelonanoticias.com\\\/en\\\/players\\\/juventus-thinks-in-umtiti-after-serious-injury-chiellini_251182_102.html#primaryimage\",\"url\":\"https:\\\/\\\/www.fcbarcelonanoticias.com\\\/en\\\/wp-content\\\/uploads\\\/sites\\\/2\\\/2019\\\/08\\\/samuelumtiti-barcelona16.jpeg\",\"contentUrl\":\"https:\\\/\\\/www.fcbarcelonanoticias.com\\\/en\\\/wp-content\\\/uploads\\\/sites\\\/2\\\/2019\\\/08\\\/samuelumtiti-barcelona16.jpeg\",\"width\":1200,\"height\":675},{\"@type\":\"BreadcrumbList\",\"@id\":\"https:\\\/\\\/www.fcbarcelonanoticias.com\\\/en\\\/players\\\/juventus-thinks-in-umtiti-after-serious-injury-chiellini_251182_102.html#breadcrumb\",\"itemListElement\":[{\"@type\":\"ListItem\",\"position\":1,\"name\":\"Portada\",\"item\":\"https:\\\/\\\/www.fcbarcelonanoticias.com\\\/en\\\/\"},{\"@type\":\"ListItem\",\"position\":2,\"name\":\"The Juventus thinks in Umtiti after the serious injury of Chiellini\"}]},{\"@type\":\"WebSite\",\"@id\":\"https:\\\/\\\/www.fcbarcelonanoticias.com\\\/en\\\/#website\",\"url\":\"https:\\\/\\\/www.fcbarcelonanoticias.com\\\/en\\\/\",\"name\":\"EN - FC Barcelona Noticias\",\"description\":\"\",\"potentialAction\":[{\"@type\":\"SearchAction\",\"target\":{\"@type\":\"EntryPoint\",\"urlTemplate\":\"https:\\\/\\\/www.fcbarcelonanoticias.com\\\/en\\\/?s={search_term_string}\"},\"query-input\":{\"@type\":\"PropertyValueSpecification\",\"valueRequired\":true,\"valueName\":\"search_term_string\"}}],\"inLanguage\":\"en-US\"},{\"@type\":\"Person\",\"@id\":\"https:\\\/\\\/www.fcbarcelonanoticias.com\\\/en\\\/#\\\/schema\\\/person\\\/fcdad55cab72b8d0e106d75506783b6d\",\"name\":\"user_4048\",\"image\":{\"@type\":\"ImageObject\",\"inLanguage\":\"en-US\",\"@id\":\"https:\\\/\\\/secure.gravatar.com\\\/avatar\\\/?s=96&d=mm&r=g\",\"url\":\"https:\\\/\\\/secure.gravatar.com\\\/avatar\\\/?s=96&d=mm&r=g\",\"contentUrl\":\"https:\\\/\\\/secure.gravatar.com\\\/avatar\\\/?s=96&d=mm&r=g\",\"caption\":\"user_4048\"},\"url\":\"https:\\\/\\\/www.fcbarcelonanoticias.com\\\/en\\\/user_4048.html\"}]}<\/script>\n<!-- \/ Yoast SEO plugin. -->","yoast_head_json":{"title":"The Juventus thinks in Umtiti after the serious injury of Chiellini","description":"Giorgio Chiellini has lesionado and will be five months of drop, and the Juventus already looks for him substitute. In Italy ensure that the 'bianconeri' think in Samue...","robots":{"index":"index","follow":"follow","max-snippet":"max-snippet:-1","max-image-preview":"max-image-preview:large","max-video-preview":"max-video-preview:-1"},"canonical":"https:\/\/www.fcbarcelonanoticias.com\/en\/players\/juventus-thinks-in-umtiti-after-serious-injury-chiellini_251182_102.html","og_locale":"en_US","og_type":"article","og_title":"The Juventus thinks in Umtiti after the serious injury of Chiellini","og_description":"Giorgio Chiellini has lesionado and will be five months of drop, and the Juventus already looks for him substitute. In Italy ensure that the 'bianconeri' think in Samue...","og_url":"https:\/\/www.fcbarcelonanoticias.com\/en\/players\/juventus-thinks-in-umtiti-after-serious-injury-chiellini_251182_102.html","og_site_name":"EN - FC Barcelona Noticias","article_published_time":"2019-08-31T11:45:00+00:00","og_image":[{"width":1200,"height":675,"url":"https:\/\/www.fcbarcelonanoticias.com\/en\/wp-content\/uploads\/sites\/2\/2019\/08\/samuelumtiti-barcelona16.jpeg","type":"image\/jpeg"}],"author":"user_4048","twitter_card":"summary_large_image","twitter_misc":{"Written by":"user_4048","Est. reading time":"2 minutes"},"schema":{"@context":"https:\/\/schema.org","@graph":[{"@type":"Article","@id":"https:\/\/www.fcbarcelonanoticias.com\/en\/players\/juventus-thinks-in-umtiti-after-serious-injury-chiellini_251182_102.html#article","isPartOf":{"@id":"https:\/\/www.fcbarcelonanoticias.com\/en\/players\/juventus-thinks-in-umtiti-after-serious-injury-chiellini_251182_102.html"},"author":{"name":"user_4048","@id":"https:\/\/www.fcbarcelonanoticias.com\/en\/#\/schema\/person\/fcdad55cab72b8d0e106d75506783b6d"},"headline":"The Juventus thinks in Umtiti after the serious injury of Chiellini","datePublished":"2019-08-31T11:45:00+00:00","mainEntityOfPage":{"@id":"https:\/\/www.fcbarcelonanoticias.com\/en\/players\/juventus-thinks-in-umtiti-after-serious-injury-chiellini_251182_102.html"},"wordCount":490,"image":{"@id":"https:\/\/www.fcbarcelonanoticias.com\/en\/players\/juventus-thinks-in-umtiti-after-serious-injury-chiellini_251182_102.html#primaryimage"},"thumbnailUrl":"https:\/\/www.fcbarcelonanoticias.com\/en\/wp-content\/uploads\/sites\/2\/2019\/08\/samuelumtiti-barcelona16.jpeg","keywords":["Juventus","Samuel Umtiti"],"articleSection":["Players","Players"],"inLanguage":"en-US"},{"@type":"WebPage","@id":"https:\/\/www.fcbarcelonanoticias.com\/en\/players\/juventus-thinks-in-umtiti-after-serious-injury-chiellini_251182_102.html","url":"https:\/\/www.fcbarcelonanoticias.com\/en\/players\/juventus-thinks-in-umtiti-after-serious-injury-chiellini_251182_102.html","name":"The Juventus thinks in Umtiti after the serious injury of Chiellini","isPartOf":{"@id":"https:\/\/www.fcbarcelonanoticias.com\/en\/#website"},"primaryImageOfPage":{"@id":"https:\/\/www.fcbarcelonanoticias.com\/en\/players\/juventus-thinks-in-umtiti-after-serious-injury-chiellini_251182_102.html#primaryimage"},"image":{"@id":"https:\/\/www.fcbarcelonanoticias.com\/en\/players\/juventus-thinks-in-umtiti-after-serious-injury-chiellini_251182_102.html#primaryimage"},"thumbnailUrl":"https:\/\/www.fcbarcelonanoticias.com\/en\/wp-content\/uploads\/sites\/2\/2019\/08\/samuelumtiti-barcelona16.jpeg","datePublished":"2019-08-31T11:45:00+00:00","author":{"@id":"https:\/\/www.fcbarcelonanoticias.com\/en\/#\/schema\/person\/fcdad55cab72b8d0e106d75506783b6d"},"description":"Giorgio Chiellini has lesionado and will be five months of drop, and the Juventus already looks for him substitute. In Italy ensure that the 'bianconeri' think in Samue...","breadcrumb":{"@id":"https:\/\/www.fcbarcelonanoticias.com\/en\/players\/juventus-thinks-in-umtiti-after-serious-injury-chiellini_251182_102.html#breadcrumb"},"inLanguage":"en-US","potentialAction":[{"@type":"ReadAction","target":["https:\/\/www.fcbarcelonanoticias.com\/en\/players\/juventus-thinks-in-umtiti-after-serious-injury-chiellini_251182_102.html"]}]},{"@type":"ImageObject","inLanguage":"en-US","@id":"https:\/\/www.fcbarcelonanoticias.com\/en\/players\/juventus-thinks-in-umtiti-after-serious-injury-chiellini_251182_102.html#primaryimage","url":"https:\/\/www.fcbarcelonanoticias.com\/en\/wp-content\/uploads\/sites\/2\/2019\/08\/samuelumtiti-barcelona16.jpeg","contentUrl":"https:\/\/www.fcbarcelonanoticias.com\/en\/wp-content\/uploads\/sites\/2\/2019\/08\/samuelumtiti-barcelona16.jpeg","width":1200,"height":675},{"@type":"BreadcrumbList","@id":"https:\/\/www.fcbarcelonanoticias.com\/en\/players\/juventus-thinks-in-umtiti-after-serious-injury-chiellini_251182_102.html#breadcrumb","itemListElement":[{"@type":"ListItem","position":1,"name":"Portada","item":"https:\/\/www.fcbarcelonanoticias.com\/en\/"},{"@type":"ListItem","position":2,"name":"The Juventus thinks in Umtiti after the serious injury of Chiellini"}]},{"@type":"WebSite","@id":"https:\/\/www.fcbarcelonanoticias.com\/en\/#website","url":"https:\/\/www.fcbarcelonanoticias.com\/en\/","name":"EN - FC Barcelona Noticias","description":"","potentialAction":[{"@type":"SearchAction","target":{"@type":"EntryPoint","urlTemplate":"https:\/\/www.fcbarcelonanoticias.com\/en\/?s={search_term_string}"},"query-input":{"@type":"PropertyValueSpecification","valueRequired":true,"valueName":"search_term_string"}}],"inLanguage":"en-US"},{"@type":"Person","@id":"https:\/\/www.fcbarcelonanoticias.com\/en\/#\/schema\/person\/fcdad55cab72b8d0e106d75506783b6d","name":"user_4048","image":{"@type":"ImageObject","inLanguage":"en-US","@id":"https:\/\/secure.gravatar.com\/avatar\/?s=96&d=mm&r=g","url":"https:\/\/secure.gravatar.com\/avatar\/?s=96&d=mm&r=g","contentUrl":"https:\/\/secure.gravatar.com\/avatar\/?s=96&d=mm&r=g","caption":"user_4048"},"url":"https:\/\/www.fcbarcelonanoticias.com\/en\/user_4048.html"}]}},"_links":{"self":[{"href":"https:\/\/www.fcbarcelonanoticias.com\/en\/wp-json\/wp\/v2\/posts\/74081","targetHints":{"allow":["GET"]}}],"collection":[{"href":"https:\/\/www.fcbarcelonanoticias.com\/en\/wp-json\/wp\/v2\/posts"}],"about":[{"href":"https:\/\/www.fcbarcelonanoticias.com\/en\/wp-json\/wp\/v2\/types\/post"}],"author":[{"embeddable":true,"href":"https:\/\/www.fcbarcelonanoticias.com\/en\/wp-json\/wp\/v2\/users\/392"}],"replies":[{"embeddable":true,"href":"https:\/\/www.fcbarcelonanoticias.com\/en\/wp-json\/wp\/v2\/comments?post=74081"}],"version-history":[{"count":1,"href":"https:\/\/www.fcbarcelonanoticias.com\/en\/wp-json\/wp\/v2\/posts\/74081\/revisions"}],"predecessor-version":[{"id":120638,"href":"https:\/\/www.fcbarcelonanoticias.com\/en\/wp-json\/wp\/v2\/posts\/74081\/revisions\/120638"}],"wp:featuredmedia":[{"embeddable":true,"href":"https:\/\/www.fcbarcelonanoticias.com\/en\/wp-json\/wp\/v2\/media\/74085"}],"wp:attachment":[{"href":"https:\/\/www.fcbarcelonanoticias.com\/en\/wp-json\/wp\/v2\/media?parent=74081"}],"wp:term":[{"taxonomy":"category","embeddable":true,"href":"https:\/\/www.fcbarcelonanoticias.com\/en\/wp-json\/wp\/v2\/categories?post=74081"},{"taxonomy":"post_tag","embeddable":true,"href":"https:\/\/www.fcbarcelonanoticias.com\/en\/wp-json\/wp\/v2\/tags?post=74081"}],"curies":[{"name":"wp","href":"https:\/\/api.w.org\/{rel}","templated":true}]}}