{"id":74083,"date":"2017-03-06T11:37:00","date_gmt":"2017-03-06T10:37:00","guid":{"rendered":"https:\/\/weisetech.dev\/fc-barcelona-noticias\/en\/list-of-summoned-of-the-fc-barcelona-in-front-of-the-psg_197759_102\/"},"modified":"2026-04-16T09:52:03","modified_gmt":"2026-04-16T07:52:03","slug":"list-of-summoned-of-the-fc-barcelona-in-front-of-the-psg_197759_102","status":"publish","type":"post","link":"https:\/\/www.fcbarcelonanoticias.com\/en\/players\/list-of-summoned-of-the-fc-barcelona-in-front-of-the-psg_197759_102.html","title":{"rendered":"List of summoned of the FC Barcelona in front of the PSG"},"content":{"rendered":"<h2 class=\"wp-block-heading\">The FC Barcelona revealed this Wednesday the list of summoned of face to the turn of eighth of final of Champions League against Paris Saint-Germain. Luis Enrique could have all the available, to exception of the lesionados<\/h2>  \r\n<div class=\"article-addons\">\r\n    <a href=\"https:\/\/www.fcbarcelonanoticias.com\/en\/calendar-fc-barcelona.html\"\r\n       target=\"_self\"\r\n       title=\"Calendar of FC Barcelona\"\r\n       class=\"blue-gredient-btn\">\r\n       \r\n        Calendar of FC Barcelona    <\/a>\r\n<\/div>   <p>The <strong>FC Barcelona&nbsp;<\/strong>will contest this <strong><a href=\"https:\/\/www.fcbarcelonanoticias.com\/fcbn\/horarios-y-tv-del-fc-barcelona-vs-psg-champions-league_197684_102.html\">Wednesday 8 March, from the 20.45 hours<\/a><\/strong>, the important duel in front of the <strong>PSG<\/strong>&nbsp;in the Camp Nou.<strong>&nbsp;<\/strong>A party in which the cul\u00e9s will have like big aim a traced back historical to happen to the quarter-finals of <a href=\"https:\/\/www.fcbarcelonanoticias.com\/champions-league-calendario-y-resultados.html\"><strong>the UEFA Champions League 2016-17<\/strong><\/a>. And for this the ones of Luis Enrique will retell with Mascherano in the announcement, in a practically identical list to the one of the last party in front of the Celtic.<\/p> <p><strong>Luis Enrique will retell with his hard core<\/strong>, without reserving to anybody of face to the party <a href=\"https:\/\/www.fcbarcelonanoticias.com\/fc-barcelona\/barca-psg-los-suenos-y-las-remontadas-a-veces-se-cumplen_197748_102.html\"><strong>against Paris Saint-Germain of this Wednesday<\/strong><\/a> in Champions League. The Asturian technician has elaborated<strong>&nbsp;<\/strong>an announcement in which it retells with his best available players.&nbsp;<\/p> <h2><span style=\"font-size: 1.5em;\">The announcement of the Bar\u00e7a in front of the PSG:<\/span><\/h2> <p>Ter Stegen, Cillessen, Gerard Hammered, Rakitic, Busquets, Andr\u00e9s Iniesta, Andr\u00e9 Gomes, Luis Su\u00e1rez, Leo Messi, Neymar Jr, Rafinha, Mascherano, Paco Alc\u00e1cer, Jordi Alba, Lucas Digne, Sergi Roberto, Burn Turan and Samuel Umtiti.<\/p> <p>In attack foresees  that it go back  to bet by <strong>Luis Su\u00e1rez,&nbsp;<a href=\"https:\/\/www.fcbarcelonanoticias.com\/en\/jugadores\/lionel-messi.html\">Leo Messi<\/a> and Neymar,&nbsp;<\/strong>whereas the rest of positions will be also occupied by the components of the eleven of gala of the team cul\u00e9. In the centre of the field, fits to stand out that <strong>Denis Su\u00e1rez<\/strong> has not been summoned finally and leaves his position to<strong> Andr\u00e9 Gomes<\/strong>, that was not summoned the last day of League.<\/p> <p>From &#8220;FCBN&#8221; take advantage of to remember you that <strong>you can buy the entrances for this commitment<\/strong>, as well as for the rest of meetings of the season 2016-2017, <a href=\"https:\/\/www.fcbarcelonanoticias.com\/entradas-fcbarcelona.html\"><strong>through this link<\/strong><\/a>.<\/p> ","protected":false},"excerpt":{"rendered":"<p>The FC Barcelona revealed this Wednesday the list of summoned of face to the turn of eighth of final of Champions League against Paris Saint-Germain. Luis Enrique could have all the available, to exception of the lesionados The FC Barcelona&nbsp;will contest this Wednesday 8 March, from the 20.45 hours, the important duel in front of [&hellip;]<\/p>\n","protected":false},"author":366,"featured_media":0,"comment_status":"closed","ping_status":"open","sticky":false,"template":"","format":"standard","meta":{"_acf_changed":false,"inline_featured_image":false,"_nextfly_llmd_date_locked":false,"footnotes":""},"categories":[107,453],"tags":[184,148,88],"class_list":["post-74083","post","type-post","status-publish","format-standard","hentry","category-players","category-players-2","tag-fc-barcelona-squad-lists","tag-luis-enrique","tag-paris-saint-germain"],"acf":[],"yoast_head":"<!-- This site is optimized with the Yoast SEO plugin v27.3 - https:\/\/yoast.com\/product\/yoast-seo-wordpress\/ -->\n<title>List of summoned of the FC Barcelona in front of the PSG<\/title>\n<meta name=\"description\" content=\"The FC Barcelona revealed this Wednesday the list of summoned of face to the turn of eighth of final of Champions League against Paris...\" \/>\n<meta name=\"robots\" content=\"index, follow, max-snippet:-1, max-image-preview:large, max-video-preview:-1\" \/>\n<link rel=\"canonical\" href=\"https:\/\/www.fcbarcelonanoticias.com\/en\/players\/list-of-summoned-of-the-fc-barcelona-in-front-of-the-psg_197759_102.html\" \/>\n<meta property=\"og:locale\" content=\"en_US\" \/>\n<meta property=\"og:type\" content=\"article\" \/>\n<meta property=\"og:title\" content=\"List of summoned of the FC Barcelona in front of the PSG\" \/>\n<meta property=\"og:description\" content=\"The FC Barcelona revealed this Wednesday the list of summoned of face to the turn of eighth of final of Champions League against Paris...\" \/>\n<meta property=\"og:url\" content=\"https:\/\/www.fcbarcelonanoticias.com\/en\/players\/list-of-summoned-of-the-fc-barcelona-in-front-of-the-psg_197759_102.html\" \/>\n<meta property=\"og:site_name\" content=\"EN - FC Barcelona Noticias\" \/>\n<meta property=\"article:published_time\" content=\"2017-03-06T10:37:00+00:00\" \/>\n<meta property=\"article:modified_time\" content=\"2026-04-16T07:52:03+00:00\" \/>\n<meta name=\"author\" content=\"Carlos Dom\u00ednguez\" \/>\n<meta name=\"twitter:card\" content=\"summary_large_image\" \/>\n<meta name=\"twitter:label1\" content=\"Written by\" \/>\n\t<meta name=\"twitter:data1\" content=\"Carlos Dom\u00ednguez\" \/>\n\t<meta name=\"twitter:label2\" content=\"Est. reading time\" \/>\n\t<meta name=\"twitter:data2\" content=\"2 minutes\" \/>\n<script type=\"application\/ld+json\" class=\"yoast-schema-graph\">{\"@context\":\"https:\\\/\\\/schema.org\",\"@graph\":[{\"@type\":\"Article\",\"@id\":\"https:\\\/\\\/www.fcbarcelonanoticias.com\\\/en\\\/players\\\/list-of-summoned-of-the-fc-barcelona-in-front-of-the-psg_197759_102.html#article\",\"isPartOf\":{\"@id\":\"https:\\\/\\\/www.fcbarcelonanoticias.com\\\/en\\\/players\\\/list-of-summoned-of-the-fc-barcelona-in-front-of-the-psg_197759_102.html\"},\"author\":{\"name\":\"Carlos Dom\u00ednguez\",\"@id\":\"https:\\\/\\\/www.fcbarcelonanoticias.com\\\/en\\\/#\\\/schema\\\/person\\\/888e29b17b79c70d1c617d8a7bc9b8c6\"},\"headline\":\"List of summoned of the FC Barcelona in front of the PSG\",\"datePublished\":\"2017-03-06T10:37:00+00:00\",\"dateModified\":\"2026-04-16T07:52:03+00:00\",\"mainEntityOfPage\":{\"@id\":\"https:\\\/\\\/www.fcbarcelonanoticias.com\\\/en\\\/players\\\/list-of-summoned-of-the-fc-barcelona-in-front-of-the-psg_197759_102.html\"},\"wordCount\":331,\"keywords\":[\"FC Barcelona Squad Lists\",\"Luis Enrique\",\"Paris Saint-Germain\"],\"articleSection\":[\"Players\",\"Players\"],\"inLanguage\":\"en-US\"},{\"@type\":\"WebPage\",\"@id\":\"https:\\\/\\\/www.fcbarcelonanoticias.com\\\/en\\\/players\\\/list-of-summoned-of-the-fc-barcelona-in-front-of-the-psg_197759_102.html\",\"url\":\"https:\\\/\\\/www.fcbarcelonanoticias.com\\\/en\\\/players\\\/list-of-summoned-of-the-fc-barcelona-in-front-of-the-psg_197759_102.html\",\"name\":\"List of summoned of the FC Barcelona in front of the PSG\",\"isPartOf\":{\"@id\":\"https:\\\/\\\/www.fcbarcelonanoticias.com\\\/en\\\/#website\"},\"datePublished\":\"2017-03-06T10:37:00+00:00\",\"dateModified\":\"2026-04-16T07:52:03+00:00\",\"author\":{\"@id\":\"https:\\\/\\\/www.fcbarcelonanoticias.com\\\/en\\\/#\\\/schema\\\/person\\\/888e29b17b79c70d1c617d8a7bc9b8c6\"},\"description\":\"The FC Barcelona revealed this Wednesday the list of summoned of face to the turn of eighth of final of Champions League against Paris...\",\"breadcrumb\":{\"@id\":\"https:\\\/\\\/www.fcbarcelonanoticias.com\\\/en\\\/players\\\/list-of-summoned-of-the-fc-barcelona-in-front-of-the-psg_197759_102.html#breadcrumb\"},\"inLanguage\":\"en-US\",\"potentialAction\":[{\"@type\":\"ReadAction\",\"target\":[\"https:\\\/\\\/www.fcbarcelonanoticias.com\\\/en\\\/players\\\/list-of-summoned-of-the-fc-barcelona-in-front-of-the-psg_197759_102.html\"]}]},{\"@type\":\"BreadcrumbList\",\"@id\":\"https:\\\/\\\/www.fcbarcelonanoticias.com\\\/en\\\/players\\\/list-of-summoned-of-the-fc-barcelona-in-front-of-the-psg_197759_102.html#breadcrumb\",\"itemListElement\":[{\"@type\":\"ListItem\",\"position\":1,\"name\":\"Portada\",\"item\":\"https:\\\/\\\/www.fcbarcelonanoticias.com\\\/en\\\/\"},{\"@type\":\"ListItem\",\"position\":2,\"name\":\"List of summoned of the FC Barcelona in front of the PSG\"}]},{\"@type\":\"WebSite\",\"@id\":\"https:\\\/\\\/www.fcbarcelonanoticias.com\\\/en\\\/#website\",\"url\":\"https:\\\/\\\/www.fcbarcelonanoticias.com\\\/en\\\/\",\"name\":\"EN - FC Barcelona Noticias\",\"description\":\"\",\"potentialAction\":[{\"@type\":\"SearchAction\",\"target\":{\"@type\":\"EntryPoint\",\"urlTemplate\":\"https:\\\/\\\/www.fcbarcelonanoticias.com\\\/en\\\/?s={search_term_string}\"},\"query-input\":{\"@type\":\"PropertyValueSpecification\",\"valueRequired\":true,\"valueName\":\"search_term_string\"}}],\"inLanguage\":\"en-US\"},{\"@type\":\"Person\",\"@id\":\"https:\\\/\\\/www.fcbarcelonanoticias.com\\\/en\\\/#\\\/schema\\\/person\\\/888e29b17b79c70d1c617d8a7bc9b8c6\",\"name\":\"Carlos Dom\u00ednguez\",\"image\":{\"@type\":\"ImageObject\",\"inLanguage\":\"en-US\",\"@id\":\"https:\\\/\\\/secure.gravatar.com\\\/avatar\\\/?s=96&d=mm&r=g\",\"url\":\"https:\\\/\\\/secure.gravatar.com\\\/avatar\\\/?s=96&d=mm&r=g\",\"contentUrl\":\"https:\\\/\\\/secure.gravatar.com\\\/avatar\\\/?s=96&d=mm&r=g\",\"caption\":\"Carlos Dom\u00ednguez\"},\"url\":\"https:\\\/\\\/www.fcbarcelonanoticias.com\\\/en\\\/carlos-dominguez_2_115.html\"}]}<\/script>\n<!-- \/ Yoast SEO plugin. -->","yoast_head_json":{"title":"List of summoned of the FC Barcelona in front of the PSG","description":"The FC Barcelona revealed this Wednesday the list of summoned of face to the turn of eighth of final of Champions League against Paris...","robots":{"index":"index","follow":"follow","max-snippet":"max-snippet:-1","max-image-preview":"max-image-preview:large","max-video-preview":"max-video-preview:-1"},"canonical":"https:\/\/www.fcbarcelonanoticias.com\/en\/players\/list-of-summoned-of-the-fc-barcelona-in-front-of-the-psg_197759_102.html","og_locale":"en_US","og_type":"article","og_title":"List of summoned of the FC Barcelona in front of the PSG","og_description":"The FC Barcelona revealed this Wednesday the list of summoned of face to the turn of eighth of final of Champions League against Paris...","og_url":"https:\/\/www.fcbarcelonanoticias.com\/en\/players\/list-of-summoned-of-the-fc-barcelona-in-front-of-the-psg_197759_102.html","og_site_name":"EN - FC Barcelona Noticias","article_published_time":"2017-03-06T10:37:00+00:00","article_modified_time":"2026-04-16T07:52:03+00:00","author":"Carlos Dom\u00ednguez","twitter_card":"summary_large_image","twitter_misc":{"Written by":"Carlos Dom\u00ednguez","Est. reading time":"2 minutes"},"schema":{"@context":"https:\/\/schema.org","@graph":[{"@type":"Article","@id":"https:\/\/www.fcbarcelonanoticias.com\/en\/players\/list-of-summoned-of-the-fc-barcelona-in-front-of-the-psg_197759_102.html#article","isPartOf":{"@id":"https:\/\/www.fcbarcelonanoticias.com\/en\/players\/list-of-summoned-of-the-fc-barcelona-in-front-of-the-psg_197759_102.html"},"author":{"name":"Carlos Dom\u00ednguez","@id":"https:\/\/www.fcbarcelonanoticias.com\/en\/#\/schema\/person\/888e29b17b79c70d1c617d8a7bc9b8c6"},"headline":"List of summoned of the FC Barcelona in front of the PSG","datePublished":"2017-03-06T10:37:00+00:00","dateModified":"2026-04-16T07:52:03+00:00","mainEntityOfPage":{"@id":"https:\/\/www.fcbarcelonanoticias.com\/en\/players\/list-of-summoned-of-the-fc-barcelona-in-front-of-the-psg_197759_102.html"},"wordCount":331,"keywords":["FC Barcelona Squad Lists","Luis Enrique","Paris Saint-Germain"],"articleSection":["Players","Players"],"inLanguage":"en-US"},{"@type":"WebPage","@id":"https:\/\/www.fcbarcelonanoticias.com\/en\/players\/list-of-summoned-of-the-fc-barcelona-in-front-of-the-psg_197759_102.html","url":"https:\/\/www.fcbarcelonanoticias.com\/en\/players\/list-of-summoned-of-the-fc-barcelona-in-front-of-the-psg_197759_102.html","name":"List of summoned of the FC Barcelona in front of the PSG","isPartOf":{"@id":"https:\/\/www.fcbarcelonanoticias.com\/en\/#website"},"datePublished":"2017-03-06T10:37:00+00:00","dateModified":"2026-04-16T07:52:03+00:00","author":{"@id":"https:\/\/www.fcbarcelonanoticias.com\/en\/#\/schema\/person\/888e29b17b79c70d1c617d8a7bc9b8c6"},"description":"The FC Barcelona revealed this Wednesday the list of summoned of face to the turn of eighth of final of Champions League against Paris...","breadcrumb":{"@id":"https:\/\/www.fcbarcelonanoticias.com\/en\/players\/list-of-summoned-of-the-fc-barcelona-in-front-of-the-psg_197759_102.html#breadcrumb"},"inLanguage":"en-US","potentialAction":[{"@type":"ReadAction","target":["https:\/\/www.fcbarcelonanoticias.com\/en\/players\/list-of-summoned-of-the-fc-barcelona-in-front-of-the-psg_197759_102.html"]}]},{"@type":"BreadcrumbList","@id":"https:\/\/www.fcbarcelonanoticias.com\/en\/players\/list-of-summoned-of-the-fc-barcelona-in-front-of-the-psg_197759_102.html#breadcrumb","itemListElement":[{"@type":"ListItem","position":1,"name":"Portada","item":"https:\/\/www.fcbarcelonanoticias.com\/en\/"},{"@type":"ListItem","position":2,"name":"List of summoned of the FC Barcelona in front of the PSG"}]},{"@type":"WebSite","@id":"https:\/\/www.fcbarcelonanoticias.com\/en\/#website","url":"https:\/\/www.fcbarcelonanoticias.com\/en\/","name":"EN - FC Barcelona Noticias","description":"","potentialAction":[{"@type":"SearchAction","target":{"@type":"EntryPoint","urlTemplate":"https:\/\/www.fcbarcelonanoticias.com\/en\/?s={search_term_string}"},"query-input":{"@type":"PropertyValueSpecification","valueRequired":true,"valueName":"search_term_string"}}],"inLanguage":"en-US"},{"@type":"Person","@id":"https:\/\/www.fcbarcelonanoticias.com\/en\/#\/schema\/person\/888e29b17b79c70d1c617d8a7bc9b8c6","name":"Carlos Dom\u00ednguez","image":{"@type":"ImageObject","inLanguage":"en-US","@id":"https:\/\/secure.gravatar.com\/avatar\/?s=96&d=mm&r=g","url":"https:\/\/secure.gravatar.com\/avatar\/?s=96&d=mm&r=g","contentUrl":"https:\/\/secure.gravatar.com\/avatar\/?s=96&d=mm&r=g","caption":"Carlos Dom\u00ednguez"},"url":"https:\/\/www.fcbarcelonanoticias.com\/en\/carlos-dominguez_2_115.html"}]}},"_links":{"self":[{"href":"https:\/\/www.fcbarcelonanoticias.com\/en\/wp-json\/wp\/v2\/posts\/74083","targetHints":{"allow":["GET"]}}],"collection":[{"href":"https:\/\/www.fcbarcelonanoticias.com\/en\/wp-json\/wp\/v2\/posts"}],"about":[{"href":"https:\/\/www.fcbarcelonanoticias.com\/en\/wp-json\/wp\/v2\/types\/post"}],"author":[{"embeddable":true,"href":"https:\/\/www.fcbarcelonanoticias.com\/en\/wp-json\/wp\/v2\/users\/366"}],"replies":[{"embeddable":true,"href":"https:\/\/www.fcbarcelonanoticias.com\/en\/wp-json\/wp\/v2\/comments?post=74083"}],"version-history":[{"count":5,"href":"https:\/\/www.fcbarcelonanoticias.com\/en\/wp-json\/wp\/v2\/posts\/74083\/revisions"}],"predecessor-version":[{"id":181453,"href":"https:\/\/www.fcbarcelonanoticias.com\/en\/wp-json\/wp\/v2\/posts\/74083\/revisions\/181453"}],"wp:attachment":[{"href":"https:\/\/www.fcbarcelonanoticias.com\/en\/wp-json\/wp\/v2\/media?parent=74083"}],"wp:term":[{"taxonomy":"category","embeddable":true,"href":"https:\/\/www.fcbarcelonanoticias.com\/en\/wp-json\/wp\/v2\/categories?post=74083"},{"taxonomy":"post_tag","embeddable":true,"href":"https:\/\/www.fcbarcelonanoticias.com\/en\/wp-json\/wp\/v2\/tags?post=74083"}],"curies":[{"name":"wp","href":"https:\/\/api.w.org\/{rel}","templated":true}]}}