{"id":74138,"date":"2020-12-08T18:50:00","date_gmt":"2020-12-08T17:50:00","guid":{"rendered":"https:\/\/weisetech.dev\/fc-barcelona-noticias\/en\/koeman-can-give-more-minutes-konrad-while-dembele-is-out_263025_102\/"},"modified":"2026-04-16T09:18:14","modified_gmt":"2026-04-16T07:18:14","slug":"koeman-can-give-more-minutes-konrad-while-dembele-is-out_263025_102","status":"publish","type":"post","link":"https:\/\/www.fcbarcelonanoticias.com\/en\/players\/koeman-can-give-more-minutes-konrad-while-dembele-is-out_263025_102.html","title":{"rendered":"Koeman can give more minutes to Konrad while Demb\u00e9l\u00e9 is out"},"content":{"rendered":"<h2 class=\"wp-block-heading\">Ronald Koeman has serious problems in his squad. In his last match, Ousmane Demb\u00e9l\u00e9 suffered an injury after seeing action during 45 minutes in the defeat in front of the C\u00e1diz 1-2, in the Carranza<\/h2>  \r\n<div class=\"article-addons\">\r\n    <a href=\"https:\/\/www.fcbarcelonanoticias.com\/en\/calendar-fc-barcelona.html\"\r\n       target=\"_self\"\r\n       title=\"Calendar of FC Barcelona\"\r\n       class=\"blue-gredient-btn\">\r\n       \r\n        Calendar of FC Barcelona    <\/a>\r\n<\/div>   <p>This weekend added another player lesionado to the FC Barcelona, <strong><a data-external=\"0\" data-intl-links-en=\"https:\/\/www.fcbarcelonanoticias.com\/en\/tags\/dembele\" data-intl-links-es=\"https:\/\/www.fcbarcelonanoticias.com\/tags\/dembele\" href=\"https:\/\/www.fcbarcelonanoticias.com\/en\/tags\/dembele.html\" rel=\"follow\" target=\"_self\" title=\"Demb\u00e9l\u00e9\">Ousmane Demb\u00e9l\u00e9<\/a><\/strong>. Koeman Thinks in adding to the following announcements to the American <strong>Konrad de la Fuente<\/strong>, by his regularity with the team B and his exert in the last called of <strong><a data-external=\"0\" data-intl-links-en=\"https:\/\/www.fcbarcelonanoticias.com\/en\/champions-league\" data-intl-links-es=\"https:\/\/www.fcbarcelonanoticias.com\/champions-league\" href=\"https:\/\/www.fcbarcelonanoticias.com\/en\/football\/champions-league.html\" rel=\"follow\" target=\"_self\" title=\"Champions League\">Champions League<\/a><\/strong>.<\/p>  <p>The Barcelona LaLiga does not leave well in League. In the last duel could not in front of a C\u00e1diz (1-2) that goes back powerful in his house, being the first recently risen that defeats in the same season to the three historical of LaLiga: FC Barcelona, Real Madrid and Athletic Club, since it did it the own C\u00e1diz by the season 1981-1982. <strong><a data-external=\"1\" href=\"https:\/\/www.fcbarcelonanoticias.com\/laliga-clasificacion.html\" rel=\"follow\" target=\"_self\" title=\"El Bar\u00e7a se encuentra en la novena posici\u00f3n con cuatro victorias\">The Bar\u00e7a finds in the ninth position with four victories<\/a>, two ties and four defeats<\/strong>, adding 14 points in 10 meetings. With the same quantity of parties, <strong>the Athletic of Madrid accumulates a difference of twelve points<\/strong>, never has traced back a disadvantage to be champions in all the history of LaLiga.<\/p>  <p><strong>Demb\u00e9l\u00e9 Substituted to Coutinho and contested all the second time<\/strong>. In the morning of the Sunday 6 December, the Barcelona communicated that the French suffered an elongaci\u00f3n in the isquiotibiales of the right thigh, and will be low while the evolution mark his availability. It contested his duel number 12 in the current campaign, adding four goals. Although the communiqu\u00e9 of the club did not indicate the time of the drop, the extreme Frenchman lesiona with frequency, and <strong>this type of injuries are used to to have to the footballers between one to two weeks out of the fields<\/strong>, depending the gravity of the distention.<\/p>  <p>It is indisputable that the Dutch trainer has important offensive pieces like <strong>Messi, Griezmann, Pedri, the surprise by the effectiveness of Braithwaite or Coutinho<\/strong>, but the power and natural speed of an extreme only possesses them the ex of the Borussia Dortmund, being a sensitive drop. However, his possible acting Konrad de la Fuente has a similar speed and deployment. The injuries increase in the Catalan club in the last weeks. <strong>Ansu Fati, Sergi Roberto, and Hammered will not be by a considerable period<\/strong>.<\/p>  <p><strong>Ronald Koeman showed autocr\u00edtico in the previous press conference to the meeting in front of the Juventus<\/strong>, this Tuesday in the Camp Nou. On the current situation of Ousmane Demb\u00e9l\u00e9, commented that &#8221;is a lastima lose another player by injury, goes to be a time was and for him is a step backwards, has been well, physically has improved a lot, know that has a past with subjects of injuries&#8221;.<\/p>  <p>Besides, <strong>&#8221;it is a reason to complain me of the subject of the schedules, no who puts them<\/strong>, but if you have to play a Tuesday night in Champions League, for well of the Spanish teams, can not can put the party before like this. Especially to defend to my players, arriving home to the three or four of the morning, are the team that has played the five parties to the nine of the night, <strong>is not a help for a Spanish team&#8221;<\/strong>, communicated.<\/p>  <h3>Koeman Achieves the solution<\/h3>  <div class=\"article-video-wrapper\" data-ck-asset-wrapper=\"\"> <div class=\"article-video\"> <div> <div style=\"position: relative; padding-bottom:56.25%; height: 0; overflow: hidden; \"><\/div> <\/div> <\/div> <\/div>  <p>Ones of the results that expects the FC Barcelona is the incorporation and from here <strong>the evolution of some young promises of the Bar\u00e7a B, specifically therefore it arises the name of the American Konrad de la Fuente<\/strong>, an usual summoned to the first team. The leading youngster already contested two parties by the League of Champions, saw minutes in front of the Dinamo of Kiev and Ferencvaros going in from the bench. It can be an option for Koeman of face to the next party of LaLiga against the Raise.<\/p>  <p><strong>De la Fuente contested this Sunday almost 70 minutes with the Boat B<\/strong> in front of the Llagostera (1-0). In spite of being one of the most stood out of the team, decided to give him rest since it is necessary for the first team. The youngster of 19 years has had important moments representing to his country, forming part of the category sub-20 of United States, in the World-wide Sub-20 Poland 2019, where reached the quarter-finals being deleted by the Selection of Ecuador. Besides, <strong>it was summoned this year to be part of the announcement of the absolute selection<\/strong>.<\/p>  <p><strong>Konrad has an alike profile to the of Ansu Fati, accustomed to go in ofensivamente by the left lane<\/strong>, is a player with personality, dribbling and good punter\u00eda. It showed it in the pre-season with the first team and when it sees minutes in Second B.<\/p> ","protected":false},"excerpt":{"rendered":"<p>Ronald Koeman has serious problems in his squad. In his last match, Ousmane Demb\u00e9l\u00e9 suffered an injury after seeing action during 45 minutes in the defeat in front of the C\u00e1diz 1-2, in the Carranza This weekend added another player lesionado to the FC Barcelona, Ousmane Demb\u00e9l\u00e9. Koeman Thinks in adding to the following announcements [&hellip;]<\/p>\n","protected":false},"author":512,"featured_media":74143,"comment_status":"closed","ping_status":"open","sticky":false,"template":"","format":"standard","meta":{"_acf_changed":false,"inline_featured_image":false,"_nextfly_llmd_date_locked":false,"footnotes":""},"categories":[107,453],"tags":[146,136,379,209],"class_list":["post-74138","post","type-post","status-publish","format-standard","has-post-thumbnail","hentry","category-players","category-players-2","tag-dembele","tag-injured","tag-konrad-de-la-fuente","tag-ronald-koeman"],"acf":[],"yoast_head":"<!-- This site is optimized with the Yoast SEO plugin v27.3 - https:\/\/yoast.com\/product\/yoast-seo-wordpress\/ -->\n<title>Koeman can give more minutes to Konrad while Demb\u00e9l\u00e9 is out<\/title>\n<meta name=\"description\" content=\"Ronald Koeman has serious problems in his squad. In his last match, Ousmane Demb\u00e9l\u00e9 suffered an injury after seeing action during 45 minutes in the defeat in front of the C\u00e1diz 1-2, in the Carranza\" \/>\n<meta name=\"robots\" content=\"index, follow, max-snippet:-1, max-image-preview:large, max-video-preview:-1\" \/>\n<link rel=\"canonical\" href=\"https:\/\/www.fcbarcelonanoticias.com\/en\/players\/koeman-can-give-more-minutes-konrad-while-dembele-is-out_263025_102.html\" \/>\n<meta property=\"og:locale\" content=\"en_US\" \/>\n<meta property=\"og:type\" content=\"article\" \/>\n<meta property=\"og:title\" content=\"Koeman can give more minutes to Konrad while Demb\u00e9l\u00e9 is out\" \/>\n<meta property=\"og:description\" content=\"Ronald Koeman has serious problems in his squad. In his last match, Ousmane Demb\u00e9l\u00e9 suffered an injury after seeing action during 45 minutes in the defeat in front of the C\u00e1diz 1-2, in the Carranza\" \/>\n<meta property=\"og:url\" content=\"https:\/\/www.fcbarcelonanoticias.com\/en\/players\/koeman-can-give-more-minutes-konrad-while-dembele-is-out_263025_102.html\" \/>\n<meta property=\"og:site_name\" content=\"EN - FC Barcelona Noticias\" \/>\n<meta property=\"article:published_time\" content=\"2020-12-08T17:50:00+00:00\" \/>\n<meta property=\"article:modified_time\" content=\"2026-04-16T07:18:14+00:00\" \/>\n<meta property=\"og:image\" content=\"https:\/\/www.fcbarcelonanoticias.com\/en\/wp-content\/uploads\/sites\/2\/2020\/12\/dembele-y-de-la-fuente-en-un-entrenamiento-1.jpeg\" \/>\n\t<meta property=\"og:image:width\" content=\"1200\" \/>\n\t<meta property=\"og:image:height\" content=\"697\" \/>\n\t<meta property=\"og:image:type\" content=\"image\/jpeg\" \/>\n<meta name=\"author\" content=\"user_4168\" \/>\n<meta name=\"twitter:card\" content=\"summary_large_image\" \/>\n<meta name=\"twitter:label1\" content=\"Written by\" \/>\n\t<meta name=\"twitter:data1\" content=\"user_4168\" \/>\n\t<meta name=\"twitter:label2\" content=\"Est. reading time\" \/>\n\t<meta name=\"twitter:data2\" content=\"4 minutes\" \/>\n<script type=\"application\/ld+json\" class=\"yoast-schema-graph\">{\"@context\":\"https:\\\/\\\/schema.org\",\"@graph\":[{\"@type\":\"Article\",\"@id\":\"https:\\\/\\\/www.fcbarcelonanoticias.com\\\/en\\\/players\\\/koeman-can-give-more-minutes-konrad-while-dembele-is-out_263025_102.html#article\",\"isPartOf\":{\"@id\":\"https:\\\/\\\/www.fcbarcelonanoticias.com\\\/en\\\/players\\\/koeman-can-give-more-minutes-konrad-while-dembele-is-out_263025_102.html\"},\"author\":{\"name\":\"user_4168\",\"@id\":\"https:\\\/\\\/www.fcbarcelonanoticias.com\\\/en\\\/#\\\/schema\\\/person\\\/c0bd90fe6b8b91817f99c40befd7171d\"},\"headline\":\"Koeman can give more minutes to Konrad while Demb\u00e9l\u00e9 is out\",\"datePublished\":\"2020-12-08T17:50:00+00:00\",\"dateModified\":\"2026-04-16T07:18:14+00:00\",\"mainEntityOfPage\":{\"@id\":\"https:\\\/\\\/www.fcbarcelonanoticias.com\\\/en\\\/players\\\/koeman-can-give-more-minutes-konrad-while-dembele-is-out_263025_102.html\"},\"wordCount\":795,\"image\":{\"@id\":\"https:\\\/\\\/www.fcbarcelonanoticias.com\\\/en\\\/players\\\/koeman-can-give-more-minutes-konrad-while-dembele-is-out_263025_102.html#primaryimage\"},\"thumbnailUrl\":\"https:\\\/\\\/www.fcbarcelonanoticias.com\\\/en\\\/wp-content\\\/uploads\\\/sites\\\/2\\\/2020\\\/12\\\/dembele-y-de-la-fuente-en-un-entrenamiento-1.jpeg\",\"keywords\":[\"Demb\u00e9l\u00e9\",\"injured\",\"Konrad de la Fuente\",\"Ronald Koeman\"],\"articleSection\":[\"Players\",\"Players\"],\"inLanguage\":\"en-US\"},{\"@type\":\"WebPage\",\"@id\":\"https:\\\/\\\/www.fcbarcelonanoticias.com\\\/en\\\/players\\\/koeman-can-give-more-minutes-konrad-while-dembele-is-out_263025_102.html\",\"url\":\"https:\\\/\\\/www.fcbarcelonanoticias.com\\\/en\\\/players\\\/koeman-can-give-more-minutes-konrad-while-dembele-is-out_263025_102.html\",\"name\":\"Koeman can give more minutes to Konrad while Demb\u00e9l\u00e9 is out\",\"isPartOf\":{\"@id\":\"https:\\\/\\\/www.fcbarcelonanoticias.com\\\/en\\\/#website\"},\"primaryImageOfPage\":{\"@id\":\"https:\\\/\\\/www.fcbarcelonanoticias.com\\\/en\\\/players\\\/koeman-can-give-more-minutes-konrad-while-dembele-is-out_263025_102.html#primaryimage\"},\"image\":{\"@id\":\"https:\\\/\\\/www.fcbarcelonanoticias.com\\\/en\\\/players\\\/koeman-can-give-more-minutes-konrad-while-dembele-is-out_263025_102.html#primaryimage\"},\"thumbnailUrl\":\"https:\\\/\\\/www.fcbarcelonanoticias.com\\\/en\\\/wp-content\\\/uploads\\\/sites\\\/2\\\/2020\\\/12\\\/dembele-y-de-la-fuente-en-un-entrenamiento-1.jpeg\",\"datePublished\":\"2020-12-08T17:50:00+00:00\",\"dateModified\":\"2026-04-16T07:18:14+00:00\",\"author\":{\"@id\":\"https:\\\/\\\/www.fcbarcelonanoticias.com\\\/en\\\/#\\\/schema\\\/person\\\/c0bd90fe6b8b91817f99c40befd7171d\"},\"description\":\"Ronald Koeman has serious problems in his squad. In his last match, Ousmane Demb\u00e9l\u00e9 suffered an injury after seeing action during 45 minutes in the defeat in front of the C\u00e1diz 1-2, in the Carranza\",\"breadcrumb\":{\"@id\":\"https:\\\/\\\/www.fcbarcelonanoticias.com\\\/en\\\/players\\\/koeman-can-give-more-minutes-konrad-while-dembele-is-out_263025_102.html#breadcrumb\"},\"inLanguage\":\"en-US\",\"potentialAction\":[{\"@type\":\"ReadAction\",\"target\":[\"https:\\\/\\\/www.fcbarcelonanoticias.com\\\/en\\\/players\\\/koeman-can-give-more-minutes-konrad-while-dembele-is-out_263025_102.html\"]}]},{\"@type\":\"ImageObject\",\"inLanguage\":\"en-US\",\"@id\":\"https:\\\/\\\/www.fcbarcelonanoticias.com\\\/en\\\/players\\\/koeman-can-give-more-minutes-konrad-while-dembele-is-out_263025_102.html#primaryimage\",\"url\":\"https:\\\/\\\/www.fcbarcelonanoticias.com\\\/en\\\/wp-content\\\/uploads\\\/sites\\\/2\\\/2020\\\/12\\\/dembele-y-de-la-fuente-en-un-entrenamiento-1.jpeg\",\"contentUrl\":\"https:\\\/\\\/www.fcbarcelonanoticias.com\\\/en\\\/wp-content\\\/uploads\\\/sites\\\/2\\\/2020\\\/12\\\/dembele-y-de-la-fuente-en-un-entrenamiento-1.jpeg\",\"width\":1200,\"height\":697},{\"@type\":\"BreadcrumbList\",\"@id\":\"https:\\\/\\\/www.fcbarcelonanoticias.com\\\/en\\\/players\\\/koeman-can-give-more-minutes-konrad-while-dembele-is-out_263025_102.html#breadcrumb\",\"itemListElement\":[{\"@type\":\"ListItem\",\"position\":1,\"name\":\"Portada\",\"item\":\"https:\\\/\\\/www.fcbarcelonanoticias.com\\\/en\\\/\"},{\"@type\":\"ListItem\",\"position\":2,\"name\":\"Koeman can give more minutes to Konrad while Demb\u00e9l\u00e9 is out\"}]},{\"@type\":\"WebSite\",\"@id\":\"https:\\\/\\\/www.fcbarcelonanoticias.com\\\/en\\\/#website\",\"url\":\"https:\\\/\\\/www.fcbarcelonanoticias.com\\\/en\\\/\",\"name\":\"EN - FC Barcelona Noticias\",\"description\":\"\",\"potentialAction\":[{\"@type\":\"SearchAction\",\"target\":{\"@type\":\"EntryPoint\",\"urlTemplate\":\"https:\\\/\\\/www.fcbarcelonanoticias.com\\\/en\\\/?s={search_term_string}\"},\"query-input\":{\"@type\":\"PropertyValueSpecification\",\"valueRequired\":true,\"valueName\":\"search_term_string\"}}],\"inLanguage\":\"en-US\"},{\"@type\":\"Person\",\"@id\":\"https:\\\/\\\/www.fcbarcelonanoticias.com\\\/en\\\/#\\\/schema\\\/person\\\/c0bd90fe6b8b91817f99c40befd7171d\",\"name\":\"user_4168\",\"image\":{\"@type\":\"ImageObject\",\"inLanguage\":\"en-US\",\"@id\":\"https:\\\/\\\/secure.gravatar.com\\\/avatar\\\/?s=96&d=mm&r=g\",\"url\":\"https:\\\/\\\/secure.gravatar.com\\\/avatar\\\/?s=96&d=mm&r=g\",\"contentUrl\":\"https:\\\/\\\/secure.gravatar.com\\\/avatar\\\/?s=96&d=mm&r=g\",\"caption\":\"user_4168\"},\"url\":\"https:\\\/\\\/www.fcbarcelonanoticias.com\\\/en\\\/user_4168.html\"}]}<\/script>\n<!-- \/ Yoast SEO plugin. -->","yoast_head_json":{"title":"Koeman can give more minutes to Konrad while Demb\u00e9l\u00e9 is out","description":"Ronald Koeman has serious problems in his squad. In his last match, Ousmane Demb\u00e9l\u00e9 suffered an injury after seeing action during 45 minutes in the defeat in front of the C\u00e1diz 1-2, in the Carranza","robots":{"index":"index","follow":"follow","max-snippet":"max-snippet:-1","max-image-preview":"max-image-preview:large","max-video-preview":"max-video-preview:-1"},"canonical":"https:\/\/www.fcbarcelonanoticias.com\/en\/players\/koeman-can-give-more-minutes-konrad-while-dembele-is-out_263025_102.html","og_locale":"en_US","og_type":"article","og_title":"Koeman can give more minutes to Konrad while Demb\u00e9l\u00e9 is out","og_description":"Ronald Koeman has serious problems in his squad. In his last match, Ousmane Demb\u00e9l\u00e9 suffered an injury after seeing action during 45 minutes in the defeat in front of the C\u00e1diz 1-2, in the Carranza","og_url":"https:\/\/www.fcbarcelonanoticias.com\/en\/players\/koeman-can-give-more-minutes-konrad-while-dembele-is-out_263025_102.html","og_site_name":"EN - FC Barcelona Noticias","article_published_time":"2020-12-08T17:50:00+00:00","article_modified_time":"2026-04-16T07:18:14+00:00","og_image":[{"width":1200,"height":697,"url":"https:\/\/www.fcbarcelonanoticias.com\/en\/wp-content\/uploads\/sites\/2\/2020\/12\/dembele-y-de-la-fuente-en-un-entrenamiento-1.jpeg","type":"image\/jpeg"}],"author":"user_4168","twitter_card":"summary_large_image","twitter_misc":{"Written by":"user_4168","Est. reading time":"4 minutes"},"schema":{"@context":"https:\/\/schema.org","@graph":[{"@type":"Article","@id":"https:\/\/www.fcbarcelonanoticias.com\/en\/players\/koeman-can-give-more-minutes-konrad-while-dembele-is-out_263025_102.html#article","isPartOf":{"@id":"https:\/\/www.fcbarcelonanoticias.com\/en\/players\/koeman-can-give-more-minutes-konrad-while-dembele-is-out_263025_102.html"},"author":{"name":"user_4168","@id":"https:\/\/www.fcbarcelonanoticias.com\/en\/#\/schema\/person\/c0bd90fe6b8b91817f99c40befd7171d"},"headline":"Koeman can give more minutes to Konrad while Demb\u00e9l\u00e9 is out","datePublished":"2020-12-08T17:50:00+00:00","dateModified":"2026-04-16T07:18:14+00:00","mainEntityOfPage":{"@id":"https:\/\/www.fcbarcelonanoticias.com\/en\/players\/koeman-can-give-more-minutes-konrad-while-dembele-is-out_263025_102.html"},"wordCount":795,"image":{"@id":"https:\/\/www.fcbarcelonanoticias.com\/en\/players\/koeman-can-give-more-minutes-konrad-while-dembele-is-out_263025_102.html#primaryimage"},"thumbnailUrl":"https:\/\/www.fcbarcelonanoticias.com\/en\/wp-content\/uploads\/sites\/2\/2020\/12\/dembele-y-de-la-fuente-en-un-entrenamiento-1.jpeg","keywords":["Demb\u00e9l\u00e9","injured","Konrad de la Fuente","Ronald Koeman"],"articleSection":["Players","Players"],"inLanguage":"en-US"},{"@type":"WebPage","@id":"https:\/\/www.fcbarcelonanoticias.com\/en\/players\/koeman-can-give-more-minutes-konrad-while-dembele-is-out_263025_102.html","url":"https:\/\/www.fcbarcelonanoticias.com\/en\/players\/koeman-can-give-more-minutes-konrad-while-dembele-is-out_263025_102.html","name":"Koeman can give more minutes to Konrad while Demb\u00e9l\u00e9 is out","isPartOf":{"@id":"https:\/\/www.fcbarcelonanoticias.com\/en\/#website"},"primaryImageOfPage":{"@id":"https:\/\/www.fcbarcelonanoticias.com\/en\/players\/koeman-can-give-more-minutes-konrad-while-dembele-is-out_263025_102.html#primaryimage"},"image":{"@id":"https:\/\/www.fcbarcelonanoticias.com\/en\/players\/koeman-can-give-more-minutes-konrad-while-dembele-is-out_263025_102.html#primaryimage"},"thumbnailUrl":"https:\/\/www.fcbarcelonanoticias.com\/en\/wp-content\/uploads\/sites\/2\/2020\/12\/dembele-y-de-la-fuente-en-un-entrenamiento-1.jpeg","datePublished":"2020-12-08T17:50:00+00:00","dateModified":"2026-04-16T07:18:14+00:00","author":{"@id":"https:\/\/www.fcbarcelonanoticias.com\/en\/#\/schema\/person\/c0bd90fe6b8b91817f99c40befd7171d"},"description":"Ronald Koeman has serious problems in his squad. In his last match, Ousmane Demb\u00e9l\u00e9 suffered an injury after seeing action during 45 minutes in the defeat in front of the C\u00e1diz 1-2, in the Carranza","breadcrumb":{"@id":"https:\/\/www.fcbarcelonanoticias.com\/en\/players\/koeman-can-give-more-minutes-konrad-while-dembele-is-out_263025_102.html#breadcrumb"},"inLanguage":"en-US","potentialAction":[{"@type":"ReadAction","target":["https:\/\/www.fcbarcelonanoticias.com\/en\/players\/koeman-can-give-more-minutes-konrad-while-dembele-is-out_263025_102.html"]}]},{"@type":"ImageObject","inLanguage":"en-US","@id":"https:\/\/www.fcbarcelonanoticias.com\/en\/players\/koeman-can-give-more-minutes-konrad-while-dembele-is-out_263025_102.html#primaryimage","url":"https:\/\/www.fcbarcelonanoticias.com\/en\/wp-content\/uploads\/sites\/2\/2020\/12\/dembele-y-de-la-fuente-en-un-entrenamiento-1.jpeg","contentUrl":"https:\/\/www.fcbarcelonanoticias.com\/en\/wp-content\/uploads\/sites\/2\/2020\/12\/dembele-y-de-la-fuente-en-un-entrenamiento-1.jpeg","width":1200,"height":697},{"@type":"BreadcrumbList","@id":"https:\/\/www.fcbarcelonanoticias.com\/en\/players\/koeman-can-give-more-minutes-konrad-while-dembele-is-out_263025_102.html#breadcrumb","itemListElement":[{"@type":"ListItem","position":1,"name":"Portada","item":"https:\/\/www.fcbarcelonanoticias.com\/en\/"},{"@type":"ListItem","position":2,"name":"Koeman can give more minutes to Konrad while Demb\u00e9l\u00e9 is out"}]},{"@type":"WebSite","@id":"https:\/\/www.fcbarcelonanoticias.com\/en\/#website","url":"https:\/\/www.fcbarcelonanoticias.com\/en\/","name":"EN - FC Barcelona Noticias","description":"","potentialAction":[{"@type":"SearchAction","target":{"@type":"EntryPoint","urlTemplate":"https:\/\/www.fcbarcelonanoticias.com\/en\/?s={search_term_string}"},"query-input":{"@type":"PropertyValueSpecification","valueRequired":true,"valueName":"search_term_string"}}],"inLanguage":"en-US"},{"@type":"Person","@id":"https:\/\/www.fcbarcelonanoticias.com\/en\/#\/schema\/person\/c0bd90fe6b8b91817f99c40befd7171d","name":"user_4168","image":{"@type":"ImageObject","inLanguage":"en-US","@id":"https:\/\/secure.gravatar.com\/avatar\/?s=96&d=mm&r=g","url":"https:\/\/secure.gravatar.com\/avatar\/?s=96&d=mm&r=g","contentUrl":"https:\/\/secure.gravatar.com\/avatar\/?s=96&d=mm&r=g","caption":"user_4168"},"url":"https:\/\/www.fcbarcelonanoticias.com\/en\/user_4168.html"}]}},"_links":{"self":[{"href":"https:\/\/www.fcbarcelonanoticias.com\/en\/wp-json\/wp\/v2\/posts\/74138","targetHints":{"allow":["GET"]}}],"collection":[{"href":"https:\/\/www.fcbarcelonanoticias.com\/en\/wp-json\/wp\/v2\/posts"}],"about":[{"href":"https:\/\/www.fcbarcelonanoticias.com\/en\/wp-json\/wp\/v2\/types\/post"}],"author":[{"embeddable":true,"href":"https:\/\/www.fcbarcelonanoticias.com\/en\/wp-json\/wp\/v2\/users\/512"}],"replies":[{"embeddable":true,"href":"https:\/\/www.fcbarcelonanoticias.com\/en\/wp-json\/wp\/v2\/comments?post=74138"}],"version-history":[{"count":2,"href":"https:\/\/www.fcbarcelonanoticias.com\/en\/wp-json\/wp\/v2\/posts\/74138\/revisions"}],"predecessor-version":[{"id":171490,"href":"https:\/\/www.fcbarcelonanoticias.com\/en\/wp-json\/wp\/v2\/posts\/74138\/revisions\/171490"}],"wp:featuredmedia":[{"embeddable":true,"href":"https:\/\/www.fcbarcelonanoticias.com\/en\/wp-json\/wp\/v2\/media\/74143"}],"wp:attachment":[{"href":"https:\/\/www.fcbarcelonanoticias.com\/en\/wp-json\/wp\/v2\/media?parent=74138"}],"wp:term":[{"taxonomy":"category","embeddable":true,"href":"https:\/\/www.fcbarcelonanoticias.com\/en\/wp-json\/wp\/v2\/categories?post=74138"},{"taxonomy":"post_tag","embeddable":true,"href":"https:\/\/www.fcbarcelonanoticias.com\/en\/wp-json\/wp\/v2\/tags?post=74138"}],"curies":[{"name":"wp","href":"https:\/\/api.w.org\/{rel}","templated":true}]}}