{"id":74235,"date":"2024-01-22T12:13:00","date_gmt":"2024-01-22T11:13:00","guid":{"rendered":"https:\/\/weisetech.dev\/fc-barcelona-noticias\/en\/lamine-yamal-and-ferran-torres-complicate-raphinhas-future-at-barca_300142_102\/"},"modified":"2024-01-22T17:59:00","modified_gmt":"2024-01-22T16:59:00","slug":"lamine-yamal-and-ferran-torres-complicate-raphinhas-future-at-barca_300142_102","status":"publish","type":"post","link":"https:\/\/www.fcbarcelonanoticias.com\/en\/players\/lamine-yamal-and-ferran-torres-complicate-raphinhas-future-at-barca_300142_102.html","title":{"rendered":"Lamine Yamal and Ferran Torres complicate Raphinha&#8217;s future at Bar\u00e7a"},"content":{"rendered":"<h2 class=\"wp-block-heading\">Raphinha&#8217;s football this season has not been as positive as Bar\u00e7a had hoped, and he has also been in the infirmary twice, something that seems to be keeping him away from continuing at the club<\/h2>  \r\n<div class=\"article-addons\">\r\n    <a href=\"https:\/\/www.fcbarcelonanoticias.com\/en\/calendar-fc-barcelona.html\"\r\n       target=\"_self\"\r\n       title=\"Calendar of FC Barcelona\"\r\n       class=\"blue-gredient-btn\">\r\n       \r\n        Calendar of FC Barcelona    <\/a>\r\n<\/div>   <p>Raphinha Fell lesionado in Saudi Arabia with a problem in the biceps femoral of the left leg. <strong>The break arrived just before the rest of the semifinal of Supercopa in front of Osasuna, a setback that fell like balde of cold water for Xavi Hern\u00e1ndez, but that also seems to be generating consequences for the Brazilian.<\/strong><\/p>  <p>And it is that while the left-handed footballer is in the infirmary trying be available for the start of the eighth of final of the Champions League, in front of the Napoli, several cul\u00e9s go advancing with the rhythm of competition and evolving in the game. <strong>One of them is surely the reemplazante more natural of Raphinha: Lamine Yamal.<\/strong><\/p>  <h2>The extremes of Xavi are improving increasingly<\/h2>  <p>In fact, <a data-external=\"0\" data-intl-links-en=\"https:\/\/www.fcbarcelonanoticias.com\/en\/fc-barcelona\/lamine-superstar-yamal-did-what-he-wanted-with-betis-and-earned-his-place-in-the-xi_300129_102.html\" data-intl-links-es=\"https:\/\/www.fcbarcelonanoticias.com\/fc-barcelona\/lamine-superstar-yamal-hizo-quiso-con-betis-se-gano-su-lugar-en-xi_300129_102.html\" href=\"https:\/\/www.fcbarcelonanoticias.com\/en\/fc-barcelona\/lamine-superstar-yamal-did-what-he-wanted-with-betis-and-earned-his-place-in-the-xi_300129_102.html\" rel=\"follow\" target=\"_self\" title=\"\u00a1Lamine, 'superstar'! Yamal hizo lo que quiso con el Betis y se gan\u00f3 su lugar en el XI\">the canterano is shining with own light in the right band<\/a> and already found again with the goal in the season. The international Spanish marked to sentence the triumph in the Supercopa, <strong>being also very important in front of Unionistas in Glass and now in front of the Betis delivered an authentic &#8216;master class&#8217; in Seville.<\/strong> To all this adds him that Ferran Torres was the protagonist of the meeting in front of the b\u00e9ticos.<\/p>  <p><a data-external=\"0\" data-intl-links-en=\"https:\/\/www.fcbarcelonanoticias.com\/en\/laliga\/hat-trick-of-leader-ferran-torres-the-hero-of-the-barca-in-his-best-night-like-cule_300126_102.html\" data-intl-links-es=\"https:\/\/www.fcbarcelonanoticias.com\/laliga\/hat-trick-lider-ferran-torres-heroe-barca-en-su-mejor-noche-como-cule_300126_102.html\" href=\"https:\/\/www.fcbarcelonanoticias.com\/en\/laliga\/hat-trick-of-leader-ferran-torres-the-hero-of-the-barca-in-his-best-night-like-cule_300126_102.html\" rel=\"follow\" target=\"_self\" title=\"\u00a1Hat-trick de l\u00edder! Ferran Torres, el h\u00e9roe del Bar\u00e7a en su mejor noche como cul\u00e9\">The Valencian annotated a hat-trick<\/a> that allowed to the Catalans return homeward with three points, achieving besides reach the 11 goals in this course, so alone one by behind Lewandowski, maximum scorer of the team. <strong>It is thus that at least for now the Bar\u00e7a seems to have sufficient alternative to play without Raphinha, thinking obviously in what it will be the market of summer.<\/strong><\/p>  <h2>Joao F\u00e9lix and Vitor Roque, other alternatives of the Bar\u00e7a<\/h2>  <p>And it is that beside these two names also has to consider to a Joao F\u00e9lix that is yielded until 30 June and could continue in the City Condal if the Bar\u00e7a arrives to an agreement with the Athletic of Madrid. <strong>The Portuguese, more settled in the left, can contest this place with Ferran Torres and even with Vitor Roque, another name that wide the options of attack of the cul\u00e9s. <\/strong>Clearly the market can bring surprises, but to the day of today Raphinha seem to be the most likely name of attack to be planted in the ramp of exit.<\/p> ","protected":false},"excerpt":{"rendered":"<p>Raphinha&#8217;s football this season has not been as positive as Bar\u00e7a had hoped, and he has also been in the infirmary twice, something that seems to be keeping him away from continuing at the club Raphinha Fell lesionado in Saudi Arabia with a problem in the biceps femoral of the left leg. The break arrived [&hellip;]<\/p>\n","protected":false},"author":345,"featured_media":120799,"comment_status":"closed","ping_status":"open","sticky":false,"template":"","format":"standard","meta":{"_acf_changed":false,"inline_featured_image":false,"_nextfly_llmd_date_locked":false,"footnotes":""},"categories":[453,107],"tags":[335,136,48],"class_list":["post-74235","post","type-post","status-publish","format-standard","has-post-thumbnail","hentry","category-players-2","category-players","tag-deco","tag-injured","tag-xavi-hernandez"],"acf":[],"yoast_head":"<!-- This site is optimized with the Yoast SEO plugin v27.3 - https:\/\/yoast.com\/product\/yoast-seo-wordpress\/ -->\n<title>Lamine Yamal and Ferran Torres complicate Raphinha&#039;s future at Bar\u00e7a<\/title>\n<meta name=\"description\" content=\"Raphinha&#039;s football this season has not been as positive as Bar\u00e7a had hoped, and he has also been in the infirmary twice, something that seems to be keeping him away from continuing at the club\" \/>\n<meta name=\"robots\" content=\"index, follow, max-snippet:-1, max-image-preview:large, max-video-preview:-1\" \/>\n<link rel=\"canonical\" href=\"https:\/\/www.fcbarcelonanoticias.com\/en\/players\/lamine-yamal-and-ferran-torres-complicate-raphinhas-future-at-barca_300142_102.html\" \/>\n<meta property=\"og:locale\" content=\"en_US\" \/>\n<meta property=\"og:type\" content=\"article\" \/>\n<meta property=\"og:title\" content=\"Lamine Yamal and Ferran Torres complicate Raphinha&#039;s future at Bar\u00e7a\" \/>\n<meta property=\"og:description\" content=\"Raphinha&#039;s football this season has not been as positive as Bar\u00e7a had hoped, and he has also been in the infirmary twice, something that seems to be keeping him away from continuing at the club\" \/>\n<meta property=\"og:url\" content=\"https:\/\/www.fcbarcelonanoticias.com\/en\/players\/lamine-yamal-and-ferran-torres-complicate-raphinhas-future-at-barca_300142_102.html\" \/>\n<meta property=\"og:site_name\" content=\"EN - FC Barcelona Noticias\" \/>\n<meta property=\"article:published_time\" content=\"2024-01-22T11:13:00+00:00\" \/>\n<meta property=\"article:modified_time\" content=\"2024-01-22T16:59:00+00:00\" \/>\n<meta property=\"og:image\" content=\"https:\/\/www.fcbarcelonanoticias.com\/en\/wp-content\/uploads\/sites\/2\/2024\/01\/valencia-cf-v-fc-barcelona-laliga-ea-sports-3-1.jpeg\" \/>\n\t<meta property=\"og:image:width\" content=\"1300\" \/>\n\t<meta property=\"og:image:height\" content=\"732\" \/>\n\t<meta property=\"og:image:type\" content=\"image\/jpeg\" \/>\n<meta name=\"author\" content=\"Carlos Montenegro\" \/>\n<meta name=\"twitter:card\" content=\"summary_large_image\" \/>\n<meta name=\"twitter:label1\" content=\"Written by\" \/>\n\t<meta name=\"twitter:data1\" content=\"Carlos Montenegro\" \/>\n\t<meta name=\"twitter:label2\" content=\"Est. reading time\" \/>\n\t<meta name=\"twitter:data2\" content=\"2 minutes\" \/>\n<script type=\"application\/ld+json\" class=\"yoast-schema-graph\">{\"@context\":\"https:\\\/\\\/schema.org\",\"@graph\":[{\"@type\":\"Article\",\"@id\":\"https:\\\/\\\/www.fcbarcelonanoticias.com\\\/en\\\/players\\\/lamine-yamal-and-ferran-torres-complicate-raphinhas-future-at-barca_300142_102.html#article\",\"isPartOf\":{\"@id\":\"https:\\\/\\\/www.fcbarcelonanoticias.com\\\/en\\\/players\\\/lamine-yamal-and-ferran-torres-complicate-raphinhas-future-at-barca_300142_102.html\"},\"author\":{\"name\":\"Carlos Montenegro\",\"@id\":\"https:\\\/\\\/www.fcbarcelonanoticias.com\\\/en\\\/#\\\/schema\\\/person\\\/aa1d038709c262cb247e240f6b39bbf5\"},\"headline\":\"Lamine Yamal and Ferran Torres complicate Raphinha&#8217;s future at Bar\u00e7a\",\"datePublished\":\"2024-01-22T11:13:00+00:00\",\"dateModified\":\"2024-01-22T16:59:00+00:00\",\"mainEntityOfPage\":{\"@id\":\"https:\\\/\\\/www.fcbarcelonanoticias.com\\\/en\\\/players\\\/lamine-yamal-and-ferran-torres-complicate-raphinhas-future-at-barca_300142_102.html\"},\"wordCount\":431,\"image\":{\"@id\":\"https:\\\/\\\/www.fcbarcelonanoticias.com\\\/en\\\/players\\\/lamine-yamal-and-ferran-torres-complicate-raphinhas-future-at-barca_300142_102.html#primaryimage\"},\"thumbnailUrl\":\"https:\\\/\\\/www.fcbarcelonanoticias.com\\\/en\\\/wp-content\\\/uploads\\\/sites\\\/2\\\/2024\\\/01\\\/valencia-cf-v-fc-barcelona-laliga-ea-sports-3-1.jpeg\",\"keywords\":[\"Deco\",\"injured\",\"Xavi Hern\u00e1ndez\"],\"articleSection\":[\"Players\",\"Players\"],\"inLanguage\":\"en-US\"},{\"@type\":\"WebPage\",\"@id\":\"https:\\\/\\\/www.fcbarcelonanoticias.com\\\/en\\\/players\\\/lamine-yamal-and-ferran-torres-complicate-raphinhas-future-at-barca_300142_102.html\",\"url\":\"https:\\\/\\\/www.fcbarcelonanoticias.com\\\/en\\\/players\\\/lamine-yamal-and-ferran-torres-complicate-raphinhas-future-at-barca_300142_102.html\",\"name\":\"Lamine Yamal and Ferran Torres complicate Raphinha's future at Bar\u00e7a\",\"isPartOf\":{\"@id\":\"https:\\\/\\\/www.fcbarcelonanoticias.com\\\/en\\\/#website\"},\"primaryImageOfPage\":{\"@id\":\"https:\\\/\\\/www.fcbarcelonanoticias.com\\\/en\\\/players\\\/lamine-yamal-and-ferran-torres-complicate-raphinhas-future-at-barca_300142_102.html#primaryimage\"},\"image\":{\"@id\":\"https:\\\/\\\/www.fcbarcelonanoticias.com\\\/en\\\/players\\\/lamine-yamal-and-ferran-torres-complicate-raphinhas-future-at-barca_300142_102.html#primaryimage\"},\"thumbnailUrl\":\"https:\\\/\\\/www.fcbarcelonanoticias.com\\\/en\\\/wp-content\\\/uploads\\\/sites\\\/2\\\/2024\\\/01\\\/valencia-cf-v-fc-barcelona-laliga-ea-sports-3-1.jpeg\",\"datePublished\":\"2024-01-22T11:13:00+00:00\",\"dateModified\":\"2024-01-22T16:59:00+00:00\",\"author\":{\"@id\":\"https:\\\/\\\/www.fcbarcelonanoticias.com\\\/en\\\/#\\\/schema\\\/person\\\/aa1d038709c262cb247e240f6b39bbf5\"},\"description\":\"Raphinha's football this season has not been as positive as Bar\u00e7a had hoped, and he has also been in the infirmary twice, something that seems to be keeping him away from continuing at the club\",\"breadcrumb\":{\"@id\":\"https:\\\/\\\/www.fcbarcelonanoticias.com\\\/en\\\/players\\\/lamine-yamal-and-ferran-torres-complicate-raphinhas-future-at-barca_300142_102.html#breadcrumb\"},\"inLanguage\":\"en-US\",\"potentialAction\":[{\"@type\":\"ReadAction\",\"target\":[\"https:\\\/\\\/www.fcbarcelonanoticias.com\\\/en\\\/players\\\/lamine-yamal-and-ferran-torres-complicate-raphinhas-future-at-barca_300142_102.html\"]}]},{\"@type\":\"ImageObject\",\"inLanguage\":\"en-US\",\"@id\":\"https:\\\/\\\/www.fcbarcelonanoticias.com\\\/en\\\/players\\\/lamine-yamal-and-ferran-torres-complicate-raphinhas-future-at-barca_300142_102.html#primaryimage\",\"url\":\"https:\\\/\\\/www.fcbarcelonanoticias.com\\\/en\\\/wp-content\\\/uploads\\\/sites\\\/2\\\/2024\\\/01\\\/valencia-cf-v-fc-barcelona-laliga-ea-sports-3-1.jpeg\",\"contentUrl\":\"https:\\\/\\\/www.fcbarcelonanoticias.com\\\/en\\\/wp-content\\\/uploads\\\/sites\\\/2\\\/2024\\\/01\\\/valencia-cf-v-fc-barcelona-laliga-ea-sports-3-1.jpeg\",\"width\":1300,\"height\":732},{\"@type\":\"BreadcrumbList\",\"@id\":\"https:\\\/\\\/www.fcbarcelonanoticias.com\\\/en\\\/players\\\/lamine-yamal-and-ferran-torres-complicate-raphinhas-future-at-barca_300142_102.html#breadcrumb\",\"itemListElement\":[{\"@type\":\"ListItem\",\"position\":1,\"name\":\"Portada\",\"item\":\"https:\\\/\\\/www.fcbarcelonanoticias.com\\\/en\\\/\"},{\"@type\":\"ListItem\",\"position\":2,\"name\":\"Lamine Yamal and Ferran Torres complicate Raphinha&#8217;s future at Bar\u00e7a\"}]},{\"@type\":\"WebSite\",\"@id\":\"https:\\\/\\\/www.fcbarcelonanoticias.com\\\/en\\\/#website\",\"url\":\"https:\\\/\\\/www.fcbarcelonanoticias.com\\\/en\\\/\",\"name\":\"EN - FC Barcelona Noticias\",\"description\":\"\",\"potentialAction\":[{\"@type\":\"SearchAction\",\"target\":{\"@type\":\"EntryPoint\",\"urlTemplate\":\"https:\\\/\\\/www.fcbarcelonanoticias.com\\\/en\\\/?s={search_term_string}\"},\"query-input\":{\"@type\":\"PropertyValueSpecification\",\"valueRequired\":true,\"valueName\":\"search_term_string\"}}],\"inLanguage\":\"en-US\"},{\"@type\":\"Person\",\"@id\":\"https:\\\/\\\/www.fcbarcelonanoticias.com\\\/en\\\/#\\\/schema\\\/person\\\/aa1d038709c262cb247e240f6b39bbf5\",\"name\":\"Carlos Montenegro\",\"image\":{\"@type\":\"ImageObject\",\"inLanguage\":\"en-US\",\"@id\":\"https:\\\/\\\/secure.gravatar.com\\\/avatar\\\/?s=96&d=mm&r=g\",\"url\":\"https:\\\/\\\/secure.gravatar.com\\\/avatar\\\/?s=96&d=mm&r=g\",\"contentUrl\":\"https:\\\/\\\/secure.gravatar.com\\\/avatar\\\/?s=96&d=mm&r=g\",\"caption\":\"Carlos Montenegro\"},\"url\":\"https:\\\/\\\/www.fcbarcelonanoticias.com\\\/en\\\/carlos-montenegro_20_115.html\"}]}<\/script>\n<!-- \/ Yoast SEO plugin. -->","yoast_head_json":{"title":"Lamine Yamal and Ferran Torres complicate Raphinha's future at Bar\u00e7a","description":"Raphinha's football this season has not been as positive as Bar\u00e7a had hoped, and he has also been in the infirmary twice, something that seems to be keeping him away from continuing at the club","robots":{"index":"index","follow":"follow","max-snippet":"max-snippet:-1","max-image-preview":"max-image-preview:large","max-video-preview":"max-video-preview:-1"},"canonical":"https:\/\/www.fcbarcelonanoticias.com\/en\/players\/lamine-yamal-and-ferran-torres-complicate-raphinhas-future-at-barca_300142_102.html","og_locale":"en_US","og_type":"article","og_title":"Lamine Yamal and Ferran Torres complicate Raphinha's future at Bar\u00e7a","og_description":"Raphinha's football this season has not been as positive as Bar\u00e7a had hoped, and he has also been in the infirmary twice, something that seems to be keeping him away from continuing at the club","og_url":"https:\/\/www.fcbarcelonanoticias.com\/en\/players\/lamine-yamal-and-ferran-torres-complicate-raphinhas-future-at-barca_300142_102.html","og_site_name":"EN - FC Barcelona Noticias","article_published_time":"2024-01-22T11:13:00+00:00","article_modified_time":"2024-01-22T16:59:00+00:00","og_image":[{"width":1300,"height":732,"url":"https:\/\/www.fcbarcelonanoticias.com\/en\/wp-content\/uploads\/sites\/2\/2024\/01\/valencia-cf-v-fc-barcelona-laliga-ea-sports-3-1.jpeg","type":"image\/jpeg"}],"author":"Carlos Montenegro","twitter_card":"summary_large_image","twitter_misc":{"Written by":"Carlos Montenegro","Est. reading time":"2 minutes"},"schema":{"@context":"https:\/\/schema.org","@graph":[{"@type":"Article","@id":"https:\/\/www.fcbarcelonanoticias.com\/en\/players\/lamine-yamal-and-ferran-torres-complicate-raphinhas-future-at-barca_300142_102.html#article","isPartOf":{"@id":"https:\/\/www.fcbarcelonanoticias.com\/en\/players\/lamine-yamal-and-ferran-torres-complicate-raphinhas-future-at-barca_300142_102.html"},"author":{"name":"Carlos Montenegro","@id":"https:\/\/www.fcbarcelonanoticias.com\/en\/#\/schema\/person\/aa1d038709c262cb247e240f6b39bbf5"},"headline":"Lamine Yamal and Ferran Torres complicate Raphinha&#8217;s future at Bar\u00e7a","datePublished":"2024-01-22T11:13:00+00:00","dateModified":"2024-01-22T16:59:00+00:00","mainEntityOfPage":{"@id":"https:\/\/www.fcbarcelonanoticias.com\/en\/players\/lamine-yamal-and-ferran-torres-complicate-raphinhas-future-at-barca_300142_102.html"},"wordCount":431,"image":{"@id":"https:\/\/www.fcbarcelonanoticias.com\/en\/players\/lamine-yamal-and-ferran-torres-complicate-raphinhas-future-at-barca_300142_102.html#primaryimage"},"thumbnailUrl":"https:\/\/www.fcbarcelonanoticias.com\/en\/wp-content\/uploads\/sites\/2\/2024\/01\/valencia-cf-v-fc-barcelona-laliga-ea-sports-3-1.jpeg","keywords":["Deco","injured","Xavi Hern\u00e1ndez"],"articleSection":["Players","Players"],"inLanguage":"en-US"},{"@type":"WebPage","@id":"https:\/\/www.fcbarcelonanoticias.com\/en\/players\/lamine-yamal-and-ferran-torres-complicate-raphinhas-future-at-barca_300142_102.html","url":"https:\/\/www.fcbarcelonanoticias.com\/en\/players\/lamine-yamal-and-ferran-torres-complicate-raphinhas-future-at-barca_300142_102.html","name":"Lamine Yamal and Ferran Torres complicate Raphinha's future at Bar\u00e7a","isPartOf":{"@id":"https:\/\/www.fcbarcelonanoticias.com\/en\/#website"},"primaryImageOfPage":{"@id":"https:\/\/www.fcbarcelonanoticias.com\/en\/players\/lamine-yamal-and-ferran-torres-complicate-raphinhas-future-at-barca_300142_102.html#primaryimage"},"image":{"@id":"https:\/\/www.fcbarcelonanoticias.com\/en\/players\/lamine-yamal-and-ferran-torres-complicate-raphinhas-future-at-barca_300142_102.html#primaryimage"},"thumbnailUrl":"https:\/\/www.fcbarcelonanoticias.com\/en\/wp-content\/uploads\/sites\/2\/2024\/01\/valencia-cf-v-fc-barcelona-laliga-ea-sports-3-1.jpeg","datePublished":"2024-01-22T11:13:00+00:00","dateModified":"2024-01-22T16:59:00+00:00","author":{"@id":"https:\/\/www.fcbarcelonanoticias.com\/en\/#\/schema\/person\/aa1d038709c262cb247e240f6b39bbf5"},"description":"Raphinha's football this season has not been as positive as Bar\u00e7a had hoped, and he has also been in the infirmary twice, something that seems to be keeping him away from continuing at the club","breadcrumb":{"@id":"https:\/\/www.fcbarcelonanoticias.com\/en\/players\/lamine-yamal-and-ferran-torres-complicate-raphinhas-future-at-barca_300142_102.html#breadcrumb"},"inLanguage":"en-US","potentialAction":[{"@type":"ReadAction","target":["https:\/\/www.fcbarcelonanoticias.com\/en\/players\/lamine-yamal-and-ferran-torres-complicate-raphinhas-future-at-barca_300142_102.html"]}]},{"@type":"ImageObject","inLanguage":"en-US","@id":"https:\/\/www.fcbarcelonanoticias.com\/en\/players\/lamine-yamal-and-ferran-torres-complicate-raphinhas-future-at-barca_300142_102.html#primaryimage","url":"https:\/\/www.fcbarcelonanoticias.com\/en\/wp-content\/uploads\/sites\/2\/2024\/01\/valencia-cf-v-fc-barcelona-laliga-ea-sports-3-1.jpeg","contentUrl":"https:\/\/www.fcbarcelonanoticias.com\/en\/wp-content\/uploads\/sites\/2\/2024\/01\/valencia-cf-v-fc-barcelona-laliga-ea-sports-3-1.jpeg","width":1300,"height":732},{"@type":"BreadcrumbList","@id":"https:\/\/www.fcbarcelonanoticias.com\/en\/players\/lamine-yamal-and-ferran-torres-complicate-raphinhas-future-at-barca_300142_102.html#breadcrumb","itemListElement":[{"@type":"ListItem","position":1,"name":"Portada","item":"https:\/\/www.fcbarcelonanoticias.com\/en\/"},{"@type":"ListItem","position":2,"name":"Lamine Yamal and Ferran Torres complicate Raphinha&#8217;s future at Bar\u00e7a"}]},{"@type":"WebSite","@id":"https:\/\/www.fcbarcelonanoticias.com\/en\/#website","url":"https:\/\/www.fcbarcelonanoticias.com\/en\/","name":"EN - FC Barcelona Noticias","description":"","potentialAction":[{"@type":"SearchAction","target":{"@type":"EntryPoint","urlTemplate":"https:\/\/www.fcbarcelonanoticias.com\/en\/?s={search_term_string}"},"query-input":{"@type":"PropertyValueSpecification","valueRequired":true,"valueName":"search_term_string"}}],"inLanguage":"en-US"},{"@type":"Person","@id":"https:\/\/www.fcbarcelonanoticias.com\/en\/#\/schema\/person\/aa1d038709c262cb247e240f6b39bbf5","name":"Carlos Montenegro","image":{"@type":"ImageObject","inLanguage":"en-US","@id":"https:\/\/secure.gravatar.com\/avatar\/?s=96&d=mm&r=g","url":"https:\/\/secure.gravatar.com\/avatar\/?s=96&d=mm&r=g","contentUrl":"https:\/\/secure.gravatar.com\/avatar\/?s=96&d=mm&r=g","caption":"Carlos Montenegro"},"url":"https:\/\/www.fcbarcelonanoticias.com\/en\/carlos-montenegro_20_115.html"}]}},"_links":{"self":[{"href":"https:\/\/www.fcbarcelonanoticias.com\/en\/wp-json\/wp\/v2\/posts\/74235","targetHints":{"allow":["GET"]}}],"collection":[{"href":"https:\/\/www.fcbarcelonanoticias.com\/en\/wp-json\/wp\/v2\/posts"}],"about":[{"href":"https:\/\/www.fcbarcelonanoticias.com\/en\/wp-json\/wp\/v2\/types\/post"}],"author":[{"embeddable":true,"href":"https:\/\/www.fcbarcelonanoticias.com\/en\/wp-json\/wp\/v2\/users\/345"}],"replies":[{"embeddable":true,"href":"https:\/\/www.fcbarcelonanoticias.com\/en\/wp-json\/wp\/v2\/comments?post=74235"}],"version-history":[{"count":1,"href":"https:\/\/www.fcbarcelonanoticias.com\/en\/wp-json\/wp\/v2\/posts\/74235\/revisions"}],"predecessor-version":[{"id":120798,"href":"https:\/\/www.fcbarcelonanoticias.com\/en\/wp-json\/wp\/v2\/posts\/74235\/revisions\/120798"}],"wp:featuredmedia":[{"embeddable":true,"href":"https:\/\/www.fcbarcelonanoticias.com\/en\/wp-json\/wp\/v2\/media\/120799"}],"wp:attachment":[{"href":"https:\/\/www.fcbarcelonanoticias.com\/en\/wp-json\/wp\/v2\/media?parent=74235"}],"wp:term":[{"taxonomy":"category","embeddable":true,"href":"https:\/\/www.fcbarcelonanoticias.com\/en\/wp-json\/wp\/v2\/categories?post=74235"},{"taxonomy":"post_tag","embeddable":true,"href":"https:\/\/www.fcbarcelonanoticias.com\/en\/wp-json\/wp\/v2\/tags?post=74235"}],"curies":[{"name":"wp","href":"https:\/\/api.w.org\/{rel}","templated":true}]}}