{"id":74314,"date":"2023-10-05T00:59:00","date_gmt":"2023-10-04T22:59:00","guid":{"rendered":"https:\/\/weisetech.dev\/fc-barcelona-noticias\/en\/lamine-yamal-the-only-light-in-the-darkness-for-barca-in-do-dragao_296778_102\/"},"modified":"2023-10-05T09:42:00","modified_gmt":"2023-10-05T07:42:00","slug":"lamine-yamal-the-only-light-in-the-darkness-for-barca-in-do-dragao_296778_102","status":"publish","type":"post","link":"https:\/\/www.fcbarcelonanoticias.com\/en\/players\/lamine-yamal-the-only-light-in-the-darkness-for-barca-in-do-dragao_296778_102.html","title":{"rendered":"Lamine Yamal, the only light in the darkness for Bar\u00e7a in Do Dragao"},"content":{"rendered":"<h2 class=\"wp-block-heading\">Lamine Yamal could take advantage of his big moment for no desentonar this Wednesday in front of the Port wine. The Bar\u00e7a had a night complicated in front of the lusos, but the extreme equally showed his repertoire<\/h2>  \r\n<div class=\"article-addons\">\r\n    <a href=\"https:\/\/www.fcbarcelonanoticias.com\/en\/calendar-fc-barcelona.html\"\r\n       target=\"_self\"\r\n       title=\"Calendar of FC Barcelona\"\r\n       class=\"blue-gredient-btn\">\r\n       \r\n        Calendar of FC Barcelona    <\/a>\r\n<\/div>   <p>In the middle of a meeting in which <a data-external=\"0\" data-intl-links-en=\"https:\/\/www.fcbarcelonanoticias.com\/en\/champions-league\/suffered-victory-of-grey-barca-in-the-hell-of-porto-0-1_296774_102.html\" data-intl-links-es=\"https:\/\/www.fcbarcelonanoticias.com\/champions-league\/sufrida-victoria-gris-barca-en-infierno-de-oporto-0-1_296774_102.html\" href=\"https:\/\/www.fcbarcelonanoticias.com\/en\/champions-league\/suffered-victory-of-grey-barca-in-the-hell-of-porto-0-1_296774_102.html\" rel=\"follow\" target=\"_self\" title=\"Sufrida victoria de un gris Bar\u00e7a en el infierno de&nbsp;Oporto&nbsp;(0-1)\">the FC Barcelona was not too inspired<\/a>, <strong>Lamine Yamal went back to show that it is one of the players that better understands what asks Xavi Hern\u00e1ndez in each offensive action. <\/strong>Without goal or assistance in front of the Port wine, the extreme of 16 years equally showed very clear in almost each participation that had and help to the Barcelona team to &#8216;clean&#8217; a lot of played.<\/p>  <p>Situated like right extreme, Lamine did not have too much participation in the beginning of the meeting, although with the step of the minutes &#8211;<a data-external=\"0\" data-intl-links-en=\"https:\/\/www.fcbarcelonanoticias.com\/en\/champions-league\/joao-felix-gundogan-balde-1x1-barca-suffera-victoria-porto_296775_102.html\" data-intl-links-es=\"https:\/\/www.fcbarcelonanoticias.com\/champions-league\/joao-felix-gundogan-balde-1x1-barca-sufrida-victoria-oporto_296775_102.html\" href=\"https:\/\/www.fcbarcelonanoticias.com\/en\/champions-league\/joao-felix-gundogan-balde-1x1-barca-suffera-victoria-porto_296775_102.html\" rel=\"follow\" target=\"_self\" title=\"Joao F\u00e9lix, G\u00fcndogan, Balde... El 1x1 del Bar\u00e7a en la sufrida victoria ante el Oporto\">and the intermittence of Joao F\u00e9lix<\/a>-, his mates began to think much more in him. <strong>In fact, the entrance of Ferran in the 33&#8242; by Lewandowski allowed him achieve a much nearer partner, the one who up to now had not had, partly by the annoyances of the Pole on the field during more than 10 minutes of party.<\/strong><\/p>  <p>It does not be necessary to leave to mention that the Bar\u00e7a this Wednesday used much more the left sector of the field to the hour to attack,<strong> by what is even more valuable that Yamal have been able to show like this clearer forward to the hour to touch the balloon. <\/strong>With the peculiarity that it left during the party to the bathroom, the canterano Barcelona took advantage of very well his first titularity in Europe, one that besides has allowed him remain with another record.<\/p>  <h2>Another record for the big talent of the Bar\u00e7a<\/h2>  <p>The &#8217;27&#8217; has achieved to be the youngest footballer of the history in being headline in the Champions League, according to contabiliza Mister Chip (@2010MisterChip) in his account of X. Lamine Has beaten this register by very little, only three days. <strong>Celestine Babayaro, Nigerian that played with the Anderlecht in the decade of the ninety, was to title 16 years and 86 days, and Yamal has done it with 16 years and 83 days.<\/strong><\/p>  <p>In the first day of the European competition, in Montju\u00efc in front of the Amberes, already the cul\u00e9 turned into the youngest footballer of the Bar\u00e7a in contesting the Champions, with 16 years and 68 days, surpassing to Ansu Fati (16 years and 321 days). <strong>Now it will have at least four parties more to achieve another record, the one to be the goleador younger of the competition, right now in power of Ansu, with 17 years and 40 days in 2019. <\/strong><\/p> ","protected":false},"excerpt":{"rendered":"<p>Lamine Yamal could take advantage of his big moment for no desentonar this Wednesday in front of the Port wine. The Bar\u00e7a had a night complicated in front of the lusos, but the extreme equally showed his repertoire In the middle of a meeting in which the FC Barcelona was not too inspired, Lamine Yamal [&hellip;]<\/p>\n","protected":false},"author":345,"featured_media":74316,"comment_status":"closed","ping_status":"open","sticky":false,"template":"","format":"standard","meta":{"_acf_changed":false,"inline_featured_image":false,"_nextfly_llmd_date_locked":false,"footnotes":""},"categories":[453,107],"tags":[196,239,48],"class_list":["post-74314","post","type-post","status-publish","format-standard","has-post-thumbnail","hentry","category-players-2","category-players","tag-joao-cancelo","tag-joao-felix","tag-xavi-hernandez"],"acf":[],"yoast_head":"<!-- This site is optimized with the Yoast SEO plugin v27.3 - https:\/\/yoast.com\/product\/yoast-seo-wordpress\/ -->\n<title>Lamine Yamal, the only light in the darkness for Bar\u00e7a in Do Dragao<\/title>\n<meta name=\"description\" content=\"Lamine Yamal could take advantage of his big moment for no desentonar this Wednesday in front of the Port wine. The Bar\u00e7a had a night complicated in front of the lusos, but the extreme equally showed his repertoire\" \/>\n<meta name=\"robots\" content=\"index, follow, max-snippet:-1, max-image-preview:large, max-video-preview:-1\" \/>\n<link rel=\"canonical\" href=\"https:\/\/www.fcbarcelonanoticias.com\/en\/players\/lamine-yamal-the-only-light-in-the-darkness-for-barca-in-do-dragao_296778_102.html\" \/>\n<meta property=\"og:locale\" content=\"en_US\" \/>\n<meta property=\"og:type\" content=\"article\" \/>\n<meta property=\"og:title\" content=\"Lamine Yamal, the only light in the darkness for Bar\u00e7a in Do Dragao\" \/>\n<meta property=\"og:description\" content=\"Lamine Yamal could take advantage of his big moment for no desentonar this Wednesday in front of the Port wine. The Bar\u00e7a had a night complicated in front of the lusos, but the extreme equally showed his repertoire\" \/>\n<meta property=\"og:url\" content=\"https:\/\/www.fcbarcelonanoticias.com\/en\/players\/lamine-yamal-the-only-light-in-the-darkness-for-barca-in-do-dragao_296778_102.html\" \/>\n<meta property=\"og:site_name\" content=\"EN - FC Barcelona Noticias\" \/>\n<meta property=\"article:published_time\" content=\"2023-10-04T22:59:00+00:00\" \/>\n<meta property=\"article:modified_time\" content=\"2023-10-05T07:42:00+00:00\" \/>\n<meta property=\"og:image\" content=\"https:\/\/www.fcbarcelonanoticias.com\/en\/wp-content\/uploads\/sites\/2\/2023\/10\/lamine-yamal-partido5.jpeg\" \/>\n\t<meta property=\"og:image:width\" content=\"1300\" \/>\n\t<meta property=\"og:image:height\" content=\"738\" \/>\n\t<meta property=\"og:image:type\" content=\"image\/jpeg\" \/>\n<meta name=\"author\" content=\"Carlos Montenegro\" \/>\n<meta name=\"twitter:card\" content=\"summary_large_image\" \/>\n<meta name=\"twitter:label1\" content=\"Written by\" \/>\n\t<meta name=\"twitter:data1\" content=\"Carlos Montenegro\" \/>\n\t<meta name=\"twitter:label2\" content=\"Est. reading time\" \/>\n\t<meta name=\"twitter:data2\" content=\"2 minutes\" \/>\n<script type=\"application\/ld+json\" class=\"yoast-schema-graph\">{\"@context\":\"https:\\\/\\\/schema.org\",\"@graph\":[{\"@type\":\"Article\",\"@id\":\"https:\\\/\\\/www.fcbarcelonanoticias.com\\\/en\\\/players\\\/lamine-yamal-the-only-light-in-the-darkness-for-barca-in-do-dragao_296778_102.html#article\",\"isPartOf\":{\"@id\":\"https:\\\/\\\/www.fcbarcelonanoticias.com\\\/en\\\/players\\\/lamine-yamal-the-only-light-in-the-darkness-for-barca-in-do-dragao_296778_102.html\"},\"author\":{\"name\":\"Carlos Montenegro\",\"@id\":\"https:\\\/\\\/www.fcbarcelonanoticias.com\\\/en\\\/#\\\/schema\\\/person\\\/aa1d038709c262cb247e240f6b39bbf5\"},\"headline\":\"Lamine Yamal, the only light in the darkness for Bar\u00e7a in Do Dragao\",\"datePublished\":\"2023-10-04T22:59:00+00:00\",\"dateModified\":\"2023-10-05T07:42:00+00:00\",\"mainEntityOfPage\":{\"@id\":\"https:\\\/\\\/www.fcbarcelonanoticias.com\\\/en\\\/players\\\/lamine-yamal-the-only-light-in-the-darkness-for-barca-in-do-dragao_296778_102.html\"},\"wordCount\":455,\"image\":{\"@id\":\"https:\\\/\\\/www.fcbarcelonanoticias.com\\\/en\\\/players\\\/lamine-yamal-the-only-light-in-the-darkness-for-barca-in-do-dragao_296778_102.html#primaryimage\"},\"thumbnailUrl\":\"https:\\\/\\\/www.fcbarcelonanoticias.com\\\/en\\\/wp-content\\\/uploads\\\/sites\\\/2\\\/2023\\\/10\\\/lamine-yamal-partido5.jpeg\",\"keywords\":[\"Joao Cancelo\",\"Joao F\u00e9lix\",\"Xavi Hern\u00e1ndez\"],\"articleSection\":[\"Players\",\"Players\"],\"inLanguage\":\"en-US\"},{\"@type\":\"WebPage\",\"@id\":\"https:\\\/\\\/www.fcbarcelonanoticias.com\\\/en\\\/players\\\/lamine-yamal-the-only-light-in-the-darkness-for-barca-in-do-dragao_296778_102.html\",\"url\":\"https:\\\/\\\/www.fcbarcelonanoticias.com\\\/en\\\/players\\\/lamine-yamal-the-only-light-in-the-darkness-for-barca-in-do-dragao_296778_102.html\",\"name\":\"Lamine Yamal, the only light in the darkness for Bar\u00e7a in Do Dragao\",\"isPartOf\":{\"@id\":\"https:\\\/\\\/www.fcbarcelonanoticias.com\\\/en\\\/#website\"},\"primaryImageOfPage\":{\"@id\":\"https:\\\/\\\/www.fcbarcelonanoticias.com\\\/en\\\/players\\\/lamine-yamal-the-only-light-in-the-darkness-for-barca-in-do-dragao_296778_102.html#primaryimage\"},\"image\":{\"@id\":\"https:\\\/\\\/www.fcbarcelonanoticias.com\\\/en\\\/players\\\/lamine-yamal-the-only-light-in-the-darkness-for-barca-in-do-dragao_296778_102.html#primaryimage\"},\"thumbnailUrl\":\"https:\\\/\\\/www.fcbarcelonanoticias.com\\\/en\\\/wp-content\\\/uploads\\\/sites\\\/2\\\/2023\\\/10\\\/lamine-yamal-partido5.jpeg\",\"datePublished\":\"2023-10-04T22:59:00+00:00\",\"dateModified\":\"2023-10-05T07:42:00+00:00\",\"author\":{\"@id\":\"https:\\\/\\\/www.fcbarcelonanoticias.com\\\/en\\\/#\\\/schema\\\/person\\\/aa1d038709c262cb247e240f6b39bbf5\"},\"description\":\"Lamine Yamal could take advantage of his big moment for no desentonar this Wednesday in front of the Port wine. The Bar\u00e7a had a night complicated in front of the lusos, but the extreme equally showed his repertoire\",\"breadcrumb\":{\"@id\":\"https:\\\/\\\/www.fcbarcelonanoticias.com\\\/en\\\/players\\\/lamine-yamal-the-only-light-in-the-darkness-for-barca-in-do-dragao_296778_102.html#breadcrumb\"},\"inLanguage\":\"en-US\",\"potentialAction\":[{\"@type\":\"ReadAction\",\"target\":[\"https:\\\/\\\/www.fcbarcelonanoticias.com\\\/en\\\/players\\\/lamine-yamal-the-only-light-in-the-darkness-for-barca-in-do-dragao_296778_102.html\"]}]},{\"@type\":\"ImageObject\",\"inLanguage\":\"en-US\",\"@id\":\"https:\\\/\\\/www.fcbarcelonanoticias.com\\\/en\\\/players\\\/lamine-yamal-the-only-light-in-the-darkness-for-barca-in-do-dragao_296778_102.html#primaryimage\",\"url\":\"https:\\\/\\\/www.fcbarcelonanoticias.com\\\/en\\\/wp-content\\\/uploads\\\/sites\\\/2\\\/2023\\\/10\\\/lamine-yamal-partido5.jpeg\",\"contentUrl\":\"https:\\\/\\\/www.fcbarcelonanoticias.com\\\/en\\\/wp-content\\\/uploads\\\/sites\\\/2\\\/2023\\\/10\\\/lamine-yamal-partido5.jpeg\",\"width\":1300,\"height\":738},{\"@type\":\"BreadcrumbList\",\"@id\":\"https:\\\/\\\/www.fcbarcelonanoticias.com\\\/en\\\/players\\\/lamine-yamal-the-only-light-in-the-darkness-for-barca-in-do-dragao_296778_102.html#breadcrumb\",\"itemListElement\":[{\"@type\":\"ListItem\",\"position\":1,\"name\":\"Portada\",\"item\":\"https:\\\/\\\/www.fcbarcelonanoticias.com\\\/en\\\/\"},{\"@type\":\"ListItem\",\"position\":2,\"name\":\"Lamine Yamal, the only light in the darkness for Bar\u00e7a in Do Dragao\"}]},{\"@type\":\"WebSite\",\"@id\":\"https:\\\/\\\/www.fcbarcelonanoticias.com\\\/en\\\/#website\",\"url\":\"https:\\\/\\\/www.fcbarcelonanoticias.com\\\/en\\\/\",\"name\":\"EN - FC Barcelona Noticias\",\"description\":\"\",\"potentialAction\":[{\"@type\":\"SearchAction\",\"target\":{\"@type\":\"EntryPoint\",\"urlTemplate\":\"https:\\\/\\\/www.fcbarcelonanoticias.com\\\/en\\\/?s={search_term_string}\"},\"query-input\":{\"@type\":\"PropertyValueSpecification\",\"valueRequired\":true,\"valueName\":\"search_term_string\"}}],\"inLanguage\":\"en-US\"},{\"@type\":\"Person\",\"@id\":\"https:\\\/\\\/www.fcbarcelonanoticias.com\\\/en\\\/#\\\/schema\\\/person\\\/aa1d038709c262cb247e240f6b39bbf5\",\"name\":\"Carlos Montenegro\",\"image\":{\"@type\":\"ImageObject\",\"inLanguage\":\"en-US\",\"@id\":\"https:\\\/\\\/secure.gravatar.com\\\/avatar\\\/?s=96&d=mm&r=g\",\"url\":\"https:\\\/\\\/secure.gravatar.com\\\/avatar\\\/?s=96&d=mm&r=g\",\"contentUrl\":\"https:\\\/\\\/secure.gravatar.com\\\/avatar\\\/?s=96&d=mm&r=g\",\"caption\":\"Carlos Montenegro\"},\"url\":\"https:\\\/\\\/www.fcbarcelonanoticias.com\\\/en\\\/carlos-montenegro_20_115.html\"}]}<\/script>\n<!-- \/ Yoast SEO plugin. -->","yoast_head_json":{"title":"Lamine Yamal, the only light in the darkness for Bar\u00e7a in Do Dragao","description":"Lamine Yamal could take advantage of his big moment for no desentonar this Wednesday in front of the Port wine. The Bar\u00e7a had a night complicated in front of the lusos, but the extreme equally showed his repertoire","robots":{"index":"index","follow":"follow","max-snippet":"max-snippet:-1","max-image-preview":"max-image-preview:large","max-video-preview":"max-video-preview:-1"},"canonical":"https:\/\/www.fcbarcelonanoticias.com\/en\/players\/lamine-yamal-the-only-light-in-the-darkness-for-barca-in-do-dragao_296778_102.html","og_locale":"en_US","og_type":"article","og_title":"Lamine Yamal, the only light in the darkness for Bar\u00e7a in Do Dragao","og_description":"Lamine Yamal could take advantage of his big moment for no desentonar this Wednesday in front of the Port wine. The Bar\u00e7a had a night complicated in front of the lusos, but the extreme equally showed his repertoire","og_url":"https:\/\/www.fcbarcelonanoticias.com\/en\/players\/lamine-yamal-the-only-light-in-the-darkness-for-barca-in-do-dragao_296778_102.html","og_site_name":"EN - FC Barcelona Noticias","article_published_time":"2023-10-04T22:59:00+00:00","article_modified_time":"2023-10-05T07:42:00+00:00","og_image":[{"width":1300,"height":738,"url":"https:\/\/www.fcbarcelonanoticias.com\/en\/wp-content\/uploads\/sites\/2\/2023\/10\/lamine-yamal-partido5.jpeg","type":"image\/jpeg"}],"author":"Carlos Montenegro","twitter_card":"summary_large_image","twitter_misc":{"Written by":"Carlos Montenegro","Est. reading time":"2 minutes"},"schema":{"@context":"https:\/\/schema.org","@graph":[{"@type":"Article","@id":"https:\/\/www.fcbarcelonanoticias.com\/en\/players\/lamine-yamal-the-only-light-in-the-darkness-for-barca-in-do-dragao_296778_102.html#article","isPartOf":{"@id":"https:\/\/www.fcbarcelonanoticias.com\/en\/players\/lamine-yamal-the-only-light-in-the-darkness-for-barca-in-do-dragao_296778_102.html"},"author":{"name":"Carlos Montenegro","@id":"https:\/\/www.fcbarcelonanoticias.com\/en\/#\/schema\/person\/aa1d038709c262cb247e240f6b39bbf5"},"headline":"Lamine Yamal, the only light in the darkness for Bar\u00e7a in Do Dragao","datePublished":"2023-10-04T22:59:00+00:00","dateModified":"2023-10-05T07:42:00+00:00","mainEntityOfPage":{"@id":"https:\/\/www.fcbarcelonanoticias.com\/en\/players\/lamine-yamal-the-only-light-in-the-darkness-for-barca-in-do-dragao_296778_102.html"},"wordCount":455,"image":{"@id":"https:\/\/www.fcbarcelonanoticias.com\/en\/players\/lamine-yamal-the-only-light-in-the-darkness-for-barca-in-do-dragao_296778_102.html#primaryimage"},"thumbnailUrl":"https:\/\/www.fcbarcelonanoticias.com\/en\/wp-content\/uploads\/sites\/2\/2023\/10\/lamine-yamal-partido5.jpeg","keywords":["Joao Cancelo","Joao F\u00e9lix","Xavi Hern\u00e1ndez"],"articleSection":["Players","Players"],"inLanguage":"en-US"},{"@type":"WebPage","@id":"https:\/\/www.fcbarcelonanoticias.com\/en\/players\/lamine-yamal-the-only-light-in-the-darkness-for-barca-in-do-dragao_296778_102.html","url":"https:\/\/www.fcbarcelonanoticias.com\/en\/players\/lamine-yamal-the-only-light-in-the-darkness-for-barca-in-do-dragao_296778_102.html","name":"Lamine Yamal, the only light in the darkness for Bar\u00e7a in Do Dragao","isPartOf":{"@id":"https:\/\/www.fcbarcelonanoticias.com\/en\/#website"},"primaryImageOfPage":{"@id":"https:\/\/www.fcbarcelonanoticias.com\/en\/players\/lamine-yamal-the-only-light-in-the-darkness-for-barca-in-do-dragao_296778_102.html#primaryimage"},"image":{"@id":"https:\/\/www.fcbarcelonanoticias.com\/en\/players\/lamine-yamal-the-only-light-in-the-darkness-for-barca-in-do-dragao_296778_102.html#primaryimage"},"thumbnailUrl":"https:\/\/www.fcbarcelonanoticias.com\/en\/wp-content\/uploads\/sites\/2\/2023\/10\/lamine-yamal-partido5.jpeg","datePublished":"2023-10-04T22:59:00+00:00","dateModified":"2023-10-05T07:42:00+00:00","author":{"@id":"https:\/\/www.fcbarcelonanoticias.com\/en\/#\/schema\/person\/aa1d038709c262cb247e240f6b39bbf5"},"description":"Lamine Yamal could take advantage of his big moment for no desentonar this Wednesday in front of the Port wine. The Bar\u00e7a had a night complicated in front of the lusos, but the extreme equally showed his repertoire","breadcrumb":{"@id":"https:\/\/www.fcbarcelonanoticias.com\/en\/players\/lamine-yamal-the-only-light-in-the-darkness-for-barca-in-do-dragao_296778_102.html#breadcrumb"},"inLanguage":"en-US","potentialAction":[{"@type":"ReadAction","target":["https:\/\/www.fcbarcelonanoticias.com\/en\/players\/lamine-yamal-the-only-light-in-the-darkness-for-barca-in-do-dragao_296778_102.html"]}]},{"@type":"ImageObject","inLanguage":"en-US","@id":"https:\/\/www.fcbarcelonanoticias.com\/en\/players\/lamine-yamal-the-only-light-in-the-darkness-for-barca-in-do-dragao_296778_102.html#primaryimage","url":"https:\/\/www.fcbarcelonanoticias.com\/en\/wp-content\/uploads\/sites\/2\/2023\/10\/lamine-yamal-partido5.jpeg","contentUrl":"https:\/\/www.fcbarcelonanoticias.com\/en\/wp-content\/uploads\/sites\/2\/2023\/10\/lamine-yamal-partido5.jpeg","width":1300,"height":738},{"@type":"BreadcrumbList","@id":"https:\/\/www.fcbarcelonanoticias.com\/en\/players\/lamine-yamal-the-only-light-in-the-darkness-for-barca-in-do-dragao_296778_102.html#breadcrumb","itemListElement":[{"@type":"ListItem","position":1,"name":"Portada","item":"https:\/\/www.fcbarcelonanoticias.com\/en\/"},{"@type":"ListItem","position":2,"name":"Lamine Yamal, the only light in the darkness for Bar\u00e7a in Do Dragao"}]},{"@type":"WebSite","@id":"https:\/\/www.fcbarcelonanoticias.com\/en\/#website","url":"https:\/\/www.fcbarcelonanoticias.com\/en\/","name":"EN - FC Barcelona Noticias","description":"","potentialAction":[{"@type":"SearchAction","target":{"@type":"EntryPoint","urlTemplate":"https:\/\/www.fcbarcelonanoticias.com\/en\/?s={search_term_string}"},"query-input":{"@type":"PropertyValueSpecification","valueRequired":true,"valueName":"search_term_string"}}],"inLanguage":"en-US"},{"@type":"Person","@id":"https:\/\/www.fcbarcelonanoticias.com\/en\/#\/schema\/person\/aa1d038709c262cb247e240f6b39bbf5","name":"Carlos Montenegro","image":{"@type":"ImageObject","inLanguage":"en-US","@id":"https:\/\/secure.gravatar.com\/avatar\/?s=96&d=mm&r=g","url":"https:\/\/secure.gravatar.com\/avatar\/?s=96&d=mm&r=g","contentUrl":"https:\/\/secure.gravatar.com\/avatar\/?s=96&d=mm&r=g","caption":"Carlos Montenegro"},"url":"https:\/\/www.fcbarcelonanoticias.com\/en\/carlos-montenegro_20_115.html"}]}},"_links":{"self":[{"href":"https:\/\/www.fcbarcelonanoticias.com\/en\/wp-json\/wp\/v2\/posts\/74314","targetHints":{"allow":["GET"]}}],"collection":[{"href":"https:\/\/www.fcbarcelonanoticias.com\/en\/wp-json\/wp\/v2\/posts"}],"about":[{"href":"https:\/\/www.fcbarcelonanoticias.com\/en\/wp-json\/wp\/v2\/types\/post"}],"author":[{"embeddable":true,"href":"https:\/\/www.fcbarcelonanoticias.com\/en\/wp-json\/wp\/v2\/users\/345"}],"replies":[{"embeddable":true,"href":"https:\/\/www.fcbarcelonanoticias.com\/en\/wp-json\/wp\/v2\/comments?post=74314"}],"version-history":[{"count":1,"href":"https:\/\/www.fcbarcelonanoticias.com\/en\/wp-json\/wp\/v2\/posts\/74314\/revisions"}],"predecessor-version":[{"id":120851,"href":"https:\/\/www.fcbarcelonanoticias.com\/en\/wp-json\/wp\/v2\/posts\/74314\/revisions\/120851"}],"wp:featuredmedia":[{"embeddable":true,"href":"https:\/\/www.fcbarcelonanoticias.com\/en\/wp-json\/wp\/v2\/media\/74316"}],"wp:attachment":[{"href":"https:\/\/www.fcbarcelonanoticias.com\/en\/wp-json\/wp\/v2\/media?parent=74314"}],"wp:term":[{"taxonomy":"category","embeddable":true,"href":"https:\/\/www.fcbarcelonanoticias.com\/en\/wp-json\/wp\/v2\/categories?post=74314"},{"taxonomy":"post_tag","embeddable":true,"href":"https:\/\/www.fcbarcelonanoticias.com\/en\/wp-json\/wp\/v2\/tags?post=74314"}],"curies":[{"name":"wp","href":"https:\/\/api.w.org\/{rel}","templated":true}]}}