{"id":7454,"date":"2020-01-22T18:00:00","date_gmt":"2020-01-22T17:00:00","guid":{"rendered":"https:\/\/weisetech.dev\/fc-barcelona-noticias\/en\/line-ups-ibiza-fc-barcelona-1-16-copa-del-rey_254854_102\/"},"modified":"2026-04-16T09:18:44","modified_gmt":"2026-04-16T07:18:44","slug":"line-ups-ibiza-fc-barcelona-1-16-copa-del-rey_254854_102","status":"publish","type":"post","link":"https:\/\/www.fcbarcelonanoticias.com\/en\/copa-del-rey\/line-ups-ibiza-fc-barcelona-1-16-copa-del-rey_254854_102.html","title":{"rendered":"Line-ups of the Ibiza-FC Barcelona (1\/16 of the Copa del Rey)"},"content":{"rendered":"<h2 class=\"wp-block-heading\">Quique Seti\u00e9n has revealed the line-up with which the FC Barcelona will play this Wednesday against the UD Ibiza in Can Misses. This is the XI of the Bar\u00e7a: Neto; Semedo, Lenglet, Junior; S. Roberto, De Jong, Riqui Puig, Rakitic; Carles P\u00e9rez, Griezmann and Ansu Fati<\/h2>  \r\n<div class=\"article-addons\">\r\n    <a href=\"https:\/\/www.fcbarcelonanoticias.com\/en\/calendar-fc-barcelona.html\"\r\n       target=\"_self\"\r\n       title=\"Calendar of FC Barcelona\"\r\n       class=\"blue-gredient-btn\">\r\n       \r\n        Calendar of FC Barcelona    <\/a>\r\n<\/div>   <p><b>The FC Barcelona measures this Wednesday 22 January to the UD Ibiza in Can<\/b>Misses , with reason of <strong><a data-external=\"1\" href=\"https:\/\/www.fcbarcelonanoticias.com\/copa-del-rey-calendario-y-resultados.html\" rel=\"follow\" target=\"_self\" title=\"la ronda de dieciseisavos de final de la Copa del Rey 2019-20\">the round of dieciseisavos of final of the Glass of the King 2019-20<\/a><\/strong>. It treats of an eliminatory to only party that, although it can seem very affordable taking into account that it confronts <strong><a data-external=\"1\" href=\"https:\/\/www.fcbarcelonanoticias.com\/laliga-clasificacion.html\" rel=\"follow\" target=\"_self\" title=\"el actual l\u00edder frente al colista de la clasificaci\u00f3n\">the current leader of LaLiga<\/a> <\/strong>in front of a group of Second B, can complicate in Can Misses in function of the climatology, the conditions of the field and the degree of concentration.<\/p>  <p>In previous seasons already has showed that <strong>the FC Barcelona does not be used to to show a clear hegemony when it visits the humblest fields of Spain<\/strong> in these first rounds of the Glass of Rey. <strong>The arrival of Quique Seti\u00e9n<\/strong> and the fact that it play the second party under his control after the victory in front of the Granada (1-0), in any case, can do that the cul\u00e9s go out more enchufados that of habit.<\/p>  <p>The FC Barcelona does not want to trust and, after having left in Barcelona to key pieces like <strong><a data-external=\"0\" data-intl-links-en=\"https:\/\/www.fcbarcelonanoticias.com\/en\/players\/list-summoned-setien-ibiza-fc-barcelona_254832_102.html\" data-intl-links-es=\"https:\/\/www.fcbarcelonanoticias.com\/jugadores\/lista-convocados-setien-ibiza-fc-barcelona-copa_254832_102.html\" href=\"https:\/\/www.fcbarcelonanoticias.com\/en\/players\/list-summoned-setien-ibiza-fc-barcelona_254832_102.html\" rel=\"follow\" target=\"_self\" title=\"Lista de convocados de Seti\u00e9n para el Ibiza-FC Barcelona\">Gerard Hammered, Sergio Busquets and Leo Messi<\/a><\/strong>, expects that his acting usual and young promises like <strong>Riqui Puig achieve to decant the party the before possible<\/strong>. It treats of an eliminatory to only party, so the cul\u00e9s will have to go out to tope from the minute one so that no complicate them the pass to the following round.<\/p>  <p>In addition to the players that have remained in Barcelona, Quique Seti\u00e9n follows having <strong>two drops of weight<\/strong> in the forward as they are <strong>Luis Su\u00e1rez and Demb\u00e9l\u00e9 by injury<\/strong>. The team, in any case, would not have to depend on they to bend to the humble Ibiza.<\/p>  <h3>The XI of UD Ibiza and FC Barcelona<\/h3>  <ul> <li> <strong>XI of the UD Ibiza:<\/strong> Germ\u00e1n; Fran Grima, Gonzalo, Mariano, Kike L\u00f3pez; N\u00fa\u00f1ez, Javi Lara, Javi P\u00e9rez; Pep Caball\u00e9, Filmed and Rai.<\/li> \t<li> <strong>XI of the FC Barcelona:<\/strong> Net; Semedo, Lenglet, Junior; S. Roberto, Of Jong, Riqui Puig, Rakitic; Carles P\u00e9rez, Griezmann and Ansu Fati.<\/li> \t<li> <strong>Bench of the Bar\u00e7a:<\/strong> Ter Stegen, Umtiti, Chumi, Jordi Alba, Arthur, Arturo Vidal and Abel Ruiz.<\/li> <\/ul> <p><strong>The eleven of the Bar\u00e7a arrives, as we say, with a lot of novelties<\/strong>. <b>Semedo, Lenglet and Junior Firpo <\/b>will be the three fixed members of the defence, to cover like this the goal of <strong>a Net Walled<\/strong> that it will play in Glass of the King after having it done in the Supercopa of Spain. <strong>Of Jong, Rakitic, Riqui Puig and S. Roberto<\/strong> will complete a centre of the field populated and of full guarantees, whereas <strong>Griezmann, Ansu Fati and Carles P\u00e9rez<\/strong> will form trident in attack.<\/p>  <p>The Ibiza, by his part, <b>will go out to give it everything in front of his fans with the will to do a good paper in front of the Bar\u00e7a <\/b>or, at least, enjoy of what foresees that it was a party of the football in the island. <strong>The FC Barcelona no f\u00eda of the local team<\/strong>, and will try to cover the backs not to suffer contragolpes that can generate unexpected discontents. The key will be to mark prompt and not giving hopes to the rival.<\/p> ","protected":false},"excerpt":{"rendered":"<p>Quique Seti\u00e9n has revealed the line-up with which the FC Barcelona will play this Wednesday against the UD Ibiza in Can Misses. This is the XI of the Bar\u00e7a: Neto; Semedo, Lenglet, Junior; S. Roberto, De Jong, Riqui Puig, Rakitic; Carles P\u00e9rez, Griezmann and Ansu Fati The FC Barcelona measures this Wednesday 22 January to [&hellip;]<\/p>\n","protected":false},"author":392,"featured_media":7455,"comment_status":"closed","ping_status":"open","sticky":false,"template":"","format":"standard","meta":{"_acf_changed":false,"inline_featured_image":false,"_nextfly_llmd_date_locked":false,"footnotes":""},"categories":[446,118],"tags":[201,208],"class_list":["post-7454","post","type-post","status-publish","format-standard","has-post-thumbnail","hentry","category-copa-del-rey-2","category-copa-del-rey","tag-lineups","tag-quique-setien"],"acf":[],"yoast_head":"<!-- This site is optimized with the Yoast SEO plugin v27.3 - https:\/\/yoast.com\/product\/yoast-seo-wordpress\/ -->\n<title>Line-ups of the Ibiza-FC Barcelona (1\/16 of the Copa del Rey)<\/title>\n<meta name=\"description\" content=\"Quique Seti\u00e9n has revealed the line-up with which the FC Barcelona will play this Wednesday against the UD Ibiza in Can Misses. This is the XI of the Bar\u00e7a: Neto; Semedo, Lenglet, Junior; S. Roberto, De Jong, Riqui Puig, Rakitic; Carles P\u00e9rez, Griezmann and Ansu Fati\" \/>\n<meta name=\"robots\" content=\"index, follow, max-snippet:-1, max-image-preview:large, max-video-preview:-1\" \/>\n<link rel=\"canonical\" href=\"https:\/\/www.fcbarcelonanoticias.com\/en\/copa-del-rey\/line-ups-ibiza-fc-barcelona-1-16-copa-del-rey_254854_102.html\" \/>\n<meta property=\"og:locale\" content=\"en_US\" \/>\n<meta property=\"og:type\" content=\"article\" \/>\n<meta property=\"og:title\" content=\"Line-ups of the Ibiza-FC Barcelona (1\/16 of the Copa del Rey)\" \/>\n<meta property=\"og:description\" content=\"Quique Seti\u00e9n has revealed the line-up with which the FC Barcelona will play this Wednesday against the UD Ibiza in Can Misses. This is the XI of the Bar\u00e7a: Neto; Semedo, Lenglet, Junior; S. Roberto, De Jong, Riqui Puig, Rakitic; Carles P\u00e9rez, Griezmann and Ansu Fati\" \/>\n<meta property=\"og:url\" content=\"https:\/\/www.fcbarcelonanoticias.com\/en\/copa-del-rey\/line-ups-ibiza-fc-barcelona-1-16-copa-del-rey_254854_102.html\" \/>\n<meta property=\"og:site_name\" content=\"EN - FC Barcelona Noticias\" \/>\n<meta property=\"article:published_time\" content=\"2020-01-22T17:00:00+00:00\" \/>\n<meta property=\"article:modified_time\" content=\"2026-04-16T07:18:44+00:00\" \/>\n<meta property=\"og:image\" content=\"https:\/\/www.fcbarcelonanoticias.com\/en\/wp-content\/uploads\/sites\/2\/2020\/01\/alineacion-ibiza-barcelona.jpeg\" \/>\n\t<meta property=\"og:image:width\" content=\"1200\" \/>\n\t<meta property=\"og:image:height\" content=\"675\" \/>\n\t<meta property=\"og:image:type\" content=\"image\/jpeg\" \/>\n<meta name=\"author\" content=\"user_4048\" \/>\n<meta name=\"twitter:card\" content=\"summary_large_image\" \/>\n<meta name=\"twitter:label1\" content=\"Written by\" \/>\n\t<meta name=\"twitter:data1\" content=\"user_4048\" \/>\n\t<meta name=\"twitter:label2\" content=\"Est. reading time\" \/>\n\t<meta name=\"twitter:data2\" content=\"3 minutes\" \/>\n<script type=\"application\/ld+json\" class=\"yoast-schema-graph\">{\"@context\":\"https:\\\/\\\/schema.org\",\"@graph\":[{\"@type\":\"Article\",\"@id\":\"https:\\\/\\\/www.fcbarcelonanoticias.com\\\/en\\\/copa-del-rey\\\/line-ups-ibiza-fc-barcelona-1-16-copa-del-rey_254854_102.html#article\",\"isPartOf\":{\"@id\":\"https:\\\/\\\/www.fcbarcelonanoticias.com\\\/en\\\/copa-del-rey\\\/line-ups-ibiza-fc-barcelona-1-16-copa-del-rey_254854_102.html\"},\"author\":{\"name\":\"user_4048\",\"@id\":\"https:\\\/\\\/www.fcbarcelonanoticias.com\\\/en\\\/#\\\/schema\\\/person\\\/fcdad55cab72b8d0e106d75506783b6d\"},\"headline\":\"Line-ups of the Ibiza-FC Barcelona (1\\\/16 of the Copa del Rey)\",\"datePublished\":\"2020-01-22T17:00:00+00:00\",\"dateModified\":\"2026-04-16T07:18:44+00:00\",\"mainEntityOfPage\":{\"@id\":\"https:\\\/\\\/www.fcbarcelonanoticias.com\\\/en\\\/copa-del-rey\\\/line-ups-ibiza-fc-barcelona-1-16-copa-del-rey_254854_102.html\"},\"wordCount\":604,\"image\":{\"@id\":\"https:\\\/\\\/www.fcbarcelonanoticias.com\\\/en\\\/copa-del-rey\\\/line-ups-ibiza-fc-barcelona-1-16-copa-del-rey_254854_102.html#primaryimage\"},\"thumbnailUrl\":\"https:\\\/\\\/www.fcbarcelonanoticias.com\\\/en\\\/wp-content\\\/uploads\\\/sites\\\/2\\\/2020\\\/01\\\/alineacion-ibiza-barcelona.jpeg\",\"keywords\":[\"FC Barcelona Lineups\",\"Quique Seti\u00e9n\"],\"articleSection\":[\"Copa del Rey\",\"Copa del Rey\"],\"inLanguage\":\"en-US\"},{\"@type\":\"WebPage\",\"@id\":\"https:\\\/\\\/www.fcbarcelonanoticias.com\\\/en\\\/copa-del-rey\\\/line-ups-ibiza-fc-barcelona-1-16-copa-del-rey_254854_102.html\",\"url\":\"https:\\\/\\\/www.fcbarcelonanoticias.com\\\/en\\\/copa-del-rey\\\/line-ups-ibiza-fc-barcelona-1-16-copa-del-rey_254854_102.html\",\"name\":\"Line-ups of the Ibiza-FC Barcelona (1\\\/16 of the Copa del Rey)\",\"isPartOf\":{\"@id\":\"https:\\\/\\\/www.fcbarcelonanoticias.com\\\/en\\\/#website\"},\"primaryImageOfPage\":{\"@id\":\"https:\\\/\\\/www.fcbarcelonanoticias.com\\\/en\\\/copa-del-rey\\\/line-ups-ibiza-fc-barcelona-1-16-copa-del-rey_254854_102.html#primaryimage\"},\"image\":{\"@id\":\"https:\\\/\\\/www.fcbarcelonanoticias.com\\\/en\\\/copa-del-rey\\\/line-ups-ibiza-fc-barcelona-1-16-copa-del-rey_254854_102.html#primaryimage\"},\"thumbnailUrl\":\"https:\\\/\\\/www.fcbarcelonanoticias.com\\\/en\\\/wp-content\\\/uploads\\\/sites\\\/2\\\/2020\\\/01\\\/alineacion-ibiza-barcelona.jpeg\",\"datePublished\":\"2020-01-22T17:00:00+00:00\",\"dateModified\":\"2026-04-16T07:18:44+00:00\",\"author\":{\"@id\":\"https:\\\/\\\/www.fcbarcelonanoticias.com\\\/en\\\/#\\\/schema\\\/person\\\/fcdad55cab72b8d0e106d75506783b6d\"},\"description\":\"Quique Seti\u00e9n has revealed the line-up with which the FC Barcelona will play this Wednesday against the UD Ibiza in Can Misses. This is the XI of the Bar\u00e7a: Neto; Semedo, Lenglet, Junior; S. Roberto, De Jong, Riqui Puig, Rakitic; Carles P\u00e9rez, Griezmann and Ansu Fati\",\"breadcrumb\":{\"@id\":\"https:\\\/\\\/www.fcbarcelonanoticias.com\\\/en\\\/copa-del-rey\\\/line-ups-ibiza-fc-barcelona-1-16-copa-del-rey_254854_102.html#breadcrumb\"},\"inLanguage\":\"en-US\",\"potentialAction\":[{\"@type\":\"ReadAction\",\"target\":[\"https:\\\/\\\/www.fcbarcelonanoticias.com\\\/en\\\/copa-del-rey\\\/line-ups-ibiza-fc-barcelona-1-16-copa-del-rey_254854_102.html\"]}]},{\"@type\":\"ImageObject\",\"inLanguage\":\"en-US\",\"@id\":\"https:\\\/\\\/www.fcbarcelonanoticias.com\\\/en\\\/copa-del-rey\\\/line-ups-ibiza-fc-barcelona-1-16-copa-del-rey_254854_102.html#primaryimage\",\"url\":\"https:\\\/\\\/www.fcbarcelonanoticias.com\\\/en\\\/wp-content\\\/uploads\\\/sites\\\/2\\\/2020\\\/01\\\/alineacion-ibiza-barcelona.jpeg\",\"contentUrl\":\"https:\\\/\\\/www.fcbarcelonanoticias.com\\\/en\\\/wp-content\\\/uploads\\\/sites\\\/2\\\/2020\\\/01\\\/alineacion-ibiza-barcelona.jpeg\",\"width\":1200,\"height\":675},{\"@type\":\"BreadcrumbList\",\"@id\":\"https:\\\/\\\/www.fcbarcelonanoticias.com\\\/en\\\/copa-del-rey\\\/line-ups-ibiza-fc-barcelona-1-16-copa-del-rey_254854_102.html#breadcrumb\",\"itemListElement\":[{\"@type\":\"ListItem\",\"position\":1,\"name\":\"Portada\",\"item\":\"https:\\\/\\\/www.fcbarcelonanoticias.com\\\/en\\\/\"},{\"@type\":\"ListItem\",\"position\":2,\"name\":\"Line-ups of the Ibiza-FC Barcelona (1\\\/16 of the Copa del Rey)\"}]},{\"@type\":\"WebSite\",\"@id\":\"https:\\\/\\\/www.fcbarcelonanoticias.com\\\/en\\\/#website\",\"url\":\"https:\\\/\\\/www.fcbarcelonanoticias.com\\\/en\\\/\",\"name\":\"EN - FC Barcelona Noticias\",\"description\":\"\",\"potentialAction\":[{\"@type\":\"SearchAction\",\"target\":{\"@type\":\"EntryPoint\",\"urlTemplate\":\"https:\\\/\\\/www.fcbarcelonanoticias.com\\\/en\\\/?s={search_term_string}\"},\"query-input\":{\"@type\":\"PropertyValueSpecification\",\"valueRequired\":true,\"valueName\":\"search_term_string\"}}],\"inLanguage\":\"en-US\"},{\"@type\":\"Person\",\"@id\":\"https:\\\/\\\/www.fcbarcelonanoticias.com\\\/en\\\/#\\\/schema\\\/person\\\/fcdad55cab72b8d0e106d75506783b6d\",\"name\":\"user_4048\",\"image\":{\"@type\":\"ImageObject\",\"inLanguage\":\"en-US\",\"@id\":\"https:\\\/\\\/secure.gravatar.com\\\/avatar\\\/?s=96&d=mm&r=g\",\"url\":\"https:\\\/\\\/secure.gravatar.com\\\/avatar\\\/?s=96&d=mm&r=g\",\"contentUrl\":\"https:\\\/\\\/secure.gravatar.com\\\/avatar\\\/?s=96&d=mm&r=g\",\"caption\":\"user_4048\"},\"url\":\"https:\\\/\\\/www.fcbarcelonanoticias.com\\\/en\\\/user_4048.html\"}]}<\/script>\n<!-- \/ Yoast SEO plugin. -->","yoast_head_json":{"title":"Line-ups of the Ibiza-FC Barcelona (1\/16 of the Copa del Rey)","description":"Quique Seti\u00e9n has revealed the line-up with which the FC Barcelona will play this Wednesday against the UD Ibiza in Can Misses. This is the XI of the Bar\u00e7a: Neto; Semedo, Lenglet, Junior; S. Roberto, De Jong, Riqui Puig, Rakitic; Carles P\u00e9rez, Griezmann and Ansu Fati","robots":{"index":"index","follow":"follow","max-snippet":"max-snippet:-1","max-image-preview":"max-image-preview:large","max-video-preview":"max-video-preview:-1"},"canonical":"https:\/\/www.fcbarcelonanoticias.com\/en\/copa-del-rey\/line-ups-ibiza-fc-barcelona-1-16-copa-del-rey_254854_102.html","og_locale":"en_US","og_type":"article","og_title":"Line-ups of the Ibiza-FC Barcelona (1\/16 of the Copa del Rey)","og_description":"Quique Seti\u00e9n has revealed the line-up with which the FC Barcelona will play this Wednesday against the UD Ibiza in Can Misses. This is the XI of the Bar\u00e7a: Neto; Semedo, Lenglet, Junior; S. Roberto, De Jong, Riqui Puig, Rakitic; Carles P\u00e9rez, Griezmann and Ansu Fati","og_url":"https:\/\/www.fcbarcelonanoticias.com\/en\/copa-del-rey\/line-ups-ibiza-fc-barcelona-1-16-copa-del-rey_254854_102.html","og_site_name":"EN - FC Barcelona Noticias","article_published_time":"2020-01-22T17:00:00+00:00","article_modified_time":"2026-04-16T07:18:44+00:00","og_image":[{"width":1200,"height":675,"url":"https:\/\/www.fcbarcelonanoticias.com\/en\/wp-content\/uploads\/sites\/2\/2020\/01\/alineacion-ibiza-barcelona.jpeg","type":"image\/jpeg"}],"author":"user_4048","twitter_card":"summary_large_image","twitter_misc":{"Written by":"user_4048","Est. reading time":"3 minutes"},"schema":{"@context":"https:\/\/schema.org","@graph":[{"@type":"Article","@id":"https:\/\/www.fcbarcelonanoticias.com\/en\/copa-del-rey\/line-ups-ibiza-fc-barcelona-1-16-copa-del-rey_254854_102.html#article","isPartOf":{"@id":"https:\/\/www.fcbarcelonanoticias.com\/en\/copa-del-rey\/line-ups-ibiza-fc-barcelona-1-16-copa-del-rey_254854_102.html"},"author":{"name":"user_4048","@id":"https:\/\/www.fcbarcelonanoticias.com\/en\/#\/schema\/person\/fcdad55cab72b8d0e106d75506783b6d"},"headline":"Line-ups of the Ibiza-FC Barcelona (1\/16 of the Copa del Rey)","datePublished":"2020-01-22T17:00:00+00:00","dateModified":"2026-04-16T07:18:44+00:00","mainEntityOfPage":{"@id":"https:\/\/www.fcbarcelonanoticias.com\/en\/copa-del-rey\/line-ups-ibiza-fc-barcelona-1-16-copa-del-rey_254854_102.html"},"wordCount":604,"image":{"@id":"https:\/\/www.fcbarcelonanoticias.com\/en\/copa-del-rey\/line-ups-ibiza-fc-barcelona-1-16-copa-del-rey_254854_102.html#primaryimage"},"thumbnailUrl":"https:\/\/www.fcbarcelonanoticias.com\/en\/wp-content\/uploads\/sites\/2\/2020\/01\/alineacion-ibiza-barcelona.jpeg","keywords":["FC Barcelona Lineups","Quique Seti\u00e9n"],"articleSection":["Copa del Rey","Copa del Rey"],"inLanguage":"en-US"},{"@type":"WebPage","@id":"https:\/\/www.fcbarcelonanoticias.com\/en\/copa-del-rey\/line-ups-ibiza-fc-barcelona-1-16-copa-del-rey_254854_102.html","url":"https:\/\/www.fcbarcelonanoticias.com\/en\/copa-del-rey\/line-ups-ibiza-fc-barcelona-1-16-copa-del-rey_254854_102.html","name":"Line-ups of the Ibiza-FC Barcelona (1\/16 of the Copa del Rey)","isPartOf":{"@id":"https:\/\/www.fcbarcelonanoticias.com\/en\/#website"},"primaryImageOfPage":{"@id":"https:\/\/www.fcbarcelonanoticias.com\/en\/copa-del-rey\/line-ups-ibiza-fc-barcelona-1-16-copa-del-rey_254854_102.html#primaryimage"},"image":{"@id":"https:\/\/www.fcbarcelonanoticias.com\/en\/copa-del-rey\/line-ups-ibiza-fc-barcelona-1-16-copa-del-rey_254854_102.html#primaryimage"},"thumbnailUrl":"https:\/\/www.fcbarcelonanoticias.com\/en\/wp-content\/uploads\/sites\/2\/2020\/01\/alineacion-ibiza-barcelona.jpeg","datePublished":"2020-01-22T17:00:00+00:00","dateModified":"2026-04-16T07:18:44+00:00","author":{"@id":"https:\/\/www.fcbarcelonanoticias.com\/en\/#\/schema\/person\/fcdad55cab72b8d0e106d75506783b6d"},"description":"Quique Seti\u00e9n has revealed the line-up with which the FC Barcelona will play this Wednesday against the UD Ibiza in Can Misses. This is the XI of the Bar\u00e7a: Neto; Semedo, Lenglet, Junior; S. Roberto, De Jong, Riqui Puig, Rakitic; Carles P\u00e9rez, Griezmann and Ansu Fati","breadcrumb":{"@id":"https:\/\/www.fcbarcelonanoticias.com\/en\/copa-del-rey\/line-ups-ibiza-fc-barcelona-1-16-copa-del-rey_254854_102.html#breadcrumb"},"inLanguage":"en-US","potentialAction":[{"@type":"ReadAction","target":["https:\/\/www.fcbarcelonanoticias.com\/en\/copa-del-rey\/line-ups-ibiza-fc-barcelona-1-16-copa-del-rey_254854_102.html"]}]},{"@type":"ImageObject","inLanguage":"en-US","@id":"https:\/\/www.fcbarcelonanoticias.com\/en\/copa-del-rey\/line-ups-ibiza-fc-barcelona-1-16-copa-del-rey_254854_102.html#primaryimage","url":"https:\/\/www.fcbarcelonanoticias.com\/en\/wp-content\/uploads\/sites\/2\/2020\/01\/alineacion-ibiza-barcelona.jpeg","contentUrl":"https:\/\/www.fcbarcelonanoticias.com\/en\/wp-content\/uploads\/sites\/2\/2020\/01\/alineacion-ibiza-barcelona.jpeg","width":1200,"height":675},{"@type":"BreadcrumbList","@id":"https:\/\/www.fcbarcelonanoticias.com\/en\/copa-del-rey\/line-ups-ibiza-fc-barcelona-1-16-copa-del-rey_254854_102.html#breadcrumb","itemListElement":[{"@type":"ListItem","position":1,"name":"Portada","item":"https:\/\/www.fcbarcelonanoticias.com\/en\/"},{"@type":"ListItem","position":2,"name":"Line-ups of the Ibiza-FC Barcelona (1\/16 of the Copa del Rey)"}]},{"@type":"WebSite","@id":"https:\/\/www.fcbarcelonanoticias.com\/en\/#website","url":"https:\/\/www.fcbarcelonanoticias.com\/en\/","name":"EN - FC Barcelona Noticias","description":"","potentialAction":[{"@type":"SearchAction","target":{"@type":"EntryPoint","urlTemplate":"https:\/\/www.fcbarcelonanoticias.com\/en\/?s={search_term_string}"},"query-input":{"@type":"PropertyValueSpecification","valueRequired":true,"valueName":"search_term_string"}}],"inLanguage":"en-US"},{"@type":"Person","@id":"https:\/\/www.fcbarcelonanoticias.com\/en\/#\/schema\/person\/fcdad55cab72b8d0e106d75506783b6d","name":"user_4048","image":{"@type":"ImageObject","inLanguage":"en-US","@id":"https:\/\/secure.gravatar.com\/avatar\/?s=96&d=mm&r=g","url":"https:\/\/secure.gravatar.com\/avatar\/?s=96&d=mm&r=g","contentUrl":"https:\/\/secure.gravatar.com\/avatar\/?s=96&d=mm&r=g","caption":"user_4048"},"url":"https:\/\/www.fcbarcelonanoticias.com\/en\/user_4048.html"}]}},"_links":{"self":[{"href":"https:\/\/www.fcbarcelonanoticias.com\/en\/wp-json\/wp\/v2\/posts\/7454","targetHints":{"allow":["GET"]}}],"collection":[{"href":"https:\/\/www.fcbarcelonanoticias.com\/en\/wp-json\/wp\/v2\/posts"}],"about":[{"href":"https:\/\/www.fcbarcelonanoticias.com\/en\/wp-json\/wp\/v2\/types\/post"}],"author":[{"embeddable":true,"href":"https:\/\/www.fcbarcelonanoticias.com\/en\/wp-json\/wp\/v2\/users\/392"}],"replies":[{"embeddable":true,"href":"https:\/\/www.fcbarcelonanoticias.com\/en\/wp-json\/wp\/v2\/comments?post=7454"}],"version-history":[{"count":3,"href":"https:\/\/www.fcbarcelonanoticias.com\/en\/wp-json\/wp\/v2\/posts\/7454\/revisions"}],"predecessor-version":[{"id":171708,"href":"https:\/\/www.fcbarcelonanoticias.com\/en\/wp-json\/wp\/v2\/posts\/7454\/revisions\/171708"}],"wp:featuredmedia":[{"embeddable":true,"href":"https:\/\/www.fcbarcelonanoticias.com\/en\/wp-json\/wp\/v2\/media\/7455"}],"wp:attachment":[{"href":"https:\/\/www.fcbarcelonanoticias.com\/en\/wp-json\/wp\/v2\/media?parent=7454"}],"wp:term":[{"taxonomy":"category","embeddable":true,"href":"https:\/\/www.fcbarcelonanoticias.com\/en\/wp-json\/wp\/v2\/categories?post=7454"},{"taxonomy":"post_tag","embeddable":true,"href":"https:\/\/www.fcbarcelonanoticias.com\/en\/wp-json\/wp\/v2\/tags?post=7454"}],"curies":[{"name":"wp","href":"https:\/\/api.w.org\/{rel}","templated":true}]}}