{"id":75222,"date":"2020-12-29T20:35:00","date_gmt":"2020-12-29T19:35:00","guid":{"rendered":"https:\/\/weisetech.dev\/fc-barcelona-noticias\/en\/messi-assisted-camp-nou-ansu-fati-sergi-roberto-barca-eibar_263631_102\/"},"modified":"2026-04-16T09:06:20","modified_gmt":"2026-04-16T07:06:20","slug":"messi-assisted-camp-nou-ansu-fati-sergi-roberto-barca-eibar_263631_102","status":"publish","type":"post","link":"https:\/\/www.fcbarcelonanoticias.com\/en\/players\/messi-assisted-camp-nou-ansu-fati-sergi-roberto-barca-eibar_263631_102.html","title":{"rendered":"Messi assisted to the Camp Nou with Ansu and Sergi Roberto to watch the Bar\u00e7a-Eibar"},"content":{"rendered":"<h2 class=\"wp-block-heading\">Leo Messi didn&#8217;t want to lose the FC Barcelona-Eibar and, although he couldn&#8217;t play it by fault of the annoyances in the ankle, was present in the Camp Nou with Ansu Fati and Sergi Roberto<\/h2>  \r\n<div class=\"article-addons\">\r\n    <a href=\"https:\/\/www.fcbarcelonanoticias.com\/en\/calendar-fc-barcelona.html\"\r\n       target=\"_self\"\r\n       title=\"Calendar of FC Barcelona\"\r\n       class=\"blue-gredient-btn\">\r\n       \r\n        Calendar of FC Barcelona    <\/a>\r\n<\/div>   <p><strong>The Bar\u00e7a-Eibar of this Tuesday had a very special viewer in the Camp Nou<\/strong>. Two days after it issued in LaSexta the interview of Jordi \u00c9vole to <strong><a data-external=\"0\" data-intl-links-en=\"https:\/\/www.fcbarcelonanoticias.com\/en\/players\/lionel-messi\" data-intl-links-es=\"https:\/\/www.fcbarcelonanoticias.com\/jugadores\/lionel-messi\" href=\"https:\/\/www.fcbarcelonanoticias.com\/en\/players\/lionel-messi.html\" rel=\"follow\" target=\"_self\" title=\"Lionel Messi\">Leo Messi<\/a><\/strong>, the Argentinian star landed this same Tuesday in the Catalan capital and did not doubt in assisting to the sanctuary cul\u00e9 to witness the commitment of his team in front of the group armero.<\/p>  <p>It did it accompanied of some of the players that neither could be available for Ronald Koeman in front of the Eibar: <strong>Sergi Roberto, Jordi Alba and Ansu Fati<\/strong>. The three were present, beside &#8216;The Flea&#8217;, in the terracings of the Camp Nou to <strong>encourage to his during the ninety minutes<\/strong>, although alas his words served of very little.<\/p>  <p><strong>Messi had arrived with his family in private aeroplane<\/strong>, to the Catalan capital, to first hour of the afternoon. It landed in the aeopuerto of The Prat after more than ten hours of flight and, in spite of being surely fatigado, decided to go almost immediately to the Camp Nou to witness the party. <strong><a data-external=\"1\" href=\"https:\/\/www.fcbarcelonanoticias.com\/calendario-fcbarcelona.html\" rel=\"follow\" target=\"_self\" title=\"Reaparecer\u00e1 el 3 de enero en Huesca\">It will reappear on 3 January in Huesca<\/a><\/strong>, foresees that like headline and already fully recovered of his problems in the ankle.<\/p>  <p>What remained clear after the Bar\u00e7a-Eibar is that this team, the one who has touched him train to Ronald Koeman this season 2020-21, <strong>is so irregular that is able to have serious problems to win to a so humble group like the Eibar<\/strong> in the Camp Nou, stadium where by the way the team armero never had marked up to now, and where the Barcelona already has left to escape nine points in what it goes of championship.<\/p>  <h3>Can Messi remedy this?<\/h3>  <p><strong>Without the &#8217;10&#8217; this Bar\u00e7a keeps on being very vulnerable<\/strong>, although it also is necessary to say that this Tuesday jointed all the possible evils. <strong>Coutinho lesion\u00f3 (Can that of gravity)<\/strong>, <strong><a data-external=\"0\" data-intl-links-en=\"https:\/\/www.fcbarcelonanoticias.com\/en\/players\/why-did-not-throw-it-griezmann-araujo-caused-penalti-braithwaite-failed-it_263629_102.html\" data-intl-links-es=\"https:\/\/www.fcbarcelonanoticias.com\/jugadores\/por-que-no-tiro-griezmann-araujo-provoco-penalti-braithwaite-fallo_263629_102.html\" href=\"https:\/\/www.fcbarcelonanoticias.com\/en\/players\/why-did-not-throw-it-griezmann-araujo-caused-penalti-braithwaite-failed-it_263629_102.html\" rel=\"follow\" target=\"_self\" title=\"\u00bfPor qu\u00e9 no lo tir\u00f3 Griezmann? Araujo provoc\u00f3 un penalti y Braithwaite lo fall\u00f3\">Braithwaite failed a penalti<\/a><\/strong>, cancelled him a goal by offside, Ronald Araujo committed an error garrafal that derived in the target of the Eibar, went back to fail occasions very clear up&#8230;<\/p>  <p><strong>The stars confabularon so that the FC Barcelona did not win this Tuesday to the Eibar<\/strong>, and so that Messi and his have even more work when it begin the year 2020, if it is that really they aspire to be followed struggling by a League that already seems impossible. In the case that <strong>Athletic and Real Madrid <\/strong>win his respective parties of the day 16, will be at all less than 10 points above the Bar\u00e7a in the leadership. Almost at all&#8230;<\/p> ","protected":false},"excerpt":{"rendered":"<p>Leo Messi didn&#8217;t want to lose the FC Barcelona-Eibar and, although he couldn&#8217;t play it by fault of the annoyances in the ankle, was present in the Camp Nou with Ansu Fati and Sergi Roberto The Bar\u00e7a-Eibar of this Tuesday had a very special viewer in the Camp Nou. Two days after it issued in [&hellip;]<\/p>\n","protected":false},"author":366,"featured_media":75225,"comment_status":"closed","ping_status":"open","sticky":false,"template":"","format":"standard","meta":{"_acf_changed":false,"inline_featured_image":false,"_nextfly_llmd_date_locked":false,"footnotes":""},"categories":[453,107],"tags":[318,240],"class_list":["post-75222","post","type-post","status-publish","format-standard","has-post-thumbnail","hentry","category-players-2","category-players","tag-eibar","tag-sergi-roberto"],"acf":[],"yoast_head":"<!-- This site is optimized with the Yoast SEO plugin v27.3 - https:\/\/yoast.com\/product\/yoast-seo-wordpress\/ -->\n<title>Messi assisted to the Camp Nou with Ansu and Sergi Roberto to watch the Bar\u00e7a-Eibar<\/title>\n<meta name=\"description\" content=\"Leo Messi didn&#039;t want to lose the FC Barcelona-Eibar and, although he couldn&#039;t play it by fault of the annoyances in the ankle, was present in the Camp Nou with Ansu Fati and Sergi Roberto\" \/>\n<meta name=\"robots\" content=\"index, follow, max-snippet:-1, max-image-preview:large, max-video-preview:-1\" \/>\n<link rel=\"canonical\" href=\"https:\/\/www.fcbarcelonanoticias.com\/en\/players\/messi-assisted-camp-nou-ansu-fati-sergi-roberto-barca-eibar_263631_102.html\" \/>\n<meta property=\"og:locale\" content=\"en_US\" \/>\n<meta property=\"og:type\" content=\"article\" \/>\n<meta property=\"og:title\" content=\"Messi assisted to the Camp Nou with Ansu and Sergi Roberto to watch the Bar\u00e7a-Eibar\" \/>\n<meta property=\"og:description\" content=\"Leo Messi didn&#039;t want to lose the FC Barcelona-Eibar and, although he couldn&#039;t play it by fault of the annoyances in the ankle, was present in the Camp Nou with Ansu Fati and Sergi Roberto\" \/>\n<meta property=\"og:url\" content=\"https:\/\/www.fcbarcelonanoticias.com\/en\/players\/messi-assisted-camp-nou-ansu-fati-sergi-roberto-barca-eibar_263631_102.html\" \/>\n<meta property=\"og:site_name\" content=\"EN - FC Barcelona Noticias\" \/>\n<meta property=\"article:published_time\" content=\"2020-12-29T19:35:00+00:00\" \/>\n<meta property=\"article:modified_time\" content=\"2026-04-16T07:06:20+00:00\" \/>\n<meta property=\"og:image\" content=\"https:\/\/www.fcbarcelonanoticias.com\/en\/wp-content\/uploads\/sites\/2\/2020\/12\/messi-ansu-grada.jpeg\" \/>\n\t<meta property=\"og:image:width\" content=\"1200\" \/>\n\t<meta property=\"og:image:height\" content=\"725\" \/>\n\t<meta property=\"og:image:type\" content=\"image\/jpeg\" \/>\n<meta name=\"author\" content=\"Carlos Dom\u00ednguez\" \/>\n<meta name=\"twitter:card\" content=\"summary_large_image\" \/>\n<meta name=\"twitter:label1\" content=\"Written by\" \/>\n\t<meta name=\"twitter:data1\" content=\"Carlos Dom\u00ednguez\" \/>\n\t<meta name=\"twitter:label2\" content=\"Est. reading time\" \/>\n\t<meta name=\"twitter:data2\" content=\"2 minutes\" \/>\n<script type=\"application\/ld+json\" class=\"yoast-schema-graph\">{\"@context\":\"https:\\\/\\\/schema.org\",\"@graph\":[{\"@type\":\"Article\",\"@id\":\"https:\\\/\\\/www.fcbarcelonanoticias.com\\\/en\\\/players\\\/messi-assisted-camp-nou-ansu-fati-sergi-roberto-barca-eibar_263631_102.html#article\",\"isPartOf\":{\"@id\":\"https:\\\/\\\/www.fcbarcelonanoticias.com\\\/en\\\/players\\\/messi-assisted-camp-nou-ansu-fati-sergi-roberto-barca-eibar_263631_102.html\"},\"author\":{\"name\":\"Carlos Dom\u00ednguez\",\"@id\":\"https:\\\/\\\/www.fcbarcelonanoticias.com\\\/en\\\/#\\\/schema\\\/person\\\/888e29b17b79c70d1c617d8a7bc9b8c6\"},\"headline\":\"Messi assisted to the Camp Nou with Ansu and Sergi Roberto to watch the Bar\u00e7a-Eibar\",\"datePublished\":\"2020-12-29T19:35:00+00:00\",\"dateModified\":\"2026-04-16T07:06:20+00:00\",\"mainEntityOfPage\":{\"@id\":\"https:\\\/\\\/www.fcbarcelonanoticias.com\\\/en\\\/players\\\/messi-assisted-camp-nou-ansu-fati-sergi-roberto-barca-eibar_263631_102.html\"},\"wordCount\":478,\"image\":{\"@id\":\"https:\\\/\\\/www.fcbarcelonanoticias.com\\\/en\\\/players\\\/messi-assisted-camp-nou-ansu-fati-sergi-roberto-barca-eibar_263631_102.html#primaryimage\"},\"thumbnailUrl\":\"https:\\\/\\\/www.fcbarcelonanoticias.com\\\/en\\\/wp-content\\\/uploads\\\/sites\\\/2\\\/2020\\\/12\\\/messi-ansu-grada.jpeg\",\"keywords\":[\"Eibar\",\"Sergi Roberto\"],\"articleSection\":[\"Players\",\"Players\"],\"inLanguage\":\"en-US\"},{\"@type\":\"WebPage\",\"@id\":\"https:\\\/\\\/www.fcbarcelonanoticias.com\\\/en\\\/players\\\/messi-assisted-camp-nou-ansu-fati-sergi-roberto-barca-eibar_263631_102.html\",\"url\":\"https:\\\/\\\/www.fcbarcelonanoticias.com\\\/en\\\/players\\\/messi-assisted-camp-nou-ansu-fati-sergi-roberto-barca-eibar_263631_102.html\",\"name\":\"Messi assisted to the Camp Nou with Ansu and Sergi Roberto to watch the Bar\u00e7a-Eibar\",\"isPartOf\":{\"@id\":\"https:\\\/\\\/www.fcbarcelonanoticias.com\\\/en\\\/#website\"},\"primaryImageOfPage\":{\"@id\":\"https:\\\/\\\/www.fcbarcelonanoticias.com\\\/en\\\/players\\\/messi-assisted-camp-nou-ansu-fati-sergi-roberto-barca-eibar_263631_102.html#primaryimage\"},\"image\":{\"@id\":\"https:\\\/\\\/www.fcbarcelonanoticias.com\\\/en\\\/players\\\/messi-assisted-camp-nou-ansu-fati-sergi-roberto-barca-eibar_263631_102.html#primaryimage\"},\"thumbnailUrl\":\"https:\\\/\\\/www.fcbarcelonanoticias.com\\\/en\\\/wp-content\\\/uploads\\\/sites\\\/2\\\/2020\\\/12\\\/messi-ansu-grada.jpeg\",\"datePublished\":\"2020-12-29T19:35:00+00:00\",\"dateModified\":\"2026-04-16T07:06:20+00:00\",\"author\":{\"@id\":\"https:\\\/\\\/www.fcbarcelonanoticias.com\\\/en\\\/#\\\/schema\\\/person\\\/888e29b17b79c70d1c617d8a7bc9b8c6\"},\"description\":\"Leo Messi didn't want to lose the FC Barcelona-Eibar and, although he couldn't play it by fault of the annoyances in the ankle, was present in the Camp Nou with Ansu Fati and Sergi Roberto\",\"breadcrumb\":{\"@id\":\"https:\\\/\\\/www.fcbarcelonanoticias.com\\\/en\\\/players\\\/messi-assisted-camp-nou-ansu-fati-sergi-roberto-barca-eibar_263631_102.html#breadcrumb\"},\"inLanguage\":\"en-US\",\"potentialAction\":[{\"@type\":\"ReadAction\",\"target\":[\"https:\\\/\\\/www.fcbarcelonanoticias.com\\\/en\\\/players\\\/messi-assisted-camp-nou-ansu-fati-sergi-roberto-barca-eibar_263631_102.html\"]}]},{\"@type\":\"ImageObject\",\"inLanguage\":\"en-US\",\"@id\":\"https:\\\/\\\/www.fcbarcelonanoticias.com\\\/en\\\/players\\\/messi-assisted-camp-nou-ansu-fati-sergi-roberto-barca-eibar_263631_102.html#primaryimage\",\"url\":\"https:\\\/\\\/www.fcbarcelonanoticias.com\\\/en\\\/wp-content\\\/uploads\\\/sites\\\/2\\\/2020\\\/12\\\/messi-ansu-grada.jpeg\",\"contentUrl\":\"https:\\\/\\\/www.fcbarcelonanoticias.com\\\/en\\\/wp-content\\\/uploads\\\/sites\\\/2\\\/2020\\\/12\\\/messi-ansu-grada.jpeg\",\"width\":1200,\"height\":725},{\"@type\":\"BreadcrumbList\",\"@id\":\"https:\\\/\\\/www.fcbarcelonanoticias.com\\\/en\\\/players\\\/messi-assisted-camp-nou-ansu-fati-sergi-roberto-barca-eibar_263631_102.html#breadcrumb\",\"itemListElement\":[{\"@type\":\"ListItem\",\"position\":1,\"name\":\"Portada\",\"item\":\"https:\\\/\\\/www.fcbarcelonanoticias.com\\\/en\\\/\"},{\"@type\":\"ListItem\",\"position\":2,\"name\":\"Messi assisted to the Camp Nou with Ansu and Sergi Roberto to watch the Bar\u00e7a-Eibar\"}]},{\"@type\":\"WebSite\",\"@id\":\"https:\\\/\\\/www.fcbarcelonanoticias.com\\\/en\\\/#website\",\"url\":\"https:\\\/\\\/www.fcbarcelonanoticias.com\\\/en\\\/\",\"name\":\"EN - FC Barcelona Noticias\",\"description\":\"\",\"potentialAction\":[{\"@type\":\"SearchAction\",\"target\":{\"@type\":\"EntryPoint\",\"urlTemplate\":\"https:\\\/\\\/www.fcbarcelonanoticias.com\\\/en\\\/?s={search_term_string}\"},\"query-input\":{\"@type\":\"PropertyValueSpecification\",\"valueRequired\":true,\"valueName\":\"search_term_string\"}}],\"inLanguage\":\"en-US\"},{\"@type\":\"Person\",\"@id\":\"https:\\\/\\\/www.fcbarcelonanoticias.com\\\/en\\\/#\\\/schema\\\/person\\\/888e29b17b79c70d1c617d8a7bc9b8c6\",\"name\":\"Carlos Dom\u00ednguez\",\"image\":{\"@type\":\"ImageObject\",\"inLanguage\":\"en-US\",\"@id\":\"https:\\\/\\\/secure.gravatar.com\\\/avatar\\\/?s=96&d=mm&r=g\",\"url\":\"https:\\\/\\\/secure.gravatar.com\\\/avatar\\\/?s=96&d=mm&r=g\",\"contentUrl\":\"https:\\\/\\\/secure.gravatar.com\\\/avatar\\\/?s=96&d=mm&r=g\",\"caption\":\"Carlos Dom\u00ednguez\"},\"url\":\"https:\\\/\\\/www.fcbarcelonanoticias.com\\\/en\\\/carlos-dominguez_2_115.html\"}]}<\/script>\n<!-- \/ Yoast SEO plugin. -->","yoast_head_json":{"title":"Messi assisted to the Camp Nou with Ansu and Sergi Roberto to watch the Bar\u00e7a-Eibar","description":"Leo Messi didn't want to lose the FC Barcelona-Eibar and, although he couldn't play it by fault of the annoyances in the ankle, was present in the Camp Nou with Ansu Fati and Sergi Roberto","robots":{"index":"index","follow":"follow","max-snippet":"max-snippet:-1","max-image-preview":"max-image-preview:large","max-video-preview":"max-video-preview:-1"},"canonical":"https:\/\/www.fcbarcelonanoticias.com\/en\/players\/messi-assisted-camp-nou-ansu-fati-sergi-roberto-barca-eibar_263631_102.html","og_locale":"en_US","og_type":"article","og_title":"Messi assisted to the Camp Nou with Ansu and Sergi Roberto to watch the Bar\u00e7a-Eibar","og_description":"Leo Messi didn't want to lose the FC Barcelona-Eibar and, although he couldn't play it by fault of the annoyances in the ankle, was present in the Camp Nou with Ansu Fati and Sergi Roberto","og_url":"https:\/\/www.fcbarcelonanoticias.com\/en\/players\/messi-assisted-camp-nou-ansu-fati-sergi-roberto-barca-eibar_263631_102.html","og_site_name":"EN - FC Barcelona Noticias","article_published_time":"2020-12-29T19:35:00+00:00","article_modified_time":"2026-04-16T07:06:20+00:00","og_image":[{"width":1200,"height":725,"url":"https:\/\/www.fcbarcelonanoticias.com\/en\/wp-content\/uploads\/sites\/2\/2020\/12\/messi-ansu-grada.jpeg","type":"image\/jpeg"}],"author":"Carlos Dom\u00ednguez","twitter_card":"summary_large_image","twitter_misc":{"Written by":"Carlos Dom\u00ednguez","Est. reading time":"2 minutes"},"schema":{"@context":"https:\/\/schema.org","@graph":[{"@type":"Article","@id":"https:\/\/www.fcbarcelonanoticias.com\/en\/players\/messi-assisted-camp-nou-ansu-fati-sergi-roberto-barca-eibar_263631_102.html#article","isPartOf":{"@id":"https:\/\/www.fcbarcelonanoticias.com\/en\/players\/messi-assisted-camp-nou-ansu-fati-sergi-roberto-barca-eibar_263631_102.html"},"author":{"name":"Carlos Dom\u00ednguez","@id":"https:\/\/www.fcbarcelonanoticias.com\/en\/#\/schema\/person\/888e29b17b79c70d1c617d8a7bc9b8c6"},"headline":"Messi assisted to the Camp Nou with Ansu and Sergi Roberto to watch the Bar\u00e7a-Eibar","datePublished":"2020-12-29T19:35:00+00:00","dateModified":"2026-04-16T07:06:20+00:00","mainEntityOfPage":{"@id":"https:\/\/www.fcbarcelonanoticias.com\/en\/players\/messi-assisted-camp-nou-ansu-fati-sergi-roberto-barca-eibar_263631_102.html"},"wordCount":478,"image":{"@id":"https:\/\/www.fcbarcelonanoticias.com\/en\/players\/messi-assisted-camp-nou-ansu-fati-sergi-roberto-barca-eibar_263631_102.html#primaryimage"},"thumbnailUrl":"https:\/\/www.fcbarcelonanoticias.com\/en\/wp-content\/uploads\/sites\/2\/2020\/12\/messi-ansu-grada.jpeg","keywords":["Eibar","Sergi Roberto"],"articleSection":["Players","Players"],"inLanguage":"en-US"},{"@type":"WebPage","@id":"https:\/\/www.fcbarcelonanoticias.com\/en\/players\/messi-assisted-camp-nou-ansu-fati-sergi-roberto-barca-eibar_263631_102.html","url":"https:\/\/www.fcbarcelonanoticias.com\/en\/players\/messi-assisted-camp-nou-ansu-fati-sergi-roberto-barca-eibar_263631_102.html","name":"Messi assisted to the Camp Nou with Ansu and Sergi Roberto to watch the Bar\u00e7a-Eibar","isPartOf":{"@id":"https:\/\/www.fcbarcelonanoticias.com\/en\/#website"},"primaryImageOfPage":{"@id":"https:\/\/www.fcbarcelonanoticias.com\/en\/players\/messi-assisted-camp-nou-ansu-fati-sergi-roberto-barca-eibar_263631_102.html#primaryimage"},"image":{"@id":"https:\/\/www.fcbarcelonanoticias.com\/en\/players\/messi-assisted-camp-nou-ansu-fati-sergi-roberto-barca-eibar_263631_102.html#primaryimage"},"thumbnailUrl":"https:\/\/www.fcbarcelonanoticias.com\/en\/wp-content\/uploads\/sites\/2\/2020\/12\/messi-ansu-grada.jpeg","datePublished":"2020-12-29T19:35:00+00:00","dateModified":"2026-04-16T07:06:20+00:00","author":{"@id":"https:\/\/www.fcbarcelonanoticias.com\/en\/#\/schema\/person\/888e29b17b79c70d1c617d8a7bc9b8c6"},"description":"Leo Messi didn't want to lose the FC Barcelona-Eibar and, although he couldn't play it by fault of the annoyances in the ankle, was present in the Camp Nou with Ansu Fati and Sergi Roberto","breadcrumb":{"@id":"https:\/\/www.fcbarcelonanoticias.com\/en\/players\/messi-assisted-camp-nou-ansu-fati-sergi-roberto-barca-eibar_263631_102.html#breadcrumb"},"inLanguage":"en-US","potentialAction":[{"@type":"ReadAction","target":["https:\/\/www.fcbarcelonanoticias.com\/en\/players\/messi-assisted-camp-nou-ansu-fati-sergi-roberto-barca-eibar_263631_102.html"]}]},{"@type":"ImageObject","inLanguage":"en-US","@id":"https:\/\/www.fcbarcelonanoticias.com\/en\/players\/messi-assisted-camp-nou-ansu-fati-sergi-roberto-barca-eibar_263631_102.html#primaryimage","url":"https:\/\/www.fcbarcelonanoticias.com\/en\/wp-content\/uploads\/sites\/2\/2020\/12\/messi-ansu-grada.jpeg","contentUrl":"https:\/\/www.fcbarcelonanoticias.com\/en\/wp-content\/uploads\/sites\/2\/2020\/12\/messi-ansu-grada.jpeg","width":1200,"height":725},{"@type":"BreadcrumbList","@id":"https:\/\/www.fcbarcelonanoticias.com\/en\/players\/messi-assisted-camp-nou-ansu-fati-sergi-roberto-barca-eibar_263631_102.html#breadcrumb","itemListElement":[{"@type":"ListItem","position":1,"name":"Portada","item":"https:\/\/www.fcbarcelonanoticias.com\/en\/"},{"@type":"ListItem","position":2,"name":"Messi assisted to the Camp Nou with Ansu and Sergi Roberto to watch the Bar\u00e7a-Eibar"}]},{"@type":"WebSite","@id":"https:\/\/www.fcbarcelonanoticias.com\/en\/#website","url":"https:\/\/www.fcbarcelonanoticias.com\/en\/","name":"EN - FC Barcelona Noticias","description":"","potentialAction":[{"@type":"SearchAction","target":{"@type":"EntryPoint","urlTemplate":"https:\/\/www.fcbarcelonanoticias.com\/en\/?s={search_term_string}"},"query-input":{"@type":"PropertyValueSpecification","valueRequired":true,"valueName":"search_term_string"}}],"inLanguage":"en-US"},{"@type":"Person","@id":"https:\/\/www.fcbarcelonanoticias.com\/en\/#\/schema\/person\/888e29b17b79c70d1c617d8a7bc9b8c6","name":"Carlos Dom\u00ednguez","image":{"@type":"ImageObject","inLanguage":"en-US","@id":"https:\/\/secure.gravatar.com\/avatar\/?s=96&d=mm&r=g","url":"https:\/\/secure.gravatar.com\/avatar\/?s=96&d=mm&r=g","contentUrl":"https:\/\/secure.gravatar.com\/avatar\/?s=96&d=mm&r=g","caption":"Carlos Dom\u00ednguez"},"url":"https:\/\/www.fcbarcelonanoticias.com\/en\/carlos-dominguez_2_115.html"}]}},"_links":{"self":[{"href":"https:\/\/www.fcbarcelonanoticias.com\/en\/wp-json\/wp\/v2\/posts\/75222","targetHints":{"allow":["GET"]}}],"collection":[{"href":"https:\/\/www.fcbarcelonanoticias.com\/en\/wp-json\/wp\/v2\/posts"}],"about":[{"href":"https:\/\/www.fcbarcelonanoticias.com\/en\/wp-json\/wp\/v2\/types\/post"}],"author":[{"embeddable":true,"href":"https:\/\/www.fcbarcelonanoticias.com\/en\/wp-json\/wp\/v2\/users\/366"}],"replies":[{"embeddable":true,"href":"https:\/\/www.fcbarcelonanoticias.com\/en\/wp-json\/wp\/v2\/comments?post=75222"}],"version-history":[{"count":2,"href":"https:\/\/www.fcbarcelonanoticias.com\/en\/wp-json\/wp\/v2\/posts\/75222\/revisions"}],"predecessor-version":[{"id":165013,"href":"https:\/\/www.fcbarcelonanoticias.com\/en\/wp-json\/wp\/v2\/posts\/75222\/revisions\/165013"}],"wp:featuredmedia":[{"embeddable":true,"href":"https:\/\/www.fcbarcelonanoticias.com\/en\/wp-json\/wp\/v2\/media\/75225"}],"wp:attachment":[{"href":"https:\/\/www.fcbarcelonanoticias.com\/en\/wp-json\/wp\/v2\/media?parent=75222"}],"wp:term":[{"taxonomy":"category","embeddable":true,"href":"https:\/\/www.fcbarcelonanoticias.com\/en\/wp-json\/wp\/v2\/categories?post=75222"},{"taxonomy":"post_tag","embeddable":true,"href":"https:\/\/www.fcbarcelonanoticias.com\/en\/wp-json\/wp\/v2\/tags?post=75222"}],"curies":[{"name":"wp","href":"https:\/\/api.w.org\/{rel}","templated":true}]}}