{"id":7525,"date":"2023-02-27T23:26:00","date_gmt":"2023-02-27T22:26:00","guid":{"rendered":"https:\/\/weisetech.dev\/fc-barcelona-noticias\/en\/ansu-raphinha-and-ferran-possible-offensive-trident-of-barca-for-clasico_290051_102\/"},"modified":"2023-02-27T23:26:00","modified_gmt":"2023-02-27T22:26:00","slug":"ansu-raphinha-and-ferran-possible-offensive-trident-of-barca-for-clasico_290051_102","status":"publish","type":"post","link":"https:\/\/www.fcbarcelonanoticias.com\/en\/copa-del-rey\/ansu-raphinha-and-ferran-possible-offensive-trident-of-barca-for-clasico_290051_102.html","title":{"rendered":"Ansu, Raphinha and Ferran: The possible offensive trident of Bar\u00e7a for the Cl\u00e1sico"},"content":{"rendered":"<h2 class=\"wp-block-heading\">The loss of Robert Lewandowski leaves FC Barcelona with only three forwards available for the first leg of the Copa del Rey semifinal against Real Madrid. Ansu Fati, Raphinha and Ferran Torres could reissue the trident that played in Plzen in November<\/h2>  \r\n<div class=\"article-addons\">\r\n    <a href=\"https:\/\/www.fcbarcelonanoticias.com\/en\/calendar-fc-barcelona.html\"\r\n       target=\"_self\"\r\n       title=\"Calendar of FC Barcelona\"\r\n       class=\"blue-gredient-btn\">\r\n       \r\n        Calendar of FC Barcelona    <\/a>\r\n<\/div>   <p>The FC Barcelona will face the first of the three Classical earrings in front of the Real Madrid with the staff to the edge of the chaos product of the injuries. Without Pedri, Ousmane Demb\u00e9l\u00e9 neither Robert Lewandowski, <strong>to <a data-external=\"0\" data-intl-links-en=\"https:\/\/www.fcbarcelonanoticias.com\/en\/fc-barcelona\/solutions-has-xavi-cover-painful-low-lewandowski_290035_102.html\" data-intl-links-es=\"https:\/\/www.fcbarcelonanoticias.com\/fc-barcelona\/soluciones-tiene-xavi-cubrir-dolorosa-baja-lewandowski_290035_102.html\" href=\"https:\/\/www.fcbarcelonanoticias.com\/en\/fc-barcelona\/solutions-has-xavi-cover-painful-low-lewandowski_290035_102.html\" rel=\"follow\" target=\"_self\" title=\"Las soluciones que tiene Xavi para cubrir la dolorosa baja de Lewandowski\">Xavi Hern\u00e1ndez<\/a> only remain him three available forwards for the gone of semifinals of Glass of the King this Thursday in Santiago Bernab\u00e9u<\/strong>: Ansu Fati, Raphinha and Ferran Torres, three players that grieve have coincided 78 minutes in the field this season.<\/p>  <p>The only precedent of the possible offensive trident for this Thursday dates of 1 November. <strong>It was in Plzen, in front of Viktoria, in the last party of the phase of groups of the Champions League<\/strong>. The technician egarense bet by an eleven alternative with the already deleted team and the third place ensured, where the &#8217;10&#8217; shared beside the &#8217;11&#8217; and to the &#8217;22&#8217; in a crash of formality that sald\u00f3 with goleada (2-4). <strong>Ferran converted a doublet, whereas Raphinha assisted him in the 1-3 partial<\/strong>.<\/p>  <p>Ansu Was the only that did not add in offensive this dia, where also were headlines two players that no longer are in the staff: Gerard Hammered (retreat) and H\u00e9ctor Beller\u00edn (traspaso). <strong><a data-external=\"0\" data-intl-links-en=\"https:\/\/www.fcbarcelonanoticias.com\/en\/laliga\/pablo-torre-reappears-in-barcelona-38-days-later_290020_102.html\" data-intl-links-es=\"https:\/\/www.fcbarcelonanoticias.com\/laliga\/pablo-torre-reaparece-en-barcelona-38-dias-despues_290020_102.html\" href=\"https:\/\/www.fcbarcelonanoticias.com\/en\/laliga\/pablo-torre-reappears-in-barcelona-38-days-later_290020_102.html\" rel=\"follow\" target=\"_self\" title=\"Pablo Torre reaparece en el Bar\u00e7a 38 d\u00edas despu\u00e9s\">Pablo Tower<\/a> was the another novelty in an unpublished alignment that well could reedit, at least of the half upwards, the Thursday in the Bernab\u00e9u<\/strong>. The plague of injuries that affects to the club also has to the limit to the defence, since so much Jules Kound\u00e9 like Ronald Ara\u00fajo accumulate a lot of minutes after the stop mundialista.<\/p>  <p>Others that arrive with an important load of minutes are Andreas Christensen, Alejandro Balde and Frenkie of Jong, indisputable headlines from the reinicio of the competitions. <strong>Also it follows without being to the 100 % <a data-external=\"0\" data-intl-links-en=\"https:\/\/www.fcbarcelonanoticias.com\/en\/transfers\/barcelona-accelerates-define-future-sergio-busquets_290043_102.html\" data-intl-links-es=\"https:\/\/www.fcbarcelonanoticias.com\/fichajes\/barcelona-acelera-definir-futuro-sergio-busquets_290043_102.html\" href=\"https:\/\/www.fcbarcelonanoticias.com\/en\/transfers\/barcelona-accelerates-define-future-sergio-busquets_290043_102.html\" rel=\"follow\" target=\"_self\" title=\"El Bar\u00e7a acelera para definir el futuro de Sergio Busquets\">Sergio Busquets<\/a><\/strong>, the one who already was a pair of weeks was this month by a problem in the right ankle. Only Gavi has had a break, mainly by his problems with the yellow, in the middle of a relentless calendar.<\/p>  <h3>Of the &#8216;overbooking&#8217; to the shortage in attack<\/h3>  <p>The Bar\u00e7a began the season with six forwards in his staff, sufficient for the plans of the m\u00edster of Terrassa in the planning for the 2022\/23. Nevertheless, <strong>the problems with the &#8216;fair play&#8217; financial forced the exit of Pierre-Emerick Aubameyang to Chelsea <\/strong>on the end of the market veraniego, leaving &#8216;lame&#8217; the attack blaugrana when losing to the one who had been the best forward of the club in the first semester of 2022.<\/p>  <p>For I satisfy, <strong>Memphis Depay, the one who himself was a player prescindible in summer, opted for leaving to the Athletic of Madrid in January<\/strong>, with which Lewandowski remained like only &#8216;9&#8217; of the staff. The directive sonde\u00f3 the possibility of fichar to Yannick-Ferreira Carrasco, but finally did not arrive any reinforcement in winter. The Sunday, the shortage of forwards did that Xavi opted by the youngster \u00c1ngel Alarc\u00f3n like revulsivo in <a data-external=\"0\" data-intl-links-en=\"https:\/\/www.fcbarcelonanoticias.com\/en\/laliga\/ter-stegen-gavi-ferran-the-1x1-of-barcelona-in-surprise-loss-against-almeria_290010_102.html\" data-intl-links-es=\"https:\/\/www.fcbarcelonanoticias.com\/laliga\/ter-stegen-gavi-ferran-1x1-barcelona-sorpresiva-caida-almeria_290010_102.html\" href=\"https:\/\/www.fcbarcelonanoticias.com\/en\/laliga\/ter-stegen-gavi-ferran-the-1x1-of-barcelona-in-surprise-loss-against-almeria_290010_102.html\" rel=\"follow\" target=\"_self\" title=\"Busquets, Gavi, Ferran... El 1x1 del Bar\u00e7a en la inesperada derrota ante el Almer\u00eda\">Almer\u00eda<\/a> and the forward of the filial left good feelings.<\/p>  <h3>The plan &#8216;B&#8217; for Xavi in the Bernab\u00e9u<\/h3>  <p>Further of not having other options in attack, to the technician egarense remains him a plan &#8216;B&#8217; to visit the Bernab\u00e9u: <strong>return to the diagram with four mediocentros, that already gave excellent results in front of the Real Madrid <\/strong>in the final of the Supercopa Spanish (1-3). Without Pedri, Xavi can bet by Franck Kessi\u00e9 to accompany to &#8216;Busi&#8217; and Frenkie, with Gavi like extreme by left beside Raphinha and Ferran.<\/p>  <p>In this case, Ansu Fati would be the sacrificed, something that would not surprise in front of the scarce leadership of the &#8217;10&#8217; in the last weeks. In fact, the best performances of the of Bissau gave when ingres\u00f3 in the complement. In this case, <strong>where neither would remain a lot of variants would be in the medullary, with Pablo Tower and <a data-external=\"0\" data-intl-links-en=\"https:\/\/www.fcbarcelonanoticias.com\/en\/players\/fc-barcelona-postpones-renewal-of-sergi-roberto_290048_102.html\" data-intl-links-es=\"https:\/\/www.fcbarcelonanoticias.com\/jugadores\/fc-barcelona-aplaza-renovacion-sergi-roberto_290048_102.html\" href=\"https:\/\/www.fcbarcelonanoticias.com\/en\/players\/fc-barcelona-postpones-renewal-of-sergi-roberto_290048_102.html\" rel=\"follow\" target=\"_self\" title=\"El Bar\u00e7a aplaza la renovaci\u00f3n de Sergi Roberto\">Sergi Roberto<\/a> like only alternative<\/strong>. There is little basic wardrobe, certainly, but follow having variants to confront to a Madrid that also arrives very just in the physical.<\/p> ","protected":false},"excerpt":{"rendered":"<p>The loss of Robert Lewandowski leaves FC Barcelona with only three forwards available for the first leg of the Copa del Rey semifinal against Real Madrid. Ansu Fati, Raphinha and Ferran Torres could reissue the trident that played in Plzen in November The FC Barcelona will face the first of the three Classical earrings in [&hellip;]<\/p>\n","protected":false},"author":347,"featured_media":7526,"comment_status":"closed","ping_status":"open","sticky":false,"template":"","format":"standard","meta":{"_acf_changed":false,"inline_featured_image":false,"_nextfly_llmd_date_locked":false,"footnotes":""},"categories":[118,446],"tags":[53],"class_list":["post-7525","post","type-post","status-publish","format-standard","has-post-thumbnail","hentry","category-copa-del-rey","category-copa-del-rey-2","tag-el-clasico"],"acf":[],"yoast_head":"<!-- This site is optimized with the Yoast SEO plugin v27.3 - https:\/\/yoast.com\/product\/yoast-seo-wordpress\/ -->\n<title>Ansu, Raphinha and Ferran: The possible offensive trident of Bar\u00e7a for the Cl\u00e1sico<\/title>\n<meta name=\"description\" content=\"The loss of Robert Lewandowski leaves FC Barcelona with only three forwards available for the first leg of the Copa del Rey semifinal against Real Madrid. Ansu Fati, Raphinha and Ferran Torres could reissue the trident that played in Plzen in November\" \/>\n<meta name=\"robots\" content=\"index, follow, max-snippet:-1, max-image-preview:large, max-video-preview:-1\" \/>\n<link rel=\"canonical\" href=\"https:\/\/www.fcbarcelonanoticias.com\/en\/copa-del-rey\/ansu-raphinha-and-ferran-possible-offensive-trident-of-barca-for-clasico_290051_102.html\" \/>\n<meta property=\"og:locale\" content=\"en_US\" \/>\n<meta property=\"og:type\" content=\"article\" \/>\n<meta property=\"og:title\" content=\"Ansu, Raphinha and Ferran: The possible offensive trident of Bar\u00e7a for the Cl\u00e1sico\" \/>\n<meta property=\"og:description\" content=\"The loss of Robert Lewandowski leaves FC Barcelona with only three forwards available for the first leg of the Copa del Rey semifinal against Real Madrid. Ansu Fati, Raphinha and Ferran Torres could reissue the trident that played in Plzen in November\" \/>\n<meta property=\"og:url\" content=\"https:\/\/www.fcbarcelonanoticias.com\/en\/copa-del-rey\/ansu-raphinha-and-ferran-possible-offensive-trident-of-barca-for-clasico_290051_102.html\" \/>\n<meta property=\"og:site_name\" content=\"EN - FC Barcelona Noticias\" \/>\n<meta property=\"article:published_time\" content=\"2023-02-27T22:26:00+00:00\" \/>\n<meta property=\"og:image\" content=\"https:\/\/www.fcbarcelonanoticias.com\/en\/wp-content\/uploads\/sites\/2\/2023\/02\/ansu-fati-raphinha-fc-barcelona.jpeg\" \/>\n\t<meta property=\"og:image:width\" content=\"1300\" \/>\n\t<meta property=\"og:image:height\" content=\"732\" \/>\n\t<meta property=\"og:image:type\" content=\"image\/jpeg\" \/>\n<meta name=\"author\" content=\"Andr\u00e9s Quiroz\" \/>\n<meta name=\"twitter:card\" content=\"summary_large_image\" \/>\n<meta name=\"twitter:label1\" content=\"Written by\" \/>\n\t<meta name=\"twitter:data1\" content=\"Andr\u00e9s Quiroz\" \/>\n\t<meta name=\"twitter:label2\" content=\"Est. reading time\" \/>\n\t<meta name=\"twitter:data2\" content=\"4 minutes\" \/>\n<script type=\"application\/ld+json\" class=\"yoast-schema-graph\">{\"@context\":\"https:\\\/\\\/schema.org\",\"@graph\":[{\"@type\":\"Article\",\"@id\":\"https:\\\/\\\/www.fcbarcelonanoticias.com\\\/en\\\/copa-del-rey\\\/ansu-raphinha-and-ferran-possible-offensive-trident-of-barca-for-clasico_290051_102.html#article\",\"isPartOf\":{\"@id\":\"https:\\\/\\\/www.fcbarcelonanoticias.com\\\/en\\\/copa-del-rey\\\/ansu-raphinha-and-ferran-possible-offensive-trident-of-barca-for-clasico_290051_102.html\"},\"author\":{\"name\":\"Andr\u00e9s Quiroz\",\"@id\":\"https:\\\/\\\/www.fcbarcelonanoticias.com\\\/en\\\/#\\\/schema\\\/person\\\/c2cd9f6fa1af5c0d0eccd0fefa575c88\"},\"headline\":\"Ansu, Raphinha and Ferran: The possible offensive trident of Bar\u00e7a for the Cl\u00e1sico\",\"datePublished\":\"2023-02-27T22:26:00+00:00\",\"mainEntityOfPage\":{\"@id\":\"https:\\\/\\\/www.fcbarcelonanoticias.com\\\/en\\\/copa-del-rey\\\/ansu-raphinha-and-ferran-possible-offensive-trident-of-barca-for-clasico_290051_102.html\"},\"wordCount\":727,\"image\":{\"@id\":\"https:\\\/\\\/www.fcbarcelonanoticias.com\\\/en\\\/copa-del-rey\\\/ansu-raphinha-and-ferran-possible-offensive-trident-of-barca-for-clasico_290051_102.html#primaryimage\"},\"thumbnailUrl\":\"https:\\\/\\\/www.fcbarcelonanoticias.com\\\/en\\\/wp-content\\\/uploads\\\/sites\\\/2\\\/2023\\\/02\\\/ansu-fati-raphinha-fc-barcelona.jpeg\",\"keywords\":[\"El Cl\u00e1sico\"],\"articleSection\":[\"Copa del Rey\",\"Copa del Rey\"],\"inLanguage\":\"en-US\"},{\"@type\":\"WebPage\",\"@id\":\"https:\\\/\\\/www.fcbarcelonanoticias.com\\\/en\\\/copa-del-rey\\\/ansu-raphinha-and-ferran-possible-offensive-trident-of-barca-for-clasico_290051_102.html\",\"url\":\"https:\\\/\\\/www.fcbarcelonanoticias.com\\\/en\\\/copa-del-rey\\\/ansu-raphinha-and-ferran-possible-offensive-trident-of-barca-for-clasico_290051_102.html\",\"name\":\"Ansu, Raphinha and Ferran: The possible offensive trident of Bar\u00e7a for the Cl\u00e1sico\",\"isPartOf\":{\"@id\":\"https:\\\/\\\/www.fcbarcelonanoticias.com\\\/en\\\/#website\"},\"primaryImageOfPage\":{\"@id\":\"https:\\\/\\\/www.fcbarcelonanoticias.com\\\/en\\\/copa-del-rey\\\/ansu-raphinha-and-ferran-possible-offensive-trident-of-barca-for-clasico_290051_102.html#primaryimage\"},\"image\":{\"@id\":\"https:\\\/\\\/www.fcbarcelonanoticias.com\\\/en\\\/copa-del-rey\\\/ansu-raphinha-and-ferran-possible-offensive-trident-of-barca-for-clasico_290051_102.html#primaryimage\"},\"thumbnailUrl\":\"https:\\\/\\\/www.fcbarcelonanoticias.com\\\/en\\\/wp-content\\\/uploads\\\/sites\\\/2\\\/2023\\\/02\\\/ansu-fati-raphinha-fc-barcelona.jpeg\",\"datePublished\":\"2023-02-27T22:26:00+00:00\",\"author\":{\"@id\":\"https:\\\/\\\/www.fcbarcelonanoticias.com\\\/en\\\/#\\\/schema\\\/person\\\/c2cd9f6fa1af5c0d0eccd0fefa575c88\"},\"description\":\"The loss of Robert Lewandowski leaves FC Barcelona with only three forwards available for the first leg of the Copa del Rey semifinal against Real Madrid. Ansu Fati, Raphinha and Ferran Torres could reissue the trident that played in Plzen in November\",\"breadcrumb\":{\"@id\":\"https:\\\/\\\/www.fcbarcelonanoticias.com\\\/en\\\/copa-del-rey\\\/ansu-raphinha-and-ferran-possible-offensive-trident-of-barca-for-clasico_290051_102.html#breadcrumb\"},\"inLanguage\":\"en-US\",\"potentialAction\":[{\"@type\":\"ReadAction\",\"target\":[\"https:\\\/\\\/www.fcbarcelonanoticias.com\\\/en\\\/copa-del-rey\\\/ansu-raphinha-and-ferran-possible-offensive-trident-of-barca-for-clasico_290051_102.html\"]}]},{\"@type\":\"ImageObject\",\"inLanguage\":\"en-US\",\"@id\":\"https:\\\/\\\/www.fcbarcelonanoticias.com\\\/en\\\/copa-del-rey\\\/ansu-raphinha-and-ferran-possible-offensive-trident-of-barca-for-clasico_290051_102.html#primaryimage\",\"url\":\"https:\\\/\\\/www.fcbarcelonanoticias.com\\\/en\\\/wp-content\\\/uploads\\\/sites\\\/2\\\/2023\\\/02\\\/ansu-fati-raphinha-fc-barcelona.jpeg\",\"contentUrl\":\"https:\\\/\\\/www.fcbarcelonanoticias.com\\\/en\\\/wp-content\\\/uploads\\\/sites\\\/2\\\/2023\\\/02\\\/ansu-fati-raphinha-fc-barcelona.jpeg\",\"width\":1300,\"height\":732},{\"@type\":\"BreadcrumbList\",\"@id\":\"https:\\\/\\\/www.fcbarcelonanoticias.com\\\/en\\\/copa-del-rey\\\/ansu-raphinha-and-ferran-possible-offensive-trident-of-barca-for-clasico_290051_102.html#breadcrumb\",\"itemListElement\":[{\"@type\":\"ListItem\",\"position\":1,\"name\":\"Portada\",\"item\":\"https:\\\/\\\/www.fcbarcelonanoticias.com\\\/en\\\/\"},{\"@type\":\"ListItem\",\"position\":2,\"name\":\"Ansu, Raphinha and Ferran: The possible offensive trident of Bar\u00e7a for the Cl\u00e1sico\"}]},{\"@type\":\"WebSite\",\"@id\":\"https:\\\/\\\/www.fcbarcelonanoticias.com\\\/en\\\/#website\",\"url\":\"https:\\\/\\\/www.fcbarcelonanoticias.com\\\/en\\\/\",\"name\":\"EN - FC Barcelona Noticias\",\"description\":\"\",\"potentialAction\":[{\"@type\":\"SearchAction\",\"target\":{\"@type\":\"EntryPoint\",\"urlTemplate\":\"https:\\\/\\\/www.fcbarcelonanoticias.com\\\/en\\\/?s={search_term_string}\"},\"query-input\":{\"@type\":\"PropertyValueSpecification\",\"valueRequired\":true,\"valueName\":\"search_term_string\"}}],\"inLanguage\":\"en-US\"},{\"@type\":\"Person\",\"@id\":\"https:\\\/\\\/www.fcbarcelonanoticias.com\\\/en\\\/#\\\/schema\\\/person\\\/c2cd9f6fa1af5c0d0eccd0fefa575c88\",\"name\":\"Andr\u00e9s Quiroz\",\"image\":{\"@type\":\"ImageObject\",\"inLanguage\":\"en-US\",\"@id\":\"https:\\\/\\\/secure.gravatar.com\\\/avatar\\\/?s=96&d=mm&r=g\",\"url\":\"https:\\\/\\\/secure.gravatar.com\\\/avatar\\\/?s=96&d=mm&r=g\",\"contentUrl\":\"https:\\\/\\\/secure.gravatar.com\\\/avatar\\\/?s=96&d=mm&r=g\",\"caption\":\"Andr\u00e9s Quiroz\"},\"description\":\"Licenciado en Periodismo por la Universidad de los Andes. Me encargo de analizar y compartir los contenidos m\u00e1s destacados de la\u00a0actualidad del F\u00fatbol Club Barcelona, Mercado de Fichajes y F\u00fatbol Internacional en FCBN. La informaci\u00f3n es poder, pero tambi\u00e9n conocimiento.\",\"url\":\"https:\\\/\\\/www.fcbarcelonanoticias.com\\\/en\\\/fc-barcelona\\\/andres-quiroz_17_115.html\"}]}<\/script>\n<!-- \/ Yoast SEO plugin. -->","yoast_head_json":{"title":"Ansu, Raphinha and Ferran: The possible offensive trident of Bar\u00e7a for the Cl\u00e1sico","description":"The loss of Robert Lewandowski leaves FC Barcelona with only three forwards available for the first leg of the Copa del Rey semifinal against Real Madrid. Ansu Fati, Raphinha and Ferran Torres could reissue the trident that played in Plzen in November","robots":{"index":"index","follow":"follow","max-snippet":"max-snippet:-1","max-image-preview":"max-image-preview:large","max-video-preview":"max-video-preview:-1"},"canonical":"https:\/\/www.fcbarcelonanoticias.com\/en\/copa-del-rey\/ansu-raphinha-and-ferran-possible-offensive-trident-of-barca-for-clasico_290051_102.html","og_locale":"en_US","og_type":"article","og_title":"Ansu, Raphinha and Ferran: The possible offensive trident of Bar\u00e7a for the Cl\u00e1sico","og_description":"The loss of Robert Lewandowski leaves FC Barcelona with only three forwards available for the first leg of the Copa del Rey semifinal against Real Madrid. Ansu Fati, Raphinha and Ferran Torres could reissue the trident that played in Plzen in November","og_url":"https:\/\/www.fcbarcelonanoticias.com\/en\/copa-del-rey\/ansu-raphinha-and-ferran-possible-offensive-trident-of-barca-for-clasico_290051_102.html","og_site_name":"EN - FC Barcelona Noticias","article_published_time":"2023-02-27T22:26:00+00:00","og_image":[{"width":1300,"height":732,"url":"https:\/\/www.fcbarcelonanoticias.com\/en\/wp-content\/uploads\/sites\/2\/2023\/02\/ansu-fati-raphinha-fc-barcelona.jpeg","type":"image\/jpeg"}],"author":"Andr\u00e9s Quiroz","twitter_card":"summary_large_image","twitter_misc":{"Written by":"Andr\u00e9s Quiroz","Est. reading time":"4 minutes"},"schema":{"@context":"https:\/\/schema.org","@graph":[{"@type":"Article","@id":"https:\/\/www.fcbarcelonanoticias.com\/en\/copa-del-rey\/ansu-raphinha-and-ferran-possible-offensive-trident-of-barca-for-clasico_290051_102.html#article","isPartOf":{"@id":"https:\/\/www.fcbarcelonanoticias.com\/en\/copa-del-rey\/ansu-raphinha-and-ferran-possible-offensive-trident-of-barca-for-clasico_290051_102.html"},"author":{"name":"Andr\u00e9s Quiroz","@id":"https:\/\/www.fcbarcelonanoticias.com\/en\/#\/schema\/person\/c2cd9f6fa1af5c0d0eccd0fefa575c88"},"headline":"Ansu, Raphinha and Ferran: The possible offensive trident of Bar\u00e7a for the Cl\u00e1sico","datePublished":"2023-02-27T22:26:00+00:00","mainEntityOfPage":{"@id":"https:\/\/www.fcbarcelonanoticias.com\/en\/copa-del-rey\/ansu-raphinha-and-ferran-possible-offensive-trident-of-barca-for-clasico_290051_102.html"},"wordCount":727,"image":{"@id":"https:\/\/www.fcbarcelonanoticias.com\/en\/copa-del-rey\/ansu-raphinha-and-ferran-possible-offensive-trident-of-barca-for-clasico_290051_102.html#primaryimage"},"thumbnailUrl":"https:\/\/www.fcbarcelonanoticias.com\/en\/wp-content\/uploads\/sites\/2\/2023\/02\/ansu-fati-raphinha-fc-barcelona.jpeg","keywords":["El Cl\u00e1sico"],"articleSection":["Copa del Rey","Copa del Rey"],"inLanguage":"en-US"},{"@type":"WebPage","@id":"https:\/\/www.fcbarcelonanoticias.com\/en\/copa-del-rey\/ansu-raphinha-and-ferran-possible-offensive-trident-of-barca-for-clasico_290051_102.html","url":"https:\/\/www.fcbarcelonanoticias.com\/en\/copa-del-rey\/ansu-raphinha-and-ferran-possible-offensive-trident-of-barca-for-clasico_290051_102.html","name":"Ansu, Raphinha and Ferran: The possible offensive trident of Bar\u00e7a for the Cl\u00e1sico","isPartOf":{"@id":"https:\/\/www.fcbarcelonanoticias.com\/en\/#website"},"primaryImageOfPage":{"@id":"https:\/\/www.fcbarcelonanoticias.com\/en\/copa-del-rey\/ansu-raphinha-and-ferran-possible-offensive-trident-of-barca-for-clasico_290051_102.html#primaryimage"},"image":{"@id":"https:\/\/www.fcbarcelonanoticias.com\/en\/copa-del-rey\/ansu-raphinha-and-ferran-possible-offensive-trident-of-barca-for-clasico_290051_102.html#primaryimage"},"thumbnailUrl":"https:\/\/www.fcbarcelonanoticias.com\/en\/wp-content\/uploads\/sites\/2\/2023\/02\/ansu-fati-raphinha-fc-barcelona.jpeg","datePublished":"2023-02-27T22:26:00+00:00","author":{"@id":"https:\/\/www.fcbarcelonanoticias.com\/en\/#\/schema\/person\/c2cd9f6fa1af5c0d0eccd0fefa575c88"},"description":"The loss of Robert Lewandowski leaves FC Barcelona with only three forwards available for the first leg of the Copa del Rey semifinal against Real Madrid. Ansu Fati, Raphinha and Ferran Torres could reissue the trident that played in Plzen in November","breadcrumb":{"@id":"https:\/\/www.fcbarcelonanoticias.com\/en\/copa-del-rey\/ansu-raphinha-and-ferran-possible-offensive-trident-of-barca-for-clasico_290051_102.html#breadcrumb"},"inLanguage":"en-US","potentialAction":[{"@type":"ReadAction","target":["https:\/\/www.fcbarcelonanoticias.com\/en\/copa-del-rey\/ansu-raphinha-and-ferran-possible-offensive-trident-of-barca-for-clasico_290051_102.html"]}]},{"@type":"ImageObject","inLanguage":"en-US","@id":"https:\/\/www.fcbarcelonanoticias.com\/en\/copa-del-rey\/ansu-raphinha-and-ferran-possible-offensive-trident-of-barca-for-clasico_290051_102.html#primaryimage","url":"https:\/\/www.fcbarcelonanoticias.com\/en\/wp-content\/uploads\/sites\/2\/2023\/02\/ansu-fati-raphinha-fc-barcelona.jpeg","contentUrl":"https:\/\/www.fcbarcelonanoticias.com\/en\/wp-content\/uploads\/sites\/2\/2023\/02\/ansu-fati-raphinha-fc-barcelona.jpeg","width":1300,"height":732},{"@type":"BreadcrumbList","@id":"https:\/\/www.fcbarcelonanoticias.com\/en\/copa-del-rey\/ansu-raphinha-and-ferran-possible-offensive-trident-of-barca-for-clasico_290051_102.html#breadcrumb","itemListElement":[{"@type":"ListItem","position":1,"name":"Portada","item":"https:\/\/www.fcbarcelonanoticias.com\/en\/"},{"@type":"ListItem","position":2,"name":"Ansu, Raphinha and Ferran: The possible offensive trident of Bar\u00e7a for the Cl\u00e1sico"}]},{"@type":"WebSite","@id":"https:\/\/www.fcbarcelonanoticias.com\/en\/#website","url":"https:\/\/www.fcbarcelonanoticias.com\/en\/","name":"EN - FC Barcelona Noticias","description":"","potentialAction":[{"@type":"SearchAction","target":{"@type":"EntryPoint","urlTemplate":"https:\/\/www.fcbarcelonanoticias.com\/en\/?s={search_term_string}"},"query-input":{"@type":"PropertyValueSpecification","valueRequired":true,"valueName":"search_term_string"}}],"inLanguage":"en-US"},{"@type":"Person","@id":"https:\/\/www.fcbarcelonanoticias.com\/en\/#\/schema\/person\/c2cd9f6fa1af5c0d0eccd0fefa575c88","name":"Andr\u00e9s Quiroz","image":{"@type":"ImageObject","inLanguage":"en-US","@id":"https:\/\/secure.gravatar.com\/avatar\/?s=96&d=mm&r=g","url":"https:\/\/secure.gravatar.com\/avatar\/?s=96&d=mm&r=g","contentUrl":"https:\/\/secure.gravatar.com\/avatar\/?s=96&d=mm&r=g","caption":"Andr\u00e9s Quiroz"},"description":"Licenciado en Periodismo por la Universidad de los Andes. Me encargo de analizar y compartir los contenidos m\u00e1s destacados de la\u00a0actualidad del F\u00fatbol Club Barcelona, Mercado de Fichajes y F\u00fatbol Internacional en FCBN. La informaci\u00f3n es poder, pero tambi\u00e9n conocimiento.","url":"https:\/\/www.fcbarcelonanoticias.com\/en\/fc-barcelona\/andres-quiroz_17_115.html"}]}},"_links":{"self":[{"href":"https:\/\/www.fcbarcelonanoticias.com\/en\/wp-json\/wp\/v2\/posts\/7525","targetHints":{"allow":["GET"]}}],"collection":[{"href":"https:\/\/www.fcbarcelonanoticias.com\/en\/wp-json\/wp\/v2\/posts"}],"about":[{"href":"https:\/\/www.fcbarcelonanoticias.com\/en\/wp-json\/wp\/v2\/types\/post"}],"author":[{"embeddable":true,"href":"https:\/\/www.fcbarcelonanoticias.com\/en\/wp-json\/wp\/v2\/users\/347"}],"replies":[{"embeddable":true,"href":"https:\/\/www.fcbarcelonanoticias.com\/en\/wp-json\/wp\/v2\/comments?post=7525"}],"version-history":[{"count":1,"href":"https:\/\/www.fcbarcelonanoticias.com\/en\/wp-json\/wp\/v2\/posts\/7525\/revisions"}],"predecessor-version":[{"id":103698,"href":"https:\/\/www.fcbarcelonanoticias.com\/en\/wp-json\/wp\/v2\/posts\/7525\/revisions\/103698"}],"wp:featuredmedia":[{"embeddable":true,"href":"https:\/\/www.fcbarcelonanoticias.com\/en\/wp-json\/wp\/v2\/media\/7526"}],"wp:attachment":[{"href":"https:\/\/www.fcbarcelonanoticias.com\/en\/wp-json\/wp\/v2\/media?parent=7525"}],"wp:term":[{"taxonomy":"category","embeddable":true,"href":"https:\/\/www.fcbarcelonanoticias.com\/en\/wp-json\/wp\/v2\/categories?post=7525"},{"taxonomy":"post_tag","embeddable":true,"href":"https:\/\/www.fcbarcelonanoticias.com\/en\/wp-json\/wp\/v2\/tags?post=7525"}],"curies":[{"name":"wp","href":"https:\/\/api.w.org\/{rel}","templated":true}]}}