{"id":75360,"date":"2022-08-11T18:05:00","date_gmt":"2022-08-11T16:05:00","guid":{"rendered":"https:\/\/weisetech.dev\/fc-barcelona-noticias\/en\/message-barcelona-memphis-already-has-a-new-dorsal_283131_102\/"},"modified":"2022-08-11T18:05:00","modified_gmt":"2022-08-11T16:05:00","slug":"message-barcelona-memphis-already-has-a-new-dorsal_283131_102","status":"publish","type":"post","link":"https:\/\/www.fcbarcelonanoticias.com\/en\/players\/message-barcelona-memphis-already-has-a-new-dorsal_283131_102.html","title":{"rendered":"Message from Bar\u00e7a? Memphis already has a new dorsal"},"content":{"rendered":"<h2 class=\"wp-block-heading\">While his future is defined, Bar\u00e7a has given Memphis a new number. After giving the &#8216;9&#8217; to Lewandowski, the Dutchman will use, until now, the &#8217;14&#8217; left by Nico<\/h2>  \r\n<div class=\"article-addons\">\r\n    <a href=\"https:\/\/www.fcbarcelonanoticias.com\/en\/calendar-fc-barcelona.html\"\r\n       target=\"_self\"\r\n       title=\"Calendar of FC Barcelona\"\r\n       class=\"blue-gredient-btn\">\r\n       \r\n        Calendar of FC Barcelona    <\/a>\r\n<\/div>   <p>The future of Memphis follows being in the &#8216;air&#8217;. In spite of the good performance showed during the pre-season, Depay would have foot and half out of the <a data-external=\"0\" data-intl-links-en=\"https:\/\/www.fcbarcelonanoticias.com\/en\/fc-barcelona\" data-intl-links-es=\"https:\/\/www.fcbarcelonanoticias.com\/fc-barcelona\" href=\"https:\/\/www.fcbarcelonanoticias.com\/en\/football-soccer\/fc-barcelona.html\" rel=\"follow\" target=\"_self\" title=\"FC Barcelona\">FC Barcelona<\/a>. <strong>The signings of Robert Lewandowski and Raphinha, added to the &#8216;extension of the agreement&#8217; of Ousmane Demb\u00e9l\u00e9 and the recovery of Ansu, would leave him without place in the staff of <\/strong><a data-external=\"0\" data-intl-links-en=\"https:\/\/www.fcbarcelonanoticias.com\/en\/tags\/xavi-hernandez\" data-intl-links-es=\"https:\/\/www.fcbarcelonanoticias.com\/tags\/xavi-hernandez\" href=\"https:\/\/www.fcbarcelonanoticias.com\/en\/tags\/xavi-hernandez.html\" rel=\"follow\" target=\"_self\" title=\"Xavi Hern\u00e1ndez\">Xavi Hern\u00e1ndez<\/a>. Besides, the problems of the Catalan entity with the &#8216;fair play&#8217; financial force them to lighten the mass salarial, by what from Can Bar\u00e7a look for to give off of the &#8216;Le\u00f3n&#8217;.<\/p>  <p>By his part, and although his priority was to be still in the City Condal, Depay understands that his participation in the team would become almost testimonial, and with the World-wide to the &#8216;gone back of the corner&#8217; has decided to change of &#8216;airs&#8217;, as long as it was under his own terms. And it is that the footballer considers that the 20 million euros that pretended to perceive the cul\u00e9s by his traspaso are &#8216;exaggerated&#8217;, <strong>by what his lawyers find negotiating with the club a road to be able to go out like free agent<\/strong>.<\/p>  <p>However, and while his situation defines , the Barcelona entity has awarded him a new dorsal. After yielding the number &#8216;9&#8217; to Robert Lewandowki,<strong> the Dutch will carry, until the moments, the &#8217;14&#8217; that left Nico Gonz\u00e1lez when going out with course to Valencia<\/strong>. Like this then , the ex goleador of the Lyon joins to a list of historical footballers that dressed said number during his go through the Bar\u00e7a, between which are Thierry Henry, Hristo Stoichkov, Ronald Koeman, among others.<\/p>  <p>On the other hand, in the Juventus of Tur\u00edn follow attentive to the negotiations of the player with the Catalan group. According to the journalist Fabrizio Romano,<strong> the &#8216;bianconeri&#8217; already have an agreement with the forward by two seasons, by what expect that the footballer achieve the rescission of his agreement to concretise his incorporation<\/strong>. Of equal form, the specialist in signings ensures that the Tottenham has not communicated with Memphis, by what to day of today is unlikely that put course to the Premier.<\/p>  <h3>The continuity of Aubameyang is key<\/h3>  <p>Nevertheless, the stay of the of Moordretch would not be entirely descartada, <strong>since although Xavi already ensured that it has Aubameyang to 100%, Chelsea follows insisting in the signing of the gabon\u00e9s<\/strong>. If in Stamford Bridge attain to do with the services of the new &#8217;17&#8217; cul\u00e9, the square directed by the egarense will close him the doors to Depay so that it fulfil the role of substitute of Lewandowski.<\/p>  <h3>Pjanic Already has dorsal<\/h3>  <p>In another order of ideas,<strong> the continuity of Miralem Pjanic already is entirely confirmed after in Can Bar\u00e7a awarded him the dorsal &#8217;16&#8217;<\/strong>, which was used by Pedri from his arrival to the City Condal. Of this way, the bosnio premi\u00e8res dorsal after having carried the &#8216;8&#8217; during his first stage in the club. In the meantime, Braithwaite and Umtiti do not have a number assigned since they will not play in the Camp Nou this season and are looking for an exit.<\/p> ","protected":false},"excerpt":{"rendered":"<p>While his future is defined, Bar\u00e7a has given Memphis a new number. After giving the &#8216;9&#8217; to Lewandowski, the Dutchman will use, until now, the &#8217;14&#8217; left by Nico The future of Memphis follows being in the &#8216;air&#8217;. In spite of the good performance showed during the pre-season, Depay would have foot and half out [&hellip;]<\/p>\n","protected":false},"author":358,"featured_media":75364,"comment_status":"closed","ping_status":"open","sticky":false,"template":"","format":"standard","meta":{"_acf_changed":false,"inline_featured_image":false,"_nextfly_llmd_date_locked":false,"footnotes":""},"categories":[107,453],"tags":[105,142,326,206],"class_list":["post-75360","post","type-post","status-publish","format-standard","has-post-thumbnail","hentry","category-players","category-players-2","tag-juventus","tag-memphis-depay","tag-miralem-pjanic","tag-tottenham"],"acf":[],"yoast_head":"<!-- This site is optimized with the Yoast SEO plugin v27.3 - https:\/\/yoast.com\/product\/yoast-seo-wordpress\/ -->\n<title>Message of the Bar\u00e7a? Memphis Already has new dorsal<\/title>\n<meta name=\"description\" content=\"While his future defines , the Bar\u00e7a has awarded him to Memphis a new dorsal. After yielding him the &#039;9&#039; to Lewandowski, the Dutch will use, until the...\" \/>\n<meta name=\"robots\" content=\"index, follow, max-snippet:-1, max-image-preview:large, max-video-preview:-1\" \/>\n<link rel=\"canonical\" href=\"https:\/\/www.fcbarcelonanoticias.com\/en\/players\/message-barcelona-memphis-already-has-a-new-dorsal_283131_102.html\" \/>\n<meta property=\"og:locale\" content=\"en_US\" \/>\n<meta property=\"og:type\" content=\"article\" \/>\n<meta property=\"og:title\" content=\"Message of the Bar\u00e7a? Memphis Already has new dorsal\" \/>\n<meta property=\"og:description\" content=\"While his future defines , the Bar\u00e7a has awarded him to Memphis a new dorsal. After yielding him the &#039;9&#039; to Lewandowski, the Dutch will use, until the...\" \/>\n<meta property=\"og:url\" content=\"https:\/\/www.fcbarcelonanoticias.com\/en\/players\/message-barcelona-memphis-already-has-a-new-dorsal_283131_102.html\" \/>\n<meta property=\"og:site_name\" content=\"EN - FC Barcelona Noticias\" \/>\n<meta property=\"article:published_time\" content=\"2022-08-11T16:05:00+00:00\" \/>\n<meta property=\"og:image\" content=\"https:\/\/www.fcbarcelonanoticias.com\/en\/wp-content\/uploads\/sites\/2\/2022\/08\/memphis-depay-en-el-gamper.jpeg\" \/>\n\t<meta property=\"og:image:width\" content=\"1300\" \/>\n\t<meta property=\"og:image:height\" content=\"733\" \/>\n\t<meta property=\"og:image:type\" content=\"image\/jpeg\" \/>\n<meta name=\"author\" content=\"Juan Pablo Berdugo\" \/>\n<meta name=\"twitter:card\" content=\"summary_large_image\" \/>\n<meta name=\"twitter:label1\" content=\"Written by\" \/>\n\t<meta name=\"twitter:data1\" content=\"Juan Pablo Berdugo\" \/>\n\t<meta name=\"twitter:label2\" content=\"Est. reading time\" \/>\n\t<meta name=\"twitter:data2\" content=\"3 minutes\" \/>\n<script type=\"application\/ld+json\" class=\"yoast-schema-graph\">{\"@context\":\"https:\\\/\\\/schema.org\",\"@graph\":[{\"@type\":\"Article\",\"@id\":\"https:\\\/\\\/www.fcbarcelonanoticias.com\\\/en\\\/players\\\/message-barcelona-memphis-already-has-a-new-dorsal_283131_102.html#article\",\"isPartOf\":{\"@id\":\"https:\\\/\\\/www.fcbarcelonanoticias.com\\\/en\\\/players\\\/message-barcelona-memphis-already-has-a-new-dorsal_283131_102.html\"},\"author\":{\"name\":\"Juan Pablo Berdugo\",\"@id\":\"https:\\\/\\\/www.fcbarcelonanoticias.com\\\/en\\\/#\\\/schema\\\/person\\\/88d756918a0a1ae9fa593b5edddd1815\"},\"headline\":\"Message from Bar\u00e7a? Memphis already has a new dorsal\",\"datePublished\":\"2022-08-11T16:05:00+00:00\",\"mainEntityOfPage\":{\"@id\":\"https:\\\/\\\/www.fcbarcelonanoticias.com\\\/en\\\/players\\\/message-barcelona-memphis-already-has-a-new-dorsal_283131_102.html\"},\"wordCount\":561,\"image\":{\"@id\":\"https:\\\/\\\/www.fcbarcelonanoticias.com\\\/en\\\/players\\\/message-barcelona-memphis-already-has-a-new-dorsal_283131_102.html#primaryimage\"},\"thumbnailUrl\":\"https:\\\/\\\/www.fcbarcelonanoticias.com\\\/en\\\/wp-content\\\/uploads\\\/sites\\\/2\\\/2022\\\/08\\\/memphis-depay-en-el-gamper.jpeg\",\"keywords\":[\"Juventus\",\"Memphis Depay\",\"Miralem Pjanic\",\"Tottenham\"],\"articleSection\":[\"Players\",\"Players\"],\"inLanguage\":\"en-US\"},{\"@type\":\"WebPage\",\"@id\":\"https:\\\/\\\/www.fcbarcelonanoticias.com\\\/en\\\/players\\\/message-barcelona-memphis-already-has-a-new-dorsal_283131_102.html\",\"url\":\"https:\\\/\\\/www.fcbarcelonanoticias.com\\\/en\\\/players\\\/message-barcelona-memphis-already-has-a-new-dorsal_283131_102.html\",\"name\":\"Message of the Bar\u00e7a? Memphis Already has new dorsal\",\"isPartOf\":{\"@id\":\"https:\\\/\\\/www.fcbarcelonanoticias.com\\\/en\\\/#website\"},\"primaryImageOfPage\":{\"@id\":\"https:\\\/\\\/www.fcbarcelonanoticias.com\\\/en\\\/players\\\/message-barcelona-memphis-already-has-a-new-dorsal_283131_102.html#primaryimage\"},\"image\":{\"@id\":\"https:\\\/\\\/www.fcbarcelonanoticias.com\\\/en\\\/players\\\/message-barcelona-memphis-already-has-a-new-dorsal_283131_102.html#primaryimage\"},\"thumbnailUrl\":\"https:\\\/\\\/www.fcbarcelonanoticias.com\\\/en\\\/wp-content\\\/uploads\\\/sites\\\/2\\\/2022\\\/08\\\/memphis-depay-en-el-gamper.jpeg\",\"datePublished\":\"2022-08-11T16:05:00+00:00\",\"author\":{\"@id\":\"https:\\\/\\\/www.fcbarcelonanoticias.com\\\/en\\\/#\\\/schema\\\/person\\\/88d756918a0a1ae9fa593b5edddd1815\"},\"description\":\"While his future defines , the Bar\u00e7a has awarded him to Memphis a new dorsal. After yielding him the '9' to Lewandowski, the Dutch will use, until the...\",\"breadcrumb\":{\"@id\":\"https:\\\/\\\/www.fcbarcelonanoticias.com\\\/en\\\/players\\\/message-barcelona-memphis-already-has-a-new-dorsal_283131_102.html#breadcrumb\"},\"inLanguage\":\"en-US\",\"potentialAction\":[{\"@type\":\"ReadAction\",\"target\":[\"https:\\\/\\\/www.fcbarcelonanoticias.com\\\/en\\\/players\\\/message-barcelona-memphis-already-has-a-new-dorsal_283131_102.html\"]}]},{\"@type\":\"ImageObject\",\"inLanguage\":\"en-US\",\"@id\":\"https:\\\/\\\/www.fcbarcelonanoticias.com\\\/en\\\/players\\\/message-barcelona-memphis-already-has-a-new-dorsal_283131_102.html#primaryimage\",\"url\":\"https:\\\/\\\/www.fcbarcelonanoticias.com\\\/en\\\/wp-content\\\/uploads\\\/sites\\\/2\\\/2022\\\/08\\\/memphis-depay-en-el-gamper.jpeg\",\"contentUrl\":\"https:\\\/\\\/www.fcbarcelonanoticias.com\\\/en\\\/wp-content\\\/uploads\\\/sites\\\/2\\\/2022\\\/08\\\/memphis-depay-en-el-gamper.jpeg\",\"width\":1300,\"height\":733},{\"@type\":\"BreadcrumbList\",\"@id\":\"https:\\\/\\\/www.fcbarcelonanoticias.com\\\/en\\\/players\\\/message-barcelona-memphis-already-has-a-new-dorsal_283131_102.html#breadcrumb\",\"itemListElement\":[{\"@type\":\"ListItem\",\"position\":1,\"name\":\"Portada\",\"item\":\"https:\\\/\\\/www.fcbarcelonanoticias.com\\\/en\\\/\"},{\"@type\":\"ListItem\",\"position\":2,\"name\":\"Message from Bar\u00e7a? Memphis already has a new dorsal\"}]},{\"@type\":\"WebSite\",\"@id\":\"https:\\\/\\\/www.fcbarcelonanoticias.com\\\/en\\\/#website\",\"url\":\"https:\\\/\\\/www.fcbarcelonanoticias.com\\\/en\\\/\",\"name\":\"EN - FC Barcelona Noticias\",\"description\":\"\",\"potentialAction\":[{\"@type\":\"SearchAction\",\"target\":{\"@type\":\"EntryPoint\",\"urlTemplate\":\"https:\\\/\\\/www.fcbarcelonanoticias.com\\\/en\\\/?s={search_term_string}\"},\"query-input\":{\"@type\":\"PropertyValueSpecification\",\"valueRequired\":true,\"valueName\":\"search_term_string\"}}],\"inLanguage\":\"en-US\"},{\"@type\":\"Person\",\"@id\":\"https:\\\/\\\/www.fcbarcelonanoticias.com\\\/en\\\/#\\\/schema\\\/person\\\/88d756918a0a1ae9fa593b5edddd1815\",\"name\":\"Juan Pablo Berdugo\",\"image\":{\"@type\":\"ImageObject\",\"inLanguage\":\"en-US\",\"@id\":\"https:\\\/\\\/secure.gravatar.com\\\/avatar\\\/?s=96&d=mm&r=g\",\"url\":\"https:\\\/\\\/secure.gravatar.com\\\/avatar\\\/?s=96&d=mm&r=g\",\"contentUrl\":\"https:\\\/\\\/secure.gravatar.com\\\/avatar\\\/?s=96&d=mm&r=g\",\"caption\":\"Juan Pablo Berdugo\"},\"description\":\"Juan Pablo Berdugo es graduado en Periodismo. Colabora con FCBN como especialista en informaci\u00f3n del primer equipo del FC Barcelona, f\u00fatbol internacional y mercado de fichajes. Destaca por su enfoque anal\u00edtico, su rigor informativo y su capacidad para detectar tendencias emergentes en el f\u00fatbol global.\",\"url\":\"https:\\\/\\\/www.fcbarcelonanoticias.com\\\/en\\\/fc-barcelona\\\/juan-pablo-berdugo_18_115.html\"}]}<\/script>\n<!-- \/ Yoast SEO plugin. -->","yoast_head_json":{"title":"Message of the Bar\u00e7a? Memphis Already has new dorsal","description":"While his future defines , the Bar\u00e7a has awarded him to Memphis a new dorsal. After yielding him the '9' to Lewandowski, the Dutch will use, until the...","robots":{"index":"index","follow":"follow","max-snippet":"max-snippet:-1","max-image-preview":"max-image-preview:large","max-video-preview":"max-video-preview:-1"},"canonical":"https:\/\/www.fcbarcelonanoticias.com\/en\/players\/message-barcelona-memphis-already-has-a-new-dorsal_283131_102.html","og_locale":"en_US","og_type":"article","og_title":"Message of the Bar\u00e7a? Memphis Already has new dorsal","og_description":"While his future defines , the Bar\u00e7a has awarded him to Memphis a new dorsal. After yielding him the '9' to Lewandowski, the Dutch will use, until the...","og_url":"https:\/\/www.fcbarcelonanoticias.com\/en\/players\/message-barcelona-memphis-already-has-a-new-dorsal_283131_102.html","og_site_name":"EN - FC Barcelona Noticias","article_published_time":"2022-08-11T16:05:00+00:00","og_image":[{"width":1300,"height":733,"url":"https:\/\/www.fcbarcelonanoticias.com\/en\/wp-content\/uploads\/sites\/2\/2022\/08\/memphis-depay-en-el-gamper.jpeg","type":"image\/jpeg"}],"author":"Juan Pablo Berdugo","twitter_card":"summary_large_image","twitter_misc":{"Written by":"Juan Pablo Berdugo","Est. reading time":"3 minutes"},"schema":{"@context":"https:\/\/schema.org","@graph":[{"@type":"Article","@id":"https:\/\/www.fcbarcelonanoticias.com\/en\/players\/message-barcelona-memphis-already-has-a-new-dorsal_283131_102.html#article","isPartOf":{"@id":"https:\/\/www.fcbarcelonanoticias.com\/en\/players\/message-barcelona-memphis-already-has-a-new-dorsal_283131_102.html"},"author":{"name":"Juan Pablo Berdugo","@id":"https:\/\/www.fcbarcelonanoticias.com\/en\/#\/schema\/person\/88d756918a0a1ae9fa593b5edddd1815"},"headline":"Message from Bar\u00e7a? Memphis already has a new dorsal","datePublished":"2022-08-11T16:05:00+00:00","mainEntityOfPage":{"@id":"https:\/\/www.fcbarcelonanoticias.com\/en\/players\/message-barcelona-memphis-already-has-a-new-dorsal_283131_102.html"},"wordCount":561,"image":{"@id":"https:\/\/www.fcbarcelonanoticias.com\/en\/players\/message-barcelona-memphis-already-has-a-new-dorsal_283131_102.html#primaryimage"},"thumbnailUrl":"https:\/\/www.fcbarcelonanoticias.com\/en\/wp-content\/uploads\/sites\/2\/2022\/08\/memphis-depay-en-el-gamper.jpeg","keywords":["Juventus","Memphis Depay","Miralem Pjanic","Tottenham"],"articleSection":["Players","Players"],"inLanguage":"en-US"},{"@type":"WebPage","@id":"https:\/\/www.fcbarcelonanoticias.com\/en\/players\/message-barcelona-memphis-already-has-a-new-dorsal_283131_102.html","url":"https:\/\/www.fcbarcelonanoticias.com\/en\/players\/message-barcelona-memphis-already-has-a-new-dorsal_283131_102.html","name":"Message of the Bar\u00e7a? Memphis Already has new dorsal","isPartOf":{"@id":"https:\/\/www.fcbarcelonanoticias.com\/en\/#website"},"primaryImageOfPage":{"@id":"https:\/\/www.fcbarcelonanoticias.com\/en\/players\/message-barcelona-memphis-already-has-a-new-dorsal_283131_102.html#primaryimage"},"image":{"@id":"https:\/\/www.fcbarcelonanoticias.com\/en\/players\/message-barcelona-memphis-already-has-a-new-dorsal_283131_102.html#primaryimage"},"thumbnailUrl":"https:\/\/www.fcbarcelonanoticias.com\/en\/wp-content\/uploads\/sites\/2\/2022\/08\/memphis-depay-en-el-gamper.jpeg","datePublished":"2022-08-11T16:05:00+00:00","author":{"@id":"https:\/\/www.fcbarcelonanoticias.com\/en\/#\/schema\/person\/88d756918a0a1ae9fa593b5edddd1815"},"description":"While his future defines , the Bar\u00e7a has awarded him to Memphis a new dorsal. After yielding him the '9' to Lewandowski, the Dutch will use, until the...","breadcrumb":{"@id":"https:\/\/www.fcbarcelonanoticias.com\/en\/players\/message-barcelona-memphis-already-has-a-new-dorsal_283131_102.html#breadcrumb"},"inLanguage":"en-US","potentialAction":[{"@type":"ReadAction","target":["https:\/\/www.fcbarcelonanoticias.com\/en\/players\/message-barcelona-memphis-already-has-a-new-dorsal_283131_102.html"]}]},{"@type":"ImageObject","inLanguage":"en-US","@id":"https:\/\/www.fcbarcelonanoticias.com\/en\/players\/message-barcelona-memphis-already-has-a-new-dorsal_283131_102.html#primaryimage","url":"https:\/\/www.fcbarcelonanoticias.com\/en\/wp-content\/uploads\/sites\/2\/2022\/08\/memphis-depay-en-el-gamper.jpeg","contentUrl":"https:\/\/www.fcbarcelonanoticias.com\/en\/wp-content\/uploads\/sites\/2\/2022\/08\/memphis-depay-en-el-gamper.jpeg","width":1300,"height":733},{"@type":"BreadcrumbList","@id":"https:\/\/www.fcbarcelonanoticias.com\/en\/players\/message-barcelona-memphis-already-has-a-new-dorsal_283131_102.html#breadcrumb","itemListElement":[{"@type":"ListItem","position":1,"name":"Portada","item":"https:\/\/www.fcbarcelonanoticias.com\/en\/"},{"@type":"ListItem","position":2,"name":"Message from Bar\u00e7a? Memphis already has a new dorsal"}]},{"@type":"WebSite","@id":"https:\/\/www.fcbarcelonanoticias.com\/en\/#website","url":"https:\/\/www.fcbarcelonanoticias.com\/en\/","name":"EN - FC Barcelona Noticias","description":"","potentialAction":[{"@type":"SearchAction","target":{"@type":"EntryPoint","urlTemplate":"https:\/\/www.fcbarcelonanoticias.com\/en\/?s={search_term_string}"},"query-input":{"@type":"PropertyValueSpecification","valueRequired":true,"valueName":"search_term_string"}}],"inLanguage":"en-US"},{"@type":"Person","@id":"https:\/\/www.fcbarcelonanoticias.com\/en\/#\/schema\/person\/88d756918a0a1ae9fa593b5edddd1815","name":"Juan Pablo Berdugo","image":{"@type":"ImageObject","inLanguage":"en-US","@id":"https:\/\/secure.gravatar.com\/avatar\/?s=96&d=mm&r=g","url":"https:\/\/secure.gravatar.com\/avatar\/?s=96&d=mm&r=g","contentUrl":"https:\/\/secure.gravatar.com\/avatar\/?s=96&d=mm&r=g","caption":"Juan Pablo Berdugo"},"description":"Juan Pablo Berdugo es graduado en Periodismo. Colabora con FCBN como especialista en informaci\u00f3n del primer equipo del FC Barcelona, f\u00fatbol internacional y mercado de fichajes. Destaca por su enfoque anal\u00edtico, su rigor informativo y su capacidad para detectar tendencias emergentes en el f\u00fatbol global.","url":"https:\/\/www.fcbarcelonanoticias.com\/en\/fc-barcelona\/juan-pablo-berdugo_18_115.html"}]}},"_links":{"self":[{"href":"https:\/\/www.fcbarcelonanoticias.com\/en\/wp-json\/wp\/v2\/posts\/75360","targetHints":{"allow":["GET"]}}],"collection":[{"href":"https:\/\/www.fcbarcelonanoticias.com\/en\/wp-json\/wp\/v2\/posts"}],"about":[{"href":"https:\/\/www.fcbarcelonanoticias.com\/en\/wp-json\/wp\/v2\/types\/post"}],"author":[{"embeddable":true,"href":"https:\/\/www.fcbarcelonanoticias.com\/en\/wp-json\/wp\/v2\/users\/358"}],"replies":[{"embeddable":true,"href":"https:\/\/www.fcbarcelonanoticias.com\/en\/wp-json\/wp\/v2\/comments?post=75360"}],"version-history":[{"count":1,"href":"https:\/\/www.fcbarcelonanoticias.com\/en\/wp-json\/wp\/v2\/posts\/75360\/revisions"}],"predecessor-version":[{"id":123344,"href":"https:\/\/www.fcbarcelonanoticias.com\/en\/wp-json\/wp\/v2\/posts\/75360\/revisions\/123344"}],"wp:featuredmedia":[{"embeddable":true,"href":"https:\/\/www.fcbarcelonanoticias.com\/en\/wp-json\/wp\/v2\/media\/75364"}],"wp:attachment":[{"href":"https:\/\/www.fcbarcelonanoticias.com\/en\/wp-json\/wp\/v2\/media?parent=75360"}],"wp:term":[{"taxonomy":"category","embeddable":true,"href":"https:\/\/www.fcbarcelonanoticias.com\/en\/wp-json\/wp\/v2\/categories?post=75360"},{"taxonomy":"post_tag","embeddable":true,"href":"https:\/\/www.fcbarcelonanoticias.com\/en\/wp-json\/wp\/v2\/tags?post=75360"}],"curies":[{"name":"wp","href":"https:\/\/api.w.org\/{rel}","templated":true}]}}