{"id":75362,"date":"2019-11-09T21:35:00","date_gmt":"2019-11-09T20:35:00","guid":{"rendered":"https:\/\/weisetech.dev\/fc-barcelona-noticias\/en\/junior-caused-penalti-messi-scored-first-goal-barca-celta_253000_102\/"},"modified":"2019-11-09T22:44:00","modified_gmt":"2019-11-09T21:44:00","slug":"junior-caused-penalti-messi-scored-first-goal-barca-celta_253000_102","status":"publish","type":"post","link":"https:\/\/www.fcbarcelonanoticias.com\/en\/players\/lionel-messi\/junior-caused-penalti-messi-scored-first-goal-barca-celta_253000_102.html","title":{"rendered":"Junior caused a penalti and Messi scored the first goal of the Bar\u00e7a-Celta"},"content":{"rendered":"<h2 class=\"wp-block-heading\">In one of the few incursions to attack of the Bar\u00e7a in the first half, Aidoo diverted a centre of Junior with the arm and Leo Messi ensured the goal from the penalty point<\/h2>  \r\n<div class=\"article-addons\">\r\n    <a href=\"https:\/\/www.fcbarcelonanoticias.com\/calendar-fc-barcelona.html\"\r\n       target=\"_self\"\r\n       title=\"Calendar of FC Barcelona\"\r\n       class=\"blue-gredient-btn\">\r\n       \r\n        Calendar of FC Barcelona    <\/a>\r\n<\/div>   <p>When worse was happening it the FC Barcelona by the hit offensive pressure of the Celtic of Vigo, <strong>the group cul\u00e9 achieved desequilibrar the marker from the penalty spot<\/strong>. It was thanks to a progression of <strong>Junior Firpo<\/strong> by the left band, with a centre to half height that one of the defenders of the Celtic, Aidoo, diverted with the arm. The referee <strong>Squares Fern\u00e1ndez<\/strong> no thought it to him, and pit\u00f3 the maximum penalty.<\/p>  <p><strong>Leo Messi was the attendant to transform it, deceiving perfectly to the goalkeeper <\/strong>with a shot raso and placed, without need to give him too much power. The FC Barcelona, like this, advanced in the marker in the minute 22 of party, obtaining like this an excessive reward to the game that had showed until then. In any case, <strong>these goals also explain&#8230; And they are used to to be the most valuable<\/strong>.<\/p>  <p>The FC Barcelona did not play a good first-half in front of the Celtic of Vigo, and this caused that <strong><a data-external=\"0\" data-intl-links-en=\"https:\/\/www.fcbarcelonanoticias.com\/en\/laliga\/messi-was-all-what-did-lacking-against-the-celtic-4-1_252994_102.html\" data-intl-links-es=\"https:\/\/www.fcbarcelonanoticias.com\/laliga\/fc-barcelona-celta-4-1-laliga-santander-2019-20_252994_102.html\" href=\"https:\/\/www.fcbarcelonanoticias.com\/en\/laliga\/messi-was-all-what-did-lacking-against-the-celtic-4-1_252994_102.html\" rel=\"follow\" target=\"_self\" title=\"Messi fue todo lo que hizo 'falta' contra el Celta (4-1)\">Messi had to attend to the rescue of the team<\/a><\/strong>. The first goal, this yes, fell him of the sky thanks to the error of Aidoo. This error and the back goal of Messi, nevertheless, serve for <strong>relanzar the image of Junior Firpo, the one who looked for to redeem <\/strong>this Saturday in the left side.<\/p>  <p><strong>The Hispanic-dominican played a big party in general lines<\/strong>, showing safe to defensive level and going up without ceasing to the attack to generate disequilibriums in the defence of the Celtic of Vigo. <strong>It combined with Ansu Fati and Griezmann in the first time by this band<\/strong>, and in the second part with an Ousmane Demb\u00e9l\u00e9 that went in to give rest to the Hispanic youngster-guinean.<\/p>  <h3>A solution to the problem of the Bar\u00e7a in the side<\/h3>  <p>Ernesto Valverde, therefore, already knows that it has of an alternative of guarantees for Jordi Alba. <strong>The ninety minutes contested against the Celtic definitely will help to that Junior Firpo adapt more quickly <\/strong>to his new ecosystem of game. Besides, they will serve to give a break to a Semedo sobreexplotado of minutes in this start of season.<\/p>  <p>The Portuguese, remember, had to withdraw in the minute 22 of game to<strong> <a data-external=\"0\" data-intl-links-en=\"https:\/\/www.fcbarcelonanoticias.com\/en\/laliga\/busquets-sentenced-barca-celta-from-frontal-area_253004_102.html\" data-intl-links-es=\"https:\/\/www.fcbarcelonanoticias.com\/laliga\/sergio-busquets-sentencio-barcelona-celta-frontal-area_253004_102.html\" href=\"https:\/\/www.fcbarcelonanoticias.com\/en\/laliga\/busquets-sentenced-barca-celta-from-frontal-area_253004_102.html\" rel=\"follow\" target=\"_self\" title=\"Sergio Busquets sentenci\u00f3 el Bar\u00e7a-Celta desde la frontal del \u00e1rea\">give entrance to Sergio Busquets<\/a>, by fault of some physical problems whose scope has not trascended<\/strong>. With the injuries of Jordi Alba and Semedo, the Bar\u00e7a has a problem in the side&#8230; And Junior Firpo can be part of the solution.<\/p> ","protected":false},"excerpt":{"rendered":"<p>In one of the few incursions to attack of the Bar\u00e7a in the first half, Aidoo diverted a centre of Junior with the arm and Leo Messi ensured the goal from the penalty point When worse was happening it the FC Barcelona by the hit offensive pressure of the Celtic of Vigo, the group cul\u00e9 [&hellip;]<\/p>\n","protected":false},"author":392,"featured_media":64123,"comment_status":"closed","ping_status":"open","sticky":false,"template":"","format":"standard","meta":{"_acf_changed":false,"inline_featured_image":false,"_nextfly_llmd_date_locked":false,"footnotes":""},"categories":[115,451],"tags":[71],"class_list":["post-75362","post","type-post","status-publish","format-standard","has-post-thumbnail","hentry","category-lionel-messi","category-lionel-messi-2","tag-celtic-of-vigo"],"acf":[],"yoast_head":"<!-- This site is optimized with the Yoast SEO plugin v27.3 - https:\/\/yoast.com\/product\/yoast-seo-wordpress\/ -->\n<title>Junior caused a penalti and Messi scored the first goal of the Bar\u00e7a-Celta<\/title>\n<meta name=\"description\" content=\"In one of the few incursions to attack of the Bar\u00e7a in the first half, Aidoo diverted a centre of Junior with the arm and Leo Messi ensured the goal from the penalty point\" \/>\n<meta name=\"robots\" content=\"index, follow, max-snippet:-1, max-image-preview:large, max-video-preview:-1\" \/>\n<link rel=\"canonical\" href=\"https:\/\/www.fcbarcelonanoticias.com\/en\/players\/lionel-messi\/junior-caused-penalti-messi-scored-first-goal-barca-celta_253000_102.html\" \/>\n<meta property=\"og:locale\" content=\"en_US\" \/>\n<meta property=\"og:type\" content=\"article\" \/>\n<meta property=\"og:title\" content=\"Junior caused a penalti and Messi scored the first goal of the Bar\u00e7a-Celta\" \/>\n<meta property=\"og:description\" content=\"In one of the few incursions to attack of the Bar\u00e7a in the first half, Aidoo diverted a centre of Junior with the arm and Leo Messi ensured the goal from the penalty point\" \/>\n<meta property=\"og:url\" content=\"https:\/\/www.fcbarcelonanoticias.com\/en\/players\/lionel-messi\/junior-caused-penalti-messi-scored-first-goal-barca-celta_253000_102.html\" \/>\n<meta property=\"og:site_name\" content=\"EN - FC Barcelona Noticias\" \/>\n<meta property=\"article:published_time\" content=\"2019-11-09T20:35:00+00:00\" \/>\n<meta property=\"article:modified_time\" content=\"2019-11-09T21:44:00+00:00\" \/>\n<meta property=\"og:image\" content=\"https:\/\/www.fcbarcelonanoticias.com\/en\/wp-content\/uploads\/sites\/2\/2021\/05\/messi-gol-celta.jpeg\" \/>\n\t<meta property=\"og:image:width\" content=\"1200\" \/>\n\t<meta property=\"og:image:height\" content=\"719\" \/>\n\t<meta property=\"og:image:type\" content=\"image\/jpeg\" \/>\n<meta name=\"author\" content=\"user_4048\" \/>\n<meta name=\"twitter:card\" content=\"summary_large_image\" \/>\n<meta name=\"twitter:label1\" content=\"Written by\" \/>\n\t<meta name=\"twitter:data1\" content=\"user_4048\" \/>\n\t<meta name=\"twitter:label2\" content=\"Est. reading time\" \/>\n\t<meta name=\"twitter:data2\" content=\"2 minutes\" \/>\n<script type=\"application\/ld+json\" class=\"yoast-schema-graph\">{\"@context\":\"https:\\\/\\\/schema.org\",\"@graph\":[{\"@type\":\"Article\",\"@id\":\"https:\\\/\\\/www.fcbarcelonanoticias.com\\\/en\\\/players\\\/lionel-messi\\\/junior-caused-penalti-messi-scored-first-goal-barca-celta_253000_102.html#article\",\"isPartOf\":{\"@id\":\"https:\\\/\\\/www.fcbarcelonanoticias.com\\\/en\\\/players\\\/lionel-messi\\\/junior-caused-penalti-messi-scored-first-goal-barca-celta_253000_102.html\"},\"author\":{\"name\":\"user_4048\",\"@id\":\"https:\\\/\\\/www.fcbarcelonanoticias.com\\\/en\\\/#\\\/schema\\\/person\\\/fcdad55cab72b8d0e106d75506783b6d\"},\"headline\":\"Junior caused a penalti and Messi scored the first goal of the Bar\u00e7a-Celta\",\"datePublished\":\"2019-11-09T20:35:00+00:00\",\"dateModified\":\"2019-11-09T21:44:00+00:00\",\"mainEntityOfPage\":{\"@id\":\"https:\\\/\\\/www.fcbarcelonanoticias.com\\\/en\\\/players\\\/lionel-messi\\\/junior-caused-penalti-messi-scored-first-goal-barca-celta_253000_102.html\"},\"wordCount\":464,\"image\":{\"@id\":\"https:\\\/\\\/www.fcbarcelonanoticias.com\\\/en\\\/players\\\/lionel-messi\\\/junior-caused-penalti-messi-scored-first-goal-barca-celta_253000_102.html#primaryimage\"},\"thumbnailUrl\":\"https:\\\/\\\/www.fcbarcelonanoticias.com\\\/en\\\/wp-content\\\/uploads\\\/sites\\\/2\\\/2021\\\/05\\\/messi-gol-celta.jpeg\",\"keywords\":[\"Celtic of Vigo\"],\"articleSection\":[\"Lionel Messi\",\"Lionel Messi\"],\"inLanguage\":\"en-US\"},{\"@type\":\"WebPage\",\"@id\":\"https:\\\/\\\/www.fcbarcelonanoticias.com\\\/en\\\/players\\\/lionel-messi\\\/junior-caused-penalti-messi-scored-first-goal-barca-celta_253000_102.html\",\"url\":\"https:\\\/\\\/www.fcbarcelonanoticias.com\\\/en\\\/players\\\/lionel-messi\\\/junior-caused-penalti-messi-scored-first-goal-barca-celta_253000_102.html\",\"name\":\"Junior caused a penalti and Messi scored the first goal of the Bar\u00e7a-Celta\",\"isPartOf\":{\"@id\":\"https:\\\/\\\/www.fcbarcelonanoticias.com\\\/en\\\/#website\"},\"primaryImageOfPage\":{\"@id\":\"https:\\\/\\\/www.fcbarcelonanoticias.com\\\/en\\\/players\\\/lionel-messi\\\/junior-caused-penalti-messi-scored-first-goal-barca-celta_253000_102.html#primaryimage\"},\"image\":{\"@id\":\"https:\\\/\\\/www.fcbarcelonanoticias.com\\\/en\\\/players\\\/lionel-messi\\\/junior-caused-penalti-messi-scored-first-goal-barca-celta_253000_102.html#primaryimage\"},\"thumbnailUrl\":\"https:\\\/\\\/www.fcbarcelonanoticias.com\\\/en\\\/wp-content\\\/uploads\\\/sites\\\/2\\\/2021\\\/05\\\/messi-gol-celta.jpeg\",\"datePublished\":\"2019-11-09T20:35:00+00:00\",\"dateModified\":\"2019-11-09T21:44:00+00:00\",\"author\":{\"@id\":\"https:\\\/\\\/www.fcbarcelonanoticias.com\\\/en\\\/#\\\/schema\\\/person\\\/fcdad55cab72b8d0e106d75506783b6d\"},\"description\":\"In one of the few incursions to attack of the Bar\u00e7a in the first half, Aidoo diverted a centre of Junior with the arm and Leo Messi ensured the goal from the penalty point\",\"breadcrumb\":{\"@id\":\"https:\\\/\\\/www.fcbarcelonanoticias.com\\\/en\\\/players\\\/lionel-messi\\\/junior-caused-penalti-messi-scored-first-goal-barca-celta_253000_102.html#breadcrumb\"},\"inLanguage\":\"en-US\",\"potentialAction\":[{\"@type\":\"ReadAction\",\"target\":[\"https:\\\/\\\/www.fcbarcelonanoticias.com\\\/en\\\/players\\\/lionel-messi\\\/junior-caused-penalti-messi-scored-first-goal-barca-celta_253000_102.html\"]}]},{\"@type\":\"ImageObject\",\"inLanguage\":\"en-US\",\"@id\":\"https:\\\/\\\/www.fcbarcelonanoticias.com\\\/en\\\/players\\\/lionel-messi\\\/junior-caused-penalti-messi-scored-first-goal-barca-celta_253000_102.html#primaryimage\",\"url\":\"https:\\\/\\\/www.fcbarcelonanoticias.com\\\/en\\\/wp-content\\\/uploads\\\/sites\\\/2\\\/2021\\\/05\\\/messi-gol-celta.jpeg\",\"contentUrl\":\"https:\\\/\\\/www.fcbarcelonanoticias.com\\\/en\\\/wp-content\\\/uploads\\\/sites\\\/2\\\/2021\\\/05\\\/messi-gol-celta.jpeg\",\"width\":1200,\"height\":719},{\"@type\":\"BreadcrumbList\",\"@id\":\"https:\\\/\\\/www.fcbarcelonanoticias.com\\\/en\\\/players\\\/lionel-messi\\\/junior-caused-penalti-messi-scored-first-goal-barca-celta_253000_102.html#breadcrumb\",\"itemListElement\":[{\"@type\":\"ListItem\",\"position\":1,\"name\":\"Portada\",\"item\":\"https:\\\/\\\/www.fcbarcelonanoticias.com\\\/en\\\/\"},{\"@type\":\"ListItem\",\"position\":2,\"name\":\"Junior caused a penalti and Messi scored the first goal of the Bar\u00e7a-Celta\"}]},{\"@type\":\"WebSite\",\"@id\":\"https:\\\/\\\/www.fcbarcelonanoticias.com\\\/en\\\/#website\",\"url\":\"https:\\\/\\\/www.fcbarcelonanoticias.com\\\/en\\\/\",\"name\":\"EN - FC Barcelona Noticias\",\"description\":\"\",\"potentialAction\":[{\"@type\":\"SearchAction\",\"target\":{\"@type\":\"EntryPoint\",\"urlTemplate\":\"https:\\\/\\\/www.fcbarcelonanoticias.com\\\/en\\\/?s={search_term_string}\"},\"query-input\":{\"@type\":\"PropertyValueSpecification\",\"valueRequired\":true,\"valueName\":\"search_term_string\"}}],\"inLanguage\":\"en-US\"},{\"@type\":\"Person\",\"@id\":\"https:\\\/\\\/www.fcbarcelonanoticias.com\\\/en\\\/#\\\/schema\\\/person\\\/fcdad55cab72b8d0e106d75506783b6d\",\"name\":\"user_4048\",\"image\":{\"@type\":\"ImageObject\",\"inLanguage\":\"en-US\",\"@id\":\"https:\\\/\\\/secure.gravatar.com\\\/avatar\\\/?s=96&d=mm&r=g\",\"url\":\"https:\\\/\\\/secure.gravatar.com\\\/avatar\\\/?s=96&d=mm&r=g\",\"contentUrl\":\"https:\\\/\\\/secure.gravatar.com\\\/avatar\\\/?s=96&d=mm&r=g\",\"caption\":\"user_4048\"},\"url\":\"https:\\\/\\\/www.fcbarcelonanoticias.com\\\/en\\\/user_4048.html\"}]}<\/script>\n<!-- \/ Yoast SEO plugin. -->","yoast_head_json":{"title":"Junior caused a penalti and Messi scored the first goal of the Bar\u00e7a-Celta","description":"In one of the few incursions to attack of the Bar\u00e7a in the first half, Aidoo diverted a centre of Junior with the arm and Leo Messi ensured the goal from the penalty point","robots":{"index":"index","follow":"follow","max-snippet":"max-snippet:-1","max-image-preview":"max-image-preview:large","max-video-preview":"max-video-preview:-1"},"canonical":"https:\/\/www.fcbarcelonanoticias.com\/en\/players\/lionel-messi\/junior-caused-penalti-messi-scored-first-goal-barca-celta_253000_102.html","og_locale":"en_US","og_type":"article","og_title":"Junior caused a penalti and Messi scored the first goal of the Bar\u00e7a-Celta","og_description":"In one of the few incursions to attack of the Bar\u00e7a in the first half, Aidoo diverted a centre of Junior with the arm and Leo Messi ensured the goal from the penalty point","og_url":"https:\/\/www.fcbarcelonanoticias.com\/en\/players\/lionel-messi\/junior-caused-penalti-messi-scored-first-goal-barca-celta_253000_102.html","og_site_name":"EN - FC Barcelona Noticias","article_published_time":"2019-11-09T20:35:00+00:00","article_modified_time":"2019-11-09T21:44:00+00:00","og_image":[{"width":1200,"height":719,"url":"https:\/\/www.fcbarcelonanoticias.com\/en\/wp-content\/uploads\/sites\/2\/2021\/05\/messi-gol-celta.jpeg","type":"image\/jpeg"}],"author":"user_4048","twitter_card":"summary_large_image","twitter_misc":{"Written by":"user_4048","Est. reading time":"2 minutes"},"schema":{"@context":"https:\/\/schema.org","@graph":[{"@type":"Article","@id":"https:\/\/www.fcbarcelonanoticias.com\/en\/players\/lionel-messi\/junior-caused-penalti-messi-scored-first-goal-barca-celta_253000_102.html#article","isPartOf":{"@id":"https:\/\/www.fcbarcelonanoticias.com\/en\/players\/lionel-messi\/junior-caused-penalti-messi-scored-first-goal-barca-celta_253000_102.html"},"author":{"name":"user_4048","@id":"https:\/\/www.fcbarcelonanoticias.com\/en\/#\/schema\/person\/fcdad55cab72b8d0e106d75506783b6d"},"headline":"Junior caused a penalti and Messi scored the first goal of the Bar\u00e7a-Celta","datePublished":"2019-11-09T20:35:00+00:00","dateModified":"2019-11-09T21:44:00+00:00","mainEntityOfPage":{"@id":"https:\/\/www.fcbarcelonanoticias.com\/en\/players\/lionel-messi\/junior-caused-penalti-messi-scored-first-goal-barca-celta_253000_102.html"},"wordCount":464,"image":{"@id":"https:\/\/www.fcbarcelonanoticias.com\/en\/players\/lionel-messi\/junior-caused-penalti-messi-scored-first-goal-barca-celta_253000_102.html#primaryimage"},"thumbnailUrl":"https:\/\/www.fcbarcelonanoticias.com\/en\/wp-content\/uploads\/sites\/2\/2021\/05\/messi-gol-celta.jpeg","keywords":["Celtic of Vigo"],"articleSection":["Lionel Messi","Lionel Messi"],"inLanguage":"en-US"},{"@type":"WebPage","@id":"https:\/\/www.fcbarcelonanoticias.com\/en\/players\/lionel-messi\/junior-caused-penalti-messi-scored-first-goal-barca-celta_253000_102.html","url":"https:\/\/www.fcbarcelonanoticias.com\/en\/players\/lionel-messi\/junior-caused-penalti-messi-scored-first-goal-barca-celta_253000_102.html","name":"Junior caused a penalti and Messi scored the first goal of the Bar\u00e7a-Celta","isPartOf":{"@id":"https:\/\/www.fcbarcelonanoticias.com\/en\/#website"},"primaryImageOfPage":{"@id":"https:\/\/www.fcbarcelonanoticias.com\/en\/players\/lionel-messi\/junior-caused-penalti-messi-scored-first-goal-barca-celta_253000_102.html#primaryimage"},"image":{"@id":"https:\/\/www.fcbarcelonanoticias.com\/en\/players\/lionel-messi\/junior-caused-penalti-messi-scored-first-goal-barca-celta_253000_102.html#primaryimage"},"thumbnailUrl":"https:\/\/www.fcbarcelonanoticias.com\/en\/wp-content\/uploads\/sites\/2\/2021\/05\/messi-gol-celta.jpeg","datePublished":"2019-11-09T20:35:00+00:00","dateModified":"2019-11-09T21:44:00+00:00","author":{"@id":"https:\/\/www.fcbarcelonanoticias.com\/en\/#\/schema\/person\/fcdad55cab72b8d0e106d75506783b6d"},"description":"In one of the few incursions to attack of the Bar\u00e7a in the first half, Aidoo diverted a centre of Junior with the arm and Leo Messi ensured the goal from the penalty point","breadcrumb":{"@id":"https:\/\/www.fcbarcelonanoticias.com\/en\/players\/lionel-messi\/junior-caused-penalti-messi-scored-first-goal-barca-celta_253000_102.html#breadcrumb"},"inLanguage":"en-US","potentialAction":[{"@type":"ReadAction","target":["https:\/\/www.fcbarcelonanoticias.com\/en\/players\/lionel-messi\/junior-caused-penalti-messi-scored-first-goal-barca-celta_253000_102.html"]}]},{"@type":"ImageObject","inLanguage":"en-US","@id":"https:\/\/www.fcbarcelonanoticias.com\/en\/players\/lionel-messi\/junior-caused-penalti-messi-scored-first-goal-barca-celta_253000_102.html#primaryimage","url":"https:\/\/www.fcbarcelonanoticias.com\/en\/wp-content\/uploads\/sites\/2\/2021\/05\/messi-gol-celta.jpeg","contentUrl":"https:\/\/www.fcbarcelonanoticias.com\/en\/wp-content\/uploads\/sites\/2\/2021\/05\/messi-gol-celta.jpeg","width":1200,"height":719},{"@type":"BreadcrumbList","@id":"https:\/\/www.fcbarcelonanoticias.com\/en\/players\/lionel-messi\/junior-caused-penalti-messi-scored-first-goal-barca-celta_253000_102.html#breadcrumb","itemListElement":[{"@type":"ListItem","position":1,"name":"Portada","item":"https:\/\/www.fcbarcelonanoticias.com\/en\/"},{"@type":"ListItem","position":2,"name":"Junior caused a penalti and Messi scored the first goal of the Bar\u00e7a-Celta"}]},{"@type":"WebSite","@id":"https:\/\/www.fcbarcelonanoticias.com\/en\/#website","url":"https:\/\/www.fcbarcelonanoticias.com\/en\/","name":"EN - FC Barcelona Noticias","description":"","potentialAction":[{"@type":"SearchAction","target":{"@type":"EntryPoint","urlTemplate":"https:\/\/www.fcbarcelonanoticias.com\/en\/?s={search_term_string}"},"query-input":{"@type":"PropertyValueSpecification","valueRequired":true,"valueName":"search_term_string"}}],"inLanguage":"en-US"},{"@type":"Person","@id":"https:\/\/www.fcbarcelonanoticias.com\/en\/#\/schema\/person\/fcdad55cab72b8d0e106d75506783b6d","name":"user_4048","image":{"@type":"ImageObject","inLanguage":"en-US","@id":"https:\/\/secure.gravatar.com\/avatar\/?s=96&d=mm&r=g","url":"https:\/\/secure.gravatar.com\/avatar\/?s=96&d=mm&r=g","contentUrl":"https:\/\/secure.gravatar.com\/avatar\/?s=96&d=mm&r=g","caption":"user_4048"},"url":"https:\/\/www.fcbarcelonanoticias.com\/en\/user_4048.html"}]}},"_links":{"self":[{"href":"https:\/\/www.fcbarcelonanoticias.com\/en\/wp-json\/wp\/v2\/posts\/75362","targetHints":{"allow":["GET"]}}],"collection":[{"href":"https:\/\/www.fcbarcelonanoticias.com\/en\/wp-json\/wp\/v2\/posts"}],"about":[{"href":"https:\/\/www.fcbarcelonanoticias.com\/en\/wp-json\/wp\/v2\/types\/post"}],"author":[{"embeddable":true,"href":"https:\/\/www.fcbarcelonanoticias.com\/en\/wp-json\/wp\/v2\/users\/392"}],"replies":[{"embeddable":true,"href":"https:\/\/www.fcbarcelonanoticias.com\/en\/wp-json\/wp\/v2\/comments?post=75362"}],"version-history":[{"count":1,"href":"https:\/\/www.fcbarcelonanoticias.com\/en\/wp-json\/wp\/v2\/posts\/75362\/revisions"}],"predecessor-version":[{"id":121539,"href":"https:\/\/www.fcbarcelonanoticias.com\/en\/wp-json\/wp\/v2\/posts\/75362\/revisions\/121539"}],"wp:featuredmedia":[{"embeddable":true,"href":"https:\/\/www.fcbarcelonanoticias.com\/en\/wp-json\/wp\/v2\/media\/64123"}],"wp:attachment":[{"href":"https:\/\/www.fcbarcelonanoticias.com\/en\/wp-json\/wp\/v2\/media?parent=75362"}],"wp:term":[{"taxonomy":"category","embeddable":true,"href":"https:\/\/www.fcbarcelonanoticias.com\/en\/wp-json\/wp\/v2\/categories?post=75362"},{"taxonomy":"post_tag","embeddable":true,"href":"https:\/\/www.fcbarcelonanoticias.com\/en\/wp-json\/wp\/v2\/tags?post=75362"}],"curies":[{"name":"wp","href":"https:\/\/api.w.org\/{rel}","templated":true}]}}