{"id":7537,"date":"2015-12-01T17:57:00","date_gmt":"2015-12-01T16:57:00","guid":{"rendered":"https:\/\/weisetech.dev\/fc-barcelona-noticias\/en\/benitez-i-want-to-see-to-the-best-james-in-each-party_37474_102\/"},"modified":"2015-12-01T17:57:00","modified_gmt":"2015-12-01T16:57:00","slug":"benitez-i-want-to-see-to-the-best-james-in-each-party_37474_102","status":"publish","type":"post","link":"https:\/\/www.fcbarcelonanoticias.com\/en\/copa-del-rey\/benitez-i-want-to-see-to-the-best-james-in-each-party_37474_102.html","title":{"rendered":"Ben\u00edtez: &#8220;I want to see to the best James in each party&#8221;"},"content":{"rendered":"\r\n<div class=\"article-addons\">\r\n    <a href=\"https:\/\/www.fcbarcelonanoticias.com\/en\/calendar-fc-barcelona.html\"\r\n       target=\"_self\"\r\n       title=\"Calendar of FC Barcelona\"\r\n       class=\"blue-gredient-btn\">\r\n       \r\n        Calendar of FC Barcelona    <\/a>\r\n<\/div>   <div class=\"separator\" style=\"clear: both; text-align: center;\"><a href=\"https:\/\/3.bp.blogspot.com\/en\/-dvs4OAVkW2I\/Vl3ouKi7OyI\/AAAAAAAC_YU\/ZTEL3FLQGMM\/s1600\/rafa-benitez.jpg\" imageanchor=\"1\" style=\"margin-left: 1em; margin-right: 1em;\"><\/a><\/div> <br><b>The trainer of the Real Madrid, Rafa Ben\u00edtez, ensured in press conference by en\u00e9sima time that does not have any problem with James Rodr\u00edguez and that is loved to have him in the staff, but that what wants to is &#8220;to see to the best James in each party. Has my backrest and confidence&#8221;<\/b><br><br><span style=\"font-size: large;\"><b><span style=\"color: #990000;\">Ticket<\/span><\/b> &#8211; <b><u><a href=\"http:\/\/www.viagogo.es\/en\/Entradas-Deportes\/Futbol\/La-Liga-Primera-Division\/FC-Barcelona-Entradas\/E-1278805?AffiliateID=1558&amp;PCID=AFFESIAFF1558A548FCBFC6-05\" rel=\"nofollow\" target=\"_blank\">Gone in FC Barcelona vs Villanovense &#8211; Glass<\/a><\/u><\/b><\/span><br><span style=\"font-size: large;\"><b><span style=\"color: #990000;\">The Classical<\/span><\/b> &#8211; <b><u><a href=\"http:\/\/www.viagogo.es\/en\/Entradas-Deportes\/Futbol\/La-Liga-Primera-Division\/FC-Barcelona-Entradas\/E-1073691?AffiliateID=1558&amp;PCID=AFFESIAFF1558A548FCBFC6-05\" rel=\"nofollow\" target=\"_blank\">Gone in \/ Ticket FC Barcelona vs Real Madrid<\/a><\/u><\/b><\/span><br><span style=\"font-size: large;\"><b><span style=\"color: #990000;\">Ticket<\/span><\/b> &#8211; <b><u><a href=\"http:\/\/www.viagogo.es\/en\/Entradas-Deportes\/Futbol\/La-Liga-Primera-Division\/FC-Barcelona-Entradas?AffiliateID=1558&amp;PCID=AFFESIAFF1558A548FCBFC6-05\" rel=\"nofollow\" target=\"_blank\">Gone in for all the parties of the FC Barcelona<\/a><\/u><\/b><\/span><br><br>In statements conceded this Tuesday in press conference, <b>Rafa Ben\u00edtez <\/b>went back to leave clear that does not have any type of problem with James Rodr\u00edguez, and that if it has not played more than other mates is because it has been 55 days lesionado in this principle of season. <b>&#8220;When we do an analysis, forget us that it is a footballer that has been 55 days lesionado<\/b>. There is not any problem, is a big player. What more train and play will be more near of James that all want to and know&#8221;, expressed Ben\u00edtez, ensuring that it is loved to have him.<br><br><b>&#8220;James has my backrest and full confidence<\/b>. This is the Real Madrid, the competitiveness is a maximum. All those that player in front of the Eibar gave the face, was a very complicated field. I am loved when the players do it well, was James, Isco, Cristiano, Benzema, Bleat&#8230;&#8221;. On the physical state of the Colombian, commented the following: &#8220;I do not go him to give more turns. <b>Already I have spoken with him<\/b>. The subject is clear, what want to is to see to the best James in each party, putting a lot of goals&#8221;.<br><br>The Madrilenian technician showed besides all his support to Karim Benzema. <b>&#8220;I consider to Benzema a footballer and an exemplary mate<\/b>. To personal level is a youngster sensacional and has our support. It is a basic player for us in attack, does that those that play around do it better. Support to Karim like person and am loved with the Benzema player&#8221;.<br><br>Marcelo continues still lesionado. &#8220;It does not arrive for the C\u00e1diz, is in his last phase of recovery. It is happy for touching already balloon. From here it remains us a lot for January and have players to take out him performance in this position&#8221;. And in relation to the Glass of Rey, affirmed that they contest it with the will to win it. <b>&#8220;The Madrid has to try win all the competitions that plays<\/b>. We have to face the party with the same intensity that all the other&#8221;.<br><br> ","protected":false},"excerpt":{"rendered":"<p>The trainer of the Real Madrid, Rafa Ben\u00edtez, ensured in press conference by en\u00e9sima time that does not have any problem with James Rodr\u00edguez and that is loved to have him in the staff, but that what wants to is &#8220;to see to the best James in each party. Has my backrest and confidence&#8221; Ticket [&hellip;]<\/p>\n","protected":false},"author":468,"featured_media":7538,"comment_status":"closed","ping_status":"open","sticky":false,"template":"","format":"standard","meta":{"_acf_changed":false,"inline_featured_image":false,"_nextfly_llmd_date_locked":false,"footnotes":""},"categories":[118,446],"tags":[258],"class_list":["post-7537","post","type-post","status-publish","format-standard","has-post-thumbnail","hentry","category-copa-del-rey","category-copa-del-rey-2","tag-rafa-benitez"],"acf":[],"yoast_head":"<!-- This site is optimized with the Yoast SEO plugin v27.3 - https:\/\/yoast.com\/product\/yoast-seo-wordpress\/ -->\n<title>Ben\u00edtez: &quot;I want to see to the best James in each party&quot;<\/title>\n<meta name=\"description\" content=\"FCBarcelonaNoticias.com\" \/>\n<meta name=\"robots\" content=\"index, follow, max-snippet:-1, max-image-preview:large, max-video-preview:-1\" \/>\n<link rel=\"canonical\" href=\"https:\/\/www.fcbarcelonanoticias.com\/en\/copa-del-rey\/benitez-i-want-to-see-to-the-best-james-in-each-party_37474_102.html\" \/>\n<meta property=\"og:locale\" content=\"en_US\" \/>\n<meta property=\"og:type\" content=\"article\" \/>\n<meta property=\"og:title\" content=\"Ben\u00edtez: &quot;I want to see to the best James in each party&quot;\" \/>\n<meta property=\"og:description\" content=\"FCBarcelonaNoticias.com\" \/>\n<meta property=\"og:url\" content=\"https:\/\/www.fcbarcelonanoticias.com\/en\/copa-del-rey\/benitez-i-want-to-see-to-the-best-james-in-each-party_37474_102.html\" \/>\n<meta property=\"og:site_name\" content=\"EN - FC Barcelona Noticias\" \/>\n<meta property=\"article:published_time\" content=\"2015-12-01T16:57:00+00:00\" \/>\n<meta property=\"og:image\" content=\"https:\/\/www.fcbarcelonanoticias.com\/en\/wp-content\/uploads\/sites\/2\/2015\/12\/rafa-benitez-37486.jpeg\" \/>\n\t<meta property=\"og:image:width\" content=\"610\" \/>\n\t<meta property=\"og:image:height\" content=\"343\" \/>\n\t<meta property=\"og:image:type\" content=\"image\/jpeg\" \/>\n<meta name=\"author\" content=\"user_4124\" \/>\n<meta name=\"twitter:card\" content=\"summary_large_image\" \/>\n<meta name=\"twitter:label1\" content=\"Written by\" \/>\n\t<meta name=\"twitter:data1\" content=\"user_4124\" \/>\n\t<meta name=\"twitter:label2\" content=\"Est. reading time\" \/>\n\t<meta name=\"twitter:data2\" content=\"2 minutes\" \/>\n<script type=\"application\/ld+json\" class=\"yoast-schema-graph\">{\"@context\":\"https:\\\/\\\/schema.org\",\"@graph\":[{\"@type\":\"Article\",\"@id\":\"https:\\\/\\\/www.fcbarcelonanoticias.com\\\/en\\\/copa-del-rey\\\/benitez-i-want-to-see-to-the-best-james-in-each-party_37474_102.html#article\",\"isPartOf\":{\"@id\":\"https:\\\/\\\/www.fcbarcelonanoticias.com\\\/en\\\/copa-del-rey\\\/benitez-i-want-to-see-to-the-best-james-in-each-party_37474_102.html\"},\"author\":{\"name\":\"user_4124\",\"@id\":\"https:\\\/\\\/www.fcbarcelonanoticias.com\\\/en\\\/#\\\/schema\\\/person\\\/15ee2f54c96c350bfe0645e2cd9256a8\"},\"headline\":\"Ben\u00edtez: &#8220;I want to see to the best James in each party&#8221;\",\"datePublished\":\"2015-12-01T16:57:00+00:00\",\"mainEntityOfPage\":{\"@id\":\"https:\\\/\\\/www.fcbarcelonanoticias.com\\\/en\\\/copa-del-rey\\\/benitez-i-want-to-see-to-the-best-james-in-each-party_37474_102.html\"},\"wordCount\":456,\"image\":{\"@id\":\"https:\\\/\\\/www.fcbarcelonanoticias.com\\\/en\\\/copa-del-rey\\\/benitez-i-want-to-see-to-the-best-james-in-each-party_37474_102.html#primaryimage\"},\"thumbnailUrl\":\"https:\\\/\\\/www.fcbarcelonanoticias.com\\\/en\\\/wp-content\\\/uploads\\\/sites\\\/2\\\/2015\\\/12\\\/rafa-benitez-37486.jpeg\",\"keywords\":[\"Rafa Ben\u00edtez\"],\"articleSection\":[\"Copa del Rey\",\"Copa del Rey\"],\"inLanguage\":\"en-US\"},{\"@type\":\"WebPage\",\"@id\":\"https:\\\/\\\/www.fcbarcelonanoticias.com\\\/en\\\/copa-del-rey\\\/benitez-i-want-to-see-to-the-best-james-in-each-party_37474_102.html\",\"url\":\"https:\\\/\\\/www.fcbarcelonanoticias.com\\\/en\\\/copa-del-rey\\\/benitez-i-want-to-see-to-the-best-james-in-each-party_37474_102.html\",\"name\":\"Ben\u00edtez: \\\"I want to see to the best James in each party\\\"\",\"isPartOf\":{\"@id\":\"https:\\\/\\\/www.fcbarcelonanoticias.com\\\/en\\\/#website\"},\"primaryImageOfPage\":{\"@id\":\"https:\\\/\\\/www.fcbarcelonanoticias.com\\\/en\\\/copa-del-rey\\\/benitez-i-want-to-see-to-the-best-james-in-each-party_37474_102.html#primaryimage\"},\"image\":{\"@id\":\"https:\\\/\\\/www.fcbarcelonanoticias.com\\\/en\\\/copa-del-rey\\\/benitez-i-want-to-see-to-the-best-james-in-each-party_37474_102.html#primaryimage\"},\"thumbnailUrl\":\"https:\\\/\\\/www.fcbarcelonanoticias.com\\\/en\\\/wp-content\\\/uploads\\\/sites\\\/2\\\/2015\\\/12\\\/rafa-benitez-37486.jpeg\",\"datePublished\":\"2015-12-01T16:57:00+00:00\",\"author\":{\"@id\":\"https:\\\/\\\/www.fcbarcelonanoticias.com\\\/en\\\/#\\\/schema\\\/person\\\/15ee2f54c96c350bfe0645e2cd9256a8\"},\"description\":\"FCBarcelonaNoticias.com\",\"breadcrumb\":{\"@id\":\"https:\\\/\\\/www.fcbarcelonanoticias.com\\\/en\\\/copa-del-rey\\\/benitez-i-want-to-see-to-the-best-james-in-each-party_37474_102.html#breadcrumb\"},\"inLanguage\":\"en-US\",\"potentialAction\":[{\"@type\":\"ReadAction\",\"target\":[\"https:\\\/\\\/www.fcbarcelonanoticias.com\\\/en\\\/copa-del-rey\\\/benitez-i-want-to-see-to-the-best-james-in-each-party_37474_102.html\"]}]},{\"@type\":\"ImageObject\",\"inLanguage\":\"en-US\",\"@id\":\"https:\\\/\\\/www.fcbarcelonanoticias.com\\\/en\\\/copa-del-rey\\\/benitez-i-want-to-see-to-the-best-james-in-each-party_37474_102.html#primaryimage\",\"url\":\"https:\\\/\\\/www.fcbarcelonanoticias.com\\\/en\\\/wp-content\\\/uploads\\\/sites\\\/2\\\/2015\\\/12\\\/rafa-benitez-37486.jpeg\",\"contentUrl\":\"https:\\\/\\\/www.fcbarcelonanoticias.com\\\/en\\\/wp-content\\\/uploads\\\/sites\\\/2\\\/2015\\\/12\\\/rafa-benitez-37486.jpeg\",\"width\":610,\"height\":343},{\"@type\":\"BreadcrumbList\",\"@id\":\"https:\\\/\\\/www.fcbarcelonanoticias.com\\\/en\\\/copa-del-rey\\\/benitez-i-want-to-see-to-the-best-james-in-each-party_37474_102.html#breadcrumb\",\"itemListElement\":[{\"@type\":\"ListItem\",\"position\":1,\"name\":\"Portada\",\"item\":\"https:\\\/\\\/www.fcbarcelonanoticias.com\\\/en\\\/\"},{\"@type\":\"ListItem\",\"position\":2,\"name\":\"Ben\u00edtez: &#8220;I want to see to the best James in each party&#8221;\"}]},{\"@type\":\"WebSite\",\"@id\":\"https:\\\/\\\/www.fcbarcelonanoticias.com\\\/en\\\/#website\",\"url\":\"https:\\\/\\\/www.fcbarcelonanoticias.com\\\/en\\\/\",\"name\":\"EN - FC Barcelona Noticias\",\"description\":\"\",\"potentialAction\":[{\"@type\":\"SearchAction\",\"target\":{\"@type\":\"EntryPoint\",\"urlTemplate\":\"https:\\\/\\\/www.fcbarcelonanoticias.com\\\/en\\\/?s={search_term_string}\"},\"query-input\":{\"@type\":\"PropertyValueSpecification\",\"valueRequired\":true,\"valueName\":\"search_term_string\"}}],\"inLanguage\":\"en-US\"},{\"@type\":\"Person\",\"@id\":\"https:\\\/\\\/www.fcbarcelonanoticias.com\\\/en\\\/#\\\/schema\\\/person\\\/15ee2f54c96c350bfe0645e2cd9256a8\",\"name\":\"user_4124\",\"image\":{\"@type\":\"ImageObject\",\"inLanguage\":\"en-US\",\"@id\":\"https:\\\/\\\/secure.gravatar.com\\\/avatar\\\/?s=96&d=mm&r=g\",\"url\":\"https:\\\/\\\/secure.gravatar.com\\\/avatar\\\/?s=96&d=mm&r=g\",\"contentUrl\":\"https:\\\/\\\/secure.gravatar.com\\\/avatar\\\/?s=96&d=mm&r=g\",\"caption\":\"user_4124\"},\"url\":\"https:\\\/\\\/www.fcbarcelonanoticias.com\\\/en\\\/user_4124.html\"}]}<\/script>\n<!-- \/ Yoast SEO plugin. -->","yoast_head_json":{"title":"Ben\u00edtez: \"I want to see to the best James in each party\"","description":"FCBarcelonaNoticias.com","robots":{"index":"index","follow":"follow","max-snippet":"max-snippet:-1","max-image-preview":"max-image-preview:large","max-video-preview":"max-video-preview:-1"},"canonical":"https:\/\/www.fcbarcelonanoticias.com\/en\/copa-del-rey\/benitez-i-want-to-see-to-the-best-james-in-each-party_37474_102.html","og_locale":"en_US","og_type":"article","og_title":"Ben\u00edtez: \"I want to see to the best James in each party\"","og_description":"FCBarcelonaNoticias.com","og_url":"https:\/\/www.fcbarcelonanoticias.com\/en\/copa-del-rey\/benitez-i-want-to-see-to-the-best-james-in-each-party_37474_102.html","og_site_name":"EN - FC Barcelona Noticias","article_published_time":"2015-12-01T16:57:00+00:00","og_image":[{"width":610,"height":343,"url":"https:\/\/www.fcbarcelonanoticias.com\/en\/wp-content\/uploads\/sites\/2\/2015\/12\/rafa-benitez-37486.jpeg","type":"image\/jpeg"}],"author":"user_4124","twitter_card":"summary_large_image","twitter_misc":{"Written by":"user_4124","Est. reading time":"2 minutes"},"schema":{"@context":"https:\/\/schema.org","@graph":[{"@type":"Article","@id":"https:\/\/www.fcbarcelonanoticias.com\/en\/copa-del-rey\/benitez-i-want-to-see-to-the-best-james-in-each-party_37474_102.html#article","isPartOf":{"@id":"https:\/\/www.fcbarcelonanoticias.com\/en\/copa-del-rey\/benitez-i-want-to-see-to-the-best-james-in-each-party_37474_102.html"},"author":{"name":"user_4124","@id":"https:\/\/www.fcbarcelonanoticias.com\/en\/#\/schema\/person\/15ee2f54c96c350bfe0645e2cd9256a8"},"headline":"Ben\u00edtez: &#8220;I want to see to the best James in each party&#8221;","datePublished":"2015-12-01T16:57:00+00:00","mainEntityOfPage":{"@id":"https:\/\/www.fcbarcelonanoticias.com\/en\/copa-del-rey\/benitez-i-want-to-see-to-the-best-james-in-each-party_37474_102.html"},"wordCount":456,"image":{"@id":"https:\/\/www.fcbarcelonanoticias.com\/en\/copa-del-rey\/benitez-i-want-to-see-to-the-best-james-in-each-party_37474_102.html#primaryimage"},"thumbnailUrl":"https:\/\/www.fcbarcelonanoticias.com\/en\/wp-content\/uploads\/sites\/2\/2015\/12\/rafa-benitez-37486.jpeg","keywords":["Rafa Ben\u00edtez"],"articleSection":["Copa del Rey","Copa del Rey"],"inLanguage":"en-US"},{"@type":"WebPage","@id":"https:\/\/www.fcbarcelonanoticias.com\/en\/copa-del-rey\/benitez-i-want-to-see-to-the-best-james-in-each-party_37474_102.html","url":"https:\/\/www.fcbarcelonanoticias.com\/en\/copa-del-rey\/benitez-i-want-to-see-to-the-best-james-in-each-party_37474_102.html","name":"Ben\u00edtez: \"I want to see to the best James in each party\"","isPartOf":{"@id":"https:\/\/www.fcbarcelonanoticias.com\/en\/#website"},"primaryImageOfPage":{"@id":"https:\/\/www.fcbarcelonanoticias.com\/en\/copa-del-rey\/benitez-i-want-to-see-to-the-best-james-in-each-party_37474_102.html#primaryimage"},"image":{"@id":"https:\/\/www.fcbarcelonanoticias.com\/en\/copa-del-rey\/benitez-i-want-to-see-to-the-best-james-in-each-party_37474_102.html#primaryimage"},"thumbnailUrl":"https:\/\/www.fcbarcelonanoticias.com\/en\/wp-content\/uploads\/sites\/2\/2015\/12\/rafa-benitez-37486.jpeg","datePublished":"2015-12-01T16:57:00+00:00","author":{"@id":"https:\/\/www.fcbarcelonanoticias.com\/en\/#\/schema\/person\/15ee2f54c96c350bfe0645e2cd9256a8"},"description":"FCBarcelonaNoticias.com","breadcrumb":{"@id":"https:\/\/www.fcbarcelonanoticias.com\/en\/copa-del-rey\/benitez-i-want-to-see-to-the-best-james-in-each-party_37474_102.html#breadcrumb"},"inLanguage":"en-US","potentialAction":[{"@type":"ReadAction","target":["https:\/\/www.fcbarcelonanoticias.com\/en\/copa-del-rey\/benitez-i-want-to-see-to-the-best-james-in-each-party_37474_102.html"]}]},{"@type":"ImageObject","inLanguage":"en-US","@id":"https:\/\/www.fcbarcelonanoticias.com\/en\/copa-del-rey\/benitez-i-want-to-see-to-the-best-james-in-each-party_37474_102.html#primaryimage","url":"https:\/\/www.fcbarcelonanoticias.com\/en\/wp-content\/uploads\/sites\/2\/2015\/12\/rafa-benitez-37486.jpeg","contentUrl":"https:\/\/www.fcbarcelonanoticias.com\/en\/wp-content\/uploads\/sites\/2\/2015\/12\/rafa-benitez-37486.jpeg","width":610,"height":343},{"@type":"BreadcrumbList","@id":"https:\/\/www.fcbarcelonanoticias.com\/en\/copa-del-rey\/benitez-i-want-to-see-to-the-best-james-in-each-party_37474_102.html#breadcrumb","itemListElement":[{"@type":"ListItem","position":1,"name":"Portada","item":"https:\/\/www.fcbarcelonanoticias.com\/en\/"},{"@type":"ListItem","position":2,"name":"Ben\u00edtez: &#8220;I want to see to the best James in each party&#8221;"}]},{"@type":"WebSite","@id":"https:\/\/www.fcbarcelonanoticias.com\/en\/#website","url":"https:\/\/www.fcbarcelonanoticias.com\/en\/","name":"EN - FC Barcelona Noticias","description":"","potentialAction":[{"@type":"SearchAction","target":{"@type":"EntryPoint","urlTemplate":"https:\/\/www.fcbarcelonanoticias.com\/en\/?s={search_term_string}"},"query-input":{"@type":"PropertyValueSpecification","valueRequired":true,"valueName":"search_term_string"}}],"inLanguage":"en-US"},{"@type":"Person","@id":"https:\/\/www.fcbarcelonanoticias.com\/en\/#\/schema\/person\/15ee2f54c96c350bfe0645e2cd9256a8","name":"user_4124","image":{"@type":"ImageObject","inLanguage":"en-US","@id":"https:\/\/secure.gravatar.com\/avatar\/?s=96&d=mm&r=g","url":"https:\/\/secure.gravatar.com\/avatar\/?s=96&d=mm&r=g","contentUrl":"https:\/\/secure.gravatar.com\/avatar\/?s=96&d=mm&r=g","caption":"user_4124"},"url":"https:\/\/www.fcbarcelonanoticias.com\/en\/user_4124.html"}]}},"_links":{"self":[{"href":"https:\/\/www.fcbarcelonanoticias.com\/en\/wp-json\/wp\/v2\/posts\/7537","targetHints":{"allow":["GET"]}}],"collection":[{"href":"https:\/\/www.fcbarcelonanoticias.com\/en\/wp-json\/wp\/v2\/posts"}],"about":[{"href":"https:\/\/www.fcbarcelonanoticias.com\/en\/wp-json\/wp\/v2\/types\/post"}],"author":[{"embeddable":true,"href":"https:\/\/www.fcbarcelonanoticias.com\/en\/wp-json\/wp\/v2\/users\/468"}],"replies":[{"embeddable":true,"href":"https:\/\/www.fcbarcelonanoticias.com\/en\/wp-json\/wp\/v2\/comments?post=7537"}],"version-history":[{"count":1,"href":"https:\/\/www.fcbarcelonanoticias.com\/en\/wp-json\/wp\/v2\/posts\/7537\/revisions"}],"predecessor-version":[{"id":104049,"href":"https:\/\/www.fcbarcelonanoticias.com\/en\/wp-json\/wp\/v2\/posts\/7537\/revisions\/104049"}],"wp:featuredmedia":[{"embeddable":true,"href":"https:\/\/www.fcbarcelonanoticias.com\/en\/wp-json\/wp\/v2\/media\/7538"}],"wp:attachment":[{"href":"https:\/\/www.fcbarcelonanoticias.com\/en\/wp-json\/wp\/v2\/media?parent=7537"}],"wp:term":[{"taxonomy":"category","embeddable":true,"href":"https:\/\/www.fcbarcelonanoticias.com\/en\/wp-json\/wp\/v2\/categories?post=7537"},{"taxonomy":"post_tag","embeddable":true,"href":"https:\/\/www.fcbarcelonanoticias.com\/en\/wp-json\/wp\/v2\/tags?post=7537"}],"curies":[{"name":"wp","href":"https:\/\/api.w.org\/{rel}","templated":true}]}}