{"id":7543,"date":"2023-01-16T22:06:00","date_gmt":"2023-01-16T21:06:00","guid":{"rendered":"https:\/\/weisetech.dev\/fc-barcelona-noticias\/en\/the-ceuta-barca-of-the-glass-of-rey-party-of-high-risk_288690_102\/"},"modified":"2023-01-16T22:06:00","modified_gmt":"2023-01-16T21:06:00","slug":"the-ceuta-barca-of-the-glass-of-rey-party-of-high-risk_288690_102","status":"publish","type":"post","link":"https:\/\/www.fcbarcelonanoticias.com\/en\/copa-del-rey\/the-ceuta-barca-of-the-glass-of-rey-party-of-high-risk_288690_102.html","title":{"rendered":"The Ceuta-Bar\u00e7a of the Copa del Rey, a &#8220;high risk&#8221; match"},"content":{"rendered":"<h2 class=\"wp-block-heading\">The National Commission against Violence has declared the confrontation between Ceuta and FC Barcelona, this Thursday for the Copa del Rey, as a high-risk match<\/h2>  \r\n<div class=\"article-addons\">\r\n    <a href=\"https:\/\/www.fcbarcelonanoticias.com\/en\/calendar-fc-barcelona.html\"\r\n       target=\"_self\"\r\n       title=\"Calendar of FC Barcelona\"\r\n       class=\"blue-gredient-btn\">\r\n       \r\n        Calendar of FC Barcelona    <\/a>\r\n<\/div>   <p>Without time to the rest neither for the celebration after achieving the title of the Supercopa of Spain, <strong>the <a data-external=\"0\" data-intl-links-en=\"https:\/\/www.fcbarcelonanoticias.com\/en\/fc-barcelona\" data-intl-links-es=\"https:\/\/www.fcbarcelonanoticias.com\/fc-barcelona\" href=\"https:\/\/www.fcbarcelonanoticias.com\/en\/football-soccer\/fc-barcelona.html\" rel=\"follow\" target=\"_self\" title=\"FC Barcelona\">FC Barcelona<\/a> will begin in brief to prepare his party of the eighth of final of the Glass of Rey<\/strong>, where will confront to the Ceuta. It is the only crash between a no professional team with a club of the First Division.<\/p>  <p>The Barcelona assume the clash with the maximum illusion, knowingly that they can direct to add a new title, but <strong>the party will have several factors to take in account. In addition to the big difficulties that will have the ones of Xavi Hern\u00e1ndez to displace until Ceuta, the party has been declared as of &#8220;high risk&#8221;.<\/strong><\/p>  <p>Like this it has considered this Monday in the meeting of the Standing committee of the National Commission against the Violence, the Racism, the Xenofobia and the Intolerance in the Sport that has celebrated in the CSD, <strong>reason by which there will be a deployment of effective police very important in the surroundings of the stadium Alfonso Muribe. <\/strong><\/p>  <p>Likewise, there will be special surveillance in the hotel where will lodge the FC Barcelona with the intention that delete any type of problem or &#8216;surprise&#8217; in the previous of the dispute of the duel and during the same. It is not a surprise, in any case, after the last derbi Catalan, <strong>the past 31 December, also went declared like a party of high risk. <\/strong><\/p>  <h3>Preparativos For the party<\/h3>  <p>Although it is true that the Bar\u00e7a rotar\u00e1 to his team in the visit to the Ceuta, the cul\u00e9s expect to travel with the &#8216;heavy weights&#8217; to ensure the classification,<strong> remembering that against the Intercity the team suffered more than the account.<\/strong> It foresees that Pedri Gonz\u00e1lez and Ronald Ara\u00fajo will remain in the City Condal, as well as also Marc-Andr\u00e9 ter Stegen so that I\u00f1aki Crag play, as in the dieciseisavos.<\/p> ","protected":false},"excerpt":{"rendered":"<p>The National Commission against Violence has declared the confrontation between Ceuta and FC Barcelona, this Thursday for the Copa del Rey, as a high-risk match Without time to the rest neither for the celebration after achieving the title of the Supercopa of Spain, the FC Barcelona will begin in brief to prepare his party of [&hellip;]<\/p>\n","protected":false},"author":0,"featured_media":7544,"comment_status":"closed","ping_status":"open","sticky":false,"template":"","format":"standard","meta":{"_acf_changed":false,"inline_featured_image":false,"_nextfly_llmd_date_locked":false,"footnotes":""},"categories":[118,446],"tags":[],"class_list":["post-7543","post","type-post","status-publish","format-standard","has-post-thumbnail","hentry","category-copa-del-rey","category-copa-del-rey-2"],"acf":[],"yoast_head":"<!-- This site is optimized with the Yoast SEO plugin v27.3 - https:\/\/yoast.com\/product\/yoast-seo-wordpress\/ -->\n<title>The Ceuta-Bar\u00e7a of the Glass of Rey, a party of &quot;high risk&quot;<\/title>\n<meta name=\"description\" content=\"The National Commission against the Violence has declared the clash between Ceuta and FC Barcelona, this Thursday by the Glass of Rey, like a party of high risk\" \/>\n<meta name=\"robots\" content=\"index, follow, max-snippet:-1, max-image-preview:large, max-video-preview:-1\" \/>\n<link rel=\"canonical\" href=\"https:\/\/www.fcbarcelonanoticias.com\/en\/copa-del-rey\/the-ceuta-barca-of-the-glass-of-rey-party-of-high-risk_288690_102.html\" \/>\n<meta property=\"og:locale\" content=\"en_US\" \/>\n<meta property=\"og:type\" content=\"article\" \/>\n<meta property=\"og:title\" content=\"The Ceuta-Bar\u00e7a of the Glass of Rey, a party of &quot;high risk&quot;\" \/>\n<meta property=\"og:description\" content=\"The National Commission against the Violence has declared the clash between Ceuta and FC Barcelona, this Thursday by the Glass of Rey, like a party of high risk\" \/>\n<meta property=\"og:url\" content=\"https:\/\/www.fcbarcelonanoticias.com\/en\/copa-del-rey\/the-ceuta-barca-of-the-glass-of-rey-party-of-high-risk_288690_102.html\" \/>\n<meta property=\"og:site_name\" content=\"EN - FC Barcelona Noticias\" \/>\n<meta property=\"article:published_time\" content=\"2023-01-16T21:06:00+00:00\" \/>\n<meta property=\"og:image\" content=\"https:\/\/www.fcbarcelonanoticias.com\/en\/wp-content\/uploads\/sites\/2\/2023\/01\/ousmane-dembele-partido3.jpeg\" \/>\n\t<meta property=\"og:image:width\" content=\"1300\" \/>\n\t<meta property=\"og:image:height\" content=\"738\" \/>\n\t<meta property=\"og:image:type\" content=\"image\/jpeg\" \/>\n<meta name=\"twitter:card\" content=\"summary_large_image\" \/>\n<meta name=\"twitter:label1\" content=\"Est. reading time\" \/>\n\t<meta name=\"twitter:data1\" content=\"2 minutes\" \/>\n<script type=\"application\/ld+json\" class=\"yoast-schema-graph\">{\"@context\":\"https:\\\/\\\/schema.org\",\"@graph\":[{\"@type\":\"Article\",\"@id\":\"https:\\\/\\\/www.fcbarcelonanoticias.com\\\/en\\\/copa-del-rey\\\/the-ceuta-barca-of-the-glass-of-rey-party-of-high-risk_288690_102.html#article\",\"isPartOf\":{\"@id\":\"https:\\\/\\\/www.fcbarcelonanoticias.com\\\/en\\\/copa-del-rey\\\/the-ceuta-barca-of-the-glass-of-rey-party-of-high-risk_288690_102.html\"},\"author\":{\"name\":\"\",\"@id\":\"\"},\"headline\":\"The Ceuta-Bar\u00e7a of the Copa del Rey, a &#8220;high risk&#8221; match\",\"datePublished\":\"2023-01-16T21:06:00+00:00\",\"mainEntityOfPage\":{\"@id\":\"https:\\\/\\\/www.fcbarcelonanoticias.com\\\/en\\\/copa-del-rey\\\/the-ceuta-barca-of-the-glass-of-rey-party-of-high-risk_288690_102.html\"},\"wordCount\":360,\"image\":{\"@id\":\"https:\\\/\\\/www.fcbarcelonanoticias.com\\\/en\\\/copa-del-rey\\\/the-ceuta-barca-of-the-glass-of-rey-party-of-high-risk_288690_102.html#primaryimage\"},\"thumbnailUrl\":\"https:\\\/\\\/www.fcbarcelonanoticias.com\\\/en\\\/wp-content\\\/uploads\\\/sites\\\/2\\\/2023\\\/01\\\/ousmane-dembele-partido3.jpeg\",\"articleSection\":[\"Copa del Rey\",\"Copa del Rey\"],\"inLanguage\":\"en-US\"},{\"@type\":\"WebPage\",\"@id\":\"https:\\\/\\\/www.fcbarcelonanoticias.com\\\/en\\\/copa-del-rey\\\/the-ceuta-barca-of-the-glass-of-rey-party-of-high-risk_288690_102.html\",\"url\":\"https:\\\/\\\/www.fcbarcelonanoticias.com\\\/en\\\/copa-del-rey\\\/the-ceuta-barca-of-the-glass-of-rey-party-of-high-risk_288690_102.html\",\"name\":\"The Ceuta-Bar\u00e7a of the Glass of Rey, a party of \\\"high risk\\\"\",\"isPartOf\":{\"@id\":\"https:\\\/\\\/www.fcbarcelonanoticias.com\\\/en\\\/#website\"},\"primaryImageOfPage\":{\"@id\":\"https:\\\/\\\/www.fcbarcelonanoticias.com\\\/en\\\/copa-del-rey\\\/the-ceuta-barca-of-the-glass-of-rey-party-of-high-risk_288690_102.html#primaryimage\"},\"image\":{\"@id\":\"https:\\\/\\\/www.fcbarcelonanoticias.com\\\/en\\\/copa-del-rey\\\/the-ceuta-barca-of-the-glass-of-rey-party-of-high-risk_288690_102.html#primaryimage\"},\"thumbnailUrl\":\"https:\\\/\\\/www.fcbarcelonanoticias.com\\\/en\\\/wp-content\\\/uploads\\\/sites\\\/2\\\/2023\\\/01\\\/ousmane-dembele-partido3.jpeg\",\"datePublished\":\"2023-01-16T21:06:00+00:00\",\"author\":{\"@id\":\"\"},\"description\":\"The National Commission against the Violence has declared the clash between Ceuta and FC Barcelona, this Thursday by the Glass of Rey, like a party of high risk\",\"breadcrumb\":{\"@id\":\"https:\\\/\\\/www.fcbarcelonanoticias.com\\\/en\\\/copa-del-rey\\\/the-ceuta-barca-of-the-glass-of-rey-party-of-high-risk_288690_102.html#breadcrumb\"},\"inLanguage\":\"en-US\",\"potentialAction\":[{\"@type\":\"ReadAction\",\"target\":[\"https:\\\/\\\/www.fcbarcelonanoticias.com\\\/en\\\/copa-del-rey\\\/the-ceuta-barca-of-the-glass-of-rey-party-of-high-risk_288690_102.html\"]}]},{\"@type\":\"ImageObject\",\"inLanguage\":\"en-US\",\"@id\":\"https:\\\/\\\/www.fcbarcelonanoticias.com\\\/en\\\/copa-del-rey\\\/the-ceuta-barca-of-the-glass-of-rey-party-of-high-risk_288690_102.html#primaryimage\",\"url\":\"https:\\\/\\\/www.fcbarcelonanoticias.com\\\/en\\\/wp-content\\\/uploads\\\/sites\\\/2\\\/2023\\\/01\\\/ousmane-dembele-partido3.jpeg\",\"contentUrl\":\"https:\\\/\\\/www.fcbarcelonanoticias.com\\\/en\\\/wp-content\\\/uploads\\\/sites\\\/2\\\/2023\\\/01\\\/ousmane-dembele-partido3.jpeg\",\"width\":1300,\"height\":738},{\"@type\":\"BreadcrumbList\",\"@id\":\"https:\\\/\\\/www.fcbarcelonanoticias.com\\\/en\\\/copa-del-rey\\\/the-ceuta-barca-of-the-glass-of-rey-party-of-high-risk_288690_102.html#breadcrumb\",\"itemListElement\":[{\"@type\":\"ListItem\",\"position\":1,\"name\":\"Portada\",\"item\":\"https:\\\/\\\/www.fcbarcelonanoticias.com\\\/en\\\/\"},{\"@type\":\"ListItem\",\"position\":2,\"name\":\"The Ceuta-Bar\u00e7a of the Copa del Rey, a &#8220;high risk&#8221; match\"}]},{\"@type\":\"WebSite\",\"@id\":\"https:\\\/\\\/www.fcbarcelonanoticias.com\\\/en\\\/#website\",\"url\":\"https:\\\/\\\/www.fcbarcelonanoticias.com\\\/en\\\/\",\"name\":\"EN - FC Barcelona Noticias\",\"description\":\"\",\"potentialAction\":[{\"@type\":\"SearchAction\",\"target\":{\"@type\":\"EntryPoint\",\"urlTemplate\":\"https:\\\/\\\/www.fcbarcelonanoticias.com\\\/en\\\/?s={search_term_string}\"},\"query-input\":{\"@type\":\"PropertyValueSpecification\",\"valueRequired\":true,\"valueName\":\"search_term_string\"}}],\"inLanguage\":\"en-US\"}]}<\/script>\n<!-- \/ Yoast SEO plugin. -->","yoast_head_json":{"title":"The Ceuta-Bar\u00e7a of the Glass of Rey, a party of \"high risk\"","description":"The National Commission against the Violence has declared the clash between Ceuta and FC Barcelona, this Thursday by the Glass of Rey, like a party of high risk","robots":{"index":"index","follow":"follow","max-snippet":"max-snippet:-1","max-image-preview":"max-image-preview:large","max-video-preview":"max-video-preview:-1"},"canonical":"https:\/\/www.fcbarcelonanoticias.com\/en\/copa-del-rey\/the-ceuta-barca-of-the-glass-of-rey-party-of-high-risk_288690_102.html","og_locale":"en_US","og_type":"article","og_title":"The Ceuta-Bar\u00e7a of the Glass of Rey, a party of \"high risk\"","og_description":"The National Commission against the Violence has declared the clash between Ceuta and FC Barcelona, this Thursday by the Glass of Rey, like a party of high risk","og_url":"https:\/\/www.fcbarcelonanoticias.com\/en\/copa-del-rey\/the-ceuta-barca-of-the-glass-of-rey-party-of-high-risk_288690_102.html","og_site_name":"EN - FC Barcelona Noticias","article_published_time":"2023-01-16T21:06:00+00:00","og_image":[{"width":1300,"height":738,"url":"https:\/\/www.fcbarcelonanoticias.com\/en\/wp-content\/uploads\/sites\/2\/2023\/01\/ousmane-dembele-partido3.jpeg","type":"image\/jpeg"}],"twitter_card":"summary_large_image","twitter_misc":{"Est. reading time":"2 minutes"},"schema":{"@context":"https:\/\/schema.org","@graph":[{"@type":"Article","@id":"https:\/\/www.fcbarcelonanoticias.com\/en\/copa-del-rey\/the-ceuta-barca-of-the-glass-of-rey-party-of-high-risk_288690_102.html#article","isPartOf":{"@id":"https:\/\/www.fcbarcelonanoticias.com\/en\/copa-del-rey\/the-ceuta-barca-of-the-glass-of-rey-party-of-high-risk_288690_102.html"},"author":{"name":"","@id":""},"headline":"The Ceuta-Bar\u00e7a of the Copa del Rey, a &#8220;high risk&#8221; match","datePublished":"2023-01-16T21:06:00+00:00","mainEntityOfPage":{"@id":"https:\/\/www.fcbarcelonanoticias.com\/en\/copa-del-rey\/the-ceuta-barca-of-the-glass-of-rey-party-of-high-risk_288690_102.html"},"wordCount":360,"image":{"@id":"https:\/\/www.fcbarcelonanoticias.com\/en\/copa-del-rey\/the-ceuta-barca-of-the-glass-of-rey-party-of-high-risk_288690_102.html#primaryimage"},"thumbnailUrl":"https:\/\/www.fcbarcelonanoticias.com\/en\/wp-content\/uploads\/sites\/2\/2023\/01\/ousmane-dembele-partido3.jpeg","articleSection":["Copa del Rey","Copa del Rey"],"inLanguage":"en-US"},{"@type":"WebPage","@id":"https:\/\/www.fcbarcelonanoticias.com\/en\/copa-del-rey\/the-ceuta-barca-of-the-glass-of-rey-party-of-high-risk_288690_102.html","url":"https:\/\/www.fcbarcelonanoticias.com\/en\/copa-del-rey\/the-ceuta-barca-of-the-glass-of-rey-party-of-high-risk_288690_102.html","name":"The Ceuta-Bar\u00e7a of the Glass of Rey, a party of \"high risk\"","isPartOf":{"@id":"https:\/\/www.fcbarcelonanoticias.com\/en\/#website"},"primaryImageOfPage":{"@id":"https:\/\/www.fcbarcelonanoticias.com\/en\/copa-del-rey\/the-ceuta-barca-of-the-glass-of-rey-party-of-high-risk_288690_102.html#primaryimage"},"image":{"@id":"https:\/\/www.fcbarcelonanoticias.com\/en\/copa-del-rey\/the-ceuta-barca-of-the-glass-of-rey-party-of-high-risk_288690_102.html#primaryimage"},"thumbnailUrl":"https:\/\/www.fcbarcelonanoticias.com\/en\/wp-content\/uploads\/sites\/2\/2023\/01\/ousmane-dembele-partido3.jpeg","datePublished":"2023-01-16T21:06:00+00:00","author":{"@id":""},"description":"The National Commission against the Violence has declared the clash between Ceuta and FC Barcelona, this Thursday by the Glass of Rey, like a party of high risk","breadcrumb":{"@id":"https:\/\/www.fcbarcelonanoticias.com\/en\/copa-del-rey\/the-ceuta-barca-of-the-glass-of-rey-party-of-high-risk_288690_102.html#breadcrumb"},"inLanguage":"en-US","potentialAction":[{"@type":"ReadAction","target":["https:\/\/www.fcbarcelonanoticias.com\/en\/copa-del-rey\/the-ceuta-barca-of-the-glass-of-rey-party-of-high-risk_288690_102.html"]}]},{"@type":"ImageObject","inLanguage":"en-US","@id":"https:\/\/www.fcbarcelonanoticias.com\/en\/copa-del-rey\/the-ceuta-barca-of-the-glass-of-rey-party-of-high-risk_288690_102.html#primaryimage","url":"https:\/\/www.fcbarcelonanoticias.com\/en\/wp-content\/uploads\/sites\/2\/2023\/01\/ousmane-dembele-partido3.jpeg","contentUrl":"https:\/\/www.fcbarcelonanoticias.com\/en\/wp-content\/uploads\/sites\/2\/2023\/01\/ousmane-dembele-partido3.jpeg","width":1300,"height":738},{"@type":"BreadcrumbList","@id":"https:\/\/www.fcbarcelonanoticias.com\/en\/copa-del-rey\/the-ceuta-barca-of-the-glass-of-rey-party-of-high-risk_288690_102.html#breadcrumb","itemListElement":[{"@type":"ListItem","position":1,"name":"Portada","item":"https:\/\/www.fcbarcelonanoticias.com\/en\/"},{"@type":"ListItem","position":2,"name":"The Ceuta-Bar\u00e7a of the Copa del Rey, a &#8220;high risk&#8221; match"}]},{"@type":"WebSite","@id":"https:\/\/www.fcbarcelonanoticias.com\/en\/#website","url":"https:\/\/www.fcbarcelonanoticias.com\/en\/","name":"EN - FC Barcelona Noticias","description":"","potentialAction":[{"@type":"SearchAction","target":{"@type":"EntryPoint","urlTemplate":"https:\/\/www.fcbarcelonanoticias.com\/en\/?s={search_term_string}"},"query-input":{"@type":"PropertyValueSpecification","valueRequired":true,"valueName":"search_term_string"}}],"inLanguage":"en-US"}]}},"_links":{"self":[{"href":"https:\/\/www.fcbarcelonanoticias.com\/en\/wp-json\/wp\/v2\/posts\/7543","targetHints":{"allow":["GET"]}}],"collection":[{"href":"https:\/\/www.fcbarcelonanoticias.com\/en\/wp-json\/wp\/v2\/posts"}],"about":[{"href":"https:\/\/www.fcbarcelonanoticias.com\/en\/wp-json\/wp\/v2\/types\/post"}],"replies":[{"embeddable":true,"href":"https:\/\/www.fcbarcelonanoticias.com\/en\/wp-json\/wp\/v2\/comments?post=7543"}],"version-history":[{"count":1,"href":"https:\/\/www.fcbarcelonanoticias.com\/en\/wp-json\/wp\/v2\/posts\/7543\/revisions"}],"predecessor-version":[{"id":104034,"href":"https:\/\/www.fcbarcelonanoticias.com\/en\/wp-json\/wp\/v2\/posts\/7543\/revisions\/104034"}],"wp:featuredmedia":[{"embeddable":true,"href":"https:\/\/www.fcbarcelonanoticias.com\/en\/wp-json\/wp\/v2\/media\/7544"}],"wp:attachment":[{"href":"https:\/\/www.fcbarcelonanoticias.com\/en\/wp-json\/wp\/v2\/media?parent=7543"}],"wp:term":[{"taxonomy":"category","embeddable":true,"href":"https:\/\/www.fcbarcelonanoticias.com\/en\/wp-json\/wp\/v2\/categories?post=7543"},{"taxonomy":"post_tag","embeddable":true,"href":"https:\/\/www.fcbarcelonanoticias.com\/en\/wp-json\/wp\/v2\/tags?post=7543"}],"curies":[{"name":"wp","href":"https:\/\/api.w.org\/{rel}","templated":true}]}}