{"id":75522,"date":"2022-08-13T23:43:00","date_gmt":"2022-08-13T21:43:00","guid":{"rendered":"https:\/\/weisetech.dev\/fc-barcelona-noticias\/en\/pedri-and-ousmane-dembele-light-the-alarms-of-the-barca_283214_102\/"},"modified":"2022-08-14T01:25:00","modified_gmt":"2022-08-13T23:25:00","slug":"pedri-and-ousmane-dembele-light-the-alarms-of-the-barca_283214_102","status":"publish","type":"post","link":"https:\/\/www.fcbarcelonanoticias.com\/en\/players\/pedri-and-ousmane-dembele-light-the-alarms-of-the-barca_283214_102.html","title":{"rendered":"Pedri and Ousmane Demb\u00e9l\u00e9 set off Bar\u00e7a&#8217;s alarms!"},"content":{"rendered":"<h2 class=\"wp-block-heading\">In addition to starting the season with a draw, FC Barcelona could add more bad news. Both Pedri Gonz\u00e1lez (substituted) and Demb\u00e9l\u00e9 finished the match against Rayo Vallecano with discomfort<\/h2>  \r\n<div class=\"article-addons\">\r\n    <a href=\"https:\/\/www.fcbarcelonanoticias.com\/en\/calendar-fc-barcelona.html\"\r\n       target=\"_self\"\r\n       title=\"Calendar of FC Barcelona\"\r\n       class=\"blue-gredient-btn\">\r\n       \r\n        Calendar of FC Barcelona    <\/a>\r\n<\/div>   <p>The <a data-external=\"0\" data-intl-links-en=\"https:\/\/www.fcbarcelonanoticias.com\/en\/laliga\/barca-without-punteria-premieres-in-laliga-with-tie-in-front-of-the-ray-0-0_283202_102.html\" data-intl-links-es=\"https:\/\/www.fcbarcelonanoticias.com\/laliga\/cronica-fc-barcelona-rayo-vallecano-0-0-laliga-santander-2022-2023_283202_102.html\" href=\"https:\/\/www.fcbarcelonanoticias.com\/en\/laliga\/barca-without-punteria-premieres-in-laliga-with-tie-in-front-of-the-ray-0-0_283202_102.html\" rel=\"follow\" target=\"_self\" title=\"Un Bar\u00e7a sin punter\u00eda se estrena en LaLiga con empate ante el Rayo (0-0)\">premi\u00e8re of the FC Barcelona<\/a> in the season 2022-2023 has been very far of the expected and has not fulfilled with the expectations, although it still is very soon to take out any conclusion. <strong>The team was very dense, without punter\u00eda and conditioned by the defensive deployment of the Ray Vallecano. <\/strong>The tie has been a very bad news for the cul\u00e9s, but has not been the only negative in the Spotify Camp Nou.<\/p>  <p>To fault of 20 minutes for the end of the party, Pedri Gonz\u00e1lez was substituted to give entrance to Franck Kessi\u00e9. It was a surprising decision, put the one of Tegueste was showing as a differential player, but that has his background <strong>in some annoyances that felt the footballer before the pause of hydratation<\/strong>. Xavi Hern\u00e1ndez opted for replacing him to avoid a &#8216;surprise&#8217; elder, remembering that the past course was punished by the injuries.<\/p>  <p>The Barcelona midfield player felt a prick in the abductor and carried the hand to this zone. To fault of proofs and splits official doctor, has not been the only bad news in the end of the party of the Bar\u00e7a. As it informs the journalist Toni Juanmart\u00ed, <strong>Ousmane Demb\u00e9l\u00e9 also lit the alarms of the Barcelona after finish the party limping. <\/strong><\/p>  <p>The French extreme, that played the 90 minutes, more almost 14&#8242; of addition between the two discounts, finish touching the backside of the thigh, with signs of pain. Nevertheless, it is one &#8216;reaction&#8217; natural after all the wear by all the minutes contested. <strong>In the club understand that it could be only muscular fatigue.<\/strong><\/p> ","protected":false},"excerpt":{"rendered":"<p>In addition to starting the season with a draw, FC Barcelona could add more bad news. Both Pedri Gonz\u00e1lez (substituted) and Demb\u00e9l\u00e9 finished the match against Rayo Vallecano with discomfort The premi\u00e8re of the FC Barcelona in the season 2022-2023 has been very far of the expected and has not fulfilled with the expectations, although [&hellip;]<\/p>\n","protected":false},"author":352,"featured_media":75526,"comment_status":"closed","ping_status":"open","sticky":false,"template":"","format":"standard","meta":{"_acf_changed":false,"inline_featured_image":false,"_nextfly_llmd_date_locked":false,"footnotes":""},"categories":[107,453],"tags":[146],"class_list":["post-75522","post","type-post","status-publish","format-standard","has-post-thumbnail","hentry","category-players","category-players-2","tag-dembele"],"acf":[],"yoast_head":"<!-- This site is optimized with the Yoast SEO plugin v27.3 - https:\/\/yoast.com\/product\/yoast-seo-wordpress\/ -->\n<title>Pedri And Ousmane Demb\u00e9l\u00e9 light the alarms of the Bar\u00e7a!<\/title>\n<meta name=\"description\" content=\"In addition to starting the season with tie, the FC Barcelona could add worse news. So much Pedri Gonz\u00e1lez (substituted) like Demb\u00e9l\u00e9 finish the choqu...\" \/>\n<meta name=\"robots\" content=\"index, follow, max-snippet:-1, max-image-preview:large, max-video-preview:-1\" \/>\n<link rel=\"canonical\" href=\"https:\/\/www.fcbarcelonanoticias.com\/en\/players\/pedri-and-ousmane-dembele-light-the-alarms-of-the-barca_283214_102.html\" \/>\n<meta property=\"og:locale\" content=\"en_US\" \/>\n<meta property=\"og:type\" content=\"article\" \/>\n<meta property=\"og:title\" content=\"Pedri And Ousmane Demb\u00e9l\u00e9 light the alarms of the Bar\u00e7a!\" \/>\n<meta property=\"og:description\" content=\"In addition to starting the season with tie, the FC Barcelona could add worse news. So much Pedri Gonz\u00e1lez (substituted) like Demb\u00e9l\u00e9 finish the choqu...\" \/>\n<meta property=\"og:url\" content=\"https:\/\/www.fcbarcelonanoticias.com\/en\/players\/pedri-and-ousmane-dembele-light-the-alarms-of-the-barca_283214_102.html\" \/>\n<meta property=\"og:site_name\" content=\"EN - FC Barcelona Noticias\" \/>\n<meta property=\"article:published_time\" content=\"2022-08-13T21:43:00+00:00\" \/>\n<meta property=\"article:modified_time\" content=\"2022-08-13T23:25:00+00:00\" \/>\n<meta property=\"og:image\" content=\"https:\/\/www.fcbarcelonanoticias.com\/en\/wp-content\/uploads\/sites\/2\/2022\/08\/pedri-gonza-lez-durante-el-barc-a-rayo-de-laliga.jpeg\" \/>\n\t<meta property=\"og:image:width\" content=\"1200\" \/>\n\t<meta property=\"og:image:height\" content=\"675\" \/>\n\t<meta property=\"og:image:type\" content=\"image\/jpeg\" \/>\n<meta name=\"author\" content=\"Paola Guevara\" \/>\n<meta name=\"twitter:card\" content=\"summary_large_image\" \/>\n<meta name=\"twitter:label1\" content=\"Written by\" \/>\n\t<meta name=\"twitter:data1\" content=\"Paola Guevara\" \/>\n\t<meta name=\"twitter:label2\" content=\"Est. reading time\" \/>\n\t<meta name=\"twitter:data2\" content=\"2 minutes\" \/>\n<script type=\"application\/ld+json\" class=\"yoast-schema-graph\">{\"@context\":\"https:\\\/\\\/schema.org\",\"@graph\":[{\"@type\":\"Article\",\"@id\":\"https:\\\/\\\/www.fcbarcelonanoticias.com\\\/en\\\/players\\\/pedri-and-ousmane-dembele-light-the-alarms-of-the-barca_283214_102.html#article\",\"isPartOf\":{\"@id\":\"https:\\\/\\\/www.fcbarcelonanoticias.com\\\/en\\\/players\\\/pedri-and-ousmane-dembele-light-the-alarms-of-the-barca_283214_102.html\"},\"author\":{\"name\":\"Paola Guevara\",\"@id\":\"https:\\\/\\\/www.fcbarcelonanoticias.com\\\/en\\\/#\\\/schema\\\/person\\\/3b408513ee236e64c3043ec901f019ee\"},\"headline\":\"Pedri and Ousmane Demb\u00e9l\u00e9 set off Bar\u00e7a&#8217;s alarms!\",\"datePublished\":\"2022-08-13T21:43:00+00:00\",\"dateModified\":\"2022-08-13T23:25:00+00:00\",\"mainEntityOfPage\":{\"@id\":\"https:\\\/\\\/www.fcbarcelonanoticias.com\\\/en\\\/players\\\/pedri-and-ousmane-dembele-light-the-alarms-of-the-barca_283214_102.html\"},\"wordCount\":313,\"image\":{\"@id\":\"https:\\\/\\\/www.fcbarcelonanoticias.com\\\/en\\\/players\\\/pedri-and-ousmane-dembele-light-the-alarms-of-the-barca_283214_102.html#primaryimage\"},\"thumbnailUrl\":\"https:\\\/\\\/www.fcbarcelonanoticias.com\\\/en\\\/wp-content\\\/uploads\\\/sites\\\/2\\\/2022\\\/08\\\/pedri-gonza-lez-durante-el-barc-a-rayo-de-laliga.jpeg\",\"keywords\":[\"Demb\u00e9l\u00e9\"],\"articleSection\":[\"Players\",\"Players\"],\"inLanguage\":\"en-US\"},{\"@type\":\"WebPage\",\"@id\":\"https:\\\/\\\/www.fcbarcelonanoticias.com\\\/en\\\/players\\\/pedri-and-ousmane-dembele-light-the-alarms-of-the-barca_283214_102.html\",\"url\":\"https:\\\/\\\/www.fcbarcelonanoticias.com\\\/en\\\/players\\\/pedri-and-ousmane-dembele-light-the-alarms-of-the-barca_283214_102.html\",\"name\":\"Pedri And Ousmane Demb\u00e9l\u00e9 light the alarms of the Bar\u00e7a!\",\"isPartOf\":{\"@id\":\"https:\\\/\\\/www.fcbarcelonanoticias.com\\\/en\\\/#website\"},\"primaryImageOfPage\":{\"@id\":\"https:\\\/\\\/www.fcbarcelonanoticias.com\\\/en\\\/players\\\/pedri-and-ousmane-dembele-light-the-alarms-of-the-barca_283214_102.html#primaryimage\"},\"image\":{\"@id\":\"https:\\\/\\\/www.fcbarcelonanoticias.com\\\/en\\\/players\\\/pedri-and-ousmane-dembele-light-the-alarms-of-the-barca_283214_102.html#primaryimage\"},\"thumbnailUrl\":\"https:\\\/\\\/www.fcbarcelonanoticias.com\\\/en\\\/wp-content\\\/uploads\\\/sites\\\/2\\\/2022\\\/08\\\/pedri-gonza-lez-durante-el-barc-a-rayo-de-laliga.jpeg\",\"datePublished\":\"2022-08-13T21:43:00+00:00\",\"dateModified\":\"2022-08-13T23:25:00+00:00\",\"author\":{\"@id\":\"https:\\\/\\\/www.fcbarcelonanoticias.com\\\/en\\\/#\\\/schema\\\/person\\\/3b408513ee236e64c3043ec901f019ee\"},\"description\":\"In addition to starting the season with tie, the FC Barcelona could add worse news. So much Pedri Gonz\u00e1lez (substituted) like Demb\u00e9l\u00e9 finish the choqu...\",\"breadcrumb\":{\"@id\":\"https:\\\/\\\/www.fcbarcelonanoticias.com\\\/en\\\/players\\\/pedri-and-ousmane-dembele-light-the-alarms-of-the-barca_283214_102.html#breadcrumb\"},\"inLanguage\":\"en-US\",\"potentialAction\":[{\"@type\":\"ReadAction\",\"target\":[\"https:\\\/\\\/www.fcbarcelonanoticias.com\\\/en\\\/players\\\/pedri-and-ousmane-dembele-light-the-alarms-of-the-barca_283214_102.html\"]}]},{\"@type\":\"ImageObject\",\"inLanguage\":\"en-US\",\"@id\":\"https:\\\/\\\/www.fcbarcelonanoticias.com\\\/en\\\/players\\\/pedri-and-ousmane-dembele-light-the-alarms-of-the-barca_283214_102.html#primaryimage\",\"url\":\"https:\\\/\\\/www.fcbarcelonanoticias.com\\\/en\\\/wp-content\\\/uploads\\\/sites\\\/2\\\/2022\\\/08\\\/pedri-gonza-lez-durante-el-barc-a-rayo-de-laliga.jpeg\",\"contentUrl\":\"https:\\\/\\\/www.fcbarcelonanoticias.com\\\/en\\\/wp-content\\\/uploads\\\/sites\\\/2\\\/2022\\\/08\\\/pedri-gonza-lez-durante-el-barc-a-rayo-de-laliga.jpeg\",\"width\":1200,\"height\":675},{\"@type\":\"BreadcrumbList\",\"@id\":\"https:\\\/\\\/www.fcbarcelonanoticias.com\\\/en\\\/players\\\/pedri-and-ousmane-dembele-light-the-alarms-of-the-barca_283214_102.html#breadcrumb\",\"itemListElement\":[{\"@type\":\"ListItem\",\"position\":1,\"name\":\"Portada\",\"item\":\"https:\\\/\\\/www.fcbarcelonanoticias.com\\\/en\\\/\"},{\"@type\":\"ListItem\",\"position\":2,\"name\":\"Pedri and Ousmane Demb\u00e9l\u00e9 set off Bar\u00e7a&#8217;s alarms!\"}]},{\"@type\":\"WebSite\",\"@id\":\"https:\\\/\\\/www.fcbarcelonanoticias.com\\\/en\\\/#website\",\"url\":\"https:\\\/\\\/www.fcbarcelonanoticias.com\\\/en\\\/\",\"name\":\"EN - FC Barcelona Noticias\",\"description\":\"\",\"potentialAction\":[{\"@type\":\"SearchAction\",\"target\":{\"@type\":\"EntryPoint\",\"urlTemplate\":\"https:\\\/\\\/www.fcbarcelonanoticias.com\\\/en\\\/?s={search_term_string}\"},\"query-input\":{\"@type\":\"PropertyValueSpecification\",\"valueRequired\":true,\"valueName\":\"search_term_string\"}}],\"inLanguage\":\"en-US\"},{\"@type\":\"Person\",\"@id\":\"https:\\\/\\\/www.fcbarcelonanoticias.com\\\/en\\\/#\\\/schema\\\/person\\\/3b408513ee236e64c3043ec901f019ee\",\"name\":\"Paola Guevara\",\"image\":{\"@type\":\"ImageObject\",\"inLanguage\":\"en-US\",\"@id\":\"https:\\\/\\\/secure.gravatar.com\\\/avatar\\\/?s=96&d=mm&r=g\",\"url\":\"https:\\\/\\\/secure.gravatar.com\\\/avatar\\\/?s=96&d=mm&r=g\",\"contentUrl\":\"https:\\\/\\\/secure.gravatar.com\\\/avatar\\\/?s=96&d=mm&r=g\",\"caption\":\"Paola Guevara\"},\"url\":\"https:\\\/\\\/www.fcbarcelonanoticias.com\\\/en\\\/fc-barcelona\\\/paola-guevara_9_115.html\"}]}<\/script>\n<!-- \/ Yoast SEO plugin. -->","yoast_head_json":{"title":"Pedri And Ousmane Demb\u00e9l\u00e9 light the alarms of the Bar\u00e7a!","description":"In addition to starting the season with tie, the FC Barcelona could add worse news. So much Pedri Gonz\u00e1lez (substituted) like Demb\u00e9l\u00e9 finish the choqu...","robots":{"index":"index","follow":"follow","max-snippet":"max-snippet:-1","max-image-preview":"max-image-preview:large","max-video-preview":"max-video-preview:-1"},"canonical":"https:\/\/www.fcbarcelonanoticias.com\/en\/players\/pedri-and-ousmane-dembele-light-the-alarms-of-the-barca_283214_102.html","og_locale":"en_US","og_type":"article","og_title":"Pedri And Ousmane Demb\u00e9l\u00e9 light the alarms of the Bar\u00e7a!","og_description":"In addition to starting the season with tie, the FC Barcelona could add worse news. So much Pedri Gonz\u00e1lez (substituted) like Demb\u00e9l\u00e9 finish the choqu...","og_url":"https:\/\/www.fcbarcelonanoticias.com\/en\/players\/pedri-and-ousmane-dembele-light-the-alarms-of-the-barca_283214_102.html","og_site_name":"EN - FC Barcelona Noticias","article_published_time":"2022-08-13T21:43:00+00:00","article_modified_time":"2022-08-13T23:25:00+00:00","og_image":[{"width":1200,"height":675,"url":"https:\/\/www.fcbarcelonanoticias.com\/en\/wp-content\/uploads\/sites\/2\/2022\/08\/pedri-gonza-lez-durante-el-barc-a-rayo-de-laliga.jpeg","type":"image\/jpeg"}],"author":"Paola Guevara","twitter_card":"summary_large_image","twitter_misc":{"Written by":"Paola Guevara","Est. reading time":"2 minutes"},"schema":{"@context":"https:\/\/schema.org","@graph":[{"@type":"Article","@id":"https:\/\/www.fcbarcelonanoticias.com\/en\/players\/pedri-and-ousmane-dembele-light-the-alarms-of-the-barca_283214_102.html#article","isPartOf":{"@id":"https:\/\/www.fcbarcelonanoticias.com\/en\/players\/pedri-and-ousmane-dembele-light-the-alarms-of-the-barca_283214_102.html"},"author":{"name":"Paola Guevara","@id":"https:\/\/www.fcbarcelonanoticias.com\/en\/#\/schema\/person\/3b408513ee236e64c3043ec901f019ee"},"headline":"Pedri and Ousmane Demb\u00e9l\u00e9 set off Bar\u00e7a&#8217;s alarms!","datePublished":"2022-08-13T21:43:00+00:00","dateModified":"2022-08-13T23:25:00+00:00","mainEntityOfPage":{"@id":"https:\/\/www.fcbarcelonanoticias.com\/en\/players\/pedri-and-ousmane-dembele-light-the-alarms-of-the-barca_283214_102.html"},"wordCount":313,"image":{"@id":"https:\/\/www.fcbarcelonanoticias.com\/en\/players\/pedri-and-ousmane-dembele-light-the-alarms-of-the-barca_283214_102.html#primaryimage"},"thumbnailUrl":"https:\/\/www.fcbarcelonanoticias.com\/en\/wp-content\/uploads\/sites\/2\/2022\/08\/pedri-gonza-lez-durante-el-barc-a-rayo-de-laliga.jpeg","keywords":["Demb\u00e9l\u00e9"],"articleSection":["Players","Players"],"inLanguage":"en-US"},{"@type":"WebPage","@id":"https:\/\/www.fcbarcelonanoticias.com\/en\/players\/pedri-and-ousmane-dembele-light-the-alarms-of-the-barca_283214_102.html","url":"https:\/\/www.fcbarcelonanoticias.com\/en\/players\/pedri-and-ousmane-dembele-light-the-alarms-of-the-barca_283214_102.html","name":"Pedri And Ousmane Demb\u00e9l\u00e9 light the alarms of the Bar\u00e7a!","isPartOf":{"@id":"https:\/\/www.fcbarcelonanoticias.com\/en\/#website"},"primaryImageOfPage":{"@id":"https:\/\/www.fcbarcelonanoticias.com\/en\/players\/pedri-and-ousmane-dembele-light-the-alarms-of-the-barca_283214_102.html#primaryimage"},"image":{"@id":"https:\/\/www.fcbarcelonanoticias.com\/en\/players\/pedri-and-ousmane-dembele-light-the-alarms-of-the-barca_283214_102.html#primaryimage"},"thumbnailUrl":"https:\/\/www.fcbarcelonanoticias.com\/en\/wp-content\/uploads\/sites\/2\/2022\/08\/pedri-gonza-lez-durante-el-barc-a-rayo-de-laliga.jpeg","datePublished":"2022-08-13T21:43:00+00:00","dateModified":"2022-08-13T23:25:00+00:00","author":{"@id":"https:\/\/www.fcbarcelonanoticias.com\/en\/#\/schema\/person\/3b408513ee236e64c3043ec901f019ee"},"description":"In addition to starting the season with tie, the FC Barcelona could add worse news. So much Pedri Gonz\u00e1lez (substituted) like Demb\u00e9l\u00e9 finish the choqu...","breadcrumb":{"@id":"https:\/\/www.fcbarcelonanoticias.com\/en\/players\/pedri-and-ousmane-dembele-light-the-alarms-of-the-barca_283214_102.html#breadcrumb"},"inLanguage":"en-US","potentialAction":[{"@type":"ReadAction","target":["https:\/\/www.fcbarcelonanoticias.com\/en\/players\/pedri-and-ousmane-dembele-light-the-alarms-of-the-barca_283214_102.html"]}]},{"@type":"ImageObject","inLanguage":"en-US","@id":"https:\/\/www.fcbarcelonanoticias.com\/en\/players\/pedri-and-ousmane-dembele-light-the-alarms-of-the-barca_283214_102.html#primaryimage","url":"https:\/\/www.fcbarcelonanoticias.com\/en\/wp-content\/uploads\/sites\/2\/2022\/08\/pedri-gonza-lez-durante-el-barc-a-rayo-de-laliga.jpeg","contentUrl":"https:\/\/www.fcbarcelonanoticias.com\/en\/wp-content\/uploads\/sites\/2\/2022\/08\/pedri-gonza-lez-durante-el-barc-a-rayo-de-laliga.jpeg","width":1200,"height":675},{"@type":"BreadcrumbList","@id":"https:\/\/www.fcbarcelonanoticias.com\/en\/players\/pedri-and-ousmane-dembele-light-the-alarms-of-the-barca_283214_102.html#breadcrumb","itemListElement":[{"@type":"ListItem","position":1,"name":"Portada","item":"https:\/\/www.fcbarcelonanoticias.com\/en\/"},{"@type":"ListItem","position":2,"name":"Pedri and Ousmane Demb\u00e9l\u00e9 set off Bar\u00e7a&#8217;s alarms!"}]},{"@type":"WebSite","@id":"https:\/\/www.fcbarcelonanoticias.com\/en\/#website","url":"https:\/\/www.fcbarcelonanoticias.com\/en\/","name":"EN - FC Barcelona Noticias","description":"","potentialAction":[{"@type":"SearchAction","target":{"@type":"EntryPoint","urlTemplate":"https:\/\/www.fcbarcelonanoticias.com\/en\/?s={search_term_string}"},"query-input":{"@type":"PropertyValueSpecification","valueRequired":true,"valueName":"search_term_string"}}],"inLanguage":"en-US"},{"@type":"Person","@id":"https:\/\/www.fcbarcelonanoticias.com\/en\/#\/schema\/person\/3b408513ee236e64c3043ec901f019ee","name":"Paola Guevara","image":{"@type":"ImageObject","inLanguage":"en-US","@id":"https:\/\/secure.gravatar.com\/avatar\/?s=96&d=mm&r=g","url":"https:\/\/secure.gravatar.com\/avatar\/?s=96&d=mm&r=g","contentUrl":"https:\/\/secure.gravatar.com\/avatar\/?s=96&d=mm&r=g","caption":"Paola Guevara"},"url":"https:\/\/www.fcbarcelonanoticias.com\/en\/fc-barcelona\/paola-guevara_9_115.html"}]}},"_links":{"self":[{"href":"https:\/\/www.fcbarcelonanoticias.com\/en\/wp-json\/wp\/v2\/posts\/75522","targetHints":{"allow":["GET"]}}],"collection":[{"href":"https:\/\/www.fcbarcelonanoticias.com\/en\/wp-json\/wp\/v2\/posts"}],"about":[{"href":"https:\/\/www.fcbarcelonanoticias.com\/en\/wp-json\/wp\/v2\/types\/post"}],"author":[{"embeddable":true,"href":"https:\/\/www.fcbarcelonanoticias.com\/en\/wp-json\/wp\/v2\/users\/352"}],"replies":[{"embeddable":true,"href":"https:\/\/www.fcbarcelonanoticias.com\/en\/wp-json\/wp\/v2\/comments?post=75522"}],"version-history":[{"count":1,"href":"https:\/\/www.fcbarcelonanoticias.com\/en\/wp-json\/wp\/v2\/posts\/75522\/revisions"}],"predecessor-version":[{"id":121633,"href":"https:\/\/www.fcbarcelonanoticias.com\/en\/wp-json\/wp\/v2\/posts\/75522\/revisions\/121633"}],"wp:featuredmedia":[{"embeddable":true,"href":"https:\/\/www.fcbarcelonanoticias.com\/en\/wp-json\/wp\/v2\/media\/75526"}],"wp:attachment":[{"href":"https:\/\/www.fcbarcelonanoticias.com\/en\/wp-json\/wp\/v2\/media?parent=75522"}],"wp:term":[{"taxonomy":"category","embeddable":true,"href":"https:\/\/www.fcbarcelonanoticias.com\/en\/wp-json\/wp\/v2\/categories?post=75522"},{"taxonomy":"post_tag","embeddable":true,"href":"https:\/\/www.fcbarcelonanoticias.com\/en\/wp-json\/wp\/v2\/tags?post=75522"}],"curies":[{"name":"wp","href":"https:\/\/api.w.org\/{rel}","templated":true}]}}