{"id":75581,"date":"2023-09-04T15:16:00","date_gmt":"2023-09-04T13:16:00","guid":{"rendered":"https:\/\/weisetech.dev\/fc-barcelona-noticias\/en\/mika-faye-makes-his-long-awaited-debut-with-barca-atletic_295798_102\/"},"modified":"2023-09-04T15:16:00","modified_gmt":"2023-09-04T13:16:00","slug":"mika-faye-makes-his-long-awaited-debut-with-barca-atletic_295798_102","status":"publish","type":"post","link":"https:\/\/www.fcbarcelonanoticias.com\/en\/players\/mika-faye-makes-his-long-awaited-debut-with-barca-atletic_295798_102.html","title":{"rendered":"Mika Faye makes his long-awaited debut for Barcelona Atl\u00e8tic"},"content":{"rendered":"<h2 class=\"wp-block-heading\">The filial of the FC Barcelona also is beginning his season in First RFEF and in the Day 2 of the championship of Third Division arrived the official premi\u00e8re of one of the big bets of the second team for the future<\/h2>  \r\n<div class=\"article-addons\">\r\n    <a href=\"https:\/\/www.fcbarcelonanoticias.com\/en\/calendar-fc-barcelona.html\"\r\n       target=\"_self\"\r\n       title=\"Calendar of FC Barcelona\"\r\n       class=\"blue-gredient-btn\">\r\n       \r\n        Calendar of FC Barcelona    <\/a>\r\n<\/div>   <p>The Bar\u00e7a Atl\u00e8tic had begun the season in First RFEF with a defeat by 1-0 in front of the SD Logro\u00f1\u00e9s and for the second day of the championship of Third Division already Rafa M\u00e1rquez decided to do some changes in the eleven headline of the Barcelona subsidiary. <strong>One of them has been the debut for the new index card of the entity, Mikail Faye.<\/strong><\/p>  <p>The central of 19 years played his first minutes in an official meeting like cul\u00e9 after receiving his first titularity in what finally it would be victory of the Bar\u00e7a Atl\u00e8tic by 2-1 in front of the Real Union. <strong>In a meeting contested this Sunday in Johan Cruyff, the defender fichado by near of two millions from the NK Kustosija Croatian fulfilled with a solid meeting and even had offensive importance.<\/strong><\/p>  <p>After fixing some bureaucratic problems that had prevented him be on the field, M\u00e1rquez bet from the beginning by the Senegalese and paid it of way almost immediate with a big entrance that finished being a very good pass to the 11 minutes of party. <strong>Faye trab\u00f3 The balloon near of the midfield with his left-handed and the balloon finished going out shot to one of the forwards cul\u00e9s.<\/strong><\/p>  <blockquote class=\"twitter-tweet\"> <p dir=\"ltr\" lang=\"en\">Goal! bar\u00e7a Atletic take the lead with To goal from Pau Victor. Assist by Percan and pre-assist from Mikayil Faye. 1-0 <a href=\"https:\/\/t.co\/en\/IEq6nJNEjY\">pic.twitter.com\/ieq6njnejy<\/a><\/p> \u2014 ArsenKveFCB (@ArsenKveFCB) <a href=\"https:\/\/twitter.com\/en\/ArsenKveFCB\/status\/1698406135986786319?ref_src=twsrc%5Etfw\">September 3, 2023<\/a> <\/blockquote> <p>Finally the played would finish with Pau V\u00edctor defining to pleasure inside the area of the Real Union after a big habilitation of Diego Percan. <strong>Like this, Faye began his adventure by the filial cul\u00e9 where comes preceded of a big expectation after convincing to Xavi Hern\u00e1ndez after some trainings <a data-external=\"0\" data-intl-links-en=\"https:\/\/www.fcbarcelonanoticias.com\/en\/laliga\/barcelona-resists-is-imposed-intensity-osasuna-1-2_295774_102.html\" data-intl-links-es=\"https:\/\/www.fcbarcelonanoticias.com\/laliga\/barca-resiste-se-impone-intensidad-osasuna-1-2_295774_102.html\" href=\"https:\/\/www.fcbarcelonanoticias.com\/en\/laliga\/barcelona-resists-is-imposed-intensity-osasuna-1-2_295774_102.html\" rel=\"follow\" target=\"_self\" title=\"El Bar\u00e7a resiste y se impone a la intensidad de Osasuna (1-2)\">with the first team<\/a> in the start of the summer.<\/strong><\/p>  <p>The m\u00edster egarense remained loved but his place, for the moment, is the filial and in his first duel has remained showed that it will be able to conserve the titularity. In defence was solid during the meeting and the goal against of the Bar\u00e7a did not have it to him like manager,<strong> by what surely Rafa M\u00e1rquez will bet by the African defender to follow marking the differences thanks to his physical potential. <\/strong><\/p> ","protected":false},"excerpt":{"rendered":"<p>The filial of the FC Barcelona also is beginning his season in First RFEF and in the Day 2 of the championship of Third Division arrived the official premi\u00e8re of one of the big bets of the second team for the future The Bar\u00e7a Atl\u00e8tic had begun the season in First RFEF with a defeat [&hellip;]<\/p>\n","protected":false},"author":345,"featured_media":19061,"comment_status":"closed","ping_status":"open","sticky":false,"template":"","format":"standard","meta":{"_acf_changed":false,"inline_featured_image":false,"_nextfly_llmd_date_locked":false,"footnotes":""},"categories":[107,453],"tags":[335,181,48],"class_list":["post-75581","post","type-post","status-publish","format-standard","has-post-thumbnail","hentry","category-players","category-players-2","tag-deco","tag-the-masia","tag-xavi-hernandez"],"acf":[],"yoast_head":"<!-- This site is optimized with the Yoast SEO plugin v27.3 - https:\/\/yoast.com\/product\/yoast-seo-wordpress\/ -->\n<title>Mika Faye makes his long-awaited debut for Barcelona Atl\u00e8tic<\/title>\n<meta name=\"description\" content=\"The filial of the FC Barcelona also is beginning his season in First RFEF and in the Day 2 of the championship of Third Division arrived the official premi\u00e8re of one of the big bets of the second team for the future\" \/>\n<meta name=\"robots\" content=\"index, follow, max-snippet:-1, max-image-preview:large, max-video-preview:-1\" \/>\n<link rel=\"canonical\" href=\"https:\/\/www.fcbarcelonanoticias.com\/en\/players\/mika-faye-makes-his-long-awaited-debut-with-barca-atletic_295798_102.html\" \/>\n<meta property=\"og:locale\" content=\"en_US\" \/>\n<meta property=\"og:type\" content=\"article\" \/>\n<meta property=\"og:title\" content=\"Mika Faye makes his long-awaited debut for Barcelona Atl\u00e8tic\" \/>\n<meta property=\"og:description\" content=\"The filial of the FC Barcelona also is beginning his season in First RFEF and in the Day 2 of the championship of Third Division arrived the official premi\u00e8re of one of the big bets of the second team for the future\" \/>\n<meta property=\"og:url\" content=\"https:\/\/www.fcbarcelonanoticias.com\/en\/players\/mika-faye-makes-his-long-awaited-debut-with-barca-atletic_295798_102.html\" \/>\n<meta property=\"og:site_name\" content=\"EN - FC Barcelona Noticias\" \/>\n<meta property=\"article:published_time\" content=\"2023-09-04T13:16:00+00:00\" \/>\n<meta property=\"og:image\" content=\"https:\/\/www.fcbarcelonanoticias.com\/en\/wp-content\/uploads\/sites\/2\/2023\/08\/mika-faye-acmilan.jpeg\" \/>\n\t<meta property=\"og:image:width\" content=\"1300\" \/>\n\t<meta property=\"og:image:height\" content=\"738\" \/>\n\t<meta property=\"og:image:type\" content=\"image\/jpeg\" \/>\n<meta name=\"author\" content=\"Carlos Montenegro\" \/>\n<meta name=\"twitter:card\" content=\"summary_large_image\" \/>\n<meta name=\"twitter:label1\" content=\"Written by\" \/>\n\t<meta name=\"twitter:data1\" content=\"Carlos Montenegro\" \/>\n\t<meta name=\"twitter:label2\" content=\"Est. reading time\" \/>\n\t<meta name=\"twitter:data2\" content=\"2 minutes\" \/>\n<script type=\"application\/ld+json\" class=\"yoast-schema-graph\">{\"@context\":\"https:\\\/\\\/schema.org\",\"@graph\":[{\"@type\":\"Article\",\"@id\":\"https:\\\/\\\/www.fcbarcelonanoticias.com\\\/en\\\/players\\\/mika-faye-makes-his-long-awaited-debut-with-barca-atletic_295798_102.html#article\",\"isPartOf\":{\"@id\":\"https:\\\/\\\/www.fcbarcelonanoticias.com\\\/en\\\/players\\\/mika-faye-makes-his-long-awaited-debut-with-barca-atletic_295798_102.html\"},\"author\":{\"name\":\"Carlos Montenegro\",\"@id\":\"https:\\\/\\\/www.fcbarcelonanoticias.com\\\/en\\\/#\\\/schema\\\/person\\\/aa1d038709c262cb247e240f6b39bbf5\"},\"headline\":\"Mika Faye makes his long-awaited debut for Barcelona Atl\u00e8tic\",\"datePublished\":\"2023-09-04T13:16:00+00:00\",\"mainEntityOfPage\":{\"@id\":\"https:\\\/\\\/www.fcbarcelonanoticias.com\\\/en\\\/players\\\/mika-faye-makes-his-long-awaited-debut-with-barca-atletic_295798_102.html\"},\"wordCount\":432,\"image\":{\"@id\":\"https:\\\/\\\/www.fcbarcelonanoticias.com\\\/en\\\/players\\\/mika-faye-makes-his-long-awaited-debut-with-barca-atletic_295798_102.html#primaryimage\"},\"thumbnailUrl\":\"https:\\\/\\\/www.fcbarcelonanoticias.com\\\/en\\\/wp-content\\\/uploads\\\/sites\\\/2\\\/2023\\\/08\\\/mika-faye-acmilan.jpeg\",\"keywords\":[\"Deco\",\"The Masia\",\"Xavi Hern\u00e1ndez\"],\"articleSection\":[\"Players\",\"Players\"],\"inLanguage\":\"en-US\"},{\"@type\":\"WebPage\",\"@id\":\"https:\\\/\\\/www.fcbarcelonanoticias.com\\\/en\\\/players\\\/mika-faye-makes-his-long-awaited-debut-with-barca-atletic_295798_102.html\",\"url\":\"https:\\\/\\\/www.fcbarcelonanoticias.com\\\/en\\\/players\\\/mika-faye-makes-his-long-awaited-debut-with-barca-atletic_295798_102.html\",\"name\":\"Mika Faye makes his long-awaited debut for Barcelona Atl\u00e8tic\",\"isPartOf\":{\"@id\":\"https:\\\/\\\/www.fcbarcelonanoticias.com\\\/en\\\/#website\"},\"primaryImageOfPage\":{\"@id\":\"https:\\\/\\\/www.fcbarcelonanoticias.com\\\/en\\\/players\\\/mika-faye-makes-his-long-awaited-debut-with-barca-atletic_295798_102.html#primaryimage\"},\"image\":{\"@id\":\"https:\\\/\\\/www.fcbarcelonanoticias.com\\\/en\\\/players\\\/mika-faye-makes-his-long-awaited-debut-with-barca-atletic_295798_102.html#primaryimage\"},\"thumbnailUrl\":\"https:\\\/\\\/www.fcbarcelonanoticias.com\\\/en\\\/wp-content\\\/uploads\\\/sites\\\/2\\\/2023\\\/08\\\/mika-faye-acmilan.jpeg\",\"datePublished\":\"2023-09-04T13:16:00+00:00\",\"author\":{\"@id\":\"https:\\\/\\\/www.fcbarcelonanoticias.com\\\/en\\\/#\\\/schema\\\/person\\\/aa1d038709c262cb247e240f6b39bbf5\"},\"description\":\"The filial of the FC Barcelona also is beginning his season in First RFEF and in the Day 2 of the championship of Third Division arrived the official premi\u00e8re of one of the big bets of the second team for the future\",\"breadcrumb\":{\"@id\":\"https:\\\/\\\/www.fcbarcelonanoticias.com\\\/en\\\/players\\\/mika-faye-makes-his-long-awaited-debut-with-barca-atletic_295798_102.html#breadcrumb\"},\"inLanguage\":\"en-US\",\"potentialAction\":[{\"@type\":\"ReadAction\",\"target\":[\"https:\\\/\\\/www.fcbarcelonanoticias.com\\\/en\\\/players\\\/mika-faye-makes-his-long-awaited-debut-with-barca-atletic_295798_102.html\"]}]},{\"@type\":\"ImageObject\",\"inLanguage\":\"en-US\",\"@id\":\"https:\\\/\\\/www.fcbarcelonanoticias.com\\\/en\\\/players\\\/mika-faye-makes-his-long-awaited-debut-with-barca-atletic_295798_102.html#primaryimage\",\"url\":\"https:\\\/\\\/www.fcbarcelonanoticias.com\\\/en\\\/wp-content\\\/uploads\\\/sites\\\/2\\\/2023\\\/08\\\/mika-faye-acmilan.jpeg\",\"contentUrl\":\"https:\\\/\\\/www.fcbarcelonanoticias.com\\\/en\\\/wp-content\\\/uploads\\\/sites\\\/2\\\/2023\\\/08\\\/mika-faye-acmilan.jpeg\",\"width\":1300,\"height\":738},{\"@type\":\"BreadcrumbList\",\"@id\":\"https:\\\/\\\/www.fcbarcelonanoticias.com\\\/en\\\/players\\\/mika-faye-makes-his-long-awaited-debut-with-barca-atletic_295798_102.html#breadcrumb\",\"itemListElement\":[{\"@type\":\"ListItem\",\"position\":1,\"name\":\"Portada\",\"item\":\"https:\\\/\\\/www.fcbarcelonanoticias.com\\\/en\\\/\"},{\"@type\":\"ListItem\",\"position\":2,\"name\":\"Mika Faye makes his long-awaited debut for Barcelona Atl\u00e8tic\"}]},{\"@type\":\"WebSite\",\"@id\":\"https:\\\/\\\/www.fcbarcelonanoticias.com\\\/en\\\/#website\",\"url\":\"https:\\\/\\\/www.fcbarcelonanoticias.com\\\/en\\\/\",\"name\":\"EN - FC Barcelona Noticias\",\"description\":\"\",\"potentialAction\":[{\"@type\":\"SearchAction\",\"target\":{\"@type\":\"EntryPoint\",\"urlTemplate\":\"https:\\\/\\\/www.fcbarcelonanoticias.com\\\/en\\\/?s={search_term_string}\"},\"query-input\":{\"@type\":\"PropertyValueSpecification\",\"valueRequired\":true,\"valueName\":\"search_term_string\"}}],\"inLanguage\":\"en-US\"},{\"@type\":\"Person\",\"@id\":\"https:\\\/\\\/www.fcbarcelonanoticias.com\\\/en\\\/#\\\/schema\\\/person\\\/aa1d038709c262cb247e240f6b39bbf5\",\"name\":\"Carlos Montenegro\",\"image\":{\"@type\":\"ImageObject\",\"inLanguage\":\"en-US\",\"@id\":\"https:\\\/\\\/secure.gravatar.com\\\/avatar\\\/?s=96&d=mm&r=g\",\"url\":\"https:\\\/\\\/secure.gravatar.com\\\/avatar\\\/?s=96&d=mm&r=g\",\"contentUrl\":\"https:\\\/\\\/secure.gravatar.com\\\/avatar\\\/?s=96&d=mm&r=g\",\"caption\":\"Carlos Montenegro\"},\"url\":\"https:\\\/\\\/www.fcbarcelonanoticias.com\\\/en\\\/carlos-montenegro_20_115.html\"}]}<\/script>\n<!-- \/ Yoast SEO plugin. -->","yoast_head_json":{"title":"Mika Faye makes his long-awaited debut for Barcelona Atl\u00e8tic","description":"The filial of the FC Barcelona also is beginning his season in First RFEF and in the Day 2 of the championship of Third Division arrived the official premi\u00e8re of one of the big bets of the second team for the future","robots":{"index":"index","follow":"follow","max-snippet":"max-snippet:-1","max-image-preview":"max-image-preview:large","max-video-preview":"max-video-preview:-1"},"canonical":"https:\/\/www.fcbarcelonanoticias.com\/en\/players\/mika-faye-makes-his-long-awaited-debut-with-barca-atletic_295798_102.html","og_locale":"en_US","og_type":"article","og_title":"Mika Faye makes his long-awaited debut for Barcelona Atl\u00e8tic","og_description":"The filial of the FC Barcelona also is beginning his season in First RFEF and in the Day 2 of the championship of Third Division arrived the official premi\u00e8re of one of the big bets of the second team for the future","og_url":"https:\/\/www.fcbarcelonanoticias.com\/en\/players\/mika-faye-makes-his-long-awaited-debut-with-barca-atletic_295798_102.html","og_site_name":"EN - FC Barcelona Noticias","article_published_time":"2023-09-04T13:16:00+00:00","og_image":[{"width":1300,"height":738,"url":"https:\/\/www.fcbarcelonanoticias.com\/en\/wp-content\/uploads\/sites\/2\/2023\/08\/mika-faye-acmilan.jpeg","type":"image\/jpeg"}],"author":"Carlos Montenegro","twitter_card":"summary_large_image","twitter_misc":{"Written by":"Carlos Montenegro","Est. reading time":"2 minutes"},"schema":{"@context":"https:\/\/schema.org","@graph":[{"@type":"Article","@id":"https:\/\/www.fcbarcelonanoticias.com\/en\/players\/mika-faye-makes-his-long-awaited-debut-with-barca-atletic_295798_102.html#article","isPartOf":{"@id":"https:\/\/www.fcbarcelonanoticias.com\/en\/players\/mika-faye-makes-his-long-awaited-debut-with-barca-atletic_295798_102.html"},"author":{"name":"Carlos Montenegro","@id":"https:\/\/www.fcbarcelonanoticias.com\/en\/#\/schema\/person\/aa1d038709c262cb247e240f6b39bbf5"},"headline":"Mika Faye makes his long-awaited debut for Barcelona Atl\u00e8tic","datePublished":"2023-09-04T13:16:00+00:00","mainEntityOfPage":{"@id":"https:\/\/www.fcbarcelonanoticias.com\/en\/players\/mika-faye-makes-his-long-awaited-debut-with-barca-atletic_295798_102.html"},"wordCount":432,"image":{"@id":"https:\/\/www.fcbarcelonanoticias.com\/en\/players\/mika-faye-makes-his-long-awaited-debut-with-barca-atletic_295798_102.html#primaryimage"},"thumbnailUrl":"https:\/\/www.fcbarcelonanoticias.com\/en\/wp-content\/uploads\/sites\/2\/2023\/08\/mika-faye-acmilan.jpeg","keywords":["Deco","The Masia","Xavi Hern\u00e1ndez"],"articleSection":["Players","Players"],"inLanguage":"en-US"},{"@type":"WebPage","@id":"https:\/\/www.fcbarcelonanoticias.com\/en\/players\/mika-faye-makes-his-long-awaited-debut-with-barca-atletic_295798_102.html","url":"https:\/\/www.fcbarcelonanoticias.com\/en\/players\/mika-faye-makes-his-long-awaited-debut-with-barca-atletic_295798_102.html","name":"Mika Faye makes his long-awaited debut for Barcelona Atl\u00e8tic","isPartOf":{"@id":"https:\/\/www.fcbarcelonanoticias.com\/en\/#website"},"primaryImageOfPage":{"@id":"https:\/\/www.fcbarcelonanoticias.com\/en\/players\/mika-faye-makes-his-long-awaited-debut-with-barca-atletic_295798_102.html#primaryimage"},"image":{"@id":"https:\/\/www.fcbarcelonanoticias.com\/en\/players\/mika-faye-makes-his-long-awaited-debut-with-barca-atletic_295798_102.html#primaryimage"},"thumbnailUrl":"https:\/\/www.fcbarcelonanoticias.com\/en\/wp-content\/uploads\/sites\/2\/2023\/08\/mika-faye-acmilan.jpeg","datePublished":"2023-09-04T13:16:00+00:00","author":{"@id":"https:\/\/www.fcbarcelonanoticias.com\/en\/#\/schema\/person\/aa1d038709c262cb247e240f6b39bbf5"},"description":"The filial of the FC Barcelona also is beginning his season in First RFEF and in the Day 2 of the championship of Third Division arrived the official premi\u00e8re of one of the big bets of the second team for the future","breadcrumb":{"@id":"https:\/\/www.fcbarcelonanoticias.com\/en\/players\/mika-faye-makes-his-long-awaited-debut-with-barca-atletic_295798_102.html#breadcrumb"},"inLanguage":"en-US","potentialAction":[{"@type":"ReadAction","target":["https:\/\/www.fcbarcelonanoticias.com\/en\/players\/mika-faye-makes-his-long-awaited-debut-with-barca-atletic_295798_102.html"]}]},{"@type":"ImageObject","inLanguage":"en-US","@id":"https:\/\/www.fcbarcelonanoticias.com\/en\/players\/mika-faye-makes-his-long-awaited-debut-with-barca-atletic_295798_102.html#primaryimage","url":"https:\/\/www.fcbarcelonanoticias.com\/en\/wp-content\/uploads\/sites\/2\/2023\/08\/mika-faye-acmilan.jpeg","contentUrl":"https:\/\/www.fcbarcelonanoticias.com\/en\/wp-content\/uploads\/sites\/2\/2023\/08\/mika-faye-acmilan.jpeg","width":1300,"height":738},{"@type":"BreadcrumbList","@id":"https:\/\/www.fcbarcelonanoticias.com\/en\/players\/mika-faye-makes-his-long-awaited-debut-with-barca-atletic_295798_102.html#breadcrumb","itemListElement":[{"@type":"ListItem","position":1,"name":"Portada","item":"https:\/\/www.fcbarcelonanoticias.com\/en\/"},{"@type":"ListItem","position":2,"name":"Mika Faye makes his long-awaited debut for Barcelona Atl\u00e8tic"}]},{"@type":"WebSite","@id":"https:\/\/www.fcbarcelonanoticias.com\/en\/#website","url":"https:\/\/www.fcbarcelonanoticias.com\/en\/","name":"EN - FC Barcelona Noticias","description":"","potentialAction":[{"@type":"SearchAction","target":{"@type":"EntryPoint","urlTemplate":"https:\/\/www.fcbarcelonanoticias.com\/en\/?s={search_term_string}"},"query-input":{"@type":"PropertyValueSpecification","valueRequired":true,"valueName":"search_term_string"}}],"inLanguage":"en-US"},{"@type":"Person","@id":"https:\/\/www.fcbarcelonanoticias.com\/en\/#\/schema\/person\/aa1d038709c262cb247e240f6b39bbf5","name":"Carlos Montenegro","image":{"@type":"ImageObject","inLanguage":"en-US","@id":"https:\/\/secure.gravatar.com\/avatar\/?s=96&d=mm&r=g","url":"https:\/\/secure.gravatar.com\/avatar\/?s=96&d=mm&r=g","contentUrl":"https:\/\/secure.gravatar.com\/avatar\/?s=96&d=mm&r=g","caption":"Carlos Montenegro"},"url":"https:\/\/www.fcbarcelonanoticias.com\/en\/carlos-montenegro_20_115.html"}]}},"_links":{"self":[{"href":"https:\/\/www.fcbarcelonanoticias.com\/en\/wp-json\/wp\/v2\/posts\/75581","targetHints":{"allow":["GET"]}}],"collection":[{"href":"https:\/\/www.fcbarcelonanoticias.com\/en\/wp-json\/wp\/v2\/posts"}],"about":[{"href":"https:\/\/www.fcbarcelonanoticias.com\/en\/wp-json\/wp\/v2\/types\/post"}],"author":[{"embeddable":true,"href":"https:\/\/www.fcbarcelonanoticias.com\/en\/wp-json\/wp\/v2\/users\/345"}],"replies":[{"embeddable":true,"href":"https:\/\/www.fcbarcelonanoticias.com\/en\/wp-json\/wp\/v2\/comments?post=75581"}],"version-history":[{"count":1,"href":"https:\/\/www.fcbarcelonanoticias.com\/en\/wp-json\/wp\/v2\/posts\/75581\/revisions"}],"predecessor-version":[{"id":123469,"href":"https:\/\/www.fcbarcelonanoticias.com\/en\/wp-json\/wp\/v2\/posts\/75581\/revisions\/123469"}],"wp:featuredmedia":[{"embeddable":true,"href":"https:\/\/www.fcbarcelonanoticias.com\/en\/wp-json\/wp\/v2\/media\/19061"}],"wp:attachment":[{"href":"https:\/\/www.fcbarcelonanoticias.com\/en\/wp-json\/wp\/v2\/media?parent=75581"}],"wp:term":[{"taxonomy":"category","embeddable":true,"href":"https:\/\/www.fcbarcelonanoticias.com\/en\/wp-json\/wp\/v2\/categories?post=75581"},{"taxonomy":"post_tag","embeddable":true,"href":"https:\/\/www.fcbarcelonanoticias.com\/en\/wp-json\/wp\/v2\/tags?post=75581"}],"curies":[{"name":"wp","href":"https:\/\/api.w.org\/{rel}","templated":true}]}}