{"id":7561,"date":"2025-04-27T05:00:00","date_gmt":"2025-04-27T03:00:00","guid":{"rendered":"https:\/\/weisetech.dev\/fc-barcelona-noticias\/en\/barca-wins-the-cup-international-press-reactions_312346_102\/"},"modified":"2026-04-16T09:47:19","modified_gmt":"2026-04-16T07:47:19","slug":"barca-wins-the-cup-international-press-reactions_312346_102","status":"publish","type":"post","link":"https:\/\/www.fcbarcelonanoticias.com\/en\/copa-del-rey\/barca-wins-the-cup-international-press-reactions_312346_102.html","title":{"rendered":"Bar\u00e7a Cup winners: This is how the Spanish and international press describe the Bar\u00e7a title"},"content":{"rendered":"<h2 class=\"wp-block-heading\">Bar\u00e7a won the Copa del Rey in a historic final against Real Madrid. This is how the world&#8217;s leading sports newspapers reacted to the Bar\u00e7a crown. Unmissable reactions!<\/h2>  \r\n<div class=\"article-addons\">\r\n    <a href=\"https:\/\/www.fcbarcelonanoticias.com\/en\/calendar-fc-barcelona.html\"\r\n       target=\"_self\"\r\n       title=\"Calendar of FC Barcelona\"\r\n       class=\"blue-gredient-btn\">\r\n       \r\n        Calendar of FC Barcelona    <\/a>\r\n<\/div>   <p><strong>FC Barcelona won their 32nd Copa del Rey in a final against Real Madrid (3-2)<\/strong> that will be remembered for a long time. Hansi Flick&#8217;s side faded after a first half where Pedri&#8217;s wonder goal was the difference.<\/p>  <p>In the second half, Madrid mounted a comeback with <a data-external=\"0\" data-intl-links-en=\"https:\/\/www.fcbarcelonanoticias.com\/en\/copa-del-rey\/robbery-in-the-cup-mbappe-and-tchouameni-adulterate-the-barca-madrid_312340_102.html\" data-intl-links-es=\"https:\/\/www.fcbarcelonanoticias.com\/copa-del-rey\/robo-final-copa-barcelona-real-madrid_312340_102.html\" href=\"https:\/\/www.fcbarcelonanoticias.com\/copa-del-rey\/robo-final-copa-barcelona-real-madrid_312340_102.html\" rel=\"follow\" target=\"_self\" title=\"\u00a1Esperp\u00e9ntico! Mbapp\u00e9 y Tchouameni adulteran la final de Copa\">goals from Mbapp\u00e9 and Tchouam\u00e9ni, both preceded by refereeing favors for &#8216;La Casa Blanca&#8217;<\/a>. The forward should never have played the final, as his sending-off against Espanyol should have ruled him out on Saturday, while the midfielder escaped a very clear red card after a criminal tackle on Dani Olmo in the first half.<\/p>  <p>Fortunately, Bar\u00e7a reacted in time with a goal from Ferran Torres and, although they were forced into extra time after an uncalled penalty by R\u00fcdiger on Ferran himself, <strong><a data-external=\"0\" data-intl-links-en=\"https:\/\/www.fcbarcelonanoticias.com\/en\/copa-del-rey\/highlights-2025-cup-final-fc-barcelona-3-2-real-madrid_312342_102.html\" data-intl-links-es=\"https:\/\/www.fcbarcelonanoticias.com\/copa-del-rey\/resumen-final-copa-rey-2025-fc-barcelona-3-2-real-madrid_312342_102.html\" href=\"https:\/\/www.fcbarcelonanoticias.com\/copa-del-rey\/resumen-final-copa-rey-2025-fc-barcelona-3-2-real-madrid_312342_102.html\" rel=\"follow\" target=\"_self\" title=\"RESUMEN FINAL COPA 2025 | FC BARCELONA 3-2 REAL MADRID\">they managed to secure the title thanks to a wonder goal from Jules Kound\u00e9<\/a><\/strong> in the dying moments of extra time (minute 116).<\/p>  <h2>Copa Final: How the Spanish press headlined Bar\u00e7a&#8217;s triumph<\/h2>  <blockquote> <p>Mundo Deportivo: &#8220;Kound\u00e9 leads Bar\u00e7a to glory&#8221;<\/p> <\/blockquote>  <ul> <li>The Catalan newspaper highlights the Frenchman&#8217;s wonder goal in extra time and <a data-external=\"0\" data-intl-links-en=\"https:\/\/www.fcbarcelonanoticias.com\/en\/copa-del-rey\/the-robbery-of-the-century-barca-against-real-madrid-referee-and-var_312341_102.html\" data-intl-links-es=\"https:\/\/www.fcbarcelonanoticias.com\/copa-del-rey\/barca-sufre-robo-siglo-final-copa-2025-contra-madrid_312341_102.html\" href=\"https:\/\/www.fcbarcelonanoticias.com\/copa-del-rey\/barca-sufre-robo-siglo-final-copa-2025-contra-madrid_312341_102.html\" rel=\"follow\" target=\"_self\" title=\"\u00a1Penaltis, expulsiones...! el Bar\u00e7a sufre el robo del siglo en la final de Copa contra el Madrid\">the refereeing controversies involving De Burgos Bengoetxea and VAR<\/a> that prevented Bar\u00e7a from winning the final in regular time against an inferior Madrid side that had reacted in the second half.<\/li> <\/ul> <blockquote> <p>SPORT: &#8220;Champions! Kound\u00e9 lays the first stone for the treble and plunges Madrid into crisis&#8221;<\/p> <\/blockquote>  <ul> <li>SPORT also values Kound\u00e9&#8217;s wonder goal, the unexpected &#8216;Azulgrana&#8217; hero, and Bar\u00e7a&#8217;s reaction in the final minutes after the dip in the second half. For the Catalan newspaper, the impact of the final represents a key step towards the treble and the collapse of Carlo Ancelotti&#8217;s cycle at the &#8216;White House&#8217;.<\/li> <\/ul> <blockquote> <p>MARCA: &#8220;Kound\u00e9 crowns Bar\u00e7a in an epic final&#8221;<\/p> <\/blockquote>  <ul> <li>The Madrid-based newspaper praises Kound\u00e9, the best of the &#8216;Azulgrana&#8217; defense from start to finish, as well as highlighting the individual performances of <a data-external=\"0\" data-intl-links-en=\"https:\/\/www.fcbarcelonanoticias.com\/en\/copa-del-rey\/pedri-goal-to-open-the-final-barca-1-0-in-copa-rey_312337_102.html\" data-intl-links-es=\"https:\/\/www.fcbarcelonanoticias.com\/copa-del-rey\/golazo-pedri-fc-barcelona-final-copa-rey_312337_102.html\" href=\"https:\/\/www.fcbarcelonanoticias.com\/copa-del-rey\/golazo-pedri-fc-barcelona-final-copa-rey_312337_102.html\" rel=\"follow\" target=\"_self\" title=\"\u00a1Golazo brutal de Pedri! El Bar\u00e7a golpe\u00f3 primero en la final de Copa del Rey\">Pedri<\/a> and Lamine Yamal. They also value Mbapp\u00e9&#8217;s contribution to the &#8216;Merengue&#8217; reaction, insufficient to avoid another defeat in &#8216;Cl\u00e1sicos&#8217;.<\/li> <\/ul> <blockquote> <p>AS: &#8220;Bar\u00e7a won and football won&#8221;<\/p> <\/blockquote>  <ul> <li>The Madrid-based newspaper considers the match balanced, with one half for each team and extra time that favored the team with more fitness and accuracy. Kound\u00e9&#8217;s wonder goal, the MVP of the match, also augurs a glorious end to the season for Bar\u00e7a and a bitter end of an era for Ancelotti&#8217;s Madrid.<\/li> <\/ul> <blockquote> <p>Estadio Deportivo: &#8220;Barcelona 3-2 Real Madrid: A monument to football with an Azulgrana crown&#8221;<\/p> <\/blockquote>  <ul> <li>The Seville-based sports newspaper also highlights the stellar performance of Kound\u00e9, a former defender for the Andalusian team, in addition to the refereeing controversies and the scandalous reaction of Antonio R\u00fcdiger, sent off near the end for throwing a water bottle at De Burgos Bengoetxea.<\/li> <\/ul> <blockquote> <p>Superdeporte: &#8220;Kound\u00e9 decides the most tense final in extra time&#8221;<\/p> <\/blockquote>  <ul> <li>The Valencia newspaper highlights Kound\u00e9&#8217;s performance, but also the refereeing controversies and the tense atmosphere before the final due to Madrid&#8217;s complaints and the reaction of De Burgos Bengoetxea and Gonz\u00e1lez Fuertes, both of whom had a poor performance in the final.<\/li> <\/ul> <blockquote> <p>ABC: &#8220;Bar\u00e7a, champion of the Copa del Rey in a crazy final&#8221;<\/p> <\/blockquote>  <ul> <li>ABC highlights the difference between the first half, of absolute &#8216;Azulgrana&#8217; dominance, and Madrid&#8217;s reaction in the second half. The scoreline fluctuated according to which team was in better form and, in extra time, the best team over the 120 minutes won thanks to an unexpected hero: Jules Kound\u00e9, who has always felt at home in Seville.<\/li> <\/ul> <blockquote> <p>El Pa\u00eds: &#8220;A colossal final crowns the best Bar\u00e7a&#8221;<\/p> <\/blockquote>  <ul> <li>The capital&#8217;s newspaper also chooses Kound\u00e9 as the great figure of a hard-fought match that ended with another &#8216;Azulgrana&#8217; comeback. After a final full of controversies, but also good football, the team that deserved it most won, and the one that did things best to reach La Cartuja and celebrate the first step towards the treble.<\/li> <\/ul> <h2>The European press praises Barcelona and crowns Jules Kound\u00e9<\/h2>  <p>In the rest of Europe, the sports press also praised the spectacle offered by Bar\u00e7a and Madrid, as well as the great individual performance of Jules Kound\u00e9.<\/p>  <blockquote> <p>L&#8217;Equipe: &#8220;Thanks to Kound\u00e9, FC Barcelona wins the Copa del Rey after an electric Cl\u00e1sico against Real Madrid&#8221;<\/p> <\/blockquote>  <ul> <li>The French newspaper praises Kound\u00e9&#8217;s performance, but also highlights Mbapp\u00e9&#8217;s impact in the second half. For &#8216;L&#8217;Equipe&#8217;, Bar\u00e7a could have paid dearly for their dip in the second half, but managed to react in time and win the Copa del Rey deservedly in extra time.<\/li> <\/ul> <blockquote> <p>Gazzetta dello Sport: Inter, what&#8217;s up with Barcelona? Flick wins the Copa del Rey in the 116th minute. Ancelotti, another slap in the face<\/p> <\/blockquote>  <ul> <li>In Italy, the press warns Inter Milan about Bar\u00e7a&#8217;s victory in extra time. For &#8216;Gazzetta&#8217;, Flick&#8217;s team shows clear fatigue, but values the morale boost that winning <a data-external=\"0\" data-intl-links-en=\"https:\/\/www.fcbarcelonanoticias.com\/en\/copa-del-rey\/flick-double-barcelona-champion-super-cup-and-copa-el-rey_312343_102.html\" data-intl-links-es=\"https:\/\/www.fcbarcelonanoticias.com\/copa-del-rey\/doblete-flick-barcelona-conquista-supercopa-copa-el-rey-madrid_312343_102.html\" href=\"https:\/\/www.fcbarcelonanoticias.com\/copa-del-rey\/doblete-flick-barcelona-conquista-supercopa-copa-el-rey-madrid_312343_102.html\" rel=\"follow\" target=\"_self\" title=\"\u00a1Doblete de Hansi Flick! el Bar\u00e7a conquista la Supercopa y la Copa del Rey ante el Real Madrid\">their second title of the season<\/a> represents. Furthermore, it highlights the collapse of Ancelotti&#8217;s side, anticipating the end of the cycle for the man from Reggiolo.<\/li> <\/ul> <blockquote> <p>Corriere dello Sport: Barcelona-Real Madrid, Copa del Rey final: Ancelotti defeated in extra time<\/p> <\/blockquote>  <ul> <li>The other Italian newspaper highlights the spectacle of a final stained by pre-match controversy which was much better than expected, thanks to Madrid&#8217;s reaction in the second half and the refereeing controversies. Like &#8216;Gazzetta&#8217;, the outlet writes off Ancelotti.<\/li> <\/ul> <blockquote> <p>France24: A 115th-minute goal from Kound\u00e9 gives Barcelona the Copa del Rey after beating Real Madrid 3-2<\/p> <\/blockquote>  <ul> <li>The French newspaper praises Kound\u00e9&#8217;s performance, the impact of Ancelotti&#8217;s changes in the second half, and Bar\u00e7a&#8217;s reaction in the final stretch to force extra time.<\/li> <\/ul> <blockquote> <p>A Bola: Barcelona-R. Madrid, 3-2 p.m. Not even Mbapp\u00e9 could stop Barcelona winning their 32nd Copa del Rey (report)<\/p> <\/blockquote>  <ul> <li>The Portuguese newspaper provides a summary of the individual contributions of the Cl\u00e1sico stars: for Bar\u00e7a, it names Lamine (two assists) and Kound\u00e9 (winning goal) as heroes. For Madrid, it highlights the impact of Mbapp\u00e9 coming on. It also points out Rodrygo&#8217;s poor game (the worst on his team) and Vinicius (very inaccurate), as well as a Raphinha who also wasn&#8217;t sharp in finishing.<\/li> <\/ul> <blockquote> <p>BILD: &#8220;Last-minute madness for Bar\u00e7a and Flick&#8221;<\/p> <\/blockquote>  <ul> <li>The sports supplement of the German newspaper describes the match as a &#8220;thriller&#8221; resolved in favor of Flick&#8217;s Bar\u00e7a, which already has 2 titles this season and is launching towards the treble. Jules Kound\u00e9 also received praise from the German newspaper after a &#8220;wild Cl\u00e1sico&#8221;.<\/li> <\/ul> <blockquote> <p>The Guardian: &#8220;Barcelona win Copa del Rey after Kound\u00e9\u2019s extra-time goal seals thrilling encounter&#8221;<\/p> <\/blockquote>  <ul> <li>The English newspaper highlights the reactions of Bar\u00e7a and Madrid in a game of &#8220;two halves&#8221; settled by a wonder goal from Kound\u00e9 four minutes from the end of extra time. It also alludes to the &#8220;usual controversies&#8221;, regarding the reviewed penalty on Raphinha in stoppage time and other controversial decisions favoring the &#8216;Merengue&#8217; side.<\/li> <\/ul> <blockquote> <p>BBC Sports: &#8220;Kound\u00e9 wins Copa del Rey Cl\u00e1sico for Bar\u00e7a&#8221;<\/p> <\/blockquote>  <ul> <li>The BBC, for its part, chooses Kound\u00e9 as MVP, but also criticizes the referees for &#8220;taking center stage&#8221; in the final stretch of the match with very controversial decisions, mostly favoring Real Madrid.<\/li> <\/ul> <h2> <span id=\"cke_bm_46386S\" style=\"display: none;\">&nbsp;<\/span><span id=\"cke_bm_47112S\" style=\"display: none;\">&nbsp;<\/span>The Latin American press sees Bar\u00e7a winning the treble<\/h2>  <p>In Latin America, there were also diverse reactions to Bar\u00e7a&#8217;s victory in the Copa del Rey. In Argentina and Mexico, the press believes the &#8216;Azulgrana&#8217; side will be unstoppable in La Liga and the Champions League in the last month of the season.<\/p>  <blockquote> <p>Ol\u00e9: &#8220;Barcelona beat Real Madrid in a historic final&#8221;<\/p> <\/blockquote>  <ul> <li>The Argentine sports newspaper describes the match at La Cartuja as &#8220;a great match where everything happened&#8221;. After the refereeing controversies before and during the final, Bar\u00e7a took the victory with a goal from Kound\u00e9 4 minutes from the end, following a great first half from the &#8216;Azulgrana&#8217; and the &#8216;Merengue&#8217; reaction with Mbapp\u00e9 on the pitch.<\/li> <\/ul> <blockquote> <p>D\u00e9por: &#8220;In extra time! Barcelona beat Real Madrid 3-2 and took the Copa del Rey&#8221;<\/p> <\/blockquote>  <ul> <li>The Peruvian sports newspaper describes the match at La Cartuja as dramatic, after 120 thrilling minutes where Jules Kound\u00e9 was the hero. It also highlights the lamentable reaction from R\u00fcdiger and the Madrid bench at the end, resulting in the sending-off of the German and Lucas V\u00e1zquez.<\/li> <\/ul> <blockquote> <p>ESPN Argentina: &#8220;Barcelona won an epic final against Real Madrid and were crowned champions of the Copa del Rey&#8221;<\/p> <\/blockquote>  <ul> <li>ESPN Argentina highlights the &#8216;turnarounds&#8217; in the final&#8217;s result, after a first half of &#8216;Cul\u00e9&#8217; dominance and a second half where Madrid were superior until the 80th minute. Afterwards, Bar\u00e7a turned it around thanks to Ferran Torres and Jules Kound\u00e9.<\/li> <\/ul> <blockquote> <p>Globo: &#8220;What a match! Barcelona beat Real Madrid in extra time and won the Copa del Rey&#8221;<\/p> <\/blockquote>  <ul> <li>The sports supplement of the Brazilian newspaper highlights the two comebacks that made the Copa del Rey final a match to remember. &#8216;Globo&#8217; described the &#8216;Azulgrana&#8217; first half as &#8220;overwhelming&#8221;, although it also valued Madrid&#8217;s reaction in the second half. In the end, a blatant error by Modric playing out from the back and Kound\u00e9&#8217;s strike sealed Barcelona&#8217;s victory.<\/li> <\/ul> <blockquote> <p>Ovaci\u00f3n: &#8220;Barcelona 3-2 Real Madrid in Copa del Rey: Ronald Araujo won the duel against Valverde and lifted the title&#8221;<\/p> <\/blockquote>  <ul> <li>The Uruguayan sports newspaper highlights Ronald Araujo&#8217;s performance for Bar\u00e7a in extra time (came on in the 85th minute) and the unrewarded effort of Fede Valverde, who played from the 55th minute as a right-back. After a &#8220;very close&#8221; match, the &#8216;Cul\u00e9s&#8217; won it near the end of extra time with Kound\u00e9&#8217;s wonder goal.<\/li> <\/ul> <blockquote> <p>ESPN M\u00e9xico: &#8220;Barcelona, Champion of a dramatic Copa del Rey thanks to Kound\u00e9&#8221;<\/p> <\/blockquote>  <ul> <li>The ESPN Mexico network names Kound\u00e9 as the hero of a match where Lamine Yamal and Pau Cubars\u00ed also shone. For Madrid, the reaction led by Mbapp\u00e9 in the second half is highlighted.<\/li> <\/ul> <blockquote> <p>&nbsp;R\u00e9cord (M\u00e9xico): Treble incoming! Barcelona secures the Copa del Rey after beating Real Madrid<\/p> <\/blockquote>  <ul> <li>The Mexican sports newspaper sees Bar\u00e7a launching towards the treble after an epic victory in extra time. It also highlights the changing nature of a match that had one half for each team and a dramatic extra time, where Jules Kound\u00e9 avoided penalties with a wonder goal.<\/li> <\/ul> <h2>In the United States, they already see Bar\u00e7a winning the treble<\/h2>  <blockquote> <p>Sports Illustrated: &#8220;Barcelona takes the first step towards the treble with their Copa del Rey final victory against Real Madrid&#8221;.<\/p> <\/blockquote>  <ul> <li>The specialized portal believes the final launches Bar\u00e7a towards a magical end to the season, crowns Pedri as the best footballer currently, and condemns Carlo Ancelotti&#8217;s farewell from the &#8216;Merengue&#8217; bench.<\/li> <\/ul> ","protected":false},"excerpt":{"rendered":"<p>Bar\u00e7a won the Copa del Rey in a historic final against Real Madrid. This is how the world&#8217;s leading sports newspapers reacted to the Bar\u00e7a crown. Unmissable reactions! FC Barcelona won their 32nd Copa del Rey in a final against Real Madrid (3-2) that will be remembered for a long time. Hansi Flick&#8217;s side faded [&hellip;]<\/p>\n","protected":false},"author":347,"featured_media":7562,"comment_status":"closed","ping_status":"open","sticky":false,"template":"","format":"standard","meta":{"_acf_changed":false,"inline_featured_image":false,"_nextfly_llmd_date_locked":false,"footnotes":""},"categories":[446,118],"tags":[53,46,175],"class_list":["post-7561","post","type-post","status-publish","format-standard","has-post-thumbnail","hentry","category-copa-del-rey-2","category-copa-del-rey","tag-el-clasico","tag-fc-barcelona-vs-real-madrid","tag-viral"],"acf":[],"yoast_head":"<!-- This site is optimized with the Yoast SEO plugin v27.3 - https:\/\/yoast.com\/product\/yoast-seo-wordpress\/ -->\n<title>Bar\u00e7a wins the Cup: international press reactions<\/title>\n<meta name=\"description\" content=\"Bar\u00e7a won the Copa del Rey in a historic final against Real Madrid. This is how the world&#039;s leading sports newspapers reacted!\" \/>\n<meta name=\"robots\" content=\"index, follow, max-snippet:-1, max-image-preview:large, max-video-preview:-1\" \/>\n<link rel=\"canonical\" href=\"https:\/\/www.fcbarcelonanoticias.com\/en\/copa-del-rey\/barca-wins-the-cup-international-press-reactions_312346_102.html\" \/>\n<meta property=\"og:locale\" content=\"en_US\" \/>\n<meta property=\"og:type\" content=\"article\" \/>\n<meta property=\"og:title\" content=\"Bar\u00e7a wins the Cup: international press reactions\" \/>\n<meta property=\"og:description\" content=\"Bar\u00e7a won the Copa del Rey in a historic final against Real Madrid. This is how the world&#039;s leading sports newspapers reacted!\" \/>\n<meta property=\"og:url\" content=\"https:\/\/www.fcbarcelonanoticias.com\/en\/copa-del-rey\/barca-wins-the-cup-international-press-reactions_312346_102.html\" \/>\n<meta property=\"og:site_name\" content=\"EN - FC Barcelona Noticias\" \/>\n<meta property=\"article:published_time\" content=\"2025-04-27T03:00:00+00:00\" \/>\n<meta property=\"article:modified_time\" content=\"2026-04-16T07:47:19+00:00\" \/>\n<meta property=\"og:image\" content=\"https:\/\/www.fcbarcelonanoticias.com\/en\/wp-content\/uploads\/sites\/2\/2025\/04\/prensa-titulares-final-copa-del-rey-barcelona-campeon.jpeg\" \/>\n\t<meta property=\"og:image:width\" content=\"1200\" \/>\n\t<meta property=\"og:image:height\" content=\"675\" \/>\n\t<meta property=\"og:image:type\" content=\"image\/jpeg\" \/>\n<meta name=\"author\" content=\"Andr\u00e9s Quiroz\" \/>\n<meta name=\"twitter:card\" content=\"summary_large_image\" \/>\n<meta name=\"twitter:label1\" content=\"Written by\" \/>\n\t<meta name=\"twitter:data1\" content=\"Andr\u00e9s Quiroz\" \/>\n\t<meta name=\"twitter:label2\" content=\"Est. reading time\" \/>\n\t<meta name=\"twitter:data2\" content=\"9 minutes\" \/>\n<script type=\"application\/ld+json\" class=\"yoast-schema-graph\">{\"@context\":\"https:\\\/\\\/schema.org\",\"@graph\":[{\"@type\":\"Article\",\"@id\":\"https:\\\/\\\/www.fcbarcelonanoticias.com\\\/en\\\/copa-del-rey\\\/barca-wins-the-cup-international-press-reactions_312346_102.html#article\",\"isPartOf\":{\"@id\":\"https:\\\/\\\/www.fcbarcelonanoticias.com\\\/en\\\/copa-del-rey\\\/barca-wins-the-cup-international-press-reactions_312346_102.html\"},\"author\":{\"name\":\"Andr\u00e9s Quiroz\",\"@id\":\"https:\\\/\\\/www.fcbarcelonanoticias.com\\\/en\\\/#\\\/schema\\\/person\\\/c2cd9f6fa1af5c0d0eccd0fefa575c88\"},\"headline\":\"Bar\u00e7a Cup winners: This is how the Spanish and international press describe the Bar\u00e7a title\",\"datePublished\":\"2025-04-27T03:00:00+00:00\",\"dateModified\":\"2026-04-16T07:47:19+00:00\",\"mainEntityOfPage\":{\"@id\":\"https:\\\/\\\/www.fcbarcelonanoticias.com\\\/en\\\/copa-del-rey\\\/barca-wins-the-cup-international-press-reactions_312346_102.html\"},\"wordCount\":1839,\"image\":{\"@id\":\"https:\\\/\\\/www.fcbarcelonanoticias.com\\\/en\\\/copa-del-rey\\\/barca-wins-the-cup-international-press-reactions_312346_102.html#primaryimage\"},\"thumbnailUrl\":\"https:\\\/\\\/www.fcbarcelonanoticias.com\\\/en\\\/wp-content\\\/uploads\\\/sites\\\/2\\\/2025\\\/04\\\/prensa-titulares-final-copa-del-rey-barcelona-campeon.jpeg\",\"keywords\":[\"El Cl\u00e1sico\",\"FC Barcelona vs Real Madrid\",\"Viral\"],\"articleSection\":[\"Copa del Rey\",\"Copa del Rey\"],\"inLanguage\":\"en-US\"},{\"@type\":\"WebPage\",\"@id\":\"https:\\\/\\\/www.fcbarcelonanoticias.com\\\/en\\\/copa-del-rey\\\/barca-wins-the-cup-international-press-reactions_312346_102.html\",\"url\":\"https:\\\/\\\/www.fcbarcelonanoticias.com\\\/en\\\/copa-del-rey\\\/barca-wins-the-cup-international-press-reactions_312346_102.html\",\"name\":\"Bar\u00e7a wins the Cup: international press reactions\",\"isPartOf\":{\"@id\":\"https:\\\/\\\/www.fcbarcelonanoticias.com\\\/en\\\/#website\"},\"primaryImageOfPage\":{\"@id\":\"https:\\\/\\\/www.fcbarcelonanoticias.com\\\/en\\\/copa-del-rey\\\/barca-wins-the-cup-international-press-reactions_312346_102.html#primaryimage\"},\"image\":{\"@id\":\"https:\\\/\\\/www.fcbarcelonanoticias.com\\\/en\\\/copa-del-rey\\\/barca-wins-the-cup-international-press-reactions_312346_102.html#primaryimage\"},\"thumbnailUrl\":\"https:\\\/\\\/www.fcbarcelonanoticias.com\\\/en\\\/wp-content\\\/uploads\\\/sites\\\/2\\\/2025\\\/04\\\/prensa-titulares-final-copa-del-rey-barcelona-campeon.jpeg\",\"datePublished\":\"2025-04-27T03:00:00+00:00\",\"dateModified\":\"2026-04-16T07:47:19+00:00\",\"author\":{\"@id\":\"https:\\\/\\\/www.fcbarcelonanoticias.com\\\/en\\\/#\\\/schema\\\/person\\\/c2cd9f6fa1af5c0d0eccd0fefa575c88\"},\"description\":\"Bar\u00e7a won the Copa del Rey in a historic final against Real Madrid. This is how the world's leading sports newspapers reacted!\",\"breadcrumb\":{\"@id\":\"https:\\\/\\\/www.fcbarcelonanoticias.com\\\/en\\\/copa-del-rey\\\/barca-wins-the-cup-international-press-reactions_312346_102.html#breadcrumb\"},\"inLanguage\":\"en-US\",\"potentialAction\":[{\"@type\":\"ReadAction\",\"target\":[\"https:\\\/\\\/www.fcbarcelonanoticias.com\\\/en\\\/copa-del-rey\\\/barca-wins-the-cup-international-press-reactions_312346_102.html\"]}]},{\"@type\":\"ImageObject\",\"inLanguage\":\"en-US\",\"@id\":\"https:\\\/\\\/www.fcbarcelonanoticias.com\\\/en\\\/copa-del-rey\\\/barca-wins-the-cup-international-press-reactions_312346_102.html#primaryimage\",\"url\":\"https:\\\/\\\/www.fcbarcelonanoticias.com\\\/en\\\/wp-content\\\/uploads\\\/sites\\\/2\\\/2025\\\/04\\\/prensa-titulares-final-copa-del-rey-barcelona-campeon.jpeg\",\"contentUrl\":\"https:\\\/\\\/www.fcbarcelonanoticias.com\\\/en\\\/wp-content\\\/uploads\\\/sites\\\/2\\\/2025\\\/04\\\/prensa-titulares-final-copa-del-rey-barcelona-campeon.jpeg\",\"width\":1200,\"height\":675},{\"@type\":\"BreadcrumbList\",\"@id\":\"https:\\\/\\\/www.fcbarcelonanoticias.com\\\/en\\\/copa-del-rey\\\/barca-wins-the-cup-international-press-reactions_312346_102.html#breadcrumb\",\"itemListElement\":[{\"@type\":\"ListItem\",\"position\":1,\"name\":\"Portada\",\"item\":\"https:\\\/\\\/www.fcbarcelonanoticias.com\\\/en\\\/\"},{\"@type\":\"ListItem\",\"position\":2,\"name\":\"Bar\u00e7a Cup winners: This is how the Spanish and international press describe the Bar\u00e7a title\"}]},{\"@type\":\"WebSite\",\"@id\":\"https:\\\/\\\/www.fcbarcelonanoticias.com\\\/en\\\/#website\",\"url\":\"https:\\\/\\\/www.fcbarcelonanoticias.com\\\/en\\\/\",\"name\":\"EN - FC Barcelona Noticias\",\"description\":\"\",\"potentialAction\":[{\"@type\":\"SearchAction\",\"target\":{\"@type\":\"EntryPoint\",\"urlTemplate\":\"https:\\\/\\\/www.fcbarcelonanoticias.com\\\/en\\\/?s={search_term_string}\"},\"query-input\":{\"@type\":\"PropertyValueSpecification\",\"valueRequired\":true,\"valueName\":\"search_term_string\"}}],\"inLanguage\":\"en-US\"},{\"@type\":\"Person\",\"@id\":\"https:\\\/\\\/www.fcbarcelonanoticias.com\\\/en\\\/#\\\/schema\\\/person\\\/c2cd9f6fa1af5c0d0eccd0fefa575c88\",\"name\":\"Andr\u00e9s Quiroz\",\"image\":{\"@type\":\"ImageObject\",\"inLanguage\":\"en-US\",\"@id\":\"https:\\\/\\\/secure.gravatar.com\\\/avatar\\\/?s=96&d=mm&r=g\",\"url\":\"https:\\\/\\\/secure.gravatar.com\\\/avatar\\\/?s=96&d=mm&r=g\",\"contentUrl\":\"https:\\\/\\\/secure.gravatar.com\\\/avatar\\\/?s=96&d=mm&r=g\",\"caption\":\"Andr\u00e9s Quiroz\"},\"description\":\"Licenciado en Periodismo por la Universidad de los Andes. Me encargo de analizar y compartir los contenidos m\u00e1s destacados de la\u00a0actualidad del F\u00fatbol Club Barcelona, Mercado de Fichajes y F\u00fatbol Internacional en FCBN. La informaci\u00f3n es poder, pero tambi\u00e9n conocimiento.\",\"url\":\"https:\\\/\\\/www.fcbarcelonanoticias.com\\\/en\\\/fc-barcelona\\\/andres-quiroz_17_115.html\"}]}<\/script>\n<!-- \/ Yoast SEO plugin. -->","yoast_head_json":{"title":"Bar\u00e7a wins the Cup: international press reactions","description":"Bar\u00e7a won the Copa del Rey in a historic final against Real Madrid. This is how the world's leading sports newspapers reacted!","robots":{"index":"index","follow":"follow","max-snippet":"max-snippet:-1","max-image-preview":"max-image-preview:large","max-video-preview":"max-video-preview:-1"},"canonical":"https:\/\/www.fcbarcelonanoticias.com\/en\/copa-del-rey\/barca-wins-the-cup-international-press-reactions_312346_102.html","og_locale":"en_US","og_type":"article","og_title":"Bar\u00e7a wins the Cup: international press reactions","og_description":"Bar\u00e7a won the Copa del Rey in a historic final against Real Madrid. This is how the world's leading sports newspapers reacted!","og_url":"https:\/\/www.fcbarcelonanoticias.com\/en\/copa-del-rey\/barca-wins-the-cup-international-press-reactions_312346_102.html","og_site_name":"EN - FC Barcelona Noticias","article_published_time":"2025-04-27T03:00:00+00:00","article_modified_time":"2026-04-16T07:47:19+00:00","og_image":[{"width":1200,"height":675,"url":"https:\/\/www.fcbarcelonanoticias.com\/en\/wp-content\/uploads\/sites\/2\/2025\/04\/prensa-titulares-final-copa-del-rey-barcelona-campeon.jpeg","type":"image\/jpeg"}],"author":"Andr\u00e9s Quiroz","twitter_card":"summary_large_image","twitter_misc":{"Written by":"Andr\u00e9s Quiroz","Est. reading time":"9 minutes"},"schema":{"@context":"https:\/\/schema.org","@graph":[{"@type":"Article","@id":"https:\/\/www.fcbarcelonanoticias.com\/en\/copa-del-rey\/barca-wins-the-cup-international-press-reactions_312346_102.html#article","isPartOf":{"@id":"https:\/\/www.fcbarcelonanoticias.com\/en\/copa-del-rey\/barca-wins-the-cup-international-press-reactions_312346_102.html"},"author":{"name":"Andr\u00e9s Quiroz","@id":"https:\/\/www.fcbarcelonanoticias.com\/en\/#\/schema\/person\/c2cd9f6fa1af5c0d0eccd0fefa575c88"},"headline":"Bar\u00e7a Cup winners: This is how the Spanish and international press describe the Bar\u00e7a title","datePublished":"2025-04-27T03:00:00+00:00","dateModified":"2026-04-16T07:47:19+00:00","mainEntityOfPage":{"@id":"https:\/\/www.fcbarcelonanoticias.com\/en\/copa-del-rey\/barca-wins-the-cup-international-press-reactions_312346_102.html"},"wordCount":1839,"image":{"@id":"https:\/\/www.fcbarcelonanoticias.com\/en\/copa-del-rey\/barca-wins-the-cup-international-press-reactions_312346_102.html#primaryimage"},"thumbnailUrl":"https:\/\/www.fcbarcelonanoticias.com\/en\/wp-content\/uploads\/sites\/2\/2025\/04\/prensa-titulares-final-copa-del-rey-barcelona-campeon.jpeg","keywords":["El Cl\u00e1sico","FC Barcelona vs Real Madrid","Viral"],"articleSection":["Copa del Rey","Copa del Rey"],"inLanguage":"en-US"},{"@type":"WebPage","@id":"https:\/\/www.fcbarcelonanoticias.com\/en\/copa-del-rey\/barca-wins-the-cup-international-press-reactions_312346_102.html","url":"https:\/\/www.fcbarcelonanoticias.com\/en\/copa-del-rey\/barca-wins-the-cup-international-press-reactions_312346_102.html","name":"Bar\u00e7a wins the Cup: international press reactions","isPartOf":{"@id":"https:\/\/www.fcbarcelonanoticias.com\/en\/#website"},"primaryImageOfPage":{"@id":"https:\/\/www.fcbarcelonanoticias.com\/en\/copa-del-rey\/barca-wins-the-cup-international-press-reactions_312346_102.html#primaryimage"},"image":{"@id":"https:\/\/www.fcbarcelonanoticias.com\/en\/copa-del-rey\/barca-wins-the-cup-international-press-reactions_312346_102.html#primaryimage"},"thumbnailUrl":"https:\/\/www.fcbarcelonanoticias.com\/en\/wp-content\/uploads\/sites\/2\/2025\/04\/prensa-titulares-final-copa-del-rey-barcelona-campeon.jpeg","datePublished":"2025-04-27T03:00:00+00:00","dateModified":"2026-04-16T07:47:19+00:00","author":{"@id":"https:\/\/www.fcbarcelonanoticias.com\/en\/#\/schema\/person\/c2cd9f6fa1af5c0d0eccd0fefa575c88"},"description":"Bar\u00e7a won the Copa del Rey in a historic final against Real Madrid. This is how the world's leading sports newspapers reacted!","breadcrumb":{"@id":"https:\/\/www.fcbarcelonanoticias.com\/en\/copa-del-rey\/barca-wins-the-cup-international-press-reactions_312346_102.html#breadcrumb"},"inLanguage":"en-US","potentialAction":[{"@type":"ReadAction","target":["https:\/\/www.fcbarcelonanoticias.com\/en\/copa-del-rey\/barca-wins-the-cup-international-press-reactions_312346_102.html"]}]},{"@type":"ImageObject","inLanguage":"en-US","@id":"https:\/\/www.fcbarcelonanoticias.com\/en\/copa-del-rey\/barca-wins-the-cup-international-press-reactions_312346_102.html#primaryimage","url":"https:\/\/www.fcbarcelonanoticias.com\/en\/wp-content\/uploads\/sites\/2\/2025\/04\/prensa-titulares-final-copa-del-rey-barcelona-campeon.jpeg","contentUrl":"https:\/\/www.fcbarcelonanoticias.com\/en\/wp-content\/uploads\/sites\/2\/2025\/04\/prensa-titulares-final-copa-del-rey-barcelona-campeon.jpeg","width":1200,"height":675},{"@type":"BreadcrumbList","@id":"https:\/\/www.fcbarcelonanoticias.com\/en\/copa-del-rey\/barca-wins-the-cup-international-press-reactions_312346_102.html#breadcrumb","itemListElement":[{"@type":"ListItem","position":1,"name":"Portada","item":"https:\/\/www.fcbarcelonanoticias.com\/en\/"},{"@type":"ListItem","position":2,"name":"Bar\u00e7a Cup winners: This is how the Spanish and international press describe the Bar\u00e7a title"}]},{"@type":"WebSite","@id":"https:\/\/www.fcbarcelonanoticias.com\/en\/#website","url":"https:\/\/www.fcbarcelonanoticias.com\/en\/","name":"EN - FC Barcelona Noticias","description":"","potentialAction":[{"@type":"SearchAction","target":{"@type":"EntryPoint","urlTemplate":"https:\/\/www.fcbarcelonanoticias.com\/en\/?s={search_term_string}"},"query-input":{"@type":"PropertyValueSpecification","valueRequired":true,"valueName":"search_term_string"}}],"inLanguage":"en-US"},{"@type":"Person","@id":"https:\/\/www.fcbarcelonanoticias.com\/en\/#\/schema\/person\/c2cd9f6fa1af5c0d0eccd0fefa575c88","name":"Andr\u00e9s Quiroz","image":{"@type":"ImageObject","inLanguage":"en-US","@id":"https:\/\/secure.gravatar.com\/avatar\/?s=96&d=mm&r=g","url":"https:\/\/secure.gravatar.com\/avatar\/?s=96&d=mm&r=g","contentUrl":"https:\/\/secure.gravatar.com\/avatar\/?s=96&d=mm&r=g","caption":"Andr\u00e9s Quiroz"},"description":"Licenciado en Periodismo por la Universidad de los Andes. Me encargo de analizar y compartir los contenidos m\u00e1s destacados de la\u00a0actualidad del F\u00fatbol Club Barcelona, Mercado de Fichajes y F\u00fatbol Internacional en FCBN. La informaci\u00f3n es poder, pero tambi\u00e9n conocimiento.","url":"https:\/\/www.fcbarcelonanoticias.com\/en\/fc-barcelona\/andres-quiroz_17_115.html"}]}},"_links":{"self":[{"href":"https:\/\/www.fcbarcelonanoticias.com\/en\/wp-json\/wp\/v2\/posts\/7561","targetHints":{"allow":["GET"]}}],"collection":[{"href":"https:\/\/www.fcbarcelonanoticias.com\/en\/wp-json\/wp\/v2\/posts"}],"about":[{"href":"https:\/\/www.fcbarcelonanoticias.com\/en\/wp-json\/wp\/v2\/types\/post"}],"author":[{"embeddable":true,"href":"https:\/\/www.fcbarcelonanoticias.com\/en\/wp-json\/wp\/v2\/users\/347"}],"replies":[{"embeddable":true,"href":"https:\/\/www.fcbarcelonanoticias.com\/en\/wp-json\/wp\/v2\/comments?post=7561"}],"version-history":[{"count":6,"href":"https:\/\/www.fcbarcelonanoticias.com\/en\/wp-json\/wp\/v2\/posts\/7561\/revisions"}],"predecessor-version":[{"id":180181,"href":"https:\/\/www.fcbarcelonanoticias.com\/en\/wp-json\/wp\/v2\/posts\/7561\/revisions\/180181"}],"wp:featuredmedia":[{"embeddable":true,"href":"https:\/\/www.fcbarcelonanoticias.com\/en\/wp-json\/wp\/v2\/media\/7562"}],"wp:attachment":[{"href":"https:\/\/www.fcbarcelonanoticias.com\/en\/wp-json\/wp\/v2\/media?parent=7561"}],"wp:term":[{"taxonomy":"category","embeddable":true,"href":"https:\/\/www.fcbarcelonanoticias.com\/en\/wp-json\/wp\/v2\/categories?post=7561"},{"taxonomy":"post_tag","embeddable":true,"href":"https:\/\/www.fcbarcelonanoticias.com\/en\/wp-json\/wp\/v2\/tags?post=7561"}],"curies":[{"name":"wp","href":"https:\/\/api.w.org\/{rel}","templated":true}]}}