{"id":75641,"date":"2022-09-11T20:24:00","date_gmt":"2022-09-11T18:24:00","guid":{"rendered":"https:\/\/weisetech.dev\/fc-barcelona-noticias\/en\/nelson-semedo-shines-and-consolidates-in-the-barca-in-the-final-stretch-of-laliga_213137_102\/"},"modified":"2022-09-11T20:24:00","modified_gmt":"2022-09-11T18:24:00","slug":"mystery-starring-by-pique-left-cadiz-barcelona_284234_102","status":"publish","type":"post","link":"https:\/\/www.fcbarcelonanoticias.com\/en\/players\/mystery-starring-by-pique-left-cadiz-barcelona_284234_102.html","title":{"rendered":"The &#8216;mystery&#8217; starring Piqu\u00e9 who left C\u00e1diz-Bar\u00e7a"},"content":{"rendered":"<h2 class=\"wp-block-heading\">Gerard Piqu\u00e9 returned to Xavi&#8217;s starting eleven against C\u00e1diz and put on a good performance. However, according to the minutes of Carlos Del Cerro Grande, the player was reprimanded at minute 55 in an infraction that nobody saw<\/h2>  \r\n<div class=\"article-addons\">\r\n    <a href=\"https:\/\/www.fcbarcelonanoticias.com\/en\/calendar-fc-barcelona.html\"\r\n       target=\"_self\"\r\n       title=\"Calendar of FC Barcelona\"\r\n       class=\"blue-gredient-btn\">\r\n       \r\n        Calendar of FC Barcelona    <\/a>\r\n<\/div>   <p>The football seems to go back to smile him to <a data-external=\"0\" data-intl-links-en=\"https:\/\/www.fcbarcelonanoticias.com\/en\/tags\/gerard-pique\" data-intl-links-es=\"https:\/\/www.fcbarcelonanoticias.com\/tags\/gerard-pique\" href=\"https:\/\/www.fcbarcelonanoticias.com\/en\/tags\/gerard-pique.html\" rel=\"follow\" target=\"_self\" title=\"Gerard Piqu\u00e9\">Gerad Hammered<\/a>. The player has lived a start of season very complicated because of the problems by which crosses so much in the personal field (his divorce) as in the sportive, this last ocasionado by the decision taken by <a data-external=\"0\" data-intl-links-en=\"https:\/\/www.fcbarcelonanoticias.com\/en\/tags\/xavi-hernandez\" data-intl-links-es=\"https:\/\/www.fcbarcelonanoticias.com\/tags\/xavi-hernandez\" href=\"https:\/\/www.fcbarcelonanoticias.com\/en\/tags\/xavi-hernandez.html\" rel=\"follow\" target=\"_self\" title=\"Xavi Hern\u00e1ndez\">Xavi Hern\u00e1ndez<\/a>, the one who opted by relegar to the bench to the defender. The egarense asked on purpose the signings of Jules Kound\u00e9 and Andreas Christensen during the summer, <strong>and the arrival of these, added to the presence of Eric Garc\u00eda and Ronald Ara\u00fajo, have left to the &#8216;3&#8217; as the fifth head office of the rotation<\/strong>.<\/p>  <p>However, the last two parties of the FC Barcelona have served as &#8216;redemption&#8217; for the legendary player blaugrana. In the first party of the square cul\u00e9 in the phase of groups of the UEFA Champions League in front of Viktoria Plzen, <strong>Gerard could enjoy of 45 minutes in the terrain of game after going in during the halftime in replacement of Sergi Roberto<\/strong>. Although the crash was practically clear-cut, the footballer showed solid and avoided that the Czechs added a goal more to the marker.<\/p>  <p>After the meeting in front of the &#8216;Victorian&#8217; in the maximum competition of clubs in the world, Hern\u00e1ndez awarded him the first titularity of the season to the one who was one of his mates during his stage like player in the duel in front of the C\u00e1diz. Like this then , <strong>&#8216;Geri&#8217; did his debut in League this campaign, surrendering in a good level in spite of the little danger (practically invalid) generated by the &#8216;yellow submarine&#8217;<\/strong>.<\/p>  <p>However, the defender has given that speak in the last hours and no precisely by his performance on the lawn of the New Mirandilla. And it is that the record of Carlos of the Big Hill of the corresponding meeting to the fifth day of the local championship reflects a caution to the defender which happened unobserved in front of the eyes of all the viewers. &#8220;<strong>In the minute 55 the player (3)<\/strong> <strong>Hammer Bernabeu, Gerard was admonished by the following reason: Behaviour antideportiva when holding on to a contrary ostensiblemente, demolishing him, not being the balloon to distance to be played<\/strong>&#8220;, reflects the document.<\/p>  <h3>A &#8216;mystery&#8217; for resolving<\/h3>  <p>The curious of the situation is that in any register appears aimed said infringement. If it is annotated a caution to Lucas P\u00e9rez in the same minute, by what the central judge annotated him a yellow cardboard &#8216;ghost&#8217; to the Catalan defender. Now,<strong> it will remain for seeing if the card was fruit of an action that was not showed during the meeting or simply is a mistake of Of the Big Hill<\/strong>. To be like this, the same would be withdrawal.<\/p> ","protected":false},"excerpt":{"rendered":"<p>Gerard Piqu\u00e9 returned to Xavi&#8217;s starting eleven against C\u00e1diz and put on a good performance. However, according to the minutes of Carlos Del Cerro Grande, the player was reprimanded at minute 55 in an infraction that nobody saw The football seems to go back to smile him to Gerad Hammered. The player has lived a [&hellip;]<\/p>\n","protected":false},"author":358,"featured_media":75653,"comment_status":"closed","ping_status":"open","sticky":false,"template":"","format":"standard","meta":{"_acf_changed":false,"inline_featured_image":false,"_nextfly_llmd_date_locked":false,"footnotes":""},"categories":[453,107],"tags":[349,163],"class_list":["post-75641","post","type-post","status-publish","format-standard","has-post-thumbnail","hentry","category-players-2","category-players","tag-cadiz-cf","tag-gerard-pique"],"acf":[],"yoast_head":"<!-- This site is optimized with the Yoast SEO plugin v27.3 - https:\/\/yoast.com\/product\/yoast-seo-wordpress\/ -->\n<title>The &#039;mystery&#039; starring Piqu\u00e9 who left C\u00e1diz-Bar\u00e7a<\/title>\n<meta name=\"description\" content=\"Gerard Hammered went back to the eleven initial of Xavi in front of the C\u00e1diz and cuaj\u00f3 a good performance. However, according to the record of Carlos Of the Big Hill, the player was...\" \/>\n<meta name=\"robots\" content=\"index, follow, max-snippet:-1, max-image-preview:large, max-video-preview:-1\" \/>\n<link rel=\"canonical\" href=\"https:\/\/www.fcbarcelonanoticias.com\/en\/players\/mystery-starring-by-pique-left-cadiz-barcelona_284234_102.html\" \/>\n<meta property=\"og:locale\" content=\"en_US\" \/>\n<meta property=\"og:type\" content=\"article\" \/>\n<meta property=\"og:title\" content=\"The &#039;mystery&#039; starring Piqu\u00e9 who left C\u00e1diz-Bar\u00e7a\" \/>\n<meta property=\"og:description\" content=\"Gerard Hammered went back to the eleven initial of Xavi in front of the C\u00e1diz and cuaj\u00f3 a good performance. However, according to the record of Carlos Of the Big Hill, the player was...\" \/>\n<meta property=\"og:url\" content=\"https:\/\/www.fcbarcelonanoticias.com\/en\/players\/mystery-starring-by-pique-left-cadiz-barcelona_284234_102.html\" \/>\n<meta property=\"og:site_name\" content=\"EN - FC Barcelona Noticias\" \/>\n<meta property=\"article:published_time\" content=\"2022-09-11T18:24:00+00:00\" \/>\n<meta property=\"og:image\" content=\"https:\/\/www.fcbarcelonanoticias.com\/en\/wp-content\/uploads\/sites\/2\/2022\/09\/gerard-pique-controlando-el-balon-1.jpeg\" \/>\n\t<meta property=\"og:image:width\" content=\"1300\" \/>\n\t<meta property=\"og:image:height\" content=\"731\" \/>\n\t<meta property=\"og:image:type\" content=\"image\/jpeg\" \/>\n<meta name=\"author\" content=\"Juan Pablo Berdugo\" \/>\n<meta name=\"twitter:card\" content=\"summary_large_image\" \/>\n<meta name=\"twitter:label1\" content=\"Written by\" \/>\n\t<meta name=\"twitter:data1\" content=\"Juan Pablo Berdugo\" \/>\n\t<meta name=\"twitter:label2\" content=\"Est. reading time\" \/>\n\t<meta name=\"twitter:data2\" content=\"3 minutes\" \/>\n<script type=\"application\/ld+json\" class=\"yoast-schema-graph\">{\"@context\":\"https:\\\/\\\/schema.org\",\"@graph\":[{\"@type\":\"Article\",\"@id\":\"https:\\\/\\\/www.fcbarcelonanoticias.com\\\/en\\\/players\\\/mystery-starring-by-pique-left-cadiz-barcelona_284234_102.html#article\",\"isPartOf\":{\"@id\":\"https:\\\/\\\/www.fcbarcelonanoticias.com\\\/en\\\/players\\\/mystery-starring-by-pique-left-cadiz-barcelona_284234_102.html\"},\"author\":{\"name\":\"Juan Pablo Berdugo\",\"@id\":\"https:\\\/\\\/www.fcbarcelonanoticias.com\\\/en\\\/#\\\/schema\\\/person\\\/88d756918a0a1ae9fa593b5edddd1815\"},\"headline\":\"The &#8216;mystery&#8217; starring Piqu\u00e9 who left C\u00e1diz-Bar\u00e7a\",\"datePublished\":\"2022-09-11T18:24:00+00:00\",\"mainEntityOfPage\":{\"@id\":\"https:\\\/\\\/www.fcbarcelonanoticias.com\\\/en\\\/players\\\/mystery-starring-by-pique-left-cadiz-barcelona_284234_102.html\"},\"wordCount\":510,\"image\":{\"@id\":\"https:\\\/\\\/www.fcbarcelonanoticias.com\\\/en\\\/players\\\/mystery-starring-by-pique-left-cadiz-barcelona_284234_102.html#primaryimage\"},\"thumbnailUrl\":\"https:\\\/\\\/www.fcbarcelonanoticias.com\\\/en\\\/wp-content\\\/uploads\\\/sites\\\/2\\\/2022\\\/09\\\/gerard-pique-controlando-el-balon-1.jpeg\",\"keywords\":[\"C\u00e1diz CF\",\"Gerard Piqu\u00e9\"],\"articleSection\":[\"Players\",\"Players\"],\"inLanguage\":\"en-US\"},{\"@type\":\"WebPage\",\"@id\":\"https:\\\/\\\/www.fcbarcelonanoticias.com\\\/en\\\/players\\\/mystery-starring-by-pique-left-cadiz-barcelona_284234_102.html\",\"url\":\"https:\\\/\\\/www.fcbarcelonanoticias.com\\\/en\\\/players\\\/mystery-starring-by-pique-left-cadiz-barcelona_284234_102.html\",\"name\":\"The 'mystery' starring Piqu\u00e9 who left C\u00e1diz-Bar\u00e7a\",\"isPartOf\":{\"@id\":\"https:\\\/\\\/www.fcbarcelonanoticias.com\\\/en\\\/#website\"},\"primaryImageOfPage\":{\"@id\":\"https:\\\/\\\/www.fcbarcelonanoticias.com\\\/en\\\/players\\\/mystery-starring-by-pique-left-cadiz-barcelona_284234_102.html#primaryimage\"},\"image\":{\"@id\":\"https:\\\/\\\/www.fcbarcelonanoticias.com\\\/en\\\/players\\\/mystery-starring-by-pique-left-cadiz-barcelona_284234_102.html#primaryimage\"},\"thumbnailUrl\":\"https:\\\/\\\/www.fcbarcelonanoticias.com\\\/en\\\/wp-content\\\/uploads\\\/sites\\\/2\\\/2022\\\/09\\\/gerard-pique-controlando-el-balon-1.jpeg\",\"datePublished\":\"2022-09-11T18:24:00+00:00\",\"author\":{\"@id\":\"https:\\\/\\\/www.fcbarcelonanoticias.com\\\/en\\\/#\\\/schema\\\/person\\\/88d756918a0a1ae9fa593b5edddd1815\"},\"description\":\"Gerard Hammered went back to the eleven initial of Xavi in front of the C\u00e1diz and cuaj\u00f3 a good performance. However, according to the record of Carlos Of the Big Hill, the player was...\",\"breadcrumb\":{\"@id\":\"https:\\\/\\\/www.fcbarcelonanoticias.com\\\/en\\\/players\\\/mystery-starring-by-pique-left-cadiz-barcelona_284234_102.html#breadcrumb\"},\"inLanguage\":\"en-US\",\"potentialAction\":[{\"@type\":\"ReadAction\",\"target\":[\"https:\\\/\\\/www.fcbarcelonanoticias.com\\\/en\\\/players\\\/mystery-starring-by-pique-left-cadiz-barcelona_284234_102.html\"]}]},{\"@type\":\"ImageObject\",\"inLanguage\":\"en-US\",\"@id\":\"https:\\\/\\\/www.fcbarcelonanoticias.com\\\/en\\\/players\\\/mystery-starring-by-pique-left-cadiz-barcelona_284234_102.html#primaryimage\",\"url\":\"https:\\\/\\\/www.fcbarcelonanoticias.com\\\/en\\\/wp-content\\\/uploads\\\/sites\\\/2\\\/2022\\\/09\\\/gerard-pique-controlando-el-balon-1.jpeg\",\"contentUrl\":\"https:\\\/\\\/www.fcbarcelonanoticias.com\\\/en\\\/wp-content\\\/uploads\\\/sites\\\/2\\\/2022\\\/09\\\/gerard-pique-controlando-el-balon-1.jpeg\",\"width\":1300,\"height\":731},{\"@type\":\"BreadcrumbList\",\"@id\":\"https:\\\/\\\/www.fcbarcelonanoticias.com\\\/en\\\/players\\\/mystery-starring-by-pique-left-cadiz-barcelona_284234_102.html#breadcrumb\",\"itemListElement\":[{\"@type\":\"ListItem\",\"position\":1,\"name\":\"Portada\",\"item\":\"https:\\\/\\\/www.fcbarcelonanoticias.com\\\/en\\\/\"},{\"@type\":\"ListItem\",\"position\":2,\"name\":\"The &#8216;mystery&#8217; starring Piqu\u00e9 who left C\u00e1diz-Bar\u00e7a\"}]},{\"@type\":\"WebSite\",\"@id\":\"https:\\\/\\\/www.fcbarcelonanoticias.com\\\/en\\\/#website\",\"url\":\"https:\\\/\\\/www.fcbarcelonanoticias.com\\\/en\\\/\",\"name\":\"EN - FC Barcelona Noticias\",\"description\":\"\",\"potentialAction\":[{\"@type\":\"SearchAction\",\"target\":{\"@type\":\"EntryPoint\",\"urlTemplate\":\"https:\\\/\\\/www.fcbarcelonanoticias.com\\\/en\\\/?s={search_term_string}\"},\"query-input\":{\"@type\":\"PropertyValueSpecification\",\"valueRequired\":true,\"valueName\":\"search_term_string\"}}],\"inLanguage\":\"en-US\"},{\"@type\":\"Person\",\"@id\":\"https:\\\/\\\/www.fcbarcelonanoticias.com\\\/en\\\/#\\\/schema\\\/person\\\/88d756918a0a1ae9fa593b5edddd1815\",\"name\":\"Juan Pablo Berdugo\",\"image\":{\"@type\":\"ImageObject\",\"inLanguage\":\"en-US\",\"@id\":\"https:\\\/\\\/secure.gravatar.com\\\/avatar\\\/?s=96&d=mm&r=g\",\"url\":\"https:\\\/\\\/secure.gravatar.com\\\/avatar\\\/?s=96&d=mm&r=g\",\"contentUrl\":\"https:\\\/\\\/secure.gravatar.com\\\/avatar\\\/?s=96&d=mm&r=g\",\"caption\":\"Juan Pablo Berdugo\"},\"description\":\"Juan Pablo Berdugo es graduado en Periodismo. Colabora con FCBN como especialista en informaci\u00f3n del primer equipo del FC Barcelona, f\u00fatbol internacional y mercado de fichajes. Destaca por su enfoque anal\u00edtico, su rigor informativo y su capacidad para detectar tendencias emergentes en el f\u00fatbol global.\",\"url\":\"https:\\\/\\\/www.fcbarcelonanoticias.com\\\/en\\\/fc-barcelona\\\/juan-pablo-berdugo_18_115.html\"}]}<\/script>\n<!-- \/ Yoast SEO plugin. -->","yoast_head_json":{"title":"The 'mystery' starring Piqu\u00e9 who left C\u00e1diz-Bar\u00e7a","description":"Gerard Hammered went back to the eleven initial of Xavi in front of the C\u00e1diz and cuaj\u00f3 a good performance. However, according to the record of Carlos Of the Big Hill, the player was...","robots":{"index":"index","follow":"follow","max-snippet":"max-snippet:-1","max-image-preview":"max-image-preview:large","max-video-preview":"max-video-preview:-1"},"canonical":"https:\/\/www.fcbarcelonanoticias.com\/en\/players\/mystery-starring-by-pique-left-cadiz-barcelona_284234_102.html","og_locale":"en_US","og_type":"article","og_title":"The 'mystery' starring Piqu\u00e9 who left C\u00e1diz-Bar\u00e7a","og_description":"Gerard Hammered went back to the eleven initial of Xavi in front of the C\u00e1diz and cuaj\u00f3 a good performance. However, according to the record of Carlos Of the Big Hill, the player was...","og_url":"https:\/\/www.fcbarcelonanoticias.com\/en\/players\/mystery-starring-by-pique-left-cadiz-barcelona_284234_102.html","og_site_name":"EN - FC Barcelona Noticias","article_published_time":"2022-09-11T18:24:00+00:00","og_image":[{"width":1300,"height":731,"url":"https:\/\/www.fcbarcelonanoticias.com\/en\/wp-content\/uploads\/sites\/2\/2022\/09\/gerard-pique-controlando-el-balon-1.jpeg","type":"image\/jpeg"}],"author":"Juan Pablo Berdugo","twitter_card":"summary_large_image","twitter_misc":{"Written by":"Juan Pablo Berdugo","Est. reading time":"3 minutes"},"schema":{"@context":"https:\/\/schema.org","@graph":[{"@type":"Article","@id":"https:\/\/www.fcbarcelonanoticias.com\/en\/players\/mystery-starring-by-pique-left-cadiz-barcelona_284234_102.html#article","isPartOf":{"@id":"https:\/\/www.fcbarcelonanoticias.com\/en\/players\/mystery-starring-by-pique-left-cadiz-barcelona_284234_102.html"},"author":{"name":"Juan Pablo Berdugo","@id":"https:\/\/www.fcbarcelonanoticias.com\/en\/#\/schema\/person\/88d756918a0a1ae9fa593b5edddd1815"},"headline":"The &#8216;mystery&#8217; starring Piqu\u00e9 who left C\u00e1diz-Bar\u00e7a","datePublished":"2022-09-11T18:24:00+00:00","mainEntityOfPage":{"@id":"https:\/\/www.fcbarcelonanoticias.com\/en\/players\/mystery-starring-by-pique-left-cadiz-barcelona_284234_102.html"},"wordCount":510,"image":{"@id":"https:\/\/www.fcbarcelonanoticias.com\/en\/players\/mystery-starring-by-pique-left-cadiz-barcelona_284234_102.html#primaryimage"},"thumbnailUrl":"https:\/\/www.fcbarcelonanoticias.com\/en\/wp-content\/uploads\/sites\/2\/2022\/09\/gerard-pique-controlando-el-balon-1.jpeg","keywords":["C\u00e1diz CF","Gerard Piqu\u00e9"],"articleSection":["Players","Players"],"inLanguage":"en-US"},{"@type":"WebPage","@id":"https:\/\/www.fcbarcelonanoticias.com\/en\/players\/mystery-starring-by-pique-left-cadiz-barcelona_284234_102.html","url":"https:\/\/www.fcbarcelonanoticias.com\/en\/players\/mystery-starring-by-pique-left-cadiz-barcelona_284234_102.html","name":"The 'mystery' starring Piqu\u00e9 who left C\u00e1diz-Bar\u00e7a","isPartOf":{"@id":"https:\/\/www.fcbarcelonanoticias.com\/en\/#website"},"primaryImageOfPage":{"@id":"https:\/\/www.fcbarcelonanoticias.com\/en\/players\/mystery-starring-by-pique-left-cadiz-barcelona_284234_102.html#primaryimage"},"image":{"@id":"https:\/\/www.fcbarcelonanoticias.com\/en\/players\/mystery-starring-by-pique-left-cadiz-barcelona_284234_102.html#primaryimage"},"thumbnailUrl":"https:\/\/www.fcbarcelonanoticias.com\/en\/wp-content\/uploads\/sites\/2\/2022\/09\/gerard-pique-controlando-el-balon-1.jpeg","datePublished":"2022-09-11T18:24:00+00:00","author":{"@id":"https:\/\/www.fcbarcelonanoticias.com\/en\/#\/schema\/person\/88d756918a0a1ae9fa593b5edddd1815"},"description":"Gerard Hammered went back to the eleven initial of Xavi in front of the C\u00e1diz and cuaj\u00f3 a good performance. However, according to the record of Carlos Of the Big Hill, the player was...","breadcrumb":{"@id":"https:\/\/www.fcbarcelonanoticias.com\/en\/players\/mystery-starring-by-pique-left-cadiz-barcelona_284234_102.html#breadcrumb"},"inLanguage":"en-US","potentialAction":[{"@type":"ReadAction","target":["https:\/\/www.fcbarcelonanoticias.com\/en\/players\/mystery-starring-by-pique-left-cadiz-barcelona_284234_102.html"]}]},{"@type":"ImageObject","inLanguage":"en-US","@id":"https:\/\/www.fcbarcelonanoticias.com\/en\/players\/mystery-starring-by-pique-left-cadiz-barcelona_284234_102.html#primaryimage","url":"https:\/\/www.fcbarcelonanoticias.com\/en\/wp-content\/uploads\/sites\/2\/2022\/09\/gerard-pique-controlando-el-balon-1.jpeg","contentUrl":"https:\/\/www.fcbarcelonanoticias.com\/en\/wp-content\/uploads\/sites\/2\/2022\/09\/gerard-pique-controlando-el-balon-1.jpeg","width":1300,"height":731},{"@type":"BreadcrumbList","@id":"https:\/\/www.fcbarcelonanoticias.com\/en\/players\/mystery-starring-by-pique-left-cadiz-barcelona_284234_102.html#breadcrumb","itemListElement":[{"@type":"ListItem","position":1,"name":"Portada","item":"https:\/\/www.fcbarcelonanoticias.com\/en\/"},{"@type":"ListItem","position":2,"name":"The &#8216;mystery&#8217; starring Piqu\u00e9 who left C\u00e1diz-Bar\u00e7a"}]},{"@type":"WebSite","@id":"https:\/\/www.fcbarcelonanoticias.com\/en\/#website","url":"https:\/\/www.fcbarcelonanoticias.com\/en\/","name":"EN - FC Barcelona Noticias","description":"","potentialAction":[{"@type":"SearchAction","target":{"@type":"EntryPoint","urlTemplate":"https:\/\/www.fcbarcelonanoticias.com\/en\/?s={search_term_string}"},"query-input":{"@type":"PropertyValueSpecification","valueRequired":true,"valueName":"search_term_string"}}],"inLanguage":"en-US"},{"@type":"Person","@id":"https:\/\/www.fcbarcelonanoticias.com\/en\/#\/schema\/person\/88d756918a0a1ae9fa593b5edddd1815","name":"Juan Pablo Berdugo","image":{"@type":"ImageObject","inLanguage":"en-US","@id":"https:\/\/secure.gravatar.com\/avatar\/?s=96&d=mm&r=g","url":"https:\/\/secure.gravatar.com\/avatar\/?s=96&d=mm&r=g","contentUrl":"https:\/\/secure.gravatar.com\/avatar\/?s=96&d=mm&r=g","caption":"Juan Pablo Berdugo"},"description":"Juan Pablo Berdugo es graduado en Periodismo. Colabora con FCBN como especialista en informaci\u00f3n del primer equipo del FC Barcelona, f\u00fatbol internacional y mercado de fichajes. Destaca por su enfoque anal\u00edtico, su rigor informativo y su capacidad para detectar tendencias emergentes en el f\u00fatbol global.","url":"https:\/\/www.fcbarcelonanoticias.com\/en\/fc-barcelona\/juan-pablo-berdugo_18_115.html"}]}},"_links":{"self":[{"href":"https:\/\/www.fcbarcelonanoticias.com\/en\/wp-json\/wp\/v2\/posts\/75641","targetHints":{"allow":["GET"]}}],"collection":[{"href":"https:\/\/www.fcbarcelonanoticias.com\/en\/wp-json\/wp\/v2\/posts"}],"about":[{"href":"https:\/\/www.fcbarcelonanoticias.com\/en\/wp-json\/wp\/v2\/types\/post"}],"author":[{"embeddable":true,"href":"https:\/\/www.fcbarcelonanoticias.com\/en\/wp-json\/wp\/v2\/users\/358"}],"replies":[{"embeddable":true,"href":"https:\/\/www.fcbarcelonanoticias.com\/en\/wp-json\/wp\/v2\/comments?post=75641"}],"version-history":[{"count":1,"href":"https:\/\/www.fcbarcelonanoticias.com\/en\/wp-json\/wp\/v2\/posts\/75641\/revisions"}],"predecessor-version":[{"id":75645,"href":"https:\/\/www.fcbarcelonanoticias.com\/en\/wp-json\/wp\/v2\/posts\/75641\/revisions\/75645"}],"wp:featuredmedia":[{"embeddable":true,"href":"https:\/\/www.fcbarcelonanoticias.com\/en\/wp-json\/wp\/v2\/media\/75653"}],"wp:attachment":[{"href":"https:\/\/www.fcbarcelonanoticias.com\/en\/wp-json\/wp\/v2\/media?parent=75641"}],"wp:term":[{"taxonomy":"category","embeddable":true,"href":"https:\/\/www.fcbarcelonanoticias.com\/en\/wp-json\/wp\/v2\/categories?post=75641"},{"taxonomy":"post_tag","embeddable":true,"href":"https:\/\/www.fcbarcelonanoticias.com\/en\/wp-json\/wp\/v2\/tags?post=75641"}],"curies":[{"name":"wp","href":"https:\/\/api.w.org\/{rel}","templated":true}]}}