{"id":75643,"date":"2022-07-11T19:23:00","date_gmt":"2022-07-11T17:23:00","guid":{"rendered":"https:\/\/weisetech.dev\/fc-barcelona-noticias\/en\/pedri-will-be-part-select-group-part-season-22-23_282104_102\/"},"modified":"2026-04-16T09:25:25","modified_gmt":"2026-04-16T07:25:25","slug":"pedri-will-be-part-select-group-part-season-22-23_282104_102","status":"publish","type":"post","link":"https:\/\/www.fcbarcelonanoticias.com\/en\/players\/pedri-will-be-part-select-group-part-season-22-23_282104_102.html","title":{"rendered":"Pedri will be part of a select group from the 22\/23 season"},"content":{"rendered":"<h2 class=\"wp-block-heading\">Pedri Gonz\u00e1lez will join a list of historic Bar\u00e7a players starting next season. The Canarian will wear the number &#8216;8&#8217; shirt, which has previously been used by players of the stature of Iniesta, Dani Alves and Stoichkov<\/h2>  \r\n<div class=\"article-addons\">\r\n    <a href=\"https:\/\/www.fcbarcelonanoticias.com\/en\/calendar-fc-barcelona.html\"\r\n       target=\"_self\"\r\n       title=\"Calendar of FC Barcelona\"\r\n       class=\"blue-gredient-btn\">\r\n       \r\n        Calendar of FC Barcelona    <\/a>\r\n<\/div>   <p>In spite of having been very punished by the injuries during the past course, the season of <a href=\"https:\/\/www.fcbarcelonanoticias.com\/jugador\/pedri.html\" title=\"Pedri\">Pedri Gonz\u00e1lez<\/a> was spectacular. The Canarian is one of the key figures of the <a href=\"https:\/\/www.fcbarcelonanoticias.com\/futbol\/fc-barcelona.html\" title=\"FC Barcelona\">FC Barcelona<\/a> and has consecrated like one of the &#8216;stars&#8217; of the Catalan entity and the Spanish football. Night after night, the player dazzled to all and sundry, handled the threads of the midfield of Barcelona and <strong>already has won the comparison with a legend blaugrana like Andr\u00e9s Iniesta<\/strong>.<\/p>  <p>Now, the footballer will join to the &#8216;Brain&#8217; in a contrasted list. And it is that from the campaign 2022-2023, <strong>the &#8216;jewel&#8217; Spanish lucir\u00e1 the dorsal &#8216;8&#8217; in his T-shirt, which has been used by a big quantity of historical players from the season 1995-1996<\/strong>, the first in which LaLiga forced to carry a dorsal fixed. In that course, Guillermo Love was the attendant to carry said number, which had dressed in the period of the &#8216;Dream Team&#8217; and that finished selecting when the players had to carry a fixed number.<\/p>  <p>After Love, the charismatic Hristo Stoichkov dressed the &#8216;8&#8217; along 2 seasons in his return to the City Condal after his go through the Parma. When finalising the stage of the Bulgarian in the club, the canterano blaugrana Albert Celades carried said dorsal by a campaign before going out traspasado to the Celtic. With the exit of Celades, the Dutch Phillip Cocu did with the &#8216;8&#8217;,<strong> which used by five seasons in which it consecrated like captain of the team and ones of the foreign players with more meetings contested like cul\u00e9 (292)<\/strong>.<\/p>  <p>By his part, Ludovic Giuly did charge of the &#8216;8&#8217; once that Cocu concretised his return to the PSV Eindhoven. The extreme had a good to walk in the three seasons that was in the Camp Nou, being key in the achievement of the Champions of the 2006 to be displaced later by a Lionel Messi. When putting course to the Rome, <strong>Andr\u00e9s Iniesta took the dorsal of the French, turning into the best &#8216;8&#8217; in the history of the Bar\u00e7a and one of the best footballers of the history of the sport<\/strong>.<\/p>  <h3>A T-shirt &#8216;heavy&#8217;<\/h3>  <p>When Iniesta decided to put him end to his stage in the Barcelona entity, <strong>Arthur Melo took the responsibility to carry the already legendary dorsal<\/strong>. However, his performance was diminishing with the happen of the parties until it was traspasado to the Juventus in a barter that carried to Pjanic to the City Condal. Precisely, the bosnio was the following in dressing the &#8216;8&#8217;, fracasando in his first stage in the club before going out yielded to the Besiktas and leaving in evidence the &#8216;weight&#8217; to carry so legendary dorsal.<\/p>  <h3>Change on call<\/h3>  <p>Finally, Dani Alves decided to carry the number in his second periplo like footballer blaugrana. The historical Brazilian took the &#8216;8&#8217; after arriving like reinforcement of the wintry market and fulfilled with his work in which it went the end of his adventure like barcelonista. Now, <strong>the elder &#8216;jewel&#8217; of the entity, Pedri, will do charge of a dorsal that has been used by some of the best players of the history of the Bar\u00e7a, and with which will look for to write his name in golden letters in the annals of the club<\/strong>.<\/p> ","protected":false},"excerpt":{"rendered":"<p>Pedri Gonz\u00e1lez will join a list of historic Bar\u00e7a players starting next season. The Canarian will wear the number &#8216;8&#8217; shirt, which has previously been used by players of the stature of Iniesta, Dani Alves and Stoichkov In spite of having been very punished by the injuries during the past course, the season of Pedri [&hellip;]<\/p>\n","protected":false},"author":358,"featured_media":75648,"comment_status":"closed","ping_status":"open","sticky":false,"template":"","format":"standard","meta":{"_acf_changed":false,"inline_featured_image":false,"_nextfly_llmd_date_locked":false,"footnotes":""},"categories":[107,453],"tags":[168,192,225,326],"class_list":["post-75643","post","type-post","status-publish","format-standard","has-post-thumbnail","hentry","category-players","category-players-2","tag-andres-iniesta","tag-arthur","tag-dani-alves","tag-miralem-pjanic"],"acf":[],"yoast_head":"<!-- This site is optimized with the Yoast SEO plugin v27.3 - https:\/\/yoast.com\/product\/yoast-seo-wordpress\/ -->\n<title>Pedri will be part of a select group from the 22\/23 season<\/title>\n<meta name=\"description\" content=\"Pedri Gonz\u00e1lez will join to a list of historical players of the Bar\u00e7a from the next season. The Canarian lucir\u00e1 the dorsal &#039;8&#039;, which has been util...\" \/>\n<meta name=\"robots\" content=\"index, follow, max-snippet:-1, max-image-preview:large, max-video-preview:-1\" \/>\n<link rel=\"canonical\" href=\"https:\/\/www.fcbarcelonanoticias.com\/en\/players\/pedri-will-be-part-select-group-part-season-22-23_282104_102.html\" \/>\n<meta property=\"og:locale\" content=\"en_US\" \/>\n<meta property=\"og:type\" content=\"article\" \/>\n<meta property=\"og:title\" content=\"Pedri will be part of a select group from the 22\/23 season\" \/>\n<meta property=\"og:description\" content=\"Pedri Gonz\u00e1lez will join to a list of historical players of the Bar\u00e7a from the next season. The Canarian lucir\u00e1 the dorsal &#039;8&#039;, which has been util...\" \/>\n<meta property=\"og:url\" content=\"https:\/\/www.fcbarcelonanoticias.com\/en\/players\/pedri-will-be-part-select-group-part-season-22-23_282104_102.html\" \/>\n<meta property=\"og:site_name\" content=\"EN - FC Barcelona Noticias\" \/>\n<meta property=\"article:published_time\" content=\"2022-07-11T17:23:00+00:00\" \/>\n<meta property=\"article:modified_time\" content=\"2026-04-16T07:25:25+00:00\" \/>\n<meta property=\"og:image\" content=\"https:\/\/www.fcbarcelonanoticias.com\/en\/wp-content\/uploads\/sites\/2\/2022\/07\/fc-barcelona-v-ca-osasuna-la-liga-santander-2-1-1.jpeg\" \/>\n\t<meta property=\"og:image:width\" content=\"1200\" \/>\n\t<meta property=\"og:image:height\" content=\"727\" \/>\n\t<meta property=\"og:image:type\" content=\"image\/jpeg\" \/>\n<meta name=\"author\" content=\"Juan Pablo Berdugo\" \/>\n<meta name=\"twitter:card\" content=\"summary_large_image\" \/>\n<meta name=\"twitter:label1\" content=\"Written by\" \/>\n\t<meta name=\"twitter:data1\" content=\"Juan Pablo Berdugo\" \/>\n\t<meta name=\"twitter:label2\" content=\"Est. reading time\" \/>\n\t<meta name=\"twitter:data2\" content=\"3 minutes\" \/>\n<script type=\"application\/ld+json\" class=\"yoast-schema-graph\">{\"@context\":\"https:\\\/\\\/schema.org\",\"@graph\":[{\"@type\":\"Article\",\"@id\":\"https:\\\/\\\/www.fcbarcelonanoticias.com\\\/en\\\/players\\\/pedri-will-be-part-select-group-part-season-22-23_282104_102.html#article\",\"isPartOf\":{\"@id\":\"https:\\\/\\\/www.fcbarcelonanoticias.com\\\/en\\\/players\\\/pedri-will-be-part-select-group-part-season-22-23_282104_102.html\"},\"author\":{\"name\":\"Juan Pablo Berdugo\",\"@id\":\"https:\\\/\\\/www.fcbarcelonanoticias.com\\\/en\\\/#\\\/schema\\\/person\\\/88d756918a0a1ae9fa593b5edddd1815\"},\"headline\":\"Pedri will be part of a select group from the 22\\\/23 season\",\"datePublished\":\"2022-07-11T17:23:00+00:00\",\"dateModified\":\"2026-04-16T07:25:25+00:00\",\"mainEntityOfPage\":{\"@id\":\"https:\\\/\\\/www.fcbarcelonanoticias.com\\\/en\\\/players\\\/pedri-will-be-part-select-group-part-season-22-23_282104_102.html\"},\"wordCount\":591,\"image\":{\"@id\":\"https:\\\/\\\/www.fcbarcelonanoticias.com\\\/en\\\/players\\\/pedri-will-be-part-select-group-part-season-22-23_282104_102.html#primaryimage\"},\"thumbnailUrl\":\"https:\\\/\\\/www.fcbarcelonanoticias.com\\\/en\\\/wp-content\\\/uploads\\\/sites\\\/2\\\/2022\\\/07\\\/fc-barcelona-v-ca-osasuna-la-liga-santander-2-1-1.jpeg\",\"keywords\":[\"Andr\u00e9s Iniesta\",\"Arthur\",\"Dani Alves\",\"Miralem Pjanic\"],\"articleSection\":[\"Players\",\"Players\"],\"inLanguage\":\"en-US\"},{\"@type\":\"WebPage\",\"@id\":\"https:\\\/\\\/www.fcbarcelonanoticias.com\\\/en\\\/players\\\/pedri-will-be-part-select-group-part-season-22-23_282104_102.html\",\"url\":\"https:\\\/\\\/www.fcbarcelonanoticias.com\\\/en\\\/players\\\/pedri-will-be-part-select-group-part-season-22-23_282104_102.html\",\"name\":\"Pedri will be part of a select group from the 22\\\/23 season\",\"isPartOf\":{\"@id\":\"https:\\\/\\\/www.fcbarcelonanoticias.com\\\/en\\\/#website\"},\"primaryImageOfPage\":{\"@id\":\"https:\\\/\\\/www.fcbarcelonanoticias.com\\\/en\\\/players\\\/pedri-will-be-part-select-group-part-season-22-23_282104_102.html#primaryimage\"},\"image\":{\"@id\":\"https:\\\/\\\/www.fcbarcelonanoticias.com\\\/en\\\/players\\\/pedri-will-be-part-select-group-part-season-22-23_282104_102.html#primaryimage\"},\"thumbnailUrl\":\"https:\\\/\\\/www.fcbarcelonanoticias.com\\\/en\\\/wp-content\\\/uploads\\\/sites\\\/2\\\/2022\\\/07\\\/fc-barcelona-v-ca-osasuna-la-liga-santander-2-1-1.jpeg\",\"datePublished\":\"2022-07-11T17:23:00+00:00\",\"dateModified\":\"2026-04-16T07:25:25+00:00\",\"author\":{\"@id\":\"https:\\\/\\\/www.fcbarcelonanoticias.com\\\/en\\\/#\\\/schema\\\/person\\\/88d756918a0a1ae9fa593b5edddd1815\"},\"description\":\"Pedri Gonz\u00e1lez will join to a list of historical players of the Bar\u00e7a from the next season. The Canarian lucir\u00e1 the dorsal '8', which has been util...\",\"breadcrumb\":{\"@id\":\"https:\\\/\\\/www.fcbarcelonanoticias.com\\\/en\\\/players\\\/pedri-will-be-part-select-group-part-season-22-23_282104_102.html#breadcrumb\"},\"inLanguage\":\"en-US\",\"potentialAction\":[{\"@type\":\"ReadAction\",\"target\":[\"https:\\\/\\\/www.fcbarcelonanoticias.com\\\/en\\\/players\\\/pedri-will-be-part-select-group-part-season-22-23_282104_102.html\"]}]},{\"@type\":\"ImageObject\",\"inLanguage\":\"en-US\",\"@id\":\"https:\\\/\\\/www.fcbarcelonanoticias.com\\\/en\\\/players\\\/pedri-will-be-part-select-group-part-season-22-23_282104_102.html#primaryimage\",\"url\":\"https:\\\/\\\/www.fcbarcelonanoticias.com\\\/en\\\/wp-content\\\/uploads\\\/sites\\\/2\\\/2022\\\/07\\\/fc-barcelona-v-ca-osasuna-la-liga-santander-2-1-1.jpeg\",\"contentUrl\":\"https:\\\/\\\/www.fcbarcelonanoticias.com\\\/en\\\/wp-content\\\/uploads\\\/sites\\\/2\\\/2022\\\/07\\\/fc-barcelona-v-ca-osasuna-la-liga-santander-2-1-1.jpeg\",\"width\":1200,\"height\":727},{\"@type\":\"BreadcrumbList\",\"@id\":\"https:\\\/\\\/www.fcbarcelonanoticias.com\\\/en\\\/players\\\/pedri-will-be-part-select-group-part-season-22-23_282104_102.html#breadcrumb\",\"itemListElement\":[{\"@type\":\"ListItem\",\"position\":1,\"name\":\"Portada\",\"item\":\"https:\\\/\\\/www.fcbarcelonanoticias.com\\\/en\\\/\"},{\"@type\":\"ListItem\",\"position\":2,\"name\":\"Pedri will be part of a select group from the 22\\\/23 season\"}]},{\"@type\":\"WebSite\",\"@id\":\"https:\\\/\\\/www.fcbarcelonanoticias.com\\\/en\\\/#website\",\"url\":\"https:\\\/\\\/www.fcbarcelonanoticias.com\\\/en\\\/\",\"name\":\"EN - FC Barcelona Noticias\",\"description\":\"\",\"potentialAction\":[{\"@type\":\"SearchAction\",\"target\":{\"@type\":\"EntryPoint\",\"urlTemplate\":\"https:\\\/\\\/www.fcbarcelonanoticias.com\\\/en\\\/?s={search_term_string}\"},\"query-input\":{\"@type\":\"PropertyValueSpecification\",\"valueRequired\":true,\"valueName\":\"search_term_string\"}}],\"inLanguage\":\"en-US\"},{\"@type\":\"Person\",\"@id\":\"https:\\\/\\\/www.fcbarcelonanoticias.com\\\/en\\\/#\\\/schema\\\/person\\\/88d756918a0a1ae9fa593b5edddd1815\",\"name\":\"Juan Pablo Berdugo\",\"image\":{\"@type\":\"ImageObject\",\"inLanguage\":\"en-US\",\"@id\":\"https:\\\/\\\/secure.gravatar.com\\\/avatar\\\/?s=96&d=mm&r=g\",\"url\":\"https:\\\/\\\/secure.gravatar.com\\\/avatar\\\/?s=96&d=mm&r=g\",\"contentUrl\":\"https:\\\/\\\/secure.gravatar.com\\\/avatar\\\/?s=96&d=mm&r=g\",\"caption\":\"Juan Pablo Berdugo\"},\"description\":\"Juan Pablo Berdugo es graduado en Periodismo. Colabora con FCBN como especialista en informaci\u00f3n del primer equipo del FC Barcelona, f\u00fatbol internacional y mercado de fichajes. Destaca por su enfoque anal\u00edtico, su rigor informativo y su capacidad para detectar tendencias emergentes en el f\u00fatbol global.\",\"url\":\"https:\\\/\\\/www.fcbarcelonanoticias.com\\\/en\\\/fc-barcelona\\\/juan-pablo-berdugo_18_115.html\"}]}<\/script>\n<!-- \/ Yoast SEO plugin. -->","yoast_head_json":{"title":"Pedri will be part of a select group from the 22\/23 season","description":"Pedri Gonz\u00e1lez will join to a list of historical players of the Bar\u00e7a from the next season. The Canarian lucir\u00e1 the dorsal '8', which has been util...","robots":{"index":"index","follow":"follow","max-snippet":"max-snippet:-1","max-image-preview":"max-image-preview:large","max-video-preview":"max-video-preview:-1"},"canonical":"https:\/\/www.fcbarcelonanoticias.com\/en\/players\/pedri-will-be-part-select-group-part-season-22-23_282104_102.html","og_locale":"en_US","og_type":"article","og_title":"Pedri will be part of a select group from the 22\/23 season","og_description":"Pedri Gonz\u00e1lez will join to a list of historical players of the Bar\u00e7a from the next season. The Canarian lucir\u00e1 the dorsal '8', which has been util...","og_url":"https:\/\/www.fcbarcelonanoticias.com\/en\/players\/pedri-will-be-part-select-group-part-season-22-23_282104_102.html","og_site_name":"EN - FC Barcelona Noticias","article_published_time":"2022-07-11T17:23:00+00:00","article_modified_time":"2026-04-16T07:25:25+00:00","og_image":[{"width":1200,"height":727,"url":"https:\/\/www.fcbarcelonanoticias.com\/en\/wp-content\/uploads\/sites\/2\/2022\/07\/fc-barcelona-v-ca-osasuna-la-liga-santander-2-1-1.jpeg","type":"image\/jpeg"}],"author":"Juan Pablo Berdugo","twitter_card":"summary_large_image","twitter_misc":{"Written by":"Juan Pablo Berdugo","Est. reading time":"3 minutes"},"schema":{"@context":"https:\/\/schema.org","@graph":[{"@type":"Article","@id":"https:\/\/www.fcbarcelonanoticias.com\/en\/players\/pedri-will-be-part-select-group-part-season-22-23_282104_102.html#article","isPartOf":{"@id":"https:\/\/www.fcbarcelonanoticias.com\/en\/players\/pedri-will-be-part-select-group-part-season-22-23_282104_102.html"},"author":{"name":"Juan Pablo Berdugo","@id":"https:\/\/www.fcbarcelonanoticias.com\/en\/#\/schema\/person\/88d756918a0a1ae9fa593b5edddd1815"},"headline":"Pedri will be part of a select group from the 22\/23 season","datePublished":"2022-07-11T17:23:00+00:00","dateModified":"2026-04-16T07:25:25+00:00","mainEntityOfPage":{"@id":"https:\/\/www.fcbarcelonanoticias.com\/en\/players\/pedri-will-be-part-select-group-part-season-22-23_282104_102.html"},"wordCount":591,"image":{"@id":"https:\/\/www.fcbarcelonanoticias.com\/en\/players\/pedri-will-be-part-select-group-part-season-22-23_282104_102.html#primaryimage"},"thumbnailUrl":"https:\/\/www.fcbarcelonanoticias.com\/en\/wp-content\/uploads\/sites\/2\/2022\/07\/fc-barcelona-v-ca-osasuna-la-liga-santander-2-1-1.jpeg","keywords":["Andr\u00e9s Iniesta","Arthur","Dani Alves","Miralem Pjanic"],"articleSection":["Players","Players"],"inLanguage":"en-US"},{"@type":"WebPage","@id":"https:\/\/www.fcbarcelonanoticias.com\/en\/players\/pedri-will-be-part-select-group-part-season-22-23_282104_102.html","url":"https:\/\/www.fcbarcelonanoticias.com\/en\/players\/pedri-will-be-part-select-group-part-season-22-23_282104_102.html","name":"Pedri will be part of a select group from the 22\/23 season","isPartOf":{"@id":"https:\/\/www.fcbarcelonanoticias.com\/en\/#website"},"primaryImageOfPage":{"@id":"https:\/\/www.fcbarcelonanoticias.com\/en\/players\/pedri-will-be-part-select-group-part-season-22-23_282104_102.html#primaryimage"},"image":{"@id":"https:\/\/www.fcbarcelonanoticias.com\/en\/players\/pedri-will-be-part-select-group-part-season-22-23_282104_102.html#primaryimage"},"thumbnailUrl":"https:\/\/www.fcbarcelonanoticias.com\/en\/wp-content\/uploads\/sites\/2\/2022\/07\/fc-barcelona-v-ca-osasuna-la-liga-santander-2-1-1.jpeg","datePublished":"2022-07-11T17:23:00+00:00","dateModified":"2026-04-16T07:25:25+00:00","author":{"@id":"https:\/\/www.fcbarcelonanoticias.com\/en\/#\/schema\/person\/88d756918a0a1ae9fa593b5edddd1815"},"description":"Pedri Gonz\u00e1lez will join to a list of historical players of the Bar\u00e7a from the next season. The Canarian lucir\u00e1 the dorsal '8', which has been util...","breadcrumb":{"@id":"https:\/\/www.fcbarcelonanoticias.com\/en\/players\/pedri-will-be-part-select-group-part-season-22-23_282104_102.html#breadcrumb"},"inLanguage":"en-US","potentialAction":[{"@type":"ReadAction","target":["https:\/\/www.fcbarcelonanoticias.com\/en\/players\/pedri-will-be-part-select-group-part-season-22-23_282104_102.html"]}]},{"@type":"ImageObject","inLanguage":"en-US","@id":"https:\/\/www.fcbarcelonanoticias.com\/en\/players\/pedri-will-be-part-select-group-part-season-22-23_282104_102.html#primaryimage","url":"https:\/\/www.fcbarcelonanoticias.com\/en\/wp-content\/uploads\/sites\/2\/2022\/07\/fc-barcelona-v-ca-osasuna-la-liga-santander-2-1-1.jpeg","contentUrl":"https:\/\/www.fcbarcelonanoticias.com\/en\/wp-content\/uploads\/sites\/2\/2022\/07\/fc-barcelona-v-ca-osasuna-la-liga-santander-2-1-1.jpeg","width":1200,"height":727},{"@type":"BreadcrumbList","@id":"https:\/\/www.fcbarcelonanoticias.com\/en\/players\/pedri-will-be-part-select-group-part-season-22-23_282104_102.html#breadcrumb","itemListElement":[{"@type":"ListItem","position":1,"name":"Portada","item":"https:\/\/www.fcbarcelonanoticias.com\/en\/"},{"@type":"ListItem","position":2,"name":"Pedri will be part of a select group from the 22\/23 season"}]},{"@type":"WebSite","@id":"https:\/\/www.fcbarcelonanoticias.com\/en\/#website","url":"https:\/\/www.fcbarcelonanoticias.com\/en\/","name":"EN - FC Barcelona Noticias","description":"","potentialAction":[{"@type":"SearchAction","target":{"@type":"EntryPoint","urlTemplate":"https:\/\/www.fcbarcelonanoticias.com\/en\/?s={search_term_string}"},"query-input":{"@type":"PropertyValueSpecification","valueRequired":true,"valueName":"search_term_string"}}],"inLanguage":"en-US"},{"@type":"Person","@id":"https:\/\/www.fcbarcelonanoticias.com\/en\/#\/schema\/person\/88d756918a0a1ae9fa593b5edddd1815","name":"Juan Pablo Berdugo","image":{"@type":"ImageObject","inLanguage":"en-US","@id":"https:\/\/secure.gravatar.com\/avatar\/?s=96&d=mm&r=g","url":"https:\/\/secure.gravatar.com\/avatar\/?s=96&d=mm&r=g","contentUrl":"https:\/\/secure.gravatar.com\/avatar\/?s=96&d=mm&r=g","caption":"Juan Pablo Berdugo"},"description":"Juan Pablo Berdugo es graduado en Periodismo. Colabora con FCBN como especialista en informaci\u00f3n del primer equipo del FC Barcelona, f\u00fatbol internacional y mercado de fichajes. Destaca por su enfoque anal\u00edtico, su rigor informativo y su capacidad para detectar tendencias emergentes en el f\u00fatbol global.","url":"https:\/\/www.fcbarcelonanoticias.com\/en\/fc-barcelona\/juan-pablo-berdugo_18_115.html"}]}},"_links":{"self":[{"href":"https:\/\/www.fcbarcelonanoticias.com\/en\/wp-json\/wp\/v2\/posts\/75643","targetHints":{"allow":["GET"]}}],"collection":[{"href":"https:\/\/www.fcbarcelonanoticias.com\/en\/wp-json\/wp\/v2\/posts"}],"about":[{"href":"https:\/\/www.fcbarcelonanoticias.com\/en\/wp-json\/wp\/v2\/types\/post"}],"author":[{"embeddable":true,"href":"https:\/\/www.fcbarcelonanoticias.com\/en\/wp-json\/wp\/v2\/users\/358"}],"replies":[{"embeddable":true,"href":"https:\/\/www.fcbarcelonanoticias.com\/en\/wp-json\/wp\/v2\/comments?post=75643"}],"version-history":[{"count":3,"href":"https:\/\/www.fcbarcelonanoticias.com\/en\/wp-json\/wp\/v2\/posts\/75643\/revisions"}],"predecessor-version":[{"id":174050,"href":"https:\/\/www.fcbarcelonanoticias.com\/en\/wp-json\/wp\/v2\/posts\/75643\/revisions\/174050"}],"wp:featuredmedia":[{"embeddable":true,"href":"https:\/\/www.fcbarcelonanoticias.com\/en\/wp-json\/wp\/v2\/media\/75648"}],"wp:attachment":[{"href":"https:\/\/www.fcbarcelonanoticias.com\/en\/wp-json\/wp\/v2\/media?parent=75643"}],"wp:term":[{"taxonomy":"category","embeddable":true,"href":"https:\/\/www.fcbarcelonanoticias.com\/en\/wp-json\/wp\/v2\/categories?post=75643"},{"taxonomy":"post_tag","embeddable":true,"href":"https:\/\/www.fcbarcelonanoticias.com\/en\/wp-json\/wp\/v2\/tags?post=75643"}],"curies":[{"name":"wp","href":"https:\/\/api.w.org\/{rel}","templated":true}]}}