{"id":75782,"date":"2020-07-13T10:45:00","date_gmt":"2020-07-13T08:45:00","guid":{"rendered":"https:\/\/weisetech.dev\/fc-barcelona-noticias\/en\/nelson-semedo-one-best-news-barcelona-break_259171_102\/"},"modified":"2020-07-13T10:45:00","modified_gmt":"2020-07-13T08:45:00","slug":"nelson-semedo-one-best-news-barcelona-break_259171_102","status":"publish","type":"post","link":"https:\/\/www.fcbarcelonanoticias.com\/en\/players\/nelson-semedo-one-best-news-barcelona-break_259171_102.html","title":{"rendered":"N\u00e9lson Semedo, one of the best news for Bar\u00e7a after the break"},"content":{"rendered":"<h2 class=\"wp-block-heading\">N\u00e9lson Semedo has gone of less to more this season and after the stop is being one of the most stood out players of the Bar\u00e7a. The luso is surrendering quite well and has forced to Seti\u00e9n to put to Sergi Roberto in the midfield<\/h2>  \r\n<div class=\"article-addons\">\r\n    <a href=\"https:\/\/www.fcbarcelonanoticias.com\/en\/calendar-fc-barcelona.html\"\r\n       target=\"_self\"\r\n       title=\"Calendar of FC Barcelona\"\r\n       class=\"blue-gredient-btn\">\r\n       \r\n        Calendar of FC Barcelona    <\/a>\r\n<\/div>   <p>The situation of <strong><a data-external=\"0\" data-intl-links-en=\"https:\/\/www.fcbarcelonanoticias.com\/en\/tags\/nelson-semedo\" data-intl-links-es=\"https:\/\/www.fcbarcelonanoticias.com\/tags\/nelson-semedo\" href=\"https:\/\/www.fcbarcelonanoticias.com\/en\/tags\/nelson-semedo.html\" rel=\"follow\" target=\"_self\" title=\"Nelson Semedo\">N\u00e9lson Semedo<\/a><\/strong> in the FC Barcelona has changed a lot of after the stop by the coronavirus. The right-handed side has <strong>happened to be a firm candidate to abandon the Barcelona discipline to be one of the best of the Bar\u00e7a<\/strong> this last month. The Portuguese has gone of less to more after the return of the football and from does weeks is one of the indisputable for <strong><a data-external=\"0\" data-intl-links-en=\"https:\/\/www.fcbarcelonanoticias.com\/en\/tags\/quique-setien\" data-intl-links-es=\"https:\/\/www.fcbarcelonanoticias.com\/tags\/quique-setien\" href=\"https:\/\/www.fcbarcelonanoticias.com\/en\/tags\/quique-setien.html\" rel=\"follow\" target=\"_self\" title=\"Quique Seti\u00e9n\">Quique Seti\u00e9n<\/a>\u200b<\/strong> in the defence.<\/p>  <p>The ex of the Benfica has won to pulse the titularity and has taken advantage of all his minutes and also those that has had while Sergi Roberto was lesionado. Physically it seems to be better that never and this vigour is giving him a lot to a Barcelona that in a lot of occasions lacks physical. It goes up the band in each meeting whenever has option and<strong> is a very useful resource when it needs attack to the space in front of enclosed defences<\/strong>.<\/p>  <p>In the Bar\u00e7a probably there is not a faster player that Semedo and the Portuguese knows to take advantage of this speed when it attacks. It is true that in the last third of field follows without being all the hit that it would have to and <strong>many times fails in the last pass or finish, but gives a lot of solutions and this is something that can not say a lot of<\/strong> blaugrana right now. Besides, in defence is showing solid inside what fits, although it still would be necessary to ask him more in some played.<\/p>  <p><strong>It has been headline in the last seven crashes and has completed the 90 minutes in five of these occasions<\/strong>. Seti\u00e9n Seems to have him in high esteem and when seeing his good level of game decided to plant to Sergi Roberto in the centre of the field when the one of Reus recovered . The Catalan has been, by the way, another of the big news of the Barcelona after the stop when shining in this place. With Semedo settled in the side, the canterano could happen definitively to the half, that is his ideal position.<\/p>  <p>The international by Portugal had the difficult mission to do forget to Dani Alves, but the reality is that this no would have to him ask to anybody. The Brazilian is the best right side of the history of the club and one of the best of always, by <strong>what to Semedo only would have to him ask that it fulfil, was to regulate and can be important in attack<\/strong>. After the stop, is fulfilling with grow in all this and even sees him much looser with the balloon in the feet.<\/p>  <h3>Semedo Is looser and unsuspecting<\/h3>  <p>Technically, the one of Green Cape is a lot of better of what has showed to be in a lot of moments with the Bar\u00e7a. Now <strong>it seems that it does not give him fear show, ask it and dribble if it has to do it<\/strong>. Still it has to him ask a bit more because has conditions to be more decisive in attack, but east is the way to be followed. It is 26 years old and it could be his moment in the City Condal. If it follows like this and has a good paper in Champions League, can that it finish winning his renewal and was the owner of the right-handed side a lot of years more.<\/p> ","protected":false},"excerpt":{"rendered":"<p>N\u00e9lson Semedo has gone of less to more this season and after the stop is being one of the most stood out players of the Bar\u00e7a. The luso is surrendering quite well and has forced to Seti\u00e9n to put to Sergi Roberto in the midfield The situation of N\u00e9lson Semedo in the FC Barcelona has [&hellip;]<\/p>\n","protected":false},"author":392,"featured_media":70340,"comment_status":"closed","ping_status":"open","sticky":false,"template":"","format":"standard","meta":{"_acf_changed":false,"inline_featured_image":false,"_nextfly_llmd_date_locked":false,"footnotes":""},"categories":[453,107],"tags":[303,208,240],"class_list":["post-75782","post","type-post","status-publish","format-standard","has-post-thumbnail","hentry","category-players-2","category-players","tag-nelson-semedo","tag-quique-setien","tag-sergi-roberto"],"acf":[],"yoast_head":"<!-- This site is optimized with the Yoast SEO plugin v27.3 - https:\/\/yoast.com\/product\/yoast-seo-wordpress\/ -->\n<title>N\u00e9lson Semedo, one of the best news for Bar\u00e7a after the break<\/title>\n<meta name=\"description\" content=\"N\u00e9lson Semedo Has gone of less to more this season and after the stop is being one of the most stood out players of the Bar\u00e7a. The luso is surrendering bast...\" \/>\n<meta name=\"robots\" content=\"index, follow, max-snippet:-1, max-image-preview:large, max-video-preview:-1\" \/>\n<link rel=\"canonical\" href=\"https:\/\/www.fcbarcelonanoticias.com\/en\/players\/nelson-semedo-one-best-news-barcelona-break_259171_102.html\" \/>\n<meta property=\"og:locale\" content=\"en_US\" \/>\n<meta property=\"og:type\" content=\"article\" \/>\n<meta property=\"og:title\" content=\"N\u00e9lson Semedo, one of the best news for Bar\u00e7a after the break\" \/>\n<meta property=\"og:description\" content=\"N\u00e9lson Semedo Has gone of less to more this season and after the stop is being one of the most stood out players of the Bar\u00e7a. The luso is surrendering bast...\" \/>\n<meta property=\"og:url\" content=\"https:\/\/www.fcbarcelonanoticias.com\/en\/players\/nelson-semedo-one-best-news-barcelona-break_259171_102.html\" \/>\n<meta property=\"og:site_name\" content=\"EN - FC Barcelona Noticias\" \/>\n<meta property=\"article:published_time\" content=\"2020-07-13T08:45:00+00:00\" \/>\n<meta property=\"og:image\" content=\"https:\/\/www.fcbarcelonanoticias.com\/en\/wp-content\/uploads\/sites\/2\/2020\/09\/semedo-paron-mejora.jpeg\" \/>\n\t<meta property=\"og:image:width\" content=\"1300\" \/>\n\t<meta property=\"og:image:height\" content=\"745\" \/>\n\t<meta property=\"og:image:type\" content=\"image\/jpeg\" \/>\n<meta name=\"author\" content=\"user_4048\" \/>\n<meta name=\"twitter:card\" content=\"summary_large_image\" \/>\n<meta name=\"twitter:label1\" content=\"Written by\" \/>\n\t<meta name=\"twitter:data1\" content=\"user_4048\" \/>\n\t<meta name=\"twitter:label2\" content=\"Est. reading time\" \/>\n\t<meta name=\"twitter:data2\" content=\"3 minutes\" \/>\n<script type=\"application\/ld+json\" class=\"yoast-schema-graph\">{\"@context\":\"https:\\\/\\\/schema.org\",\"@graph\":[{\"@type\":\"Article\",\"@id\":\"https:\\\/\\\/www.fcbarcelonanoticias.com\\\/en\\\/players\\\/nelson-semedo-one-best-news-barcelona-break_259171_102.html#article\",\"isPartOf\":{\"@id\":\"https:\\\/\\\/www.fcbarcelonanoticias.com\\\/en\\\/players\\\/nelson-semedo-one-best-news-barcelona-break_259171_102.html\"},\"author\":{\"name\":\"user_4048\",\"@id\":\"https:\\\/\\\/www.fcbarcelonanoticias.com\\\/en\\\/#\\\/schema\\\/person\\\/fcdad55cab72b8d0e106d75506783b6d\"},\"headline\":\"N\u00e9lson Semedo, one of the best news for Bar\u00e7a after the break\",\"datePublished\":\"2020-07-13T08:45:00+00:00\",\"mainEntityOfPage\":{\"@id\":\"https:\\\/\\\/www.fcbarcelonanoticias.com\\\/en\\\/players\\\/nelson-semedo-one-best-news-barcelona-break_259171_102.html\"},\"wordCount\":639,\"image\":{\"@id\":\"https:\\\/\\\/www.fcbarcelonanoticias.com\\\/en\\\/players\\\/nelson-semedo-one-best-news-barcelona-break_259171_102.html#primaryimage\"},\"thumbnailUrl\":\"https:\\\/\\\/www.fcbarcelonanoticias.com\\\/en\\\/wp-content\\\/uploads\\\/sites\\\/2\\\/2020\\\/09\\\/semedo-paron-mejora.jpeg\",\"keywords\":[\"Nelson Semedo\",\"Quique Seti\u00e9n\",\"Sergi Roberto\"],\"articleSection\":[\"Players\",\"Players\"],\"inLanguage\":\"en-US\"},{\"@type\":\"WebPage\",\"@id\":\"https:\\\/\\\/www.fcbarcelonanoticias.com\\\/en\\\/players\\\/nelson-semedo-one-best-news-barcelona-break_259171_102.html\",\"url\":\"https:\\\/\\\/www.fcbarcelonanoticias.com\\\/en\\\/players\\\/nelson-semedo-one-best-news-barcelona-break_259171_102.html\",\"name\":\"N\u00e9lson Semedo, one of the best news for Bar\u00e7a after the break\",\"isPartOf\":{\"@id\":\"https:\\\/\\\/www.fcbarcelonanoticias.com\\\/en\\\/#website\"},\"primaryImageOfPage\":{\"@id\":\"https:\\\/\\\/www.fcbarcelonanoticias.com\\\/en\\\/players\\\/nelson-semedo-one-best-news-barcelona-break_259171_102.html#primaryimage\"},\"image\":{\"@id\":\"https:\\\/\\\/www.fcbarcelonanoticias.com\\\/en\\\/players\\\/nelson-semedo-one-best-news-barcelona-break_259171_102.html#primaryimage\"},\"thumbnailUrl\":\"https:\\\/\\\/www.fcbarcelonanoticias.com\\\/en\\\/wp-content\\\/uploads\\\/sites\\\/2\\\/2020\\\/09\\\/semedo-paron-mejora.jpeg\",\"datePublished\":\"2020-07-13T08:45:00+00:00\",\"author\":{\"@id\":\"https:\\\/\\\/www.fcbarcelonanoticias.com\\\/en\\\/#\\\/schema\\\/person\\\/fcdad55cab72b8d0e106d75506783b6d\"},\"description\":\"N\u00e9lson Semedo Has gone of less to more this season and after the stop is being one of the most stood out players of the Bar\u00e7a. The luso is surrendering bast...\",\"breadcrumb\":{\"@id\":\"https:\\\/\\\/www.fcbarcelonanoticias.com\\\/en\\\/players\\\/nelson-semedo-one-best-news-barcelona-break_259171_102.html#breadcrumb\"},\"inLanguage\":\"en-US\",\"potentialAction\":[{\"@type\":\"ReadAction\",\"target\":[\"https:\\\/\\\/www.fcbarcelonanoticias.com\\\/en\\\/players\\\/nelson-semedo-one-best-news-barcelona-break_259171_102.html\"]}]},{\"@type\":\"ImageObject\",\"inLanguage\":\"en-US\",\"@id\":\"https:\\\/\\\/www.fcbarcelonanoticias.com\\\/en\\\/players\\\/nelson-semedo-one-best-news-barcelona-break_259171_102.html#primaryimage\",\"url\":\"https:\\\/\\\/www.fcbarcelonanoticias.com\\\/en\\\/wp-content\\\/uploads\\\/sites\\\/2\\\/2020\\\/09\\\/semedo-paron-mejora.jpeg\",\"contentUrl\":\"https:\\\/\\\/www.fcbarcelonanoticias.com\\\/en\\\/wp-content\\\/uploads\\\/sites\\\/2\\\/2020\\\/09\\\/semedo-paron-mejora.jpeg\",\"width\":1300,\"height\":745},{\"@type\":\"BreadcrumbList\",\"@id\":\"https:\\\/\\\/www.fcbarcelonanoticias.com\\\/en\\\/players\\\/nelson-semedo-one-best-news-barcelona-break_259171_102.html#breadcrumb\",\"itemListElement\":[{\"@type\":\"ListItem\",\"position\":1,\"name\":\"Portada\",\"item\":\"https:\\\/\\\/www.fcbarcelonanoticias.com\\\/en\\\/\"},{\"@type\":\"ListItem\",\"position\":2,\"name\":\"N\u00e9lson Semedo, one of the best news for Bar\u00e7a after the break\"}]},{\"@type\":\"WebSite\",\"@id\":\"https:\\\/\\\/www.fcbarcelonanoticias.com\\\/en\\\/#website\",\"url\":\"https:\\\/\\\/www.fcbarcelonanoticias.com\\\/en\\\/\",\"name\":\"EN - FC Barcelona Noticias\",\"description\":\"\",\"potentialAction\":[{\"@type\":\"SearchAction\",\"target\":{\"@type\":\"EntryPoint\",\"urlTemplate\":\"https:\\\/\\\/www.fcbarcelonanoticias.com\\\/en\\\/?s={search_term_string}\"},\"query-input\":{\"@type\":\"PropertyValueSpecification\",\"valueRequired\":true,\"valueName\":\"search_term_string\"}}],\"inLanguage\":\"en-US\"},{\"@type\":\"Person\",\"@id\":\"https:\\\/\\\/www.fcbarcelonanoticias.com\\\/en\\\/#\\\/schema\\\/person\\\/fcdad55cab72b8d0e106d75506783b6d\",\"name\":\"user_4048\",\"image\":{\"@type\":\"ImageObject\",\"inLanguage\":\"en-US\",\"@id\":\"https:\\\/\\\/secure.gravatar.com\\\/avatar\\\/?s=96&d=mm&r=g\",\"url\":\"https:\\\/\\\/secure.gravatar.com\\\/avatar\\\/?s=96&d=mm&r=g\",\"contentUrl\":\"https:\\\/\\\/secure.gravatar.com\\\/avatar\\\/?s=96&d=mm&r=g\",\"caption\":\"user_4048\"},\"url\":\"https:\\\/\\\/www.fcbarcelonanoticias.com\\\/en\\\/user_4048.html\"}]}<\/script>\n<!-- \/ Yoast SEO plugin. -->","yoast_head_json":{"title":"N\u00e9lson Semedo, one of the best news for Bar\u00e7a after the break","description":"N\u00e9lson Semedo Has gone of less to more this season and after the stop is being one of the most stood out players of the Bar\u00e7a. The luso is surrendering bast...","robots":{"index":"index","follow":"follow","max-snippet":"max-snippet:-1","max-image-preview":"max-image-preview:large","max-video-preview":"max-video-preview:-1"},"canonical":"https:\/\/www.fcbarcelonanoticias.com\/en\/players\/nelson-semedo-one-best-news-barcelona-break_259171_102.html","og_locale":"en_US","og_type":"article","og_title":"N\u00e9lson Semedo, one of the best news for Bar\u00e7a after the break","og_description":"N\u00e9lson Semedo Has gone of less to more this season and after the stop is being one of the most stood out players of the Bar\u00e7a. The luso is surrendering bast...","og_url":"https:\/\/www.fcbarcelonanoticias.com\/en\/players\/nelson-semedo-one-best-news-barcelona-break_259171_102.html","og_site_name":"EN - FC Barcelona Noticias","article_published_time":"2020-07-13T08:45:00+00:00","og_image":[{"width":1300,"height":745,"url":"https:\/\/www.fcbarcelonanoticias.com\/en\/wp-content\/uploads\/sites\/2\/2020\/09\/semedo-paron-mejora.jpeg","type":"image\/jpeg"}],"author":"user_4048","twitter_card":"summary_large_image","twitter_misc":{"Written by":"user_4048","Est. reading time":"3 minutes"},"schema":{"@context":"https:\/\/schema.org","@graph":[{"@type":"Article","@id":"https:\/\/www.fcbarcelonanoticias.com\/en\/players\/nelson-semedo-one-best-news-barcelona-break_259171_102.html#article","isPartOf":{"@id":"https:\/\/www.fcbarcelonanoticias.com\/en\/players\/nelson-semedo-one-best-news-barcelona-break_259171_102.html"},"author":{"name":"user_4048","@id":"https:\/\/www.fcbarcelonanoticias.com\/en\/#\/schema\/person\/fcdad55cab72b8d0e106d75506783b6d"},"headline":"N\u00e9lson Semedo, one of the best news for Bar\u00e7a after the break","datePublished":"2020-07-13T08:45:00+00:00","mainEntityOfPage":{"@id":"https:\/\/www.fcbarcelonanoticias.com\/en\/players\/nelson-semedo-one-best-news-barcelona-break_259171_102.html"},"wordCount":639,"image":{"@id":"https:\/\/www.fcbarcelonanoticias.com\/en\/players\/nelson-semedo-one-best-news-barcelona-break_259171_102.html#primaryimage"},"thumbnailUrl":"https:\/\/www.fcbarcelonanoticias.com\/en\/wp-content\/uploads\/sites\/2\/2020\/09\/semedo-paron-mejora.jpeg","keywords":["Nelson Semedo","Quique Seti\u00e9n","Sergi Roberto"],"articleSection":["Players","Players"],"inLanguage":"en-US"},{"@type":"WebPage","@id":"https:\/\/www.fcbarcelonanoticias.com\/en\/players\/nelson-semedo-one-best-news-barcelona-break_259171_102.html","url":"https:\/\/www.fcbarcelonanoticias.com\/en\/players\/nelson-semedo-one-best-news-barcelona-break_259171_102.html","name":"N\u00e9lson Semedo, one of the best news for Bar\u00e7a after the break","isPartOf":{"@id":"https:\/\/www.fcbarcelonanoticias.com\/en\/#website"},"primaryImageOfPage":{"@id":"https:\/\/www.fcbarcelonanoticias.com\/en\/players\/nelson-semedo-one-best-news-barcelona-break_259171_102.html#primaryimage"},"image":{"@id":"https:\/\/www.fcbarcelonanoticias.com\/en\/players\/nelson-semedo-one-best-news-barcelona-break_259171_102.html#primaryimage"},"thumbnailUrl":"https:\/\/www.fcbarcelonanoticias.com\/en\/wp-content\/uploads\/sites\/2\/2020\/09\/semedo-paron-mejora.jpeg","datePublished":"2020-07-13T08:45:00+00:00","author":{"@id":"https:\/\/www.fcbarcelonanoticias.com\/en\/#\/schema\/person\/fcdad55cab72b8d0e106d75506783b6d"},"description":"N\u00e9lson Semedo Has gone of less to more this season and after the stop is being one of the most stood out players of the Bar\u00e7a. The luso is surrendering bast...","breadcrumb":{"@id":"https:\/\/www.fcbarcelonanoticias.com\/en\/players\/nelson-semedo-one-best-news-barcelona-break_259171_102.html#breadcrumb"},"inLanguage":"en-US","potentialAction":[{"@type":"ReadAction","target":["https:\/\/www.fcbarcelonanoticias.com\/en\/players\/nelson-semedo-one-best-news-barcelona-break_259171_102.html"]}]},{"@type":"ImageObject","inLanguage":"en-US","@id":"https:\/\/www.fcbarcelonanoticias.com\/en\/players\/nelson-semedo-one-best-news-barcelona-break_259171_102.html#primaryimage","url":"https:\/\/www.fcbarcelonanoticias.com\/en\/wp-content\/uploads\/sites\/2\/2020\/09\/semedo-paron-mejora.jpeg","contentUrl":"https:\/\/www.fcbarcelonanoticias.com\/en\/wp-content\/uploads\/sites\/2\/2020\/09\/semedo-paron-mejora.jpeg","width":1300,"height":745},{"@type":"BreadcrumbList","@id":"https:\/\/www.fcbarcelonanoticias.com\/en\/players\/nelson-semedo-one-best-news-barcelona-break_259171_102.html#breadcrumb","itemListElement":[{"@type":"ListItem","position":1,"name":"Portada","item":"https:\/\/www.fcbarcelonanoticias.com\/en\/"},{"@type":"ListItem","position":2,"name":"N\u00e9lson Semedo, one of the best news for Bar\u00e7a after the break"}]},{"@type":"WebSite","@id":"https:\/\/www.fcbarcelonanoticias.com\/en\/#website","url":"https:\/\/www.fcbarcelonanoticias.com\/en\/","name":"EN - FC Barcelona Noticias","description":"","potentialAction":[{"@type":"SearchAction","target":{"@type":"EntryPoint","urlTemplate":"https:\/\/www.fcbarcelonanoticias.com\/en\/?s={search_term_string}"},"query-input":{"@type":"PropertyValueSpecification","valueRequired":true,"valueName":"search_term_string"}}],"inLanguage":"en-US"},{"@type":"Person","@id":"https:\/\/www.fcbarcelonanoticias.com\/en\/#\/schema\/person\/fcdad55cab72b8d0e106d75506783b6d","name":"user_4048","image":{"@type":"ImageObject","inLanguage":"en-US","@id":"https:\/\/secure.gravatar.com\/avatar\/?s=96&d=mm&r=g","url":"https:\/\/secure.gravatar.com\/avatar\/?s=96&d=mm&r=g","contentUrl":"https:\/\/secure.gravatar.com\/avatar\/?s=96&d=mm&r=g","caption":"user_4048"},"url":"https:\/\/www.fcbarcelonanoticias.com\/en\/user_4048.html"}]}},"_links":{"self":[{"href":"https:\/\/www.fcbarcelonanoticias.com\/en\/wp-json\/wp\/v2\/posts\/75782","targetHints":{"allow":["GET"]}}],"collection":[{"href":"https:\/\/www.fcbarcelonanoticias.com\/en\/wp-json\/wp\/v2\/posts"}],"about":[{"href":"https:\/\/www.fcbarcelonanoticias.com\/en\/wp-json\/wp\/v2\/types\/post"}],"author":[{"embeddable":true,"href":"https:\/\/www.fcbarcelonanoticias.com\/en\/wp-json\/wp\/v2\/users\/392"}],"replies":[{"embeddable":true,"href":"https:\/\/www.fcbarcelonanoticias.com\/en\/wp-json\/wp\/v2\/comments?post=75782"}],"version-history":[{"count":1,"href":"https:\/\/www.fcbarcelonanoticias.com\/en\/wp-json\/wp\/v2\/posts\/75782\/revisions"}],"predecessor-version":[{"id":123517,"href":"https:\/\/www.fcbarcelonanoticias.com\/en\/wp-json\/wp\/v2\/posts\/75782\/revisions\/123517"}],"wp:featuredmedia":[{"embeddable":true,"href":"https:\/\/www.fcbarcelonanoticias.com\/en\/wp-json\/wp\/v2\/media\/70340"}],"wp:attachment":[{"href":"https:\/\/www.fcbarcelonanoticias.com\/en\/wp-json\/wp\/v2\/media?parent=75782"}],"wp:term":[{"taxonomy":"category","embeddable":true,"href":"https:\/\/www.fcbarcelonanoticias.com\/en\/wp-json\/wp\/v2\/categories?post=75782"},{"taxonomy":"post_tag","embeddable":true,"href":"https:\/\/www.fcbarcelonanoticias.com\/en\/wp-json\/wp\/v2\/tags?post=75782"}],"curies":[{"name":"wp","href":"https:\/\/api.w.org\/{rel}","templated":true}]}}