{"id":75834,"date":"2023-02-28T21:41:00","date_gmt":"2023-02-28T20:41:00","guid":{"rendered":"https:\/\/weisetech.dev\/fc-barcelona-noticias\/en\/motives-for-frenkie-jong-must-be-new-midfielder-of-barca_290082_102\/"},"modified":"2023-03-01T08:31:00","modified_gmt":"2023-03-01T07:31:00","slug":"motives-for-frenkie-jong-must-be-new-midfielder-of-barca_290082_102","status":"publish","type":"post","link":"https:\/\/www.fcbarcelonanoticias.com\/en\/players\/motives-for-frenkie-jong-must-be-new-midfielder-of-barca_290082_102.html","title":{"rendered":"The reasons why Frenkie de Jong should be Bar\u00e7a&#8217;s new midfielder"},"content":{"rendered":"<h2 class=\"wp-block-heading\">The coffers of FC Barcelona do not allow the club to reinforce each line of the team as last summer, so it must choose very well where it makes its signings, something in which Frenkie de Jong could help define<\/h2>  \r\n<div class=\"article-addons\">\r\n    <a href=\"https:\/\/www.fcbarcelonanoticias.com\/en\/calendar-fc-barcelona.html\"\r\n       target=\"_self\"\r\n       title=\"Calendar of FC Barcelona\"\r\n       class=\"blue-gredient-btn\">\r\n       \r\n        Calendar of FC Barcelona    <\/a>\r\n<\/div>   <p>From the past summer the FC Barcelona has been in search of the best option of market for his mediocentro. <strong>With Sergio Busquets finishing agreement at the end this season, <\/strong>and already was that it renew or no, <a data-external=\"0\" data-intl-links-en=\"https:\/\/www.fcbarcelonanoticias.com\/en\/laliga\/historical-precedent-endorses-candidacy-title-barca-xavi_290069_102.html\" data-intl-links-es=\"https:\/\/www.fcbarcelonanoticias.com\/laliga\/precedente-historico-avala-candidatura-titulo-barca-xavi_290069_102.html\" href=\"https:\/\/www.fcbarcelonanoticias.com\/en\/laliga\/historical-precedent-endorses-candidacy-title-barca-xavi_290069_102.html\" rel=\"follow\" target=\"_self\" title=\"El precedente hist\u00f3rico que avala la candidatura al t\u00edtulo del Bar\u00e7a de Xavi\">Xavi<\/a> and the Barcelona sportive direction have wanted to close to the that would be the reemplazante of the pivote that has had the team by the last 15 years.<\/p>  <p>The first captain of the Bar\u00e7a is arriving at the end of a successful career and already the previous course and the present has left evidences that by natural questions no longer can compete of the same way in parties of maximum requirement. The football has evolved to steps enlarged in the last decade and the physicist has become a point more than important, <strong>and in this fits perfectly a profile by which the Bar\u00e7a does not need to pay neither a euro in traspaso, neither expect a process of adaptation: Frenkie of Jong.<\/strong><\/p>  <p>The Dutch, that had a foot and half in the ramp of exit during the 2022, has wanted to show that it can be a vital player for the club to the that arrived in 2019 and by which descart\u00f3 some millionaire offers. The mediocampista, with past in the Ajax, <strong>has fulfilled a big season up to now being an interior with dynamics and good exit of balloon,<\/strong> in addition to fulfilling with the role of pivote when Busquets has not been available for Xavi.<\/p>  <h3>It is an equal option of valid<\/h3>  <p>The own technical egarense did not have very clear that Of Jong could be this profile that needed for his mediocentro, but to base of good game, regularity and youth, the international with Low Countries has raised definitively his hand to be the &#8216;signing&#8217; of this summer. The Zubimendi, G\u00fcndogan or Amrabat are options more than valid to give a jump of quality, <strong>but if Busquets continued there would be need to find in this 2023 another player for a position in which Of Jong already has showed that it can be gentleman and master.<\/strong><\/p>  <p>If Frenkie achieved a confidence resembled the one who Busi has with Xavi for this role, there is not any another reason by which the Dutch do not describe to play each party that can as the pivote title. With systems of three or four mediocampistas, <strong>Of Jong is the ideal name to exert the exit of balloon and the creation of game that the Bar\u00e7a needs for demanding and important parties like which play in <a data-external=\"0\" data-intl-links-en=\"https:\/\/www.fcbarcelonanoticias.com\/en\/international-football\" data-intl-links-es=\"https:\/\/www.fcbarcelonanoticias.com\/futbol-internacional\" href=\"https:\/\/www.fcbarcelonanoticias.com\/en\/international-football\" rel=\"follow\" target=\"_self\" title=\"F\u00fatbol Internacional\">the Champions or Europe League<\/a>.<\/strong><\/p> ","protected":false},"excerpt":{"rendered":"<p>The coffers of FC Barcelona do not allow the club to reinforce each line of the team as last summer, so it must choose very well where it makes its signings, something in which Frenkie de Jong could help define From the past summer the FC Barcelona has been in search of the best option [&hellip;]<\/p>\n","protected":false},"author":345,"featured_media":20578,"comment_status":"closed","ping_status":"open","sticky":false,"template":"","format":"standard","meta":{"_acf_changed":false,"inline_featured_image":false,"_nextfly_llmd_date_locked":false,"footnotes":""},"categories":[453,107],"tags":[166,48],"class_list":["post-75834","post","type-post","status-publish","format-standard","has-post-thumbnail","hentry","category-players-2","category-players","tag-sergio-busquets","tag-xavi-hernandez"],"acf":[],"yoast_head":"<!-- This site is optimized with the Yoast SEO plugin v27.3 - https:\/\/yoast.com\/product\/yoast-seo-wordpress\/ -->\n<title>The reasons why Frenkie de Jong should be Bar\u00e7a&#039;s new midfielder<\/title>\n<meta name=\"description\" content=\"The coffers of FC Barcelona do not allow the club to reinforce each line of the team as last summer, so it must choose very well where it makes its signings, something in which Frenkie de Jong could help define\" \/>\n<meta name=\"robots\" content=\"index, follow, max-snippet:-1, max-image-preview:large, max-video-preview:-1\" \/>\n<link rel=\"canonical\" href=\"https:\/\/www.fcbarcelonanoticias.com\/en\/players\/motives-for-frenkie-jong-must-be-new-midfielder-of-barca_290082_102.html\" \/>\n<meta property=\"og:locale\" content=\"en_US\" \/>\n<meta property=\"og:type\" content=\"article\" \/>\n<meta property=\"og:title\" content=\"The reasons why Frenkie de Jong should be Bar\u00e7a&#039;s new midfielder\" \/>\n<meta property=\"og:description\" content=\"The coffers of FC Barcelona do not allow the club to reinforce each line of the team as last summer, so it must choose very well where it makes its signings, something in which Frenkie de Jong could help define\" \/>\n<meta property=\"og:url\" content=\"https:\/\/www.fcbarcelonanoticias.com\/en\/players\/motives-for-frenkie-jong-must-be-new-midfielder-of-barca_290082_102.html\" \/>\n<meta property=\"og:site_name\" content=\"EN - FC Barcelona Noticias\" \/>\n<meta property=\"article:published_time\" content=\"2023-02-28T20:41:00+00:00\" \/>\n<meta property=\"article:modified_time\" content=\"2023-03-01T07:31:00+00:00\" \/>\n<meta property=\"og:image\" content=\"https:\/\/www.fcbarcelonanoticias.com\/en\/wp-content\/uploads\/sites\/2\/2022\/09\/fbl-esp-liga-cadiz-barcelona-5-1.jpeg\" \/>\n\t<meta property=\"og:image:width\" content=\"1200\" \/>\n\t<meta property=\"og:image:height\" content=\"735\" \/>\n\t<meta property=\"og:image:type\" content=\"image\/jpeg\" \/>\n<meta name=\"author\" content=\"Carlos Montenegro\" \/>\n<meta name=\"twitter:card\" content=\"summary_large_image\" \/>\n<meta name=\"twitter:label1\" content=\"Written by\" \/>\n\t<meta name=\"twitter:data1\" content=\"Carlos Montenegro\" \/>\n\t<meta name=\"twitter:label2\" content=\"Est. reading time\" \/>\n\t<meta name=\"twitter:data2\" content=\"2 minutes\" \/>\n<script type=\"application\/ld+json\" class=\"yoast-schema-graph\">{\"@context\":\"https:\\\/\\\/schema.org\",\"@graph\":[{\"@type\":\"Article\",\"@id\":\"https:\\\/\\\/www.fcbarcelonanoticias.com\\\/en\\\/players\\\/motives-for-frenkie-jong-must-be-new-midfielder-of-barca_290082_102.html#article\",\"isPartOf\":{\"@id\":\"https:\\\/\\\/www.fcbarcelonanoticias.com\\\/en\\\/players\\\/motives-for-frenkie-jong-must-be-new-midfielder-of-barca_290082_102.html\"},\"author\":{\"name\":\"Carlos Montenegro\",\"@id\":\"https:\\\/\\\/www.fcbarcelonanoticias.com\\\/en\\\/#\\\/schema\\\/person\\\/aa1d038709c262cb247e240f6b39bbf5\"},\"headline\":\"The reasons why Frenkie de Jong should be Bar\u00e7a&#8217;s new midfielder\",\"datePublished\":\"2023-02-28T20:41:00+00:00\",\"dateModified\":\"2023-03-01T07:31:00+00:00\",\"mainEntityOfPage\":{\"@id\":\"https:\\\/\\\/www.fcbarcelonanoticias.com\\\/en\\\/players\\\/motives-for-frenkie-jong-must-be-new-midfielder-of-barca_290082_102.html\"},\"wordCount\":483,\"image\":{\"@id\":\"https:\\\/\\\/www.fcbarcelonanoticias.com\\\/en\\\/players\\\/motives-for-frenkie-jong-must-be-new-midfielder-of-barca_290082_102.html#primaryimage\"},\"thumbnailUrl\":\"https:\\\/\\\/www.fcbarcelonanoticias.com\\\/en\\\/wp-content\\\/uploads\\\/sites\\\/2\\\/2022\\\/09\\\/fbl-esp-liga-cadiz-barcelona-5-1.jpeg\",\"keywords\":[\"Sergio Busquets\",\"Xavi Hern\u00e1ndez\"],\"articleSection\":[\"Players\",\"Players\"],\"inLanguage\":\"en-US\"},{\"@type\":\"WebPage\",\"@id\":\"https:\\\/\\\/www.fcbarcelonanoticias.com\\\/en\\\/players\\\/motives-for-frenkie-jong-must-be-new-midfielder-of-barca_290082_102.html\",\"url\":\"https:\\\/\\\/www.fcbarcelonanoticias.com\\\/en\\\/players\\\/motives-for-frenkie-jong-must-be-new-midfielder-of-barca_290082_102.html\",\"name\":\"The reasons why Frenkie de Jong should be Bar\u00e7a's new midfielder\",\"isPartOf\":{\"@id\":\"https:\\\/\\\/www.fcbarcelonanoticias.com\\\/en\\\/#website\"},\"primaryImageOfPage\":{\"@id\":\"https:\\\/\\\/www.fcbarcelonanoticias.com\\\/en\\\/players\\\/motives-for-frenkie-jong-must-be-new-midfielder-of-barca_290082_102.html#primaryimage\"},\"image\":{\"@id\":\"https:\\\/\\\/www.fcbarcelonanoticias.com\\\/en\\\/players\\\/motives-for-frenkie-jong-must-be-new-midfielder-of-barca_290082_102.html#primaryimage\"},\"thumbnailUrl\":\"https:\\\/\\\/www.fcbarcelonanoticias.com\\\/en\\\/wp-content\\\/uploads\\\/sites\\\/2\\\/2022\\\/09\\\/fbl-esp-liga-cadiz-barcelona-5-1.jpeg\",\"datePublished\":\"2023-02-28T20:41:00+00:00\",\"dateModified\":\"2023-03-01T07:31:00+00:00\",\"author\":{\"@id\":\"https:\\\/\\\/www.fcbarcelonanoticias.com\\\/en\\\/#\\\/schema\\\/person\\\/aa1d038709c262cb247e240f6b39bbf5\"},\"description\":\"The coffers of FC Barcelona do not allow the club to reinforce each line of the team as last summer, so it must choose very well where it makes its signings, something in which Frenkie de Jong could help define\",\"breadcrumb\":{\"@id\":\"https:\\\/\\\/www.fcbarcelonanoticias.com\\\/en\\\/players\\\/motives-for-frenkie-jong-must-be-new-midfielder-of-barca_290082_102.html#breadcrumb\"},\"inLanguage\":\"en-US\",\"potentialAction\":[{\"@type\":\"ReadAction\",\"target\":[\"https:\\\/\\\/www.fcbarcelonanoticias.com\\\/en\\\/players\\\/motives-for-frenkie-jong-must-be-new-midfielder-of-barca_290082_102.html\"]}]},{\"@type\":\"ImageObject\",\"inLanguage\":\"en-US\",\"@id\":\"https:\\\/\\\/www.fcbarcelonanoticias.com\\\/en\\\/players\\\/motives-for-frenkie-jong-must-be-new-midfielder-of-barca_290082_102.html#primaryimage\",\"url\":\"https:\\\/\\\/www.fcbarcelonanoticias.com\\\/en\\\/wp-content\\\/uploads\\\/sites\\\/2\\\/2022\\\/09\\\/fbl-esp-liga-cadiz-barcelona-5-1.jpeg\",\"contentUrl\":\"https:\\\/\\\/www.fcbarcelonanoticias.com\\\/en\\\/wp-content\\\/uploads\\\/sites\\\/2\\\/2022\\\/09\\\/fbl-esp-liga-cadiz-barcelona-5-1.jpeg\",\"width\":1200,\"height\":735},{\"@type\":\"BreadcrumbList\",\"@id\":\"https:\\\/\\\/www.fcbarcelonanoticias.com\\\/en\\\/players\\\/motives-for-frenkie-jong-must-be-new-midfielder-of-barca_290082_102.html#breadcrumb\",\"itemListElement\":[{\"@type\":\"ListItem\",\"position\":1,\"name\":\"Portada\",\"item\":\"https:\\\/\\\/www.fcbarcelonanoticias.com\\\/en\\\/\"},{\"@type\":\"ListItem\",\"position\":2,\"name\":\"The reasons why Frenkie de Jong should be Bar\u00e7a&#8217;s new midfielder\"}]},{\"@type\":\"WebSite\",\"@id\":\"https:\\\/\\\/www.fcbarcelonanoticias.com\\\/en\\\/#website\",\"url\":\"https:\\\/\\\/www.fcbarcelonanoticias.com\\\/en\\\/\",\"name\":\"EN - FC Barcelona Noticias\",\"description\":\"\",\"potentialAction\":[{\"@type\":\"SearchAction\",\"target\":{\"@type\":\"EntryPoint\",\"urlTemplate\":\"https:\\\/\\\/www.fcbarcelonanoticias.com\\\/en\\\/?s={search_term_string}\"},\"query-input\":{\"@type\":\"PropertyValueSpecification\",\"valueRequired\":true,\"valueName\":\"search_term_string\"}}],\"inLanguage\":\"en-US\"},{\"@type\":\"Person\",\"@id\":\"https:\\\/\\\/www.fcbarcelonanoticias.com\\\/en\\\/#\\\/schema\\\/person\\\/aa1d038709c262cb247e240f6b39bbf5\",\"name\":\"Carlos Montenegro\",\"image\":{\"@type\":\"ImageObject\",\"inLanguage\":\"en-US\",\"@id\":\"https:\\\/\\\/secure.gravatar.com\\\/avatar\\\/?s=96&d=mm&r=g\",\"url\":\"https:\\\/\\\/secure.gravatar.com\\\/avatar\\\/?s=96&d=mm&r=g\",\"contentUrl\":\"https:\\\/\\\/secure.gravatar.com\\\/avatar\\\/?s=96&d=mm&r=g\",\"caption\":\"Carlos Montenegro\"},\"url\":\"https:\\\/\\\/www.fcbarcelonanoticias.com\\\/en\\\/carlos-montenegro_20_115.html\"}]}<\/script>\n<!-- \/ Yoast SEO plugin. -->","yoast_head_json":{"title":"The reasons why Frenkie de Jong should be Bar\u00e7a's new midfielder","description":"The coffers of FC Barcelona do not allow the club to reinforce each line of the team as last summer, so it must choose very well where it makes its signings, something in which Frenkie de Jong could help define","robots":{"index":"index","follow":"follow","max-snippet":"max-snippet:-1","max-image-preview":"max-image-preview:large","max-video-preview":"max-video-preview:-1"},"canonical":"https:\/\/www.fcbarcelonanoticias.com\/en\/players\/motives-for-frenkie-jong-must-be-new-midfielder-of-barca_290082_102.html","og_locale":"en_US","og_type":"article","og_title":"The reasons why Frenkie de Jong should be Bar\u00e7a's new midfielder","og_description":"The coffers of FC Barcelona do not allow the club to reinforce each line of the team as last summer, so it must choose very well where it makes its signings, something in which Frenkie de Jong could help define","og_url":"https:\/\/www.fcbarcelonanoticias.com\/en\/players\/motives-for-frenkie-jong-must-be-new-midfielder-of-barca_290082_102.html","og_site_name":"EN - FC Barcelona Noticias","article_published_time":"2023-02-28T20:41:00+00:00","article_modified_time":"2023-03-01T07:31:00+00:00","og_image":[{"width":1200,"height":735,"url":"https:\/\/www.fcbarcelonanoticias.com\/en\/wp-content\/uploads\/sites\/2\/2022\/09\/fbl-esp-liga-cadiz-barcelona-5-1.jpeg","type":"image\/jpeg"}],"author":"Carlos Montenegro","twitter_card":"summary_large_image","twitter_misc":{"Written by":"Carlos Montenegro","Est. reading time":"2 minutes"},"schema":{"@context":"https:\/\/schema.org","@graph":[{"@type":"Article","@id":"https:\/\/www.fcbarcelonanoticias.com\/en\/players\/motives-for-frenkie-jong-must-be-new-midfielder-of-barca_290082_102.html#article","isPartOf":{"@id":"https:\/\/www.fcbarcelonanoticias.com\/en\/players\/motives-for-frenkie-jong-must-be-new-midfielder-of-barca_290082_102.html"},"author":{"name":"Carlos Montenegro","@id":"https:\/\/www.fcbarcelonanoticias.com\/en\/#\/schema\/person\/aa1d038709c262cb247e240f6b39bbf5"},"headline":"The reasons why Frenkie de Jong should be Bar\u00e7a&#8217;s new midfielder","datePublished":"2023-02-28T20:41:00+00:00","dateModified":"2023-03-01T07:31:00+00:00","mainEntityOfPage":{"@id":"https:\/\/www.fcbarcelonanoticias.com\/en\/players\/motives-for-frenkie-jong-must-be-new-midfielder-of-barca_290082_102.html"},"wordCount":483,"image":{"@id":"https:\/\/www.fcbarcelonanoticias.com\/en\/players\/motives-for-frenkie-jong-must-be-new-midfielder-of-barca_290082_102.html#primaryimage"},"thumbnailUrl":"https:\/\/www.fcbarcelonanoticias.com\/en\/wp-content\/uploads\/sites\/2\/2022\/09\/fbl-esp-liga-cadiz-barcelona-5-1.jpeg","keywords":["Sergio Busquets","Xavi Hern\u00e1ndez"],"articleSection":["Players","Players"],"inLanguage":"en-US"},{"@type":"WebPage","@id":"https:\/\/www.fcbarcelonanoticias.com\/en\/players\/motives-for-frenkie-jong-must-be-new-midfielder-of-barca_290082_102.html","url":"https:\/\/www.fcbarcelonanoticias.com\/en\/players\/motives-for-frenkie-jong-must-be-new-midfielder-of-barca_290082_102.html","name":"The reasons why Frenkie de Jong should be Bar\u00e7a's new midfielder","isPartOf":{"@id":"https:\/\/www.fcbarcelonanoticias.com\/en\/#website"},"primaryImageOfPage":{"@id":"https:\/\/www.fcbarcelonanoticias.com\/en\/players\/motives-for-frenkie-jong-must-be-new-midfielder-of-barca_290082_102.html#primaryimage"},"image":{"@id":"https:\/\/www.fcbarcelonanoticias.com\/en\/players\/motives-for-frenkie-jong-must-be-new-midfielder-of-barca_290082_102.html#primaryimage"},"thumbnailUrl":"https:\/\/www.fcbarcelonanoticias.com\/en\/wp-content\/uploads\/sites\/2\/2022\/09\/fbl-esp-liga-cadiz-barcelona-5-1.jpeg","datePublished":"2023-02-28T20:41:00+00:00","dateModified":"2023-03-01T07:31:00+00:00","author":{"@id":"https:\/\/www.fcbarcelonanoticias.com\/en\/#\/schema\/person\/aa1d038709c262cb247e240f6b39bbf5"},"description":"The coffers of FC Barcelona do not allow the club to reinforce each line of the team as last summer, so it must choose very well where it makes its signings, something in which Frenkie de Jong could help define","breadcrumb":{"@id":"https:\/\/www.fcbarcelonanoticias.com\/en\/players\/motives-for-frenkie-jong-must-be-new-midfielder-of-barca_290082_102.html#breadcrumb"},"inLanguage":"en-US","potentialAction":[{"@type":"ReadAction","target":["https:\/\/www.fcbarcelonanoticias.com\/en\/players\/motives-for-frenkie-jong-must-be-new-midfielder-of-barca_290082_102.html"]}]},{"@type":"ImageObject","inLanguage":"en-US","@id":"https:\/\/www.fcbarcelonanoticias.com\/en\/players\/motives-for-frenkie-jong-must-be-new-midfielder-of-barca_290082_102.html#primaryimage","url":"https:\/\/www.fcbarcelonanoticias.com\/en\/wp-content\/uploads\/sites\/2\/2022\/09\/fbl-esp-liga-cadiz-barcelona-5-1.jpeg","contentUrl":"https:\/\/www.fcbarcelonanoticias.com\/en\/wp-content\/uploads\/sites\/2\/2022\/09\/fbl-esp-liga-cadiz-barcelona-5-1.jpeg","width":1200,"height":735},{"@type":"BreadcrumbList","@id":"https:\/\/www.fcbarcelonanoticias.com\/en\/players\/motives-for-frenkie-jong-must-be-new-midfielder-of-barca_290082_102.html#breadcrumb","itemListElement":[{"@type":"ListItem","position":1,"name":"Portada","item":"https:\/\/www.fcbarcelonanoticias.com\/en\/"},{"@type":"ListItem","position":2,"name":"The reasons why Frenkie de Jong should be Bar\u00e7a&#8217;s new midfielder"}]},{"@type":"WebSite","@id":"https:\/\/www.fcbarcelonanoticias.com\/en\/#website","url":"https:\/\/www.fcbarcelonanoticias.com\/en\/","name":"EN - FC Barcelona Noticias","description":"","potentialAction":[{"@type":"SearchAction","target":{"@type":"EntryPoint","urlTemplate":"https:\/\/www.fcbarcelonanoticias.com\/en\/?s={search_term_string}"},"query-input":{"@type":"PropertyValueSpecification","valueRequired":true,"valueName":"search_term_string"}}],"inLanguage":"en-US"},{"@type":"Person","@id":"https:\/\/www.fcbarcelonanoticias.com\/en\/#\/schema\/person\/aa1d038709c262cb247e240f6b39bbf5","name":"Carlos Montenegro","image":{"@type":"ImageObject","inLanguage":"en-US","@id":"https:\/\/secure.gravatar.com\/avatar\/?s=96&d=mm&r=g","url":"https:\/\/secure.gravatar.com\/avatar\/?s=96&d=mm&r=g","contentUrl":"https:\/\/secure.gravatar.com\/avatar\/?s=96&d=mm&r=g","caption":"Carlos Montenegro"},"url":"https:\/\/www.fcbarcelonanoticias.com\/en\/carlos-montenegro_20_115.html"}]}},"_links":{"self":[{"href":"https:\/\/www.fcbarcelonanoticias.com\/en\/wp-json\/wp\/v2\/posts\/75834","targetHints":{"allow":["GET"]}}],"collection":[{"href":"https:\/\/www.fcbarcelonanoticias.com\/en\/wp-json\/wp\/v2\/posts"}],"about":[{"href":"https:\/\/www.fcbarcelonanoticias.com\/en\/wp-json\/wp\/v2\/types\/post"}],"author":[{"embeddable":true,"href":"https:\/\/www.fcbarcelonanoticias.com\/en\/wp-json\/wp\/v2\/users\/345"}],"replies":[{"embeddable":true,"href":"https:\/\/www.fcbarcelonanoticias.com\/en\/wp-json\/wp\/v2\/comments?post=75834"}],"version-history":[{"count":1,"href":"https:\/\/www.fcbarcelonanoticias.com\/en\/wp-json\/wp\/v2\/posts\/75834\/revisions"}],"predecessor-version":[{"id":75835,"href":"https:\/\/www.fcbarcelonanoticias.com\/en\/wp-json\/wp\/v2\/posts\/75834\/revisions\/75835"}],"wp:featuredmedia":[{"embeddable":true,"href":"https:\/\/www.fcbarcelonanoticias.com\/en\/wp-json\/wp\/v2\/media\/20578"}],"wp:attachment":[{"href":"https:\/\/www.fcbarcelonanoticias.com\/en\/wp-json\/wp\/v2\/media?parent=75834"}],"wp:term":[{"taxonomy":"category","embeddable":true,"href":"https:\/\/www.fcbarcelonanoticias.com\/en\/wp-json\/wp\/v2\/categories?post=75834"},{"taxonomy":"post_tag","embeddable":true,"href":"https:\/\/www.fcbarcelonanoticias.com\/en\/wp-json\/wp\/v2\/tags?post=75834"}],"curies":[{"name":"wp","href":"https:\/\/api.w.org\/{rel}","templated":true}]}}