{"id":75864,"date":"2022-09-17T21:28:00","date_gmt":"2022-09-17T19:28:00","guid":{"rendered":"https:\/\/weisetech.dev\/fc-barcelona-noticias\/en\/new-message-of-xavi-the-captains-of-the-barca-without-minut_284464_102\/"},"modified":"2022-09-17T21:28:00","modified_gmt":"2022-09-17T19:28:00","slug":"new-message-of-xavi-the-captains-of-the-barca-without-minut_284464_102","status":"publish","type":"post","link":"https:\/\/www.fcbarcelonanoticias.com\/en\/players\/new-message-of-xavi-the-captains-of-the-barca-without-minut_284464_102.html","title":{"rendered":"New message from Xavi: The Bar\u00e7a captains, without minutes against Elche"},"content":{"rendered":"<h2 class=\"wp-block-heading\">Xavi Hern\u00e1ndez rested Sergio Busquets against Elche. Despite the win, the coach from Egar left Jordi Alba and Gerard Piqu\u00e9 on the bench, a message for the captains for the future in LaLiga<\/h2>  \r\n<div class=\"article-addons\">\r\n    <a href=\"https:\/\/www.fcbarcelonanoticias.com\/en\/calendar-fc-barcelona.html\"\r\n       target=\"_self\"\r\n       title=\"Calendar of FC Barcelona\"\r\n       class=\"blue-gredient-btn\">\r\n       \r\n        Calendar of FC Barcelona    <\/a>\r\n<\/div>   <p>The FC Barcelona resolved with tranquility his party in front of the Elche (3-0).<strong> Xavi Hern\u00e1ndez entered several changes <\/strong>regarding the defeat of the Tuesday in Munich in front of the Bayern (2-0), giving rest to two &#8216;fixed&#8217; in the medullary in the beginning of the season: Gavi and Sergio Busquets. <strong>In addition to the &#8216;5&#8217;, the m\u00edster left in the bench to the others two captains cul\u00e9s: Gerard Hammered and Jordi Alba<\/strong>, of those who also &#8216;happened&#8217; in the complement in spite of having the party resolved.<\/p>  <p>In front of the Elche,<strong> the one of Terrassa bet again by <a data-external=\"0\" data-intl-links-en=\"https:\/\/www.fcbarcelonanoticias.com\/en\/laliga\/hit-on-the-table-of-balde-two-assistances-and-partidazo_284456_102.html\" data-intl-links-es=\"https:\/\/www.fcbarcelonanoticias.com\/laliga\/golpe-sobre-mesa-balde-dos-asistencias-partidazo-elche_284456_102.html\" href=\"https:\/\/www.fcbarcelonanoticias.com\/en\/laliga\/hit-on-the-table-of-balde-two-assistances-and-partidazo_284456_102.html\" rel=\"follow\" target=\"_self\" title=\"Golpe sobre la mesa de Balde: Dos asistencias y partidazo ante el Elche\">Alejandro Balde<\/a> in the left side<\/strong>. The player of 18 years went back to answer with a big performance, adding two assistances in the first time to direct the victory. <strong>The canterano assisted to Robert Lewandowski and Memphis Depay<\/strong>, with which arrived to 3 assistances in five apparitions in LaLiga. In the minute 72 left his place in the field to Marcos Alonso, the one who was to title the Tuesday in Champions.<\/p>  <p>By his part,<strong> the pair of head offices had to Ronald Ara\u00fajo and Eric Garc\u00eda like headlines<\/strong>, with Jules Kound\u00e9 again in the right side. So much the Uruguayan like the Spanish had a very calm party, since <strong>the Elche grieve finished once to the arch defended by Marc-Andr\u00e9 ter Stegen in the 90 minutes<\/strong>. The bad moment of the group &#8216;blanquiverde&#8217; and the numerical inferiority from the minute 13 by the expulsion of Gonzalo Verd\u00fa did that the ones of Francisco Rodr\u00edguez grieve happened the half of the field the Saturday.<\/p>  <p>In the medullary,<strong> Xavi put <a data-external=\"0\" data-intl-links-en=\"https:\/\/www.fcbarcelonanoticias.com\/en\/fc-barcelona\/frenkie-of-jong-goal-and-new-titularity-to-follow-libe_284205_102.html\" data-intl-links-es=\"https:\/\/www.fcbarcelonanoticias.com\/fc-barcelona\/frenkie-jong-gol-nueva-titularidad-seguir-liberando-tension_284205_102.html\" href=\"https:\/\/www.fcbarcelonanoticias.com\/en\/fc-barcelona\/frenkie-of-jong-goal-and-new-titularity-to-follow-libe_284205_102.html\" rel=\"follow\" target=\"_self\" title=\"Frenkie de Jong, gol y nueva titularidad para seguir liberando tensi\u00f3n\">to Frenkie of Jong<\/a> in the place of Busquets, with Franck Kessi\u00e9 and Pedri loose by the sides to add to the attack<\/strong>. To the equal that his compatriot Depay, Frenkie took advantage of the titularity with a very good party and follows winning whole to try return to the eleven, although for the moment the Catalan trainer has clear that the pair Gavi-Pedri is stellar, to the equal that &#8216;Busi&#8217;.<\/p>  <h3>Message of Xavi to the captains<\/h3>  <p>With the suplencia of Alba, Hammered and Busquets in front of the Elche, Xavi confirms his posture for with the captains. In the case of Sergio,<strong> the demanding calendar of the Bar\u00e7a forces to rotar and the &#8216;5&#8217; will be one of the players that more dosage have regarding minutes<\/strong>, considering the depth that offers the staff, his age (34 years) and that the one of Sabadell will be to title with Spain in the World-wide.<\/p>  <p>By his part, <strong>Alba and Hammered know &#8216;sentenced&#8217; in this beginning of the season.<\/strong> The left side had options to go yielded to the Inter of Milan, whereas the central only remained because of his high index card.<strong> Gerard came to contest the 90 minutes the past week in front of the C\u00e1diz, whereas Jordi follows without seeing minutes since it played complete in the day 1 <\/strong>in front of the Ray (0-0). In Champions, the &#8217;18&#8217; was to title in front of Viktoria Plzen, whereas the &#8216;3&#8217; played 45 minutes. The captains already know which will be the diagram of minutes of Xavi in this season. The message is clear.<\/p> ","protected":false},"excerpt":{"rendered":"<p>Xavi Hern\u00e1ndez rested Sergio Busquets against Elche. Despite the win, the coach from Egar left Jordi Alba and Gerard Piqu\u00e9 on the bench, a message for the captains for the future in LaLiga The FC Barcelona resolved with tranquility his party in front of the Elche (3-0). Xavi Hern\u00e1ndez entered several changes regarding the defeat [&hellip;]<\/p>\n","protected":false},"author":347,"featured_media":75870,"comment_status":"closed","ping_status":"open","sticky":false,"template":"","format":"standard","meta":{"_acf_changed":false,"inline_featured_image":false,"_nextfly_llmd_date_locked":false,"footnotes":""},"categories":[453,107],"tags":[163,280,166],"class_list":["post-75864","post","type-post","status-publish","format-standard","has-post-thumbnail","hentry","category-players-2","category-players","tag-gerard-pique","tag-jordi-alba","tag-sergio-busquets"],"acf":[],"yoast_head":"<!-- This site is optimized with the Yoast SEO plugin v27.3 - https:\/\/yoast.com\/product\/yoast-seo-wordpress\/ -->\n<title>New message from Xavi: The Bar\u00e7a captains, without minutes against Elche<\/title>\n<meta name=\"description\" content=\"Xavi Hern\u00e1ndez gave rest to Sergio Busquets in front of the Elche. In spite of the goleada, the technician egarense left in the bench to Jordi Alba and Gerard Hammered, a...\" \/>\n<meta name=\"robots\" content=\"index, follow, max-snippet:-1, max-image-preview:large, max-video-preview:-1\" \/>\n<link rel=\"canonical\" href=\"https:\/\/www.fcbarcelonanoticias.com\/en\/players\/new-message-of-xavi-the-captains-of-the-barca-without-minut_284464_102.html\" \/>\n<meta property=\"og:locale\" content=\"en_US\" \/>\n<meta property=\"og:type\" content=\"article\" \/>\n<meta property=\"og:title\" content=\"New message from Xavi: The Bar\u00e7a captains, without minutes against Elche\" \/>\n<meta property=\"og:description\" content=\"Xavi Hern\u00e1ndez gave rest to Sergio Busquets in front of the Elche. In spite of the goleada, the technician egarense left in the bench to Jordi Alba and Gerard Hammered, a...\" \/>\n<meta property=\"og:url\" content=\"https:\/\/www.fcbarcelonanoticias.com\/en\/players\/new-message-of-xavi-the-captains-of-the-barca-without-minut_284464_102.html\" \/>\n<meta property=\"og:site_name\" content=\"EN - FC Barcelona Noticias\" \/>\n<meta property=\"article:published_time\" content=\"2022-09-17T19:28:00+00:00\" \/>\n<meta property=\"og:image\" content=\"https:\/\/www.fcbarcelonanoticias.com\/en\/wp-content\/uploads\/sites\/2\/2022\/09\/jordi-alba-y-gerard-pique-en-el-banquillo-del-barc-a.jpeg\" \/>\n\t<meta property=\"og:image:width\" content=\"1200\" \/>\n\t<meta property=\"og:image:height\" content=\"675\" \/>\n\t<meta property=\"og:image:type\" content=\"image\/jpeg\" \/>\n<meta name=\"author\" content=\"Andr\u00e9s Quiroz\" \/>\n<meta name=\"twitter:card\" content=\"summary_large_image\" \/>\n<meta name=\"twitter:label1\" content=\"Written by\" \/>\n\t<meta name=\"twitter:data1\" content=\"Andr\u00e9s Quiroz\" \/>\n\t<meta name=\"twitter:label2\" content=\"Est. reading time\" \/>\n\t<meta name=\"twitter:data2\" content=\"3 minutes\" \/>\n<script type=\"application\/ld+json\" class=\"yoast-schema-graph\">{\"@context\":\"https:\\\/\\\/schema.org\",\"@graph\":[{\"@type\":\"Article\",\"@id\":\"https:\\\/\\\/www.fcbarcelonanoticias.com\\\/en\\\/players\\\/new-message-of-xavi-the-captains-of-the-barca-without-minut_284464_102.html#article\",\"isPartOf\":{\"@id\":\"https:\\\/\\\/www.fcbarcelonanoticias.com\\\/en\\\/players\\\/new-message-of-xavi-the-captains-of-the-barca-without-minut_284464_102.html\"},\"author\":{\"name\":\"Andr\u00e9s Quiroz\",\"@id\":\"https:\\\/\\\/www.fcbarcelonanoticias.com\\\/en\\\/#\\\/schema\\\/person\\\/c2cd9f6fa1af5c0d0eccd0fefa575c88\"},\"headline\":\"New message from Xavi: The Bar\u00e7a captains, without minutes against Elche\",\"datePublished\":\"2022-09-17T19:28:00+00:00\",\"mainEntityOfPage\":{\"@id\":\"https:\\\/\\\/www.fcbarcelonanoticias.com\\\/en\\\/players\\\/new-message-of-xavi-the-captains-of-the-barca-without-minut_284464_102.html\"},\"wordCount\":575,\"image\":{\"@id\":\"https:\\\/\\\/www.fcbarcelonanoticias.com\\\/en\\\/players\\\/new-message-of-xavi-the-captains-of-the-barca-without-minut_284464_102.html#primaryimage\"},\"thumbnailUrl\":\"https:\\\/\\\/www.fcbarcelonanoticias.com\\\/en\\\/wp-content\\\/uploads\\\/sites\\\/2\\\/2022\\\/09\\\/jordi-alba-y-gerard-pique-en-el-banquillo-del-barc-a.jpeg\",\"keywords\":[\"Gerard Piqu\u00e9\",\"Jordi Alba\",\"Sergio Busquets\"],\"articleSection\":[\"Players\",\"Players\"],\"inLanguage\":\"en-US\"},{\"@type\":\"WebPage\",\"@id\":\"https:\\\/\\\/www.fcbarcelonanoticias.com\\\/en\\\/players\\\/new-message-of-xavi-the-captains-of-the-barca-without-minut_284464_102.html\",\"url\":\"https:\\\/\\\/www.fcbarcelonanoticias.com\\\/en\\\/players\\\/new-message-of-xavi-the-captains-of-the-barca-without-minut_284464_102.html\",\"name\":\"New message from Xavi: The Bar\u00e7a captains, without minutes against Elche\",\"isPartOf\":{\"@id\":\"https:\\\/\\\/www.fcbarcelonanoticias.com\\\/en\\\/#website\"},\"primaryImageOfPage\":{\"@id\":\"https:\\\/\\\/www.fcbarcelonanoticias.com\\\/en\\\/players\\\/new-message-of-xavi-the-captains-of-the-barca-without-minut_284464_102.html#primaryimage\"},\"image\":{\"@id\":\"https:\\\/\\\/www.fcbarcelonanoticias.com\\\/en\\\/players\\\/new-message-of-xavi-the-captains-of-the-barca-without-minut_284464_102.html#primaryimage\"},\"thumbnailUrl\":\"https:\\\/\\\/www.fcbarcelonanoticias.com\\\/en\\\/wp-content\\\/uploads\\\/sites\\\/2\\\/2022\\\/09\\\/jordi-alba-y-gerard-pique-en-el-banquillo-del-barc-a.jpeg\",\"datePublished\":\"2022-09-17T19:28:00+00:00\",\"author\":{\"@id\":\"https:\\\/\\\/www.fcbarcelonanoticias.com\\\/en\\\/#\\\/schema\\\/person\\\/c2cd9f6fa1af5c0d0eccd0fefa575c88\"},\"description\":\"Xavi Hern\u00e1ndez gave rest to Sergio Busquets in front of the Elche. In spite of the goleada, the technician egarense left in the bench to Jordi Alba and Gerard Hammered, a...\",\"breadcrumb\":{\"@id\":\"https:\\\/\\\/www.fcbarcelonanoticias.com\\\/en\\\/players\\\/new-message-of-xavi-the-captains-of-the-barca-without-minut_284464_102.html#breadcrumb\"},\"inLanguage\":\"en-US\",\"potentialAction\":[{\"@type\":\"ReadAction\",\"target\":[\"https:\\\/\\\/www.fcbarcelonanoticias.com\\\/en\\\/players\\\/new-message-of-xavi-the-captains-of-the-barca-without-minut_284464_102.html\"]}]},{\"@type\":\"ImageObject\",\"inLanguage\":\"en-US\",\"@id\":\"https:\\\/\\\/www.fcbarcelonanoticias.com\\\/en\\\/players\\\/new-message-of-xavi-the-captains-of-the-barca-without-minut_284464_102.html#primaryimage\",\"url\":\"https:\\\/\\\/www.fcbarcelonanoticias.com\\\/en\\\/wp-content\\\/uploads\\\/sites\\\/2\\\/2022\\\/09\\\/jordi-alba-y-gerard-pique-en-el-banquillo-del-barc-a.jpeg\",\"contentUrl\":\"https:\\\/\\\/www.fcbarcelonanoticias.com\\\/en\\\/wp-content\\\/uploads\\\/sites\\\/2\\\/2022\\\/09\\\/jordi-alba-y-gerard-pique-en-el-banquillo-del-barc-a.jpeg\",\"width\":1200,\"height\":675},{\"@type\":\"BreadcrumbList\",\"@id\":\"https:\\\/\\\/www.fcbarcelonanoticias.com\\\/en\\\/players\\\/new-message-of-xavi-the-captains-of-the-barca-without-minut_284464_102.html#breadcrumb\",\"itemListElement\":[{\"@type\":\"ListItem\",\"position\":1,\"name\":\"Portada\",\"item\":\"https:\\\/\\\/www.fcbarcelonanoticias.com\\\/en\\\/\"},{\"@type\":\"ListItem\",\"position\":2,\"name\":\"New message from Xavi: The Bar\u00e7a captains, without minutes against Elche\"}]},{\"@type\":\"WebSite\",\"@id\":\"https:\\\/\\\/www.fcbarcelonanoticias.com\\\/en\\\/#website\",\"url\":\"https:\\\/\\\/www.fcbarcelonanoticias.com\\\/en\\\/\",\"name\":\"EN - FC Barcelona Noticias\",\"description\":\"\",\"potentialAction\":[{\"@type\":\"SearchAction\",\"target\":{\"@type\":\"EntryPoint\",\"urlTemplate\":\"https:\\\/\\\/www.fcbarcelonanoticias.com\\\/en\\\/?s={search_term_string}\"},\"query-input\":{\"@type\":\"PropertyValueSpecification\",\"valueRequired\":true,\"valueName\":\"search_term_string\"}}],\"inLanguage\":\"en-US\"},{\"@type\":\"Person\",\"@id\":\"https:\\\/\\\/www.fcbarcelonanoticias.com\\\/en\\\/#\\\/schema\\\/person\\\/c2cd9f6fa1af5c0d0eccd0fefa575c88\",\"name\":\"Andr\u00e9s Quiroz\",\"image\":{\"@type\":\"ImageObject\",\"inLanguage\":\"en-US\",\"@id\":\"https:\\\/\\\/secure.gravatar.com\\\/avatar\\\/?s=96&d=mm&r=g\",\"url\":\"https:\\\/\\\/secure.gravatar.com\\\/avatar\\\/?s=96&d=mm&r=g\",\"contentUrl\":\"https:\\\/\\\/secure.gravatar.com\\\/avatar\\\/?s=96&d=mm&r=g\",\"caption\":\"Andr\u00e9s Quiroz\"},\"description\":\"Licenciado en Periodismo por la Universidad de los Andes. Me encargo de analizar y compartir los contenidos m\u00e1s destacados de la\u00a0actualidad del F\u00fatbol Club Barcelona, Mercado de Fichajes y F\u00fatbol Internacional en FCBN. La informaci\u00f3n es poder, pero tambi\u00e9n conocimiento.\",\"url\":\"https:\\\/\\\/www.fcbarcelonanoticias.com\\\/en\\\/fc-barcelona\\\/andres-quiroz_17_115.html\"}]}<\/script>\n<!-- \/ Yoast SEO plugin. -->","yoast_head_json":{"title":"New message from Xavi: The Bar\u00e7a captains, without minutes against Elche","description":"Xavi Hern\u00e1ndez gave rest to Sergio Busquets in front of the Elche. In spite of the goleada, the technician egarense left in the bench to Jordi Alba and Gerard Hammered, a...","robots":{"index":"index","follow":"follow","max-snippet":"max-snippet:-1","max-image-preview":"max-image-preview:large","max-video-preview":"max-video-preview:-1"},"canonical":"https:\/\/www.fcbarcelonanoticias.com\/en\/players\/new-message-of-xavi-the-captains-of-the-barca-without-minut_284464_102.html","og_locale":"en_US","og_type":"article","og_title":"New message from Xavi: The Bar\u00e7a captains, without minutes against Elche","og_description":"Xavi Hern\u00e1ndez gave rest to Sergio Busquets in front of the Elche. In spite of the goleada, the technician egarense left in the bench to Jordi Alba and Gerard Hammered, a...","og_url":"https:\/\/www.fcbarcelonanoticias.com\/en\/players\/new-message-of-xavi-the-captains-of-the-barca-without-minut_284464_102.html","og_site_name":"EN - FC Barcelona Noticias","article_published_time":"2022-09-17T19:28:00+00:00","og_image":[{"width":1200,"height":675,"url":"https:\/\/www.fcbarcelonanoticias.com\/en\/wp-content\/uploads\/sites\/2\/2022\/09\/jordi-alba-y-gerard-pique-en-el-banquillo-del-barc-a.jpeg","type":"image\/jpeg"}],"author":"Andr\u00e9s Quiroz","twitter_card":"summary_large_image","twitter_misc":{"Written by":"Andr\u00e9s Quiroz","Est. reading time":"3 minutes"},"schema":{"@context":"https:\/\/schema.org","@graph":[{"@type":"Article","@id":"https:\/\/www.fcbarcelonanoticias.com\/en\/players\/new-message-of-xavi-the-captains-of-the-barca-without-minut_284464_102.html#article","isPartOf":{"@id":"https:\/\/www.fcbarcelonanoticias.com\/en\/players\/new-message-of-xavi-the-captains-of-the-barca-without-minut_284464_102.html"},"author":{"name":"Andr\u00e9s Quiroz","@id":"https:\/\/www.fcbarcelonanoticias.com\/en\/#\/schema\/person\/c2cd9f6fa1af5c0d0eccd0fefa575c88"},"headline":"New message from Xavi: The Bar\u00e7a captains, without minutes against Elche","datePublished":"2022-09-17T19:28:00+00:00","mainEntityOfPage":{"@id":"https:\/\/www.fcbarcelonanoticias.com\/en\/players\/new-message-of-xavi-the-captains-of-the-barca-without-minut_284464_102.html"},"wordCount":575,"image":{"@id":"https:\/\/www.fcbarcelonanoticias.com\/en\/players\/new-message-of-xavi-the-captains-of-the-barca-without-minut_284464_102.html#primaryimage"},"thumbnailUrl":"https:\/\/www.fcbarcelonanoticias.com\/en\/wp-content\/uploads\/sites\/2\/2022\/09\/jordi-alba-y-gerard-pique-en-el-banquillo-del-barc-a.jpeg","keywords":["Gerard Piqu\u00e9","Jordi Alba","Sergio Busquets"],"articleSection":["Players","Players"],"inLanguage":"en-US"},{"@type":"WebPage","@id":"https:\/\/www.fcbarcelonanoticias.com\/en\/players\/new-message-of-xavi-the-captains-of-the-barca-without-minut_284464_102.html","url":"https:\/\/www.fcbarcelonanoticias.com\/en\/players\/new-message-of-xavi-the-captains-of-the-barca-without-minut_284464_102.html","name":"New message from Xavi: The Bar\u00e7a captains, without minutes against Elche","isPartOf":{"@id":"https:\/\/www.fcbarcelonanoticias.com\/en\/#website"},"primaryImageOfPage":{"@id":"https:\/\/www.fcbarcelonanoticias.com\/en\/players\/new-message-of-xavi-the-captains-of-the-barca-without-minut_284464_102.html#primaryimage"},"image":{"@id":"https:\/\/www.fcbarcelonanoticias.com\/en\/players\/new-message-of-xavi-the-captains-of-the-barca-without-minut_284464_102.html#primaryimage"},"thumbnailUrl":"https:\/\/www.fcbarcelonanoticias.com\/en\/wp-content\/uploads\/sites\/2\/2022\/09\/jordi-alba-y-gerard-pique-en-el-banquillo-del-barc-a.jpeg","datePublished":"2022-09-17T19:28:00+00:00","author":{"@id":"https:\/\/www.fcbarcelonanoticias.com\/en\/#\/schema\/person\/c2cd9f6fa1af5c0d0eccd0fefa575c88"},"description":"Xavi Hern\u00e1ndez gave rest to Sergio Busquets in front of the Elche. In spite of the goleada, the technician egarense left in the bench to Jordi Alba and Gerard Hammered, a...","breadcrumb":{"@id":"https:\/\/www.fcbarcelonanoticias.com\/en\/players\/new-message-of-xavi-the-captains-of-the-barca-without-minut_284464_102.html#breadcrumb"},"inLanguage":"en-US","potentialAction":[{"@type":"ReadAction","target":["https:\/\/www.fcbarcelonanoticias.com\/en\/players\/new-message-of-xavi-the-captains-of-the-barca-without-minut_284464_102.html"]}]},{"@type":"ImageObject","inLanguage":"en-US","@id":"https:\/\/www.fcbarcelonanoticias.com\/en\/players\/new-message-of-xavi-the-captains-of-the-barca-without-minut_284464_102.html#primaryimage","url":"https:\/\/www.fcbarcelonanoticias.com\/en\/wp-content\/uploads\/sites\/2\/2022\/09\/jordi-alba-y-gerard-pique-en-el-banquillo-del-barc-a.jpeg","contentUrl":"https:\/\/www.fcbarcelonanoticias.com\/en\/wp-content\/uploads\/sites\/2\/2022\/09\/jordi-alba-y-gerard-pique-en-el-banquillo-del-barc-a.jpeg","width":1200,"height":675},{"@type":"BreadcrumbList","@id":"https:\/\/www.fcbarcelonanoticias.com\/en\/players\/new-message-of-xavi-the-captains-of-the-barca-without-minut_284464_102.html#breadcrumb","itemListElement":[{"@type":"ListItem","position":1,"name":"Portada","item":"https:\/\/www.fcbarcelonanoticias.com\/en\/"},{"@type":"ListItem","position":2,"name":"New message from Xavi: The Bar\u00e7a captains, without minutes against Elche"}]},{"@type":"WebSite","@id":"https:\/\/www.fcbarcelonanoticias.com\/en\/#website","url":"https:\/\/www.fcbarcelonanoticias.com\/en\/","name":"EN - FC Barcelona Noticias","description":"","potentialAction":[{"@type":"SearchAction","target":{"@type":"EntryPoint","urlTemplate":"https:\/\/www.fcbarcelonanoticias.com\/en\/?s={search_term_string}"},"query-input":{"@type":"PropertyValueSpecification","valueRequired":true,"valueName":"search_term_string"}}],"inLanguage":"en-US"},{"@type":"Person","@id":"https:\/\/www.fcbarcelonanoticias.com\/en\/#\/schema\/person\/c2cd9f6fa1af5c0d0eccd0fefa575c88","name":"Andr\u00e9s Quiroz","image":{"@type":"ImageObject","inLanguage":"en-US","@id":"https:\/\/secure.gravatar.com\/avatar\/?s=96&d=mm&r=g","url":"https:\/\/secure.gravatar.com\/avatar\/?s=96&d=mm&r=g","contentUrl":"https:\/\/secure.gravatar.com\/avatar\/?s=96&d=mm&r=g","caption":"Andr\u00e9s Quiroz"},"description":"Licenciado en Periodismo por la Universidad de los Andes. Me encargo de analizar y compartir los contenidos m\u00e1s destacados de la\u00a0actualidad del F\u00fatbol Club Barcelona, Mercado de Fichajes y F\u00fatbol Internacional en FCBN. La informaci\u00f3n es poder, pero tambi\u00e9n conocimiento.","url":"https:\/\/www.fcbarcelonanoticias.com\/en\/fc-barcelona\/andres-quiroz_17_115.html"}]}},"_links":{"self":[{"href":"https:\/\/www.fcbarcelonanoticias.com\/en\/wp-json\/wp\/v2\/posts\/75864","targetHints":{"allow":["GET"]}}],"collection":[{"href":"https:\/\/www.fcbarcelonanoticias.com\/en\/wp-json\/wp\/v2\/posts"}],"about":[{"href":"https:\/\/www.fcbarcelonanoticias.com\/en\/wp-json\/wp\/v2\/types\/post"}],"author":[{"embeddable":true,"href":"https:\/\/www.fcbarcelonanoticias.com\/en\/wp-json\/wp\/v2\/users\/347"}],"replies":[{"embeddable":true,"href":"https:\/\/www.fcbarcelonanoticias.com\/en\/wp-json\/wp\/v2\/comments?post=75864"}],"version-history":[{"count":1,"href":"https:\/\/www.fcbarcelonanoticias.com\/en\/wp-json\/wp\/v2\/posts\/75864\/revisions"}],"predecessor-version":[{"id":75865,"href":"https:\/\/www.fcbarcelonanoticias.com\/en\/wp-json\/wp\/v2\/posts\/75864\/revisions\/75865"}],"wp:featuredmedia":[{"embeddable":true,"href":"https:\/\/www.fcbarcelonanoticias.com\/en\/wp-json\/wp\/v2\/media\/75870"}],"wp:attachment":[{"href":"https:\/\/www.fcbarcelonanoticias.com\/en\/wp-json\/wp\/v2\/media?parent=75864"}],"wp:term":[{"taxonomy":"category","embeddable":true,"href":"https:\/\/www.fcbarcelonanoticias.com\/en\/wp-json\/wp\/v2\/categories?post=75864"},{"taxonomy":"post_tag","embeddable":true,"href":"https:\/\/www.fcbarcelonanoticias.com\/en\/wp-json\/wp\/v2\/tags?post=75864"}],"curies":[{"name":"wp","href":"https:\/\/api.w.org\/{rel}","templated":true}]}}