{"id":75971,"date":"2017-01-06T00:47:00","date_gmt":"2017-01-05T23:47:00","guid":{"rendered":"https:\/\/weisetech.dev\/fc-barcelona-noticias\/en\/neymar-junior-happy-again-reunion-with-bruna_200947_102\/"},"modified":"2026-04-16T10:05:49","modified_gmt":"2026-04-16T08:05:49","slug":"neymar-jr-the-mvp-of-the-fc-barcelona-against-the-athletic_195674_102","status":"publish","type":"post","link":"https:\/\/www.fcbarcelonanoticias.com\/en\/players\/neymar-jr-the-mvp-of-the-fc-barcelona-against-the-athletic_195674_102.html","title":{"rendered":"Neymar Jr, the &#8220;MVP&#8221; of the FC Barcelona against the Athletic"},"content":{"rendered":"<h2 class=\"wp-block-heading\">Neymar Jr Did not see door against the Athletic in Saint Mam\u00e9s, but caused the expulsions of two rivals, Ra\u00fal Garc\u00eda and Iturraspe, and also a penalti that did not signal the referee in the first-half. It was the most dynamic player of the Bar\u00e7a<\/h2>  \r\n<div class=\"article-addons\">\r\n    <a href=\"https:\/\/www.fcbarcelonanoticias.com\/en\/calendar-fc-barcelona.html\"\r\n       target=\"_self\"\r\n       title=\"Calendar of FC Barcelona\"\r\n       class=\"blue-gredient-btn\">\r\n       \r\n        Calendar of FC Barcelona    <\/a>\r\n<\/div>   <p>Although it is true that the decision to plant to <strong><a href=\"https:\/\/www.fcbarcelonanoticias.com\/en\/tags\/neymar-jr.html\">Neymar Jr<\/a> like the &#8220;MVP&#8221; of the FC Barcelona against the Athletic of Bilbao<\/strong> can that it surprise to more than a fan, the reality is that the Brazilian attacker of the Bar\u00e7a was the most intense player of the Barcelona edict in the gone <a href=\"https:\/\/www.fcbarcelonanoticias.com\/entradas\/entradas-fc-barcelona-vs-athletic-bilbao-copa-del-rey_195279_102.html\"><strong>of eighth of Glass of the King 2016-17<\/strong><\/a>, carrying danger continuously and causing a big quantity of faults in favour, as the one who propici\u00f3 the goal of Leo Messi.<\/p> <p>In spite of that remained  without marking by en\u00e9simo consecutive party, <a href=\"https:\/\/www.fcbarcelonanoticias.com\/jugadores\/vergueenza-el-arbitro-no-pito-un-penalti-a-ney-y-castigo-al-barca_195669_102.html\"><strong>Neymar Jr was determinant when causing in the first-half a penalti that was not pitado<\/strong><\/a> by Fern\u00e1ndez Borbal\u00e1n, whereas in the second act &#8220;left&#8221; to the Athletic with nine players when causing, thanks to his vertiginous dribblings and driving of balloon, the expulsions of Iturraspe and Ra\u00fal Garc\u00eda, those who could not brake him.<\/p> <p>The players expelled, besides,<strong> are key pieces of the Athletic that will not be able to play against the Bar\u00e7a<\/strong> in the Camp Nou next Wednesday, what gives more relief to the performance of a Neymar that went the player that more lacking caused and, besides, offered also a big defensive deployment.<\/p> <p>The Brazilian was irrepressible in the left band, <strong>having of a very dangerous shot in the second half that diverted Gorka Iraizoz<\/strong> to corner, but that by little meant the tie of the Bar\u00e7a in The Cathedral.<\/p> <h2>The Bar\u00e7a follows alive in Glass of Rey<\/h2> <p>In definite, is clear that was not the best party of Neymar Jr, since it also lost some that another balloon and had punctual errors. However, it fits to stand out that it neither was the most brilliant performance of a Bar\u00e7a that, by against, keeps  alive in the eliminatory of eighth of Glass of the King thanks to the goal of fault <a href=\"https:\/\/www.fcbarcelonanoticias.com\/en\/jugadores\/lionel-messi.html\"><strong>of Leo Messi<\/strong><\/a>.<strong> It will touch to give it all next week in the Camp Nou<\/strong>.<\/p> ","protected":false},"excerpt":{"rendered":"<p>Neymar Jr Did not see door against the Athletic in Saint Mam\u00e9s, but caused the expulsions of two rivals, Ra\u00fal Garc\u00eda and Iturraspe, and also a penalti that did not signal the referee in the first-half. It was the most dynamic player of the Bar\u00e7a Although it is true that the decision to plant to [&hellip;]<\/p>\n","protected":false},"author":366,"featured_media":75975,"comment_status":"closed","ping_status":"open","sticky":false,"template":"","format":"standard","meta":{"_acf_changed":false,"inline_featured_image":false,"_nextfly_llmd_date_locked":false,"footnotes":""},"categories":[107,453],"tags":[81,232,143],"class_list":["post-75971","post","type-post","status-publish","format-standard","has-post-thumbnail","hentry","category-players","category-players-2","tag-athletic-de-bilbao","tag-mvp","tag-neymar-jr"],"acf":[],"yoast_head":"<!-- This site is optimized with the Yoast SEO plugin v27.3 - https:\/\/yoast.com\/product\/yoast-seo-wordpress\/ -->\n<title>Neymar Jr, the &quot;MVP&quot; of the FC Barcelona against the Athletic<\/title>\n<meta name=\"description\" content=\"Neymar Jr Did not see door against the Athletic in Saint Mam\u00e9s, but caused the expulsions of two rivals, Ra\u00fal Garc\u00eda and Iturraspe, and also a...\" \/>\n<meta name=\"robots\" content=\"index, follow, max-snippet:-1, max-image-preview:large, max-video-preview:-1\" \/>\n<link rel=\"canonical\" href=\"https:\/\/www.fcbarcelonanoticias.com\/en\/players\/neymar-jr-the-mvp-of-the-fc-barcelona-against-the-athletic_195674_102.html\" \/>\n<meta property=\"og:locale\" content=\"en_US\" \/>\n<meta property=\"og:type\" content=\"article\" \/>\n<meta property=\"og:title\" content=\"Neymar Jr, the &quot;MVP&quot; of the FC Barcelona against the Athletic\" \/>\n<meta property=\"og:description\" content=\"Neymar Jr Did not see door against the Athletic in Saint Mam\u00e9s, but caused the expulsions of two rivals, Ra\u00fal Garc\u00eda and Iturraspe, and also a...\" \/>\n<meta property=\"og:url\" content=\"https:\/\/www.fcbarcelonanoticias.com\/en\/players\/neymar-jr-the-mvp-of-the-fc-barcelona-against-the-athletic_195674_102.html\" \/>\n<meta property=\"og:site_name\" content=\"EN - FC Barcelona Noticias\" \/>\n<meta property=\"article:published_time\" content=\"2017-01-05T23:47:00+00:00\" \/>\n<meta property=\"article:modified_time\" content=\"2026-04-16T08:05:49+00:00\" \/>\n<meta property=\"og:image\" content=\"https:\/\/www.fcbarcelonanoticias.com\/en\/wp-content\/uploads\/sites\/2\/2017\/01\/mvp-bilbao-fcbarcelona-206584.jpeg\" \/>\n\t<meta property=\"og:image:width\" content=\"760\" \/>\n\t<meta property=\"og:image:height\" content=\"428\" \/>\n\t<meta property=\"og:image:type\" content=\"image\/jpeg\" \/>\n<meta name=\"author\" content=\"Carlos Dom\u00ednguez\" \/>\n<meta name=\"twitter:card\" content=\"summary_large_image\" \/>\n<meta name=\"twitter:label1\" content=\"Written by\" \/>\n\t<meta name=\"twitter:data1\" content=\"Carlos Dom\u00ednguez\" \/>\n\t<meta name=\"twitter:label2\" content=\"Est. reading time\" \/>\n\t<meta name=\"twitter:data2\" content=\"2 minutes\" \/>\n<script type=\"application\/ld+json\" class=\"yoast-schema-graph\">{\"@context\":\"https:\\\/\\\/schema.org\",\"@graph\":[{\"@type\":\"Article\",\"@id\":\"https:\\\/\\\/www.fcbarcelonanoticias.com\\\/en\\\/players\\\/neymar-jr-the-mvp-of-the-fc-barcelona-against-the-athletic_195674_102.html#article\",\"isPartOf\":{\"@id\":\"https:\\\/\\\/www.fcbarcelonanoticias.com\\\/en\\\/players\\\/neymar-jr-the-mvp-of-the-fc-barcelona-against-the-athletic_195674_102.html\"},\"author\":{\"name\":\"Carlos Dom\u00ednguez\",\"@id\":\"https:\\\/\\\/www.fcbarcelonanoticias.com\\\/en\\\/#\\\/schema\\\/person\\\/888e29b17b79c70d1c617d8a7bc9b8c6\"},\"headline\":\"Neymar Jr, the &#8220;MVP&#8221; of the FC Barcelona against the Athletic\",\"datePublished\":\"2017-01-05T23:47:00+00:00\",\"dateModified\":\"2026-04-16T08:05:49+00:00\",\"mainEntityOfPage\":{\"@id\":\"https:\\\/\\\/www.fcbarcelonanoticias.com\\\/en\\\/players\\\/neymar-jr-the-mvp-of-the-fc-barcelona-against-the-athletic_195674_102.html\"},\"wordCount\":396,\"image\":{\"@id\":\"https:\\\/\\\/www.fcbarcelonanoticias.com\\\/en\\\/players\\\/neymar-jr-the-mvp-of-the-fc-barcelona-against-the-athletic_195674_102.html#primaryimage\"},\"thumbnailUrl\":\"https:\\\/\\\/www.fcbarcelonanoticias.com\\\/en\\\/wp-content\\\/uploads\\\/sites\\\/2\\\/2017\\\/01\\\/mvp-bilbao-fcbarcelona-206584.jpeg\",\"keywords\":[\"Athletic de Bilbao\",\"MVP FC Barcelona\",\"Neymar Jr\"],\"articleSection\":[\"Players\",\"Players\"],\"inLanguage\":\"en-US\"},{\"@type\":\"WebPage\",\"@id\":\"https:\\\/\\\/www.fcbarcelonanoticias.com\\\/en\\\/players\\\/neymar-jr-the-mvp-of-the-fc-barcelona-against-the-athletic_195674_102.html\",\"url\":\"https:\\\/\\\/www.fcbarcelonanoticias.com\\\/en\\\/players\\\/neymar-jr-the-mvp-of-the-fc-barcelona-against-the-athletic_195674_102.html\",\"name\":\"Neymar Jr, the \\\"MVP\\\" of the FC Barcelona against the Athletic\",\"isPartOf\":{\"@id\":\"https:\\\/\\\/www.fcbarcelonanoticias.com\\\/en\\\/#website\"},\"primaryImageOfPage\":{\"@id\":\"https:\\\/\\\/www.fcbarcelonanoticias.com\\\/en\\\/players\\\/neymar-jr-the-mvp-of-the-fc-barcelona-against-the-athletic_195674_102.html#primaryimage\"},\"image\":{\"@id\":\"https:\\\/\\\/www.fcbarcelonanoticias.com\\\/en\\\/players\\\/neymar-jr-the-mvp-of-the-fc-barcelona-against-the-athletic_195674_102.html#primaryimage\"},\"thumbnailUrl\":\"https:\\\/\\\/www.fcbarcelonanoticias.com\\\/en\\\/wp-content\\\/uploads\\\/sites\\\/2\\\/2017\\\/01\\\/mvp-bilbao-fcbarcelona-206584.jpeg\",\"datePublished\":\"2017-01-05T23:47:00+00:00\",\"dateModified\":\"2026-04-16T08:05:49+00:00\",\"author\":{\"@id\":\"https:\\\/\\\/www.fcbarcelonanoticias.com\\\/en\\\/#\\\/schema\\\/person\\\/888e29b17b79c70d1c617d8a7bc9b8c6\"},\"description\":\"Neymar Jr Did not see door against the Athletic in Saint Mam\u00e9s, but caused the expulsions of two rivals, Ra\u00fal Garc\u00eda and Iturraspe, and also a...\",\"breadcrumb\":{\"@id\":\"https:\\\/\\\/www.fcbarcelonanoticias.com\\\/en\\\/players\\\/neymar-jr-the-mvp-of-the-fc-barcelona-against-the-athletic_195674_102.html#breadcrumb\"},\"inLanguage\":\"en-US\",\"potentialAction\":[{\"@type\":\"ReadAction\",\"target\":[\"https:\\\/\\\/www.fcbarcelonanoticias.com\\\/en\\\/players\\\/neymar-jr-the-mvp-of-the-fc-barcelona-against-the-athletic_195674_102.html\"]}]},{\"@type\":\"ImageObject\",\"inLanguage\":\"en-US\",\"@id\":\"https:\\\/\\\/www.fcbarcelonanoticias.com\\\/en\\\/players\\\/neymar-jr-the-mvp-of-the-fc-barcelona-against-the-athletic_195674_102.html#primaryimage\",\"url\":\"https:\\\/\\\/www.fcbarcelonanoticias.com\\\/en\\\/wp-content\\\/uploads\\\/sites\\\/2\\\/2017\\\/01\\\/mvp-bilbao-fcbarcelona-206584.jpeg\",\"contentUrl\":\"https:\\\/\\\/www.fcbarcelonanoticias.com\\\/en\\\/wp-content\\\/uploads\\\/sites\\\/2\\\/2017\\\/01\\\/mvp-bilbao-fcbarcelona-206584.jpeg\",\"width\":760,\"height\":428},{\"@type\":\"BreadcrumbList\",\"@id\":\"https:\\\/\\\/www.fcbarcelonanoticias.com\\\/en\\\/players\\\/neymar-jr-the-mvp-of-the-fc-barcelona-against-the-athletic_195674_102.html#breadcrumb\",\"itemListElement\":[{\"@type\":\"ListItem\",\"position\":1,\"name\":\"Portada\",\"item\":\"https:\\\/\\\/www.fcbarcelonanoticias.com\\\/en\\\/\"},{\"@type\":\"ListItem\",\"position\":2,\"name\":\"Neymar Jr, the &#8220;MVP&#8221; of the FC Barcelona against the Athletic\"}]},{\"@type\":\"WebSite\",\"@id\":\"https:\\\/\\\/www.fcbarcelonanoticias.com\\\/en\\\/#website\",\"url\":\"https:\\\/\\\/www.fcbarcelonanoticias.com\\\/en\\\/\",\"name\":\"EN - FC Barcelona Noticias\",\"description\":\"\",\"potentialAction\":[{\"@type\":\"SearchAction\",\"target\":{\"@type\":\"EntryPoint\",\"urlTemplate\":\"https:\\\/\\\/www.fcbarcelonanoticias.com\\\/en\\\/?s={search_term_string}\"},\"query-input\":{\"@type\":\"PropertyValueSpecification\",\"valueRequired\":true,\"valueName\":\"search_term_string\"}}],\"inLanguage\":\"en-US\"},{\"@type\":\"Person\",\"@id\":\"https:\\\/\\\/www.fcbarcelonanoticias.com\\\/en\\\/#\\\/schema\\\/person\\\/888e29b17b79c70d1c617d8a7bc9b8c6\",\"name\":\"Carlos Dom\u00ednguez\",\"image\":{\"@type\":\"ImageObject\",\"inLanguage\":\"en-US\",\"@id\":\"https:\\\/\\\/secure.gravatar.com\\\/avatar\\\/?s=96&d=mm&r=g\",\"url\":\"https:\\\/\\\/secure.gravatar.com\\\/avatar\\\/?s=96&d=mm&r=g\",\"contentUrl\":\"https:\\\/\\\/secure.gravatar.com\\\/avatar\\\/?s=96&d=mm&r=g\",\"caption\":\"Carlos Dom\u00ednguez\"},\"url\":\"https:\\\/\\\/www.fcbarcelonanoticias.com\\\/en\\\/carlos-dominguez_2_115.html\"}]}<\/script>\n<!-- \/ Yoast SEO plugin. -->","yoast_head_json":{"title":"Neymar Jr, the \"MVP\" of the FC Barcelona against the Athletic","description":"Neymar Jr Did not see door against the Athletic in Saint Mam\u00e9s, but caused the expulsions of two rivals, Ra\u00fal Garc\u00eda and Iturraspe, and also a...","robots":{"index":"index","follow":"follow","max-snippet":"max-snippet:-1","max-image-preview":"max-image-preview:large","max-video-preview":"max-video-preview:-1"},"canonical":"https:\/\/www.fcbarcelonanoticias.com\/en\/players\/neymar-jr-the-mvp-of-the-fc-barcelona-against-the-athletic_195674_102.html","og_locale":"en_US","og_type":"article","og_title":"Neymar Jr, the \"MVP\" of the FC Barcelona against the Athletic","og_description":"Neymar Jr Did not see door against the Athletic in Saint Mam\u00e9s, but caused the expulsions of two rivals, Ra\u00fal Garc\u00eda and Iturraspe, and also a...","og_url":"https:\/\/www.fcbarcelonanoticias.com\/en\/players\/neymar-jr-the-mvp-of-the-fc-barcelona-against-the-athletic_195674_102.html","og_site_name":"EN - FC Barcelona Noticias","article_published_time":"2017-01-05T23:47:00+00:00","article_modified_time":"2026-04-16T08:05:49+00:00","og_image":[{"width":760,"height":428,"url":"https:\/\/www.fcbarcelonanoticias.com\/en\/wp-content\/uploads\/sites\/2\/2017\/01\/mvp-bilbao-fcbarcelona-206584.jpeg","type":"image\/jpeg"}],"author":"Carlos Dom\u00ednguez","twitter_card":"summary_large_image","twitter_misc":{"Written by":"Carlos Dom\u00ednguez","Est. reading time":"2 minutes"},"schema":{"@context":"https:\/\/schema.org","@graph":[{"@type":"Article","@id":"https:\/\/www.fcbarcelonanoticias.com\/en\/players\/neymar-jr-the-mvp-of-the-fc-barcelona-against-the-athletic_195674_102.html#article","isPartOf":{"@id":"https:\/\/www.fcbarcelonanoticias.com\/en\/players\/neymar-jr-the-mvp-of-the-fc-barcelona-against-the-athletic_195674_102.html"},"author":{"name":"Carlos Dom\u00ednguez","@id":"https:\/\/www.fcbarcelonanoticias.com\/en\/#\/schema\/person\/888e29b17b79c70d1c617d8a7bc9b8c6"},"headline":"Neymar Jr, the &#8220;MVP&#8221; of the FC Barcelona against the Athletic","datePublished":"2017-01-05T23:47:00+00:00","dateModified":"2026-04-16T08:05:49+00:00","mainEntityOfPage":{"@id":"https:\/\/www.fcbarcelonanoticias.com\/en\/players\/neymar-jr-the-mvp-of-the-fc-barcelona-against-the-athletic_195674_102.html"},"wordCount":396,"image":{"@id":"https:\/\/www.fcbarcelonanoticias.com\/en\/players\/neymar-jr-the-mvp-of-the-fc-barcelona-against-the-athletic_195674_102.html#primaryimage"},"thumbnailUrl":"https:\/\/www.fcbarcelonanoticias.com\/en\/wp-content\/uploads\/sites\/2\/2017\/01\/mvp-bilbao-fcbarcelona-206584.jpeg","keywords":["Athletic de Bilbao","MVP FC Barcelona","Neymar Jr"],"articleSection":["Players","Players"],"inLanguage":"en-US"},{"@type":"WebPage","@id":"https:\/\/www.fcbarcelonanoticias.com\/en\/players\/neymar-jr-the-mvp-of-the-fc-barcelona-against-the-athletic_195674_102.html","url":"https:\/\/www.fcbarcelonanoticias.com\/en\/players\/neymar-jr-the-mvp-of-the-fc-barcelona-against-the-athletic_195674_102.html","name":"Neymar Jr, the \"MVP\" of the FC Barcelona against the Athletic","isPartOf":{"@id":"https:\/\/www.fcbarcelonanoticias.com\/en\/#website"},"primaryImageOfPage":{"@id":"https:\/\/www.fcbarcelonanoticias.com\/en\/players\/neymar-jr-the-mvp-of-the-fc-barcelona-against-the-athletic_195674_102.html#primaryimage"},"image":{"@id":"https:\/\/www.fcbarcelonanoticias.com\/en\/players\/neymar-jr-the-mvp-of-the-fc-barcelona-against-the-athletic_195674_102.html#primaryimage"},"thumbnailUrl":"https:\/\/www.fcbarcelonanoticias.com\/en\/wp-content\/uploads\/sites\/2\/2017\/01\/mvp-bilbao-fcbarcelona-206584.jpeg","datePublished":"2017-01-05T23:47:00+00:00","dateModified":"2026-04-16T08:05:49+00:00","author":{"@id":"https:\/\/www.fcbarcelonanoticias.com\/en\/#\/schema\/person\/888e29b17b79c70d1c617d8a7bc9b8c6"},"description":"Neymar Jr Did not see door against the Athletic in Saint Mam\u00e9s, but caused the expulsions of two rivals, Ra\u00fal Garc\u00eda and Iturraspe, and also a...","breadcrumb":{"@id":"https:\/\/www.fcbarcelonanoticias.com\/en\/players\/neymar-jr-the-mvp-of-the-fc-barcelona-against-the-athletic_195674_102.html#breadcrumb"},"inLanguage":"en-US","potentialAction":[{"@type":"ReadAction","target":["https:\/\/www.fcbarcelonanoticias.com\/en\/players\/neymar-jr-the-mvp-of-the-fc-barcelona-against-the-athletic_195674_102.html"]}]},{"@type":"ImageObject","inLanguage":"en-US","@id":"https:\/\/www.fcbarcelonanoticias.com\/en\/players\/neymar-jr-the-mvp-of-the-fc-barcelona-against-the-athletic_195674_102.html#primaryimage","url":"https:\/\/www.fcbarcelonanoticias.com\/en\/wp-content\/uploads\/sites\/2\/2017\/01\/mvp-bilbao-fcbarcelona-206584.jpeg","contentUrl":"https:\/\/www.fcbarcelonanoticias.com\/en\/wp-content\/uploads\/sites\/2\/2017\/01\/mvp-bilbao-fcbarcelona-206584.jpeg","width":760,"height":428},{"@type":"BreadcrumbList","@id":"https:\/\/www.fcbarcelonanoticias.com\/en\/players\/neymar-jr-the-mvp-of-the-fc-barcelona-against-the-athletic_195674_102.html#breadcrumb","itemListElement":[{"@type":"ListItem","position":1,"name":"Portada","item":"https:\/\/www.fcbarcelonanoticias.com\/en\/"},{"@type":"ListItem","position":2,"name":"Neymar Jr, the &#8220;MVP&#8221; of the FC Barcelona against the Athletic"}]},{"@type":"WebSite","@id":"https:\/\/www.fcbarcelonanoticias.com\/en\/#website","url":"https:\/\/www.fcbarcelonanoticias.com\/en\/","name":"EN - FC Barcelona Noticias","description":"","potentialAction":[{"@type":"SearchAction","target":{"@type":"EntryPoint","urlTemplate":"https:\/\/www.fcbarcelonanoticias.com\/en\/?s={search_term_string}"},"query-input":{"@type":"PropertyValueSpecification","valueRequired":true,"valueName":"search_term_string"}}],"inLanguage":"en-US"},{"@type":"Person","@id":"https:\/\/www.fcbarcelonanoticias.com\/en\/#\/schema\/person\/888e29b17b79c70d1c617d8a7bc9b8c6","name":"Carlos Dom\u00ednguez","image":{"@type":"ImageObject","inLanguage":"en-US","@id":"https:\/\/secure.gravatar.com\/avatar\/?s=96&d=mm&r=g","url":"https:\/\/secure.gravatar.com\/avatar\/?s=96&d=mm&r=g","contentUrl":"https:\/\/secure.gravatar.com\/avatar\/?s=96&d=mm&r=g","caption":"Carlos Dom\u00ednguez"},"url":"https:\/\/www.fcbarcelonanoticias.com\/en\/carlos-dominguez_2_115.html"}]}},"_links":{"self":[{"href":"https:\/\/www.fcbarcelonanoticias.com\/en\/wp-json\/wp\/v2\/posts\/75971","targetHints":{"allow":["GET"]}}],"collection":[{"href":"https:\/\/www.fcbarcelonanoticias.com\/en\/wp-json\/wp\/v2\/posts"}],"about":[{"href":"https:\/\/www.fcbarcelonanoticias.com\/en\/wp-json\/wp\/v2\/types\/post"}],"author":[{"embeddable":true,"href":"https:\/\/www.fcbarcelonanoticias.com\/en\/wp-json\/wp\/v2\/users\/366"}],"replies":[{"embeddable":true,"href":"https:\/\/www.fcbarcelonanoticias.com\/en\/wp-json\/wp\/v2\/comments?post=75971"}],"version-history":[{"count":4,"href":"https:\/\/www.fcbarcelonanoticias.com\/en\/wp-json\/wp\/v2\/posts\/75971\/revisions"}],"predecessor-version":[{"id":184858,"href":"https:\/\/www.fcbarcelonanoticias.com\/en\/wp-json\/wp\/v2\/posts\/75971\/revisions\/184858"}],"wp:featuredmedia":[{"embeddable":true,"href":"https:\/\/www.fcbarcelonanoticias.com\/en\/wp-json\/wp\/v2\/media\/75975"}],"wp:attachment":[{"href":"https:\/\/www.fcbarcelonanoticias.com\/en\/wp-json\/wp\/v2\/media?parent=75971"}],"wp:term":[{"taxonomy":"category","embeddable":true,"href":"https:\/\/www.fcbarcelonanoticias.com\/en\/wp-json\/wp\/v2\/categories?post=75971"},{"taxonomy":"post_tag","embeddable":true,"href":"https:\/\/www.fcbarcelonanoticias.com\/en\/wp-json\/wp\/v2\/tags?post=75971"}],"curies":[{"name":"wp","href":"https:\/\/api.w.org\/{rel}","templated":true}]}}