{"id":76374,"date":"2020-09-21T18:01:00","date_gmt":"2020-09-21T16:01:00","guid":{"rendered":"https:\/\/weisetech.dev\/fc-barcelona-noticias\/en\/official-barcelona-announces-cession-moussa-wague-paok_260772_102\/"},"modified":"2020-09-22T12:56:00","modified_gmt":"2020-09-22T10:56:00","slug":"official-barcelona-announces-cession-moussa-wague-paok_260772_102","status":"publish","type":"post","link":"https:\/\/www.fcbarcelonanoticias.com\/en\/players\/official-barcelona-announces-cession-moussa-wague-paok_260772_102.html","title":{"rendered":"OFFICIAL: The Bar\u00e7a announces the cession of Moussa Wagu\u00e9 to the PAOK"},"content":{"rendered":"<h2 class=\"wp-block-heading\">Moussa Wagu\u00e9 will pass another season on loan, this time in the PAOK of Thessaloniki. The youngster Senegalese defender wasn&#8217;t in the plans of Ronald Koeman and does the cases course to Greece<\/h2>  \r\n<div class=\"article-addons\">\r\n    <a href=\"https:\/\/www.fcbarcelonanoticias.com\/en\/calendar-fc-barcelona.html\"\r\n       target=\"_self\"\r\n       title=\"Calendar of FC Barcelona\"\r\n       class=\"blue-gredient-btn\">\r\n       \r\n        Calendar of FC Barcelona    <\/a>\r\n<\/div>   <p>Justo when it is about to traspasar to the right side headline of the team, <strong><a data-external=\"0\" data-intl-links-en=\"https:\/\/www.fcbarcelonanoticias.com\/en\/tags\/nelson-semedo\" data-intl-links-es=\"https:\/\/www.fcbarcelonanoticias.com\/tags\/nelson-semedo\" href=\"https:\/\/www.fcbarcelonanoticias.com\/en\/tags\/nelson-semedo.html\" rel=\"follow\" target=\"_self\" title=\"Nelson Semedo\">N\u00e9lson Semedo<\/a><\/strong>, the FC Barcelona has confirmed the cession of another of his right-handed sides, <strong>the Senegalese youngster Moussa Wagu\u00e9, that will put course to the PAOK of Thessaloniki<\/strong> to play to loan during all the season 2020-21. Wagu\u00e9 Did not explain for Koeman, the one who did not summon him in any of <strong><a data-external=\"0\" data-intl-links-en=\"https:\/\/www.fcbarcelonanoticias.com\/en\/preseason\" data-intl-links-es=\"https:\/\/www.fcbarcelonanoticias.com\/pretemporada\" href=\"https:\/\/www.fcbarcelonanoticias.com\/en\/football\/preseason.html\" rel=\"follow\" target=\"_self\" title=\"Pretemporada\">the three parties of pre-season<\/a><\/strong> in front of N\u00e1stic, Girona and Elche.<\/p>  <p><strong>The exit of the African player was sung<\/strong>, and from now will be the Greek group the one who do charge of his index card during all the course. The Barcelona, until it do not arrive a new right side in the market of signings, <strong>could remain so only with Sergi Roberto<\/strong> (that it is a midfield player reconverted) to cover said position, as long as <strong>it confirm the course of N\u00e9lson Semedo<\/strong>.<\/p>  <div class=\"article-video-wrapper\" data-ck-asset-wrapper=\"\"> <div class=\"article-video\"> <div> <div style=\"position: relative; padding-bottom:56.25%; height: 0; overflow: hidden; \"><\/div> <\/div> <\/div> <\/div>  <p>It was as it was, the Bar\u00e7a will have to move \u00e1gilmente in the &#8216;mercato&#8217; before it close the next 5 October. <strong>Wagu\u00e9 Already travelled to Greece the Sunday to close the cession to the PAOK<\/strong>, and this Monday finish of pulirse all the details of the transaction. The Senegalese side arrived to the Bar\u00e7a in summer of 2018, after participating in the World-wide of Russia and mark even a goal.<\/p>  <p>In spite of that arrived with a promising guarantee and experience in the elite, <strong>his presence in the first team barcelonista has been very scarce in these two last seasons<\/strong>: six parties delivered in two exercises and, in the Camp Nou, hardly a minute in a party of Champions League.<\/p>  <h3>Wagu\u00e9 Looks for minutes to progress<\/h3>  <p>During the past wintry market, in January of 2020, <strong>already went out course to a Nice in which only it played five parties, the two last like headline and complete<\/strong>, although the suspension of Tie it 1 owing to the coronavirus braked his evolution. Koeman Already communicated him does weeks that did not have he, and the footballer has followed exercising beside the rest of his mates before closing his cession to the PAOK.<\/p>  <p><strong>The aim is that the exit serve him to be indisputable headline in a team that will play in Europe<\/strong> this season 2020-21, and in which it can grow notably to arrive more curtido to the Bar\u00e7a next summer or, by the contrary, win poster medi\u00e1tico of face to a future traspaso. To his <strong>21 years<\/strong>, has still a big margin of improvement.<\/p>  <h3>Moussa Wagu\u00e9, a promising side<\/h3>  <div class=\"article-video-wrapper\" data-ck-asset-wrapper=\"\"> <div class=\"article-video\"> <div> <div style=\"position: relative; padding-bottom:56.25%; height: 0; overflow: hidden; \"><\/div> <\/div> <\/div> <\/div>  <p>&nbsp;<\/p> ","protected":false},"excerpt":{"rendered":"<p>Moussa Wagu\u00e9 will pass another season on loan, this time in the PAOK of Thessaloniki. The youngster Senegalese defender wasn&#8217;t in the plans of Ronald Koeman and does the cases course to Greece Justo when it is about to traspasar to the right side headline of the team, N\u00e9lson Semedo, the FC Barcelona has confirmed [&hellip;]<\/p>\n","protected":false},"author":366,"featured_media":71821,"comment_status":"closed","ping_status":"open","sticky":false,"template":"","format":"standard","meta":{"_acf_changed":false,"inline_featured_image":false,"_nextfly_llmd_date_locked":false,"footnotes":""},"categories":[453,107],"tags":[299],"class_list":["post-76374","post","type-post","status-publish","format-standard","has-post-thumbnail","hentry","category-players-2","category-players","tag-moussa-wague"],"acf":[],"yoast_head":"<!-- This site is optimized with the Yoast SEO plugin v27.3 - https:\/\/yoast.com\/product\/yoast-seo-wordpress\/ -->\n<title>OFFICIAL: The Bar\u00e7a announces the cession of Moussa Wagu\u00e9 to the PAOK<\/title>\n<meta name=\"description\" content=\"Moussa Wagu\u00e9 will pass another season on loan, this time in the PAOK of Thessaloniki. The youngster Senegalese defender wasn&#039;t in the plans of Ronald Koeman and does the cases course to Greece\" \/>\n<meta name=\"robots\" content=\"index, follow, max-snippet:-1, max-image-preview:large, max-video-preview:-1\" \/>\n<link rel=\"canonical\" href=\"https:\/\/www.fcbarcelonanoticias.com\/en\/players\/official-barcelona-announces-cession-moussa-wague-paok_260772_102.html\" \/>\n<meta property=\"og:locale\" content=\"en_US\" \/>\n<meta property=\"og:type\" content=\"article\" \/>\n<meta property=\"og:title\" content=\"OFFICIAL: The Bar\u00e7a announces the cession of Moussa Wagu\u00e9 to the PAOK\" \/>\n<meta property=\"og:description\" content=\"Moussa Wagu\u00e9 will pass another season on loan, this time in the PAOK of Thessaloniki. The youngster Senegalese defender wasn&#039;t in the plans of Ronald Koeman and does the cases course to Greece\" \/>\n<meta property=\"og:url\" content=\"https:\/\/www.fcbarcelonanoticias.com\/en\/players\/official-barcelona-announces-cession-moussa-wague-paok_260772_102.html\" \/>\n<meta property=\"og:site_name\" content=\"EN - FC Barcelona Noticias\" \/>\n<meta property=\"article:published_time\" content=\"2020-09-21T16:01:00+00:00\" \/>\n<meta property=\"article:modified_time\" content=\"2020-09-22T10:56:00+00:00\" \/>\n<meta property=\"og:image\" content=\"https:\/\/www.fcbarcelonanoticias.com\/en\/wp-content\/uploads\/sites\/2\/2021\/11\/moussa-wague.jpeg\" \/>\n\t<meta property=\"og:image:width\" content=\"1200\" \/>\n\t<meta property=\"og:image:height\" content=\"717\" \/>\n\t<meta property=\"og:image:type\" content=\"image\/jpeg\" \/>\n<meta name=\"author\" content=\"Carlos Dom\u00ednguez\" \/>\n<meta name=\"twitter:card\" content=\"summary_large_image\" \/>\n<meta name=\"twitter:label1\" content=\"Written by\" \/>\n\t<meta name=\"twitter:data1\" content=\"Carlos Dom\u00ednguez\" \/>\n\t<meta name=\"twitter:label2\" content=\"Est. reading time\" \/>\n\t<meta name=\"twitter:data2\" content=\"2 minutes\" \/>\n<script type=\"application\/ld+json\" class=\"yoast-schema-graph\">{\"@context\":\"https:\\\/\\\/schema.org\",\"@graph\":[{\"@type\":\"Article\",\"@id\":\"https:\\\/\\\/www.fcbarcelonanoticias.com\\\/en\\\/players\\\/official-barcelona-announces-cession-moussa-wague-paok_260772_102.html#article\",\"isPartOf\":{\"@id\":\"https:\\\/\\\/www.fcbarcelonanoticias.com\\\/en\\\/players\\\/official-barcelona-announces-cession-moussa-wague-paok_260772_102.html\"},\"author\":{\"name\":\"Carlos Dom\u00ednguez\",\"@id\":\"https:\\\/\\\/www.fcbarcelonanoticias.com\\\/en\\\/#\\\/schema\\\/person\\\/888e29b17b79c70d1c617d8a7bc9b8c6\"},\"headline\":\"OFFICIAL: The Bar\u00e7a announces the cession of Moussa Wagu\u00e9 to the PAOK\",\"datePublished\":\"2020-09-21T16:01:00+00:00\",\"dateModified\":\"2020-09-22T10:56:00+00:00\",\"mainEntityOfPage\":{\"@id\":\"https:\\\/\\\/www.fcbarcelonanoticias.com\\\/en\\\/players\\\/official-barcelona-announces-cession-moussa-wague-paok_260772_102.html\"},\"wordCount\":473,\"image\":{\"@id\":\"https:\\\/\\\/www.fcbarcelonanoticias.com\\\/en\\\/players\\\/official-barcelona-announces-cession-moussa-wague-paok_260772_102.html#primaryimage\"},\"thumbnailUrl\":\"https:\\\/\\\/www.fcbarcelonanoticias.com\\\/en\\\/wp-content\\\/uploads\\\/sites\\\/2\\\/2021\\\/11\\\/moussa-wague.jpeg\",\"keywords\":[\"Moussa Wagu\u00e9\"],\"articleSection\":[\"Players\",\"Players\"],\"inLanguage\":\"en-US\"},{\"@type\":\"WebPage\",\"@id\":\"https:\\\/\\\/www.fcbarcelonanoticias.com\\\/en\\\/players\\\/official-barcelona-announces-cession-moussa-wague-paok_260772_102.html\",\"url\":\"https:\\\/\\\/www.fcbarcelonanoticias.com\\\/en\\\/players\\\/official-barcelona-announces-cession-moussa-wague-paok_260772_102.html\",\"name\":\"OFFICIAL: The Bar\u00e7a announces the cession of Moussa Wagu\u00e9 to the PAOK\",\"isPartOf\":{\"@id\":\"https:\\\/\\\/www.fcbarcelonanoticias.com\\\/en\\\/#website\"},\"primaryImageOfPage\":{\"@id\":\"https:\\\/\\\/www.fcbarcelonanoticias.com\\\/en\\\/players\\\/official-barcelona-announces-cession-moussa-wague-paok_260772_102.html#primaryimage\"},\"image\":{\"@id\":\"https:\\\/\\\/www.fcbarcelonanoticias.com\\\/en\\\/players\\\/official-barcelona-announces-cession-moussa-wague-paok_260772_102.html#primaryimage\"},\"thumbnailUrl\":\"https:\\\/\\\/www.fcbarcelonanoticias.com\\\/en\\\/wp-content\\\/uploads\\\/sites\\\/2\\\/2021\\\/11\\\/moussa-wague.jpeg\",\"datePublished\":\"2020-09-21T16:01:00+00:00\",\"dateModified\":\"2020-09-22T10:56:00+00:00\",\"author\":{\"@id\":\"https:\\\/\\\/www.fcbarcelonanoticias.com\\\/en\\\/#\\\/schema\\\/person\\\/888e29b17b79c70d1c617d8a7bc9b8c6\"},\"description\":\"Moussa Wagu\u00e9 will pass another season on loan, this time in the PAOK of Thessaloniki. The youngster Senegalese defender wasn't in the plans of Ronald Koeman and does the cases course to Greece\",\"breadcrumb\":{\"@id\":\"https:\\\/\\\/www.fcbarcelonanoticias.com\\\/en\\\/players\\\/official-barcelona-announces-cession-moussa-wague-paok_260772_102.html#breadcrumb\"},\"inLanguage\":\"en-US\",\"potentialAction\":[{\"@type\":\"ReadAction\",\"target\":[\"https:\\\/\\\/www.fcbarcelonanoticias.com\\\/en\\\/players\\\/official-barcelona-announces-cession-moussa-wague-paok_260772_102.html\"]}]},{\"@type\":\"ImageObject\",\"inLanguage\":\"en-US\",\"@id\":\"https:\\\/\\\/www.fcbarcelonanoticias.com\\\/en\\\/players\\\/official-barcelona-announces-cession-moussa-wague-paok_260772_102.html#primaryimage\",\"url\":\"https:\\\/\\\/www.fcbarcelonanoticias.com\\\/en\\\/wp-content\\\/uploads\\\/sites\\\/2\\\/2021\\\/11\\\/moussa-wague.jpeg\",\"contentUrl\":\"https:\\\/\\\/www.fcbarcelonanoticias.com\\\/en\\\/wp-content\\\/uploads\\\/sites\\\/2\\\/2021\\\/11\\\/moussa-wague.jpeg\",\"width\":1200,\"height\":717},{\"@type\":\"BreadcrumbList\",\"@id\":\"https:\\\/\\\/www.fcbarcelonanoticias.com\\\/en\\\/players\\\/official-barcelona-announces-cession-moussa-wague-paok_260772_102.html#breadcrumb\",\"itemListElement\":[{\"@type\":\"ListItem\",\"position\":1,\"name\":\"Portada\",\"item\":\"https:\\\/\\\/www.fcbarcelonanoticias.com\\\/en\\\/\"},{\"@type\":\"ListItem\",\"position\":2,\"name\":\"OFFICIAL: The Bar\u00e7a announces the cession of Moussa Wagu\u00e9 to the PAOK\"}]},{\"@type\":\"WebSite\",\"@id\":\"https:\\\/\\\/www.fcbarcelonanoticias.com\\\/en\\\/#website\",\"url\":\"https:\\\/\\\/www.fcbarcelonanoticias.com\\\/en\\\/\",\"name\":\"EN - FC Barcelona Noticias\",\"description\":\"\",\"potentialAction\":[{\"@type\":\"SearchAction\",\"target\":{\"@type\":\"EntryPoint\",\"urlTemplate\":\"https:\\\/\\\/www.fcbarcelonanoticias.com\\\/en\\\/?s={search_term_string}\"},\"query-input\":{\"@type\":\"PropertyValueSpecification\",\"valueRequired\":true,\"valueName\":\"search_term_string\"}}],\"inLanguage\":\"en-US\"},{\"@type\":\"Person\",\"@id\":\"https:\\\/\\\/www.fcbarcelonanoticias.com\\\/en\\\/#\\\/schema\\\/person\\\/888e29b17b79c70d1c617d8a7bc9b8c6\",\"name\":\"Carlos Dom\u00ednguez\",\"image\":{\"@type\":\"ImageObject\",\"inLanguage\":\"en-US\",\"@id\":\"https:\\\/\\\/secure.gravatar.com\\\/avatar\\\/?s=96&d=mm&r=g\",\"url\":\"https:\\\/\\\/secure.gravatar.com\\\/avatar\\\/?s=96&d=mm&r=g\",\"contentUrl\":\"https:\\\/\\\/secure.gravatar.com\\\/avatar\\\/?s=96&d=mm&r=g\",\"caption\":\"Carlos Dom\u00ednguez\"},\"url\":\"https:\\\/\\\/www.fcbarcelonanoticias.com\\\/en\\\/carlos-dominguez_2_115.html\"}]}<\/script>\n<!-- \/ Yoast SEO plugin. -->","yoast_head_json":{"title":"OFFICIAL: The Bar\u00e7a announces the cession of Moussa Wagu\u00e9 to the PAOK","description":"Moussa Wagu\u00e9 will pass another season on loan, this time in the PAOK of Thessaloniki. The youngster Senegalese defender wasn't in the plans of Ronald Koeman and does the cases course to Greece","robots":{"index":"index","follow":"follow","max-snippet":"max-snippet:-1","max-image-preview":"max-image-preview:large","max-video-preview":"max-video-preview:-1"},"canonical":"https:\/\/www.fcbarcelonanoticias.com\/en\/players\/official-barcelona-announces-cession-moussa-wague-paok_260772_102.html","og_locale":"en_US","og_type":"article","og_title":"OFFICIAL: The Bar\u00e7a announces the cession of Moussa Wagu\u00e9 to the PAOK","og_description":"Moussa Wagu\u00e9 will pass another season on loan, this time in the PAOK of Thessaloniki. The youngster Senegalese defender wasn't in the plans of Ronald Koeman and does the cases course to Greece","og_url":"https:\/\/www.fcbarcelonanoticias.com\/en\/players\/official-barcelona-announces-cession-moussa-wague-paok_260772_102.html","og_site_name":"EN - FC Barcelona Noticias","article_published_time":"2020-09-21T16:01:00+00:00","article_modified_time":"2020-09-22T10:56:00+00:00","og_image":[{"width":1200,"height":717,"url":"https:\/\/www.fcbarcelonanoticias.com\/en\/wp-content\/uploads\/sites\/2\/2021\/11\/moussa-wague.jpeg","type":"image\/jpeg"}],"author":"Carlos Dom\u00ednguez","twitter_card":"summary_large_image","twitter_misc":{"Written by":"Carlos Dom\u00ednguez","Est. reading time":"2 minutes"},"schema":{"@context":"https:\/\/schema.org","@graph":[{"@type":"Article","@id":"https:\/\/www.fcbarcelonanoticias.com\/en\/players\/official-barcelona-announces-cession-moussa-wague-paok_260772_102.html#article","isPartOf":{"@id":"https:\/\/www.fcbarcelonanoticias.com\/en\/players\/official-barcelona-announces-cession-moussa-wague-paok_260772_102.html"},"author":{"name":"Carlos Dom\u00ednguez","@id":"https:\/\/www.fcbarcelonanoticias.com\/en\/#\/schema\/person\/888e29b17b79c70d1c617d8a7bc9b8c6"},"headline":"OFFICIAL: The Bar\u00e7a announces the cession of Moussa Wagu\u00e9 to the PAOK","datePublished":"2020-09-21T16:01:00+00:00","dateModified":"2020-09-22T10:56:00+00:00","mainEntityOfPage":{"@id":"https:\/\/www.fcbarcelonanoticias.com\/en\/players\/official-barcelona-announces-cession-moussa-wague-paok_260772_102.html"},"wordCount":473,"image":{"@id":"https:\/\/www.fcbarcelonanoticias.com\/en\/players\/official-barcelona-announces-cession-moussa-wague-paok_260772_102.html#primaryimage"},"thumbnailUrl":"https:\/\/www.fcbarcelonanoticias.com\/en\/wp-content\/uploads\/sites\/2\/2021\/11\/moussa-wague.jpeg","keywords":["Moussa Wagu\u00e9"],"articleSection":["Players","Players"],"inLanguage":"en-US"},{"@type":"WebPage","@id":"https:\/\/www.fcbarcelonanoticias.com\/en\/players\/official-barcelona-announces-cession-moussa-wague-paok_260772_102.html","url":"https:\/\/www.fcbarcelonanoticias.com\/en\/players\/official-barcelona-announces-cession-moussa-wague-paok_260772_102.html","name":"OFFICIAL: The Bar\u00e7a announces the cession of Moussa Wagu\u00e9 to the PAOK","isPartOf":{"@id":"https:\/\/www.fcbarcelonanoticias.com\/en\/#website"},"primaryImageOfPage":{"@id":"https:\/\/www.fcbarcelonanoticias.com\/en\/players\/official-barcelona-announces-cession-moussa-wague-paok_260772_102.html#primaryimage"},"image":{"@id":"https:\/\/www.fcbarcelonanoticias.com\/en\/players\/official-barcelona-announces-cession-moussa-wague-paok_260772_102.html#primaryimage"},"thumbnailUrl":"https:\/\/www.fcbarcelonanoticias.com\/en\/wp-content\/uploads\/sites\/2\/2021\/11\/moussa-wague.jpeg","datePublished":"2020-09-21T16:01:00+00:00","dateModified":"2020-09-22T10:56:00+00:00","author":{"@id":"https:\/\/www.fcbarcelonanoticias.com\/en\/#\/schema\/person\/888e29b17b79c70d1c617d8a7bc9b8c6"},"description":"Moussa Wagu\u00e9 will pass another season on loan, this time in the PAOK of Thessaloniki. The youngster Senegalese defender wasn't in the plans of Ronald Koeman and does the cases course to Greece","breadcrumb":{"@id":"https:\/\/www.fcbarcelonanoticias.com\/en\/players\/official-barcelona-announces-cession-moussa-wague-paok_260772_102.html#breadcrumb"},"inLanguage":"en-US","potentialAction":[{"@type":"ReadAction","target":["https:\/\/www.fcbarcelonanoticias.com\/en\/players\/official-barcelona-announces-cession-moussa-wague-paok_260772_102.html"]}]},{"@type":"ImageObject","inLanguage":"en-US","@id":"https:\/\/www.fcbarcelonanoticias.com\/en\/players\/official-barcelona-announces-cession-moussa-wague-paok_260772_102.html#primaryimage","url":"https:\/\/www.fcbarcelonanoticias.com\/en\/wp-content\/uploads\/sites\/2\/2021\/11\/moussa-wague.jpeg","contentUrl":"https:\/\/www.fcbarcelonanoticias.com\/en\/wp-content\/uploads\/sites\/2\/2021\/11\/moussa-wague.jpeg","width":1200,"height":717},{"@type":"BreadcrumbList","@id":"https:\/\/www.fcbarcelonanoticias.com\/en\/players\/official-barcelona-announces-cession-moussa-wague-paok_260772_102.html#breadcrumb","itemListElement":[{"@type":"ListItem","position":1,"name":"Portada","item":"https:\/\/www.fcbarcelonanoticias.com\/en\/"},{"@type":"ListItem","position":2,"name":"OFFICIAL: The Bar\u00e7a announces the cession of Moussa Wagu\u00e9 to the PAOK"}]},{"@type":"WebSite","@id":"https:\/\/www.fcbarcelonanoticias.com\/en\/#website","url":"https:\/\/www.fcbarcelonanoticias.com\/en\/","name":"EN - FC Barcelona Noticias","description":"","potentialAction":[{"@type":"SearchAction","target":{"@type":"EntryPoint","urlTemplate":"https:\/\/www.fcbarcelonanoticias.com\/en\/?s={search_term_string}"},"query-input":{"@type":"PropertyValueSpecification","valueRequired":true,"valueName":"search_term_string"}}],"inLanguage":"en-US"},{"@type":"Person","@id":"https:\/\/www.fcbarcelonanoticias.com\/en\/#\/schema\/person\/888e29b17b79c70d1c617d8a7bc9b8c6","name":"Carlos Dom\u00ednguez","image":{"@type":"ImageObject","inLanguage":"en-US","@id":"https:\/\/secure.gravatar.com\/avatar\/?s=96&d=mm&r=g","url":"https:\/\/secure.gravatar.com\/avatar\/?s=96&d=mm&r=g","contentUrl":"https:\/\/secure.gravatar.com\/avatar\/?s=96&d=mm&r=g","caption":"Carlos Dom\u00ednguez"},"url":"https:\/\/www.fcbarcelonanoticias.com\/en\/carlos-dominguez_2_115.html"}]}},"_links":{"self":[{"href":"https:\/\/www.fcbarcelonanoticias.com\/en\/wp-json\/wp\/v2\/posts\/76374","targetHints":{"allow":["GET"]}}],"collection":[{"href":"https:\/\/www.fcbarcelonanoticias.com\/en\/wp-json\/wp\/v2\/posts"}],"about":[{"href":"https:\/\/www.fcbarcelonanoticias.com\/en\/wp-json\/wp\/v2\/types\/post"}],"author":[{"embeddable":true,"href":"https:\/\/www.fcbarcelonanoticias.com\/en\/wp-json\/wp\/v2\/users\/366"}],"replies":[{"embeddable":true,"href":"https:\/\/www.fcbarcelonanoticias.com\/en\/wp-json\/wp\/v2\/comments?post=76374"}],"version-history":[{"count":3,"href":"https:\/\/www.fcbarcelonanoticias.com\/en\/wp-json\/wp\/v2\/posts\/76374\/revisions"}],"predecessor-version":[{"id":76375,"href":"https:\/\/www.fcbarcelonanoticias.com\/en\/wp-json\/wp\/v2\/posts\/76374\/revisions\/76375"}],"wp:featuredmedia":[{"embeddable":true,"href":"https:\/\/www.fcbarcelonanoticias.com\/en\/wp-json\/wp\/v2\/media\/71821"}],"wp:attachment":[{"href":"https:\/\/www.fcbarcelonanoticias.com\/en\/wp-json\/wp\/v2\/media?parent=76374"}],"wp:term":[{"taxonomy":"category","embeddable":true,"href":"https:\/\/www.fcbarcelonanoticias.com\/en\/wp-json\/wp\/v2\/categories?post=76374"},{"taxonomy":"post_tag","embeddable":true,"href":"https:\/\/www.fcbarcelonanoticias.com\/en\/wp-json\/wp\/v2\/tags?post=76374"}],"curies":[{"name":"wp","href":"https:\/\/api.w.org\/{rel}","templated":true}]}}