{"id":76405,"date":"2024-01-23T13:30:00","date_gmt":"2024-01-23T12:30:00","guid":{"rendered":"https:\/\/weisetech.dev\/fc-barcelona-noticias\/en\/of-jong-the-boss-of-the-centre-of-the-field-of-the-barca_253914_102\/"},"modified":"2024-01-23T16:12:00","modified_gmt":"2024-01-23T15:12:00","slug":"official-joao-cancelo-is-discharged-and-will-have-minutes-against-athletic_300176_102","status":"publish","type":"post","link":"https:\/\/www.fcbarcelonanoticias.com\/en\/players\/official-joao-cancelo-is-discharged-and-will-have-minutes-against-athletic_300176_102.html","title":{"rendered":"OFFICIAL: Joao Cancelo is discharged and will have minutes against Athletic"},"content":{"rendered":"<h2 class=\"wp-block-heading\">Joao Cancelo will finally play again this Thursday in the Cup quarterfinals against Athletic, after three weeks &#8216;KO&#8217;. The Portuguese has entered the squad and Xavi Hern\u00e1ndez has confirmed that he is fine and that he will be important in San Mam\u00e9s<\/h2>  \r\n<div class=\"article-addons\">\r\n    <a href=\"https:\/\/www.fcbarcelonanoticias.com\/en\/calendar-fc-barcelona.html\"\r\n       target=\"_self\"\r\n       title=\"Calendar of FC Barcelona\"\r\n       class=\"blue-gredient-btn\">\r\n       \r\n        Calendar of FC Barcelona    <\/a>\r\n<\/div>   <p>The return of Joao Cancel is the best news of <strong><a data-external=\"0\" data-intl-links-en=\"https:\/\/www.fcbarcelonanoticias.com\/en\/copa-del-rey\/athletic-club-fc-barcelona-xavi-squad-list-for-the-copa-rey-quarterfinals_300174_102.html\" data-intl-links-es=\"https:\/\/www.fcbarcelonanoticias.com\/copa-del-rey\/athletic-club-fc-barcelona-lista-convocados-xavi-cuartos-copa-rey_300174_102.html\" href=\"https:\/\/www.fcbarcelonanoticias.com\/en\/copa-del-rey\/athletic-club-fc-barcelona-xavi-squad-list-for-the-copa-rey-quarterfinals_300174_102.html\" rel=\"follow\" target=\"_self\" title=\"Athletic Club-FC Barcelona: Lista de convocados de Xavi para los cuartos de Copa del Rey\">the list of summoned of the FC Barcelona for the chambers of Glass of the King against the Athletic<\/a><\/strong>. The Portuguese carries stopped from 4 January after suffering a distention in the internal lateral ligament of his left knee in front of The Palms. Since it has been recovering and has lost the Supercopa of Spain, what goes of trophy copero and the crash of League in front of the Real Betis.<\/p>  <p>Luckily for the Bar\u00e7a, the luso already is healthy and, as it has confirmed his own trainer, will have important minutes in Saint Mam\u00e9s this same Wednesday. &#8220;<strong>They are well and surely they will have a lot of minutes. It finds well. Joao No longer has almost at all of annoyance<\/strong>&#8220;, affirmed Xavi Hern\u00e1ndez, referring also to Andreas Christensen, that did not play in Seville by some &#8216;annoyances&#8217; that suffered in front of the Unionistas of Salamanca, but that already is also in shape.<\/p>  <p>The statements det technician of Terrassa leave clear that it could be posing even that it was headline in Bilbao. In spite of this, l<strong>or normal would be that it saved to Cancel for the second part, since it could be a risk give him so many minutes after being three weeks &#8216;KO&#8217;<\/strong>. If Christensen is well, having the brutal apparition of Pau Cubars\u00ed, that &#8216;went out&#8217; against the Betis in his premi\u00e8re like titling with the Barcelona, the m\u00edster has it easy to bet by one of the two in the centre of the defence with Ara\u00fajo, leave to Jules Kound\u00e9 in the right-handed side and use to Joao of revulsivo.<\/p> ","protected":false},"excerpt":{"rendered":"<p>Joao Cancelo will finally play again this Thursday in the Cup quarterfinals against Athletic, after three weeks &#8216;KO&#8217;. The Portuguese has entered the squad and Xavi Hern\u00e1ndez has confirmed that he is fine and that he will be important in San Mam\u00e9s The return of Joao Cancel is the best news of the list of [&hellip;]<\/p>\n","protected":false},"author":359,"featured_media":76410,"comment_status":"closed","ping_status":"open","sticky":false,"template":"","format":"standard","meta":{"_acf_changed":false,"inline_featured_image":false,"_nextfly_llmd_date_locked":false,"footnotes":""},"categories":[107,453],"tags":[196,48],"class_list":["post-76405","post","type-post","status-publish","format-standard","has-post-thumbnail","hentry","category-players","category-players-2","tag-joao-cancelo","tag-xavi-hernandez"],"acf":[],"yoast_head":"<!-- This site is optimized with the Yoast SEO plugin v27.3 - https:\/\/yoast.com\/product\/yoast-seo-wordpress\/ -->\n<title>OFFICIAL: Joao Cancelo is discharged and will have minutes against Athletic<\/title>\n<meta name=\"description\" content=\"Joao Cancel will go back to play at last this Thursday in the chambers of Glass in front of the Athletic, after three weeks &#039;KO&#039;. The Portuguese has gone in in the announcement and Xavi Hern\u00e1ndez has confirmed that is well and that it will be important in Saint Mam\u00e9s\" \/>\n<meta name=\"robots\" content=\"index, follow, max-snippet:-1, max-image-preview:large, max-video-preview:-1\" \/>\n<link rel=\"canonical\" href=\"https:\/\/www.fcbarcelonanoticias.com\/en\/players\/official-joao-cancelo-is-discharged-and-will-have-minutes-against-athletic_300176_102.html\" \/>\n<meta property=\"og:locale\" content=\"en_US\" \/>\n<meta property=\"og:type\" content=\"article\" \/>\n<meta property=\"og:title\" content=\"OFFICIAL: Joao Cancelo is discharged and will have minutes against Athletic\" \/>\n<meta property=\"og:description\" content=\"Joao Cancel will go back to play at last this Thursday in the chambers of Glass in front of the Athletic, after three weeks &#039;KO&#039;. The Portuguese has gone in in the announcement and Xavi Hern\u00e1ndez has confirmed that is well and that it will be important in Saint Mam\u00e9s\" \/>\n<meta property=\"og:url\" content=\"https:\/\/www.fcbarcelonanoticias.com\/en\/players\/official-joao-cancelo-is-discharged-and-will-have-minutes-against-athletic_300176_102.html\" \/>\n<meta property=\"og:site_name\" content=\"EN - FC Barcelona Noticias\" \/>\n<meta property=\"article:published_time\" content=\"2024-01-23T12:30:00+00:00\" \/>\n<meta property=\"article:modified_time\" content=\"2024-01-23T15:12:00+00:00\" \/>\n<meta property=\"og:image\" content=\"https:\/\/www.fcbarcelonanoticias.com\/en\/wp-content\/uploads\/sites\/2\/2024\/01\/joao-cancelo-final.jpeg\" \/>\n\t<meta property=\"og:image:width\" content=\"1300\" \/>\n\t<meta property=\"og:image:height\" content=\"732\" \/>\n\t<meta property=\"og:image:type\" content=\"image\/jpeg\" \/>\n<meta name=\"author\" content=\"Eduardo Mart\u00edn Santos\" \/>\n<meta name=\"twitter:card\" content=\"summary_large_image\" \/>\n<meta name=\"twitter:label1\" content=\"Written by\" \/>\n\t<meta name=\"twitter:data1\" content=\"Eduardo Mart\u00edn Santos\" \/>\n\t<meta name=\"twitter:label2\" content=\"Est. reading time\" \/>\n\t<meta name=\"twitter:data2\" content=\"2 minutes\" \/>\n<script type=\"application\/ld+json\" class=\"yoast-schema-graph\">{\"@context\":\"https:\\\/\\\/schema.org\",\"@graph\":[{\"@type\":\"Article\",\"@id\":\"https:\\\/\\\/www.fcbarcelonanoticias.com\\\/en\\\/players\\\/official-joao-cancelo-is-discharged-and-will-have-minutes-against-athletic_300176_102.html#article\",\"isPartOf\":{\"@id\":\"https:\\\/\\\/www.fcbarcelonanoticias.com\\\/en\\\/players\\\/official-joao-cancelo-is-discharged-and-will-have-minutes-against-athletic_300176_102.html\"},\"author\":{\"name\":\"Eduardo Mart\u00edn Santos\",\"@id\":\"https:\\\/\\\/www.fcbarcelonanoticias.com\\\/en\\\/#\\\/schema\\\/person\\\/4bdbc782ba6060d3f7005b61e97fb753\"},\"headline\":\"OFFICIAL: Joao Cancelo is discharged and will have minutes against Athletic\",\"datePublished\":\"2024-01-23T12:30:00+00:00\",\"dateModified\":\"2024-01-23T15:12:00+00:00\",\"mainEntityOfPage\":{\"@id\":\"https:\\\/\\\/www.fcbarcelonanoticias.com\\\/en\\\/players\\\/official-joao-cancelo-is-discharged-and-will-have-minutes-against-athletic_300176_102.html\"},\"wordCount\":338,\"image\":{\"@id\":\"https:\\\/\\\/www.fcbarcelonanoticias.com\\\/en\\\/players\\\/official-joao-cancelo-is-discharged-and-will-have-minutes-against-athletic_300176_102.html#primaryimage\"},\"thumbnailUrl\":\"https:\\\/\\\/www.fcbarcelonanoticias.com\\\/en\\\/wp-content\\\/uploads\\\/sites\\\/2\\\/2024\\\/01\\\/joao-cancelo-final.jpeg\",\"keywords\":[\"Joao Cancelo\",\"Xavi Hern\u00e1ndez\"],\"articleSection\":[\"Players\",\"Players\"],\"inLanguage\":\"en-US\"},{\"@type\":\"WebPage\",\"@id\":\"https:\\\/\\\/www.fcbarcelonanoticias.com\\\/en\\\/players\\\/official-joao-cancelo-is-discharged-and-will-have-minutes-against-athletic_300176_102.html\",\"url\":\"https:\\\/\\\/www.fcbarcelonanoticias.com\\\/en\\\/players\\\/official-joao-cancelo-is-discharged-and-will-have-minutes-against-athletic_300176_102.html\",\"name\":\"OFFICIAL: Joao Cancelo is discharged and will have minutes against Athletic\",\"isPartOf\":{\"@id\":\"https:\\\/\\\/www.fcbarcelonanoticias.com\\\/en\\\/#website\"},\"primaryImageOfPage\":{\"@id\":\"https:\\\/\\\/www.fcbarcelonanoticias.com\\\/en\\\/players\\\/official-joao-cancelo-is-discharged-and-will-have-minutes-against-athletic_300176_102.html#primaryimage\"},\"image\":{\"@id\":\"https:\\\/\\\/www.fcbarcelonanoticias.com\\\/en\\\/players\\\/official-joao-cancelo-is-discharged-and-will-have-minutes-against-athletic_300176_102.html#primaryimage\"},\"thumbnailUrl\":\"https:\\\/\\\/www.fcbarcelonanoticias.com\\\/en\\\/wp-content\\\/uploads\\\/sites\\\/2\\\/2024\\\/01\\\/joao-cancelo-final.jpeg\",\"datePublished\":\"2024-01-23T12:30:00+00:00\",\"dateModified\":\"2024-01-23T15:12:00+00:00\",\"author\":{\"@id\":\"https:\\\/\\\/www.fcbarcelonanoticias.com\\\/en\\\/#\\\/schema\\\/person\\\/4bdbc782ba6060d3f7005b61e97fb753\"},\"description\":\"Joao Cancel will go back to play at last this Thursday in the chambers of Glass in front of the Athletic, after three weeks 'KO'. The Portuguese has gone in in the announcement and Xavi Hern\u00e1ndez has confirmed that is well and that it will be important in Saint Mam\u00e9s\",\"breadcrumb\":{\"@id\":\"https:\\\/\\\/www.fcbarcelonanoticias.com\\\/en\\\/players\\\/official-joao-cancelo-is-discharged-and-will-have-minutes-against-athletic_300176_102.html#breadcrumb\"},\"inLanguage\":\"en-US\",\"potentialAction\":[{\"@type\":\"ReadAction\",\"target\":[\"https:\\\/\\\/www.fcbarcelonanoticias.com\\\/en\\\/players\\\/official-joao-cancelo-is-discharged-and-will-have-minutes-against-athletic_300176_102.html\"]}]},{\"@type\":\"ImageObject\",\"inLanguage\":\"en-US\",\"@id\":\"https:\\\/\\\/www.fcbarcelonanoticias.com\\\/en\\\/players\\\/official-joao-cancelo-is-discharged-and-will-have-minutes-against-athletic_300176_102.html#primaryimage\",\"url\":\"https:\\\/\\\/www.fcbarcelonanoticias.com\\\/en\\\/wp-content\\\/uploads\\\/sites\\\/2\\\/2024\\\/01\\\/joao-cancelo-final.jpeg\",\"contentUrl\":\"https:\\\/\\\/www.fcbarcelonanoticias.com\\\/en\\\/wp-content\\\/uploads\\\/sites\\\/2\\\/2024\\\/01\\\/joao-cancelo-final.jpeg\",\"width\":1300,\"height\":732},{\"@type\":\"BreadcrumbList\",\"@id\":\"https:\\\/\\\/www.fcbarcelonanoticias.com\\\/en\\\/players\\\/official-joao-cancelo-is-discharged-and-will-have-minutes-against-athletic_300176_102.html#breadcrumb\",\"itemListElement\":[{\"@type\":\"ListItem\",\"position\":1,\"name\":\"Portada\",\"item\":\"https:\\\/\\\/www.fcbarcelonanoticias.com\\\/en\\\/\"},{\"@type\":\"ListItem\",\"position\":2,\"name\":\"OFFICIAL: Joao Cancelo is discharged and will have minutes against Athletic\"}]},{\"@type\":\"WebSite\",\"@id\":\"https:\\\/\\\/www.fcbarcelonanoticias.com\\\/en\\\/#website\",\"url\":\"https:\\\/\\\/www.fcbarcelonanoticias.com\\\/en\\\/\",\"name\":\"EN - FC Barcelona Noticias\",\"description\":\"\",\"potentialAction\":[{\"@type\":\"SearchAction\",\"target\":{\"@type\":\"EntryPoint\",\"urlTemplate\":\"https:\\\/\\\/www.fcbarcelonanoticias.com\\\/en\\\/?s={search_term_string}\"},\"query-input\":{\"@type\":\"PropertyValueSpecification\",\"valueRequired\":true,\"valueName\":\"search_term_string\"}}],\"inLanguage\":\"en-US\"},{\"@type\":\"Person\",\"@id\":\"https:\\\/\\\/www.fcbarcelonanoticias.com\\\/en\\\/#\\\/schema\\\/person\\\/4bdbc782ba6060d3f7005b61e97fb753\",\"name\":\"Eduardo Mart\u00edn Santos\",\"image\":{\"@type\":\"ImageObject\",\"inLanguage\":\"en-US\",\"@id\":\"https:\\\/\\\/secure.gravatar.com\\\/avatar\\\/?s=96&d=mm&r=g\",\"url\":\"https:\\\/\\\/secure.gravatar.com\\\/avatar\\\/?s=96&d=mm&r=g\",\"contentUrl\":\"https:\\\/\\\/secure.gravatar.com\\\/avatar\\\/?s=96&d=mm&r=g\",\"caption\":\"Eduardo Mart\u00edn Santos\"},\"url\":\"https:\\\/\\\/www.fcbarcelonanoticias.com\\\/en\\\/eduardo-martin_3_115.html\"}]}<\/script>\n<!-- \/ Yoast SEO plugin. -->","yoast_head_json":{"title":"OFFICIAL: Joao Cancelo is discharged and will have minutes against Athletic","description":"Joao Cancel will go back to play at last this Thursday in the chambers of Glass in front of the Athletic, after three weeks 'KO'. The Portuguese has gone in in the announcement and Xavi Hern\u00e1ndez has confirmed that is well and that it will be important in Saint Mam\u00e9s","robots":{"index":"index","follow":"follow","max-snippet":"max-snippet:-1","max-image-preview":"max-image-preview:large","max-video-preview":"max-video-preview:-1"},"canonical":"https:\/\/www.fcbarcelonanoticias.com\/en\/players\/official-joao-cancelo-is-discharged-and-will-have-minutes-against-athletic_300176_102.html","og_locale":"en_US","og_type":"article","og_title":"OFFICIAL: Joao Cancelo is discharged and will have minutes against Athletic","og_description":"Joao Cancel will go back to play at last this Thursday in the chambers of Glass in front of the Athletic, after three weeks 'KO'. The Portuguese has gone in in the announcement and Xavi Hern\u00e1ndez has confirmed that is well and that it will be important in Saint Mam\u00e9s","og_url":"https:\/\/www.fcbarcelonanoticias.com\/en\/players\/official-joao-cancelo-is-discharged-and-will-have-minutes-against-athletic_300176_102.html","og_site_name":"EN - FC Barcelona Noticias","article_published_time":"2024-01-23T12:30:00+00:00","article_modified_time":"2024-01-23T15:12:00+00:00","og_image":[{"width":1300,"height":732,"url":"https:\/\/www.fcbarcelonanoticias.com\/en\/wp-content\/uploads\/sites\/2\/2024\/01\/joao-cancelo-final.jpeg","type":"image\/jpeg"}],"author":"Eduardo Mart\u00edn Santos","twitter_card":"summary_large_image","twitter_misc":{"Written by":"Eduardo Mart\u00edn Santos","Est. reading time":"2 minutes"},"schema":{"@context":"https:\/\/schema.org","@graph":[{"@type":"Article","@id":"https:\/\/www.fcbarcelonanoticias.com\/en\/players\/official-joao-cancelo-is-discharged-and-will-have-minutes-against-athletic_300176_102.html#article","isPartOf":{"@id":"https:\/\/www.fcbarcelonanoticias.com\/en\/players\/official-joao-cancelo-is-discharged-and-will-have-minutes-against-athletic_300176_102.html"},"author":{"name":"Eduardo Mart\u00edn Santos","@id":"https:\/\/www.fcbarcelonanoticias.com\/en\/#\/schema\/person\/4bdbc782ba6060d3f7005b61e97fb753"},"headline":"OFFICIAL: Joao Cancelo is discharged and will have minutes against Athletic","datePublished":"2024-01-23T12:30:00+00:00","dateModified":"2024-01-23T15:12:00+00:00","mainEntityOfPage":{"@id":"https:\/\/www.fcbarcelonanoticias.com\/en\/players\/official-joao-cancelo-is-discharged-and-will-have-minutes-against-athletic_300176_102.html"},"wordCount":338,"image":{"@id":"https:\/\/www.fcbarcelonanoticias.com\/en\/players\/official-joao-cancelo-is-discharged-and-will-have-minutes-against-athletic_300176_102.html#primaryimage"},"thumbnailUrl":"https:\/\/www.fcbarcelonanoticias.com\/en\/wp-content\/uploads\/sites\/2\/2024\/01\/joao-cancelo-final.jpeg","keywords":["Joao Cancelo","Xavi Hern\u00e1ndez"],"articleSection":["Players","Players"],"inLanguage":"en-US"},{"@type":"WebPage","@id":"https:\/\/www.fcbarcelonanoticias.com\/en\/players\/official-joao-cancelo-is-discharged-and-will-have-minutes-against-athletic_300176_102.html","url":"https:\/\/www.fcbarcelonanoticias.com\/en\/players\/official-joao-cancelo-is-discharged-and-will-have-minutes-against-athletic_300176_102.html","name":"OFFICIAL: Joao Cancelo is discharged and will have minutes against Athletic","isPartOf":{"@id":"https:\/\/www.fcbarcelonanoticias.com\/en\/#website"},"primaryImageOfPage":{"@id":"https:\/\/www.fcbarcelonanoticias.com\/en\/players\/official-joao-cancelo-is-discharged-and-will-have-minutes-against-athletic_300176_102.html#primaryimage"},"image":{"@id":"https:\/\/www.fcbarcelonanoticias.com\/en\/players\/official-joao-cancelo-is-discharged-and-will-have-minutes-against-athletic_300176_102.html#primaryimage"},"thumbnailUrl":"https:\/\/www.fcbarcelonanoticias.com\/en\/wp-content\/uploads\/sites\/2\/2024\/01\/joao-cancelo-final.jpeg","datePublished":"2024-01-23T12:30:00+00:00","dateModified":"2024-01-23T15:12:00+00:00","author":{"@id":"https:\/\/www.fcbarcelonanoticias.com\/en\/#\/schema\/person\/4bdbc782ba6060d3f7005b61e97fb753"},"description":"Joao Cancel will go back to play at last this Thursday in the chambers of Glass in front of the Athletic, after three weeks 'KO'. The Portuguese has gone in in the announcement and Xavi Hern\u00e1ndez has confirmed that is well and that it will be important in Saint Mam\u00e9s","breadcrumb":{"@id":"https:\/\/www.fcbarcelonanoticias.com\/en\/players\/official-joao-cancelo-is-discharged-and-will-have-minutes-against-athletic_300176_102.html#breadcrumb"},"inLanguage":"en-US","potentialAction":[{"@type":"ReadAction","target":["https:\/\/www.fcbarcelonanoticias.com\/en\/players\/official-joao-cancelo-is-discharged-and-will-have-minutes-against-athletic_300176_102.html"]}]},{"@type":"ImageObject","inLanguage":"en-US","@id":"https:\/\/www.fcbarcelonanoticias.com\/en\/players\/official-joao-cancelo-is-discharged-and-will-have-minutes-against-athletic_300176_102.html#primaryimage","url":"https:\/\/www.fcbarcelonanoticias.com\/en\/wp-content\/uploads\/sites\/2\/2024\/01\/joao-cancelo-final.jpeg","contentUrl":"https:\/\/www.fcbarcelonanoticias.com\/en\/wp-content\/uploads\/sites\/2\/2024\/01\/joao-cancelo-final.jpeg","width":1300,"height":732},{"@type":"BreadcrumbList","@id":"https:\/\/www.fcbarcelonanoticias.com\/en\/players\/official-joao-cancelo-is-discharged-and-will-have-minutes-against-athletic_300176_102.html#breadcrumb","itemListElement":[{"@type":"ListItem","position":1,"name":"Portada","item":"https:\/\/www.fcbarcelonanoticias.com\/en\/"},{"@type":"ListItem","position":2,"name":"OFFICIAL: Joao Cancelo is discharged and will have minutes against Athletic"}]},{"@type":"WebSite","@id":"https:\/\/www.fcbarcelonanoticias.com\/en\/#website","url":"https:\/\/www.fcbarcelonanoticias.com\/en\/","name":"EN - FC Barcelona Noticias","description":"","potentialAction":[{"@type":"SearchAction","target":{"@type":"EntryPoint","urlTemplate":"https:\/\/www.fcbarcelonanoticias.com\/en\/?s={search_term_string}"},"query-input":{"@type":"PropertyValueSpecification","valueRequired":true,"valueName":"search_term_string"}}],"inLanguage":"en-US"},{"@type":"Person","@id":"https:\/\/www.fcbarcelonanoticias.com\/en\/#\/schema\/person\/4bdbc782ba6060d3f7005b61e97fb753","name":"Eduardo Mart\u00edn Santos","image":{"@type":"ImageObject","inLanguage":"en-US","@id":"https:\/\/secure.gravatar.com\/avatar\/?s=96&d=mm&r=g","url":"https:\/\/secure.gravatar.com\/avatar\/?s=96&d=mm&r=g","contentUrl":"https:\/\/secure.gravatar.com\/avatar\/?s=96&d=mm&r=g","caption":"Eduardo Mart\u00edn Santos"},"url":"https:\/\/www.fcbarcelonanoticias.com\/en\/eduardo-martin_3_115.html"}]}},"_links":{"self":[{"href":"https:\/\/www.fcbarcelonanoticias.com\/en\/wp-json\/wp\/v2\/posts\/76405","targetHints":{"allow":["GET"]}}],"collection":[{"href":"https:\/\/www.fcbarcelonanoticias.com\/en\/wp-json\/wp\/v2\/posts"}],"about":[{"href":"https:\/\/www.fcbarcelonanoticias.com\/en\/wp-json\/wp\/v2\/types\/post"}],"author":[{"embeddable":true,"href":"https:\/\/www.fcbarcelonanoticias.com\/en\/wp-json\/wp\/v2\/users\/359"}],"replies":[{"embeddable":true,"href":"https:\/\/www.fcbarcelonanoticias.com\/en\/wp-json\/wp\/v2\/comments?post=76405"}],"version-history":[{"count":2,"href":"https:\/\/www.fcbarcelonanoticias.com\/en\/wp-json\/wp\/v2\/posts\/76405\/revisions"}],"predecessor-version":[{"id":76407,"href":"https:\/\/www.fcbarcelonanoticias.com\/en\/wp-json\/wp\/v2\/posts\/76405\/revisions\/76407"}],"wp:featuredmedia":[{"embeddable":true,"href":"https:\/\/www.fcbarcelonanoticias.com\/en\/wp-json\/wp\/v2\/media\/76410"}],"wp:attachment":[{"href":"https:\/\/www.fcbarcelonanoticias.com\/en\/wp-json\/wp\/v2\/media?parent=76405"}],"wp:term":[{"taxonomy":"category","embeddable":true,"href":"https:\/\/www.fcbarcelonanoticias.com\/en\/wp-json\/wp\/v2\/categories?post=76405"},{"taxonomy":"post_tag","embeddable":true,"href":"https:\/\/www.fcbarcelonanoticias.com\/en\/wp-json\/wp\/v2\/tags?post=76405"}],"curies":[{"name":"wp","href":"https:\/\/api.w.org\/{rel}","templated":true}]}}