{"id":76530,"date":"2020-01-31T23:57:00","date_gmt":"2020-01-31T22:57:00","guid":{"rendered":"https:\/\/weisetech.dev\/fc-barcelona-noticias\/en\/official-moussa-wague-loan-niza-purchase-option_255099_102\/"},"modified":"2020-02-01T01:05:00","modified_gmt":"2020-02-01T00:05:00","slug":"official-moussa-wague-loan-niza-purchase-option_255099_102","status":"publish","type":"post","link":"https:\/\/www.fcbarcelonanoticias.com\/en\/players\/official-moussa-wague-loan-niza-purchase-option_255099_102.html","title":{"rendered":"OFFICIAL: Moussa Wagu\u00e9 goes to Niza on loan with purchase option"},"content":{"rendered":"<h2 class=\"wp-block-heading\">Moussa Wagu\u00e9 was the last Bar\u00e7a player to move in this winter market. The Senegalese goes to Nice on loan until the end of the season, but the French keep a purchase option of 10 million euros<\/h2>  \r\n<div class=\"article-addons\">\r\n    <a href=\"https:\/\/www.fcbarcelonanoticias.com\/en\/calendar-fc-barcelona.html\"\r\n       target=\"_self\"\r\n       title=\"Calendar of FC Barcelona\"\r\n       class=\"blue-gredient-btn\">\r\n       \r\n        Calendar of FC Barcelona    <\/a>\r\n<\/div>   <p><strong><a data-external=\"0\" data-intl-links-en=\"https:\/\/www.fcbarcelonanoticias.com\/en\/tags\/moussa-wague\" data-intl-links-es=\"https:\/\/www.fcbarcelonanoticias.com\/tags\/moussa-wague\" href=\"https:\/\/www.fcbarcelonanoticias.com\/en\/tags\/moussa-wague.html\" rel=\"follow\" target=\"_self\" title=\"Moussa Wagu\u00e9\">Moussa Wagu\u00e9<\/a><\/strong> Converted this Friday in the last player of the FC Barcelona in saying goodbye to the club in <strong><a data-external=\"0\" data-intl-links-en=\"https:\/\/www.fcbarcelonanoticias.com\/en\/transfers\" data-intl-links-es=\"https:\/\/www.fcbarcelonanoticias.com\/fichajes\" href=\"https:\/\/www.fcbarcelonanoticias.com\/en\/fc-barcelona\/transfers.html\" rel=\"follow\" target=\"_self\" title=\"Fichajes\">this market of signings<\/a>\u200b<\/strong> of winter. The right side has left yielded to the Nice until final of season. The French have saved , besides, an<strong> option of purchase no compulsory to remain in property to the Senegalese by 10 million euros<\/strong> and other 500.000 in variables.<\/p>  <p>The Bar\u00e7a has done it official by means of a communiqu\u00e9 on the 23:05 hours of 31 January. In this writing, the Barcelona have explained all the details of the operation. It seems that if the Frenchmen do effective this option of purchase<strong>, the barcelonistas would have another of repurchase by 15 million euros until June of 2021<\/strong>. If they did not use it, would have a right of score whenever the Nice decide to sell to the carrilero. The cul\u00e9s would remain with him whenever they equalised the best offer that arrived.<\/p>  <p>In this writing, the group blaugrana did not doubt in sacking of the defence and appreciate him the time that has been in Can Bar\u00e7a. &#8220;The FC Barcelona expresses publicly his <strong>gratitude to Moussa Wagu\u00e9 by his commitment and his dedication<\/strong> and wishes him a lot of luck and successes in the future&#8221;, ensured the Catalans in the communiqu\u00e9.<\/p>  <p><strong>The one of Bignona arrived to the Masia of the Bar\u00e7a in the summer of 2018 to play in the filial<\/strong>. Although it took in debuting by fault of some papers that prevented it to him, completed a big course in the B and therefore it debuted with the first team this same campaign. Ernesto Valverde gave him the opportunity in a meeting against the Huesca with the League already in the pocket. The African left good feelings that facilitated him be the elected to form of the staff cul\u00e9 this season.<\/p>  <p>Unfortunately for him, the dream finished turning into a nightmare. The &#8216;Txingurri&#8217; did not have he for nothing in this first-half of competition and only contested two complete crashes and a minute in another commitment against the Borussia Dortmund. Quique Seti\u00e9n neither had he for this second stretch of course and by this reason <strong>has decided that the best was that it left in search of minutes so that it do not stagnate <\/strong>.<\/p>  <h3>His future could depend on Semedo and Emerson<\/h3>  <p>Although the Bar\u00e7a has ensured an option of repurchase in case they lose to the player, his turn is not neither much less confirmed. In fact, has few options to return in the case that N\u00e9lson Semedo do not go . Right now, the luso and Sergi Roberto remove him the place, but <strong>in a pair of years is likely that also was in the staff Emerson, the carrilero of the Betis<\/strong>. If the Portuguese went and Wagu\u00e9 surrendered well in France, perhaps could go back to do couple with the Brazilian, but if it remains and the b\u00e9tico arrives to the club, will not have hollow in the team.<\/p> ","protected":false},"excerpt":{"rendered":"<p>Moussa Wagu\u00e9 was the last Bar\u00e7a player to move in this winter market. The Senegalese goes to Nice on loan until the end of the season, but the French keep a purchase option of 10 million euros Moussa Wagu\u00e9 Converted this Friday in the last player of the FC Barcelona in saying goodbye to the [&hellip;]<\/p>\n","protected":false},"author":392,"featured_media":14770,"comment_status":"closed","ping_status":"open","sticky":false,"template":"","format":"standard","meta":{"_acf_changed":false,"inline_featured_image":false,"_nextfly_llmd_date_locked":false,"footnotes":""},"categories":[453,107],"tags":[299],"class_list":["post-76530","post","type-post","status-publish","format-standard","has-post-thumbnail","hentry","category-players-2","category-players","tag-moussa-wague"],"acf":[],"yoast_head":"<!-- This site is optimized with the Yoast SEO plugin v27.3 - https:\/\/yoast.com\/product\/yoast-seo-wordpress\/ -->\n<title>OFFICIAL: Moussa Wagu\u00e9 goes to Nice on loan with purchase option<\/title>\n<meta name=\"description\" content=\"Moussa Wagu\u00e9 Has been the last player of the Bar\u00e7a in moving in this wintry market. The Senegalese leaves to the Nice yielded until final of season, but it...\" \/>\n<meta name=\"robots\" content=\"index, follow, max-snippet:-1, max-image-preview:large, max-video-preview:-1\" \/>\n<link rel=\"canonical\" href=\"https:\/\/www.fcbarcelonanoticias.com\/en\/players\/official-moussa-wague-loan-niza-purchase-option_255099_102.html\" \/>\n<meta property=\"og:locale\" content=\"en_US\" \/>\n<meta property=\"og:type\" content=\"article\" \/>\n<meta property=\"og:title\" content=\"OFFICIAL: Moussa Wagu\u00e9 goes to Nice on loan with purchase option\" \/>\n<meta property=\"og:description\" content=\"Moussa Wagu\u00e9 Has been the last player of the Bar\u00e7a in moving in this wintry market. The Senegalese leaves to the Nice yielded until final of season, but it...\" \/>\n<meta property=\"og:url\" content=\"https:\/\/www.fcbarcelonanoticias.com\/en\/players\/official-moussa-wague-loan-niza-purchase-option_255099_102.html\" \/>\n<meta property=\"og:site_name\" content=\"EN - FC Barcelona Noticias\" \/>\n<meta property=\"article:published_time\" content=\"2020-01-31T22:57:00+00:00\" \/>\n<meta property=\"article:modified_time\" content=\"2020-02-01T00:05:00+00:00\" \/>\n<meta property=\"og:image\" content=\"https:\/\/www.fcbarcelonanoticias.com\/en\/wp-content\/uploads\/sites\/2\/2019\/12\/wague-ofertas-barcelona.jpeg\" \/>\n\t<meta property=\"og:image:width\" content=\"1300\" \/>\n\t<meta property=\"og:image:height\" content=\"774\" \/>\n\t<meta property=\"og:image:type\" content=\"image\/jpeg\" \/>\n<meta name=\"author\" content=\"user_4048\" \/>\n<meta name=\"twitter:card\" content=\"summary_large_image\" \/>\n<meta name=\"twitter:label1\" content=\"Written by\" \/>\n\t<meta name=\"twitter:data1\" content=\"user_4048\" \/>\n\t<meta name=\"twitter:label2\" content=\"Est. reading time\" \/>\n\t<meta name=\"twitter:data2\" content=\"3 minutes\" \/>\n<script type=\"application\/ld+json\" class=\"yoast-schema-graph\">{\"@context\":\"https:\\\/\\\/schema.org\",\"@graph\":[{\"@type\":\"Article\",\"@id\":\"https:\\\/\\\/www.fcbarcelonanoticias.com\\\/en\\\/players\\\/official-moussa-wague-loan-niza-purchase-option_255099_102.html#article\",\"isPartOf\":{\"@id\":\"https:\\\/\\\/www.fcbarcelonanoticias.com\\\/en\\\/players\\\/official-moussa-wague-loan-niza-purchase-option_255099_102.html\"},\"author\":{\"name\":\"user_4048\",\"@id\":\"https:\\\/\\\/www.fcbarcelonanoticias.com\\\/en\\\/#\\\/schema\\\/person\\\/fcdad55cab72b8d0e106d75506783b6d\"},\"headline\":\"OFFICIAL: Moussa Wagu\u00e9 goes to Niza on loan with purchase option\",\"datePublished\":\"2020-01-31T22:57:00+00:00\",\"dateModified\":\"2020-02-01T00:05:00+00:00\",\"mainEntityOfPage\":{\"@id\":\"https:\\\/\\\/www.fcbarcelonanoticias.com\\\/en\\\/players\\\/official-moussa-wague-loan-niza-purchase-option_255099_102.html\"},\"wordCount\":549,\"image\":{\"@id\":\"https:\\\/\\\/www.fcbarcelonanoticias.com\\\/en\\\/players\\\/official-moussa-wague-loan-niza-purchase-option_255099_102.html#primaryimage\"},\"thumbnailUrl\":\"https:\\\/\\\/www.fcbarcelonanoticias.com\\\/en\\\/wp-content\\\/uploads\\\/sites\\\/2\\\/2019\\\/12\\\/wague-ofertas-barcelona.jpeg\",\"keywords\":[\"Moussa Wagu\u00e9\"],\"articleSection\":[\"Players\",\"Players\"],\"inLanguage\":\"en-US\"},{\"@type\":\"WebPage\",\"@id\":\"https:\\\/\\\/www.fcbarcelonanoticias.com\\\/en\\\/players\\\/official-moussa-wague-loan-niza-purchase-option_255099_102.html\",\"url\":\"https:\\\/\\\/www.fcbarcelonanoticias.com\\\/en\\\/players\\\/official-moussa-wague-loan-niza-purchase-option_255099_102.html\",\"name\":\"OFFICIAL: Moussa Wagu\u00e9 goes to Nice on loan with purchase option\",\"isPartOf\":{\"@id\":\"https:\\\/\\\/www.fcbarcelonanoticias.com\\\/en\\\/#website\"},\"primaryImageOfPage\":{\"@id\":\"https:\\\/\\\/www.fcbarcelonanoticias.com\\\/en\\\/players\\\/official-moussa-wague-loan-niza-purchase-option_255099_102.html#primaryimage\"},\"image\":{\"@id\":\"https:\\\/\\\/www.fcbarcelonanoticias.com\\\/en\\\/players\\\/official-moussa-wague-loan-niza-purchase-option_255099_102.html#primaryimage\"},\"thumbnailUrl\":\"https:\\\/\\\/www.fcbarcelonanoticias.com\\\/en\\\/wp-content\\\/uploads\\\/sites\\\/2\\\/2019\\\/12\\\/wague-ofertas-barcelona.jpeg\",\"datePublished\":\"2020-01-31T22:57:00+00:00\",\"dateModified\":\"2020-02-01T00:05:00+00:00\",\"author\":{\"@id\":\"https:\\\/\\\/www.fcbarcelonanoticias.com\\\/en\\\/#\\\/schema\\\/person\\\/fcdad55cab72b8d0e106d75506783b6d\"},\"description\":\"Moussa Wagu\u00e9 Has been the last player of the Bar\u00e7a in moving in this wintry market. The Senegalese leaves to the Nice yielded until final of season, but it...\",\"breadcrumb\":{\"@id\":\"https:\\\/\\\/www.fcbarcelonanoticias.com\\\/en\\\/players\\\/official-moussa-wague-loan-niza-purchase-option_255099_102.html#breadcrumb\"},\"inLanguage\":\"en-US\",\"potentialAction\":[{\"@type\":\"ReadAction\",\"target\":[\"https:\\\/\\\/www.fcbarcelonanoticias.com\\\/en\\\/players\\\/official-moussa-wague-loan-niza-purchase-option_255099_102.html\"]}]},{\"@type\":\"ImageObject\",\"inLanguage\":\"en-US\",\"@id\":\"https:\\\/\\\/www.fcbarcelonanoticias.com\\\/en\\\/players\\\/official-moussa-wague-loan-niza-purchase-option_255099_102.html#primaryimage\",\"url\":\"https:\\\/\\\/www.fcbarcelonanoticias.com\\\/en\\\/wp-content\\\/uploads\\\/sites\\\/2\\\/2019\\\/12\\\/wague-ofertas-barcelona.jpeg\",\"contentUrl\":\"https:\\\/\\\/www.fcbarcelonanoticias.com\\\/en\\\/wp-content\\\/uploads\\\/sites\\\/2\\\/2019\\\/12\\\/wague-ofertas-barcelona.jpeg\",\"width\":1300,\"height\":774},{\"@type\":\"BreadcrumbList\",\"@id\":\"https:\\\/\\\/www.fcbarcelonanoticias.com\\\/en\\\/players\\\/official-moussa-wague-loan-niza-purchase-option_255099_102.html#breadcrumb\",\"itemListElement\":[{\"@type\":\"ListItem\",\"position\":1,\"name\":\"Portada\",\"item\":\"https:\\\/\\\/www.fcbarcelonanoticias.com\\\/en\\\/\"},{\"@type\":\"ListItem\",\"position\":2,\"name\":\"OFFICIAL: Moussa Wagu\u00e9 goes to Niza on loan with purchase option\"}]},{\"@type\":\"WebSite\",\"@id\":\"https:\\\/\\\/www.fcbarcelonanoticias.com\\\/en\\\/#website\",\"url\":\"https:\\\/\\\/www.fcbarcelonanoticias.com\\\/en\\\/\",\"name\":\"EN - FC Barcelona Noticias\",\"description\":\"\",\"potentialAction\":[{\"@type\":\"SearchAction\",\"target\":{\"@type\":\"EntryPoint\",\"urlTemplate\":\"https:\\\/\\\/www.fcbarcelonanoticias.com\\\/en\\\/?s={search_term_string}\"},\"query-input\":{\"@type\":\"PropertyValueSpecification\",\"valueRequired\":true,\"valueName\":\"search_term_string\"}}],\"inLanguage\":\"en-US\"},{\"@type\":\"Person\",\"@id\":\"https:\\\/\\\/www.fcbarcelonanoticias.com\\\/en\\\/#\\\/schema\\\/person\\\/fcdad55cab72b8d0e106d75506783b6d\",\"name\":\"user_4048\",\"image\":{\"@type\":\"ImageObject\",\"inLanguage\":\"en-US\",\"@id\":\"https:\\\/\\\/secure.gravatar.com\\\/avatar\\\/?s=96&d=mm&r=g\",\"url\":\"https:\\\/\\\/secure.gravatar.com\\\/avatar\\\/?s=96&d=mm&r=g\",\"contentUrl\":\"https:\\\/\\\/secure.gravatar.com\\\/avatar\\\/?s=96&d=mm&r=g\",\"caption\":\"user_4048\"},\"url\":\"https:\\\/\\\/www.fcbarcelonanoticias.com\\\/en\\\/user_4048.html\"}]}<\/script>\n<!-- \/ Yoast SEO plugin. -->","yoast_head_json":{"title":"OFFICIAL: Moussa Wagu\u00e9 goes to Nice on loan with purchase option","description":"Moussa Wagu\u00e9 Has been the last player of the Bar\u00e7a in moving in this wintry market. The Senegalese leaves to the Nice yielded until final of season, but it...","robots":{"index":"index","follow":"follow","max-snippet":"max-snippet:-1","max-image-preview":"max-image-preview:large","max-video-preview":"max-video-preview:-1"},"canonical":"https:\/\/www.fcbarcelonanoticias.com\/en\/players\/official-moussa-wague-loan-niza-purchase-option_255099_102.html","og_locale":"en_US","og_type":"article","og_title":"OFFICIAL: Moussa Wagu\u00e9 goes to Nice on loan with purchase option","og_description":"Moussa Wagu\u00e9 Has been the last player of the Bar\u00e7a in moving in this wintry market. The Senegalese leaves to the Nice yielded until final of season, but it...","og_url":"https:\/\/www.fcbarcelonanoticias.com\/en\/players\/official-moussa-wague-loan-niza-purchase-option_255099_102.html","og_site_name":"EN - FC Barcelona Noticias","article_published_time":"2020-01-31T22:57:00+00:00","article_modified_time":"2020-02-01T00:05:00+00:00","og_image":[{"width":1300,"height":774,"url":"https:\/\/www.fcbarcelonanoticias.com\/en\/wp-content\/uploads\/sites\/2\/2019\/12\/wague-ofertas-barcelona.jpeg","type":"image\/jpeg"}],"author":"user_4048","twitter_card":"summary_large_image","twitter_misc":{"Written by":"user_4048","Est. reading time":"3 minutes"},"schema":{"@context":"https:\/\/schema.org","@graph":[{"@type":"Article","@id":"https:\/\/www.fcbarcelonanoticias.com\/en\/players\/official-moussa-wague-loan-niza-purchase-option_255099_102.html#article","isPartOf":{"@id":"https:\/\/www.fcbarcelonanoticias.com\/en\/players\/official-moussa-wague-loan-niza-purchase-option_255099_102.html"},"author":{"name":"user_4048","@id":"https:\/\/www.fcbarcelonanoticias.com\/en\/#\/schema\/person\/fcdad55cab72b8d0e106d75506783b6d"},"headline":"OFFICIAL: Moussa Wagu\u00e9 goes to Niza on loan with purchase option","datePublished":"2020-01-31T22:57:00+00:00","dateModified":"2020-02-01T00:05:00+00:00","mainEntityOfPage":{"@id":"https:\/\/www.fcbarcelonanoticias.com\/en\/players\/official-moussa-wague-loan-niza-purchase-option_255099_102.html"},"wordCount":549,"image":{"@id":"https:\/\/www.fcbarcelonanoticias.com\/en\/players\/official-moussa-wague-loan-niza-purchase-option_255099_102.html#primaryimage"},"thumbnailUrl":"https:\/\/www.fcbarcelonanoticias.com\/en\/wp-content\/uploads\/sites\/2\/2019\/12\/wague-ofertas-barcelona.jpeg","keywords":["Moussa Wagu\u00e9"],"articleSection":["Players","Players"],"inLanguage":"en-US"},{"@type":"WebPage","@id":"https:\/\/www.fcbarcelonanoticias.com\/en\/players\/official-moussa-wague-loan-niza-purchase-option_255099_102.html","url":"https:\/\/www.fcbarcelonanoticias.com\/en\/players\/official-moussa-wague-loan-niza-purchase-option_255099_102.html","name":"OFFICIAL: Moussa Wagu\u00e9 goes to Nice on loan with purchase option","isPartOf":{"@id":"https:\/\/www.fcbarcelonanoticias.com\/en\/#website"},"primaryImageOfPage":{"@id":"https:\/\/www.fcbarcelonanoticias.com\/en\/players\/official-moussa-wague-loan-niza-purchase-option_255099_102.html#primaryimage"},"image":{"@id":"https:\/\/www.fcbarcelonanoticias.com\/en\/players\/official-moussa-wague-loan-niza-purchase-option_255099_102.html#primaryimage"},"thumbnailUrl":"https:\/\/www.fcbarcelonanoticias.com\/en\/wp-content\/uploads\/sites\/2\/2019\/12\/wague-ofertas-barcelona.jpeg","datePublished":"2020-01-31T22:57:00+00:00","dateModified":"2020-02-01T00:05:00+00:00","author":{"@id":"https:\/\/www.fcbarcelonanoticias.com\/en\/#\/schema\/person\/fcdad55cab72b8d0e106d75506783b6d"},"description":"Moussa Wagu\u00e9 Has been the last player of the Bar\u00e7a in moving in this wintry market. The Senegalese leaves to the Nice yielded until final of season, but it...","breadcrumb":{"@id":"https:\/\/www.fcbarcelonanoticias.com\/en\/players\/official-moussa-wague-loan-niza-purchase-option_255099_102.html#breadcrumb"},"inLanguage":"en-US","potentialAction":[{"@type":"ReadAction","target":["https:\/\/www.fcbarcelonanoticias.com\/en\/players\/official-moussa-wague-loan-niza-purchase-option_255099_102.html"]}]},{"@type":"ImageObject","inLanguage":"en-US","@id":"https:\/\/www.fcbarcelonanoticias.com\/en\/players\/official-moussa-wague-loan-niza-purchase-option_255099_102.html#primaryimage","url":"https:\/\/www.fcbarcelonanoticias.com\/en\/wp-content\/uploads\/sites\/2\/2019\/12\/wague-ofertas-barcelona.jpeg","contentUrl":"https:\/\/www.fcbarcelonanoticias.com\/en\/wp-content\/uploads\/sites\/2\/2019\/12\/wague-ofertas-barcelona.jpeg","width":1300,"height":774},{"@type":"BreadcrumbList","@id":"https:\/\/www.fcbarcelonanoticias.com\/en\/players\/official-moussa-wague-loan-niza-purchase-option_255099_102.html#breadcrumb","itemListElement":[{"@type":"ListItem","position":1,"name":"Portada","item":"https:\/\/www.fcbarcelonanoticias.com\/en\/"},{"@type":"ListItem","position":2,"name":"OFFICIAL: Moussa Wagu\u00e9 goes to Niza on loan with purchase option"}]},{"@type":"WebSite","@id":"https:\/\/www.fcbarcelonanoticias.com\/en\/#website","url":"https:\/\/www.fcbarcelonanoticias.com\/en\/","name":"EN - FC Barcelona Noticias","description":"","potentialAction":[{"@type":"SearchAction","target":{"@type":"EntryPoint","urlTemplate":"https:\/\/www.fcbarcelonanoticias.com\/en\/?s={search_term_string}"},"query-input":{"@type":"PropertyValueSpecification","valueRequired":true,"valueName":"search_term_string"}}],"inLanguage":"en-US"},{"@type":"Person","@id":"https:\/\/www.fcbarcelonanoticias.com\/en\/#\/schema\/person\/fcdad55cab72b8d0e106d75506783b6d","name":"user_4048","image":{"@type":"ImageObject","inLanguage":"en-US","@id":"https:\/\/secure.gravatar.com\/avatar\/?s=96&d=mm&r=g","url":"https:\/\/secure.gravatar.com\/avatar\/?s=96&d=mm&r=g","contentUrl":"https:\/\/secure.gravatar.com\/avatar\/?s=96&d=mm&r=g","caption":"user_4048"},"url":"https:\/\/www.fcbarcelonanoticias.com\/en\/user_4048.html"}]}},"_links":{"self":[{"href":"https:\/\/www.fcbarcelonanoticias.com\/en\/wp-json\/wp\/v2\/posts\/76530","targetHints":{"allow":["GET"]}}],"collection":[{"href":"https:\/\/www.fcbarcelonanoticias.com\/en\/wp-json\/wp\/v2\/posts"}],"about":[{"href":"https:\/\/www.fcbarcelonanoticias.com\/en\/wp-json\/wp\/v2\/types\/post"}],"author":[{"embeddable":true,"href":"https:\/\/www.fcbarcelonanoticias.com\/en\/wp-json\/wp\/v2\/users\/392"}],"replies":[{"embeddable":true,"href":"https:\/\/www.fcbarcelonanoticias.com\/en\/wp-json\/wp\/v2\/comments?post=76530"}],"version-history":[{"count":1,"href":"https:\/\/www.fcbarcelonanoticias.com\/en\/wp-json\/wp\/v2\/posts\/76530\/revisions"}],"predecessor-version":[{"id":76531,"href":"https:\/\/www.fcbarcelonanoticias.com\/en\/wp-json\/wp\/v2\/posts\/76530\/revisions\/76531"}],"wp:featuredmedia":[{"embeddable":true,"href":"https:\/\/www.fcbarcelonanoticias.com\/en\/wp-json\/wp\/v2\/media\/14770"}],"wp:attachment":[{"href":"https:\/\/www.fcbarcelonanoticias.com\/en\/wp-json\/wp\/v2\/media?parent=76530"}],"wp:term":[{"taxonomy":"category","embeddable":true,"href":"https:\/\/www.fcbarcelonanoticias.com\/en\/wp-json\/wp\/v2\/categories?post=76530"},{"taxonomy":"post_tag","embeddable":true,"href":"https:\/\/www.fcbarcelonanoticias.com\/en\/wp-json\/wp\/v2\/tags?post=76530"}],"curies":[{"name":"wp","href":"https:\/\/api.w.org\/{rel}","templated":true}]}}