{"id":76579,"date":"2023-09-22T00:23:00","date_gmt":"2023-09-21T22:23:00","guid":{"rendered":"https:\/\/weisetech.dev\/fc-barcelona-noticias\/en\/one-more-immediate-adaptation-joao-felix-in-barcelona_296378_102\/"},"modified":"2023-09-22T00:23:00","modified_gmt":"2023-09-21T22:23:00","slug":"one-more-immediate-adaptation-joao-felix-in-barcelona_296378_102","status":"publish","type":"post","link":"https:\/\/www.fcbarcelonanoticias.com\/en\/players\/one-more-immediate-adaptation-joao-felix-in-barcelona_296378_102.html","title":{"rendered":"One more cul\u00e9! The immediate adaptation of Joao F\u00e9lix at Bar\u00e7a"},"content":{"rendered":"<h2 class=\"wp-block-heading\">Joao F\u00e9lix is enjoying the beginning of his time at FC Barcelona. In addition to all the prominence that he is having on the pitch, the Portuguese attacker is taking the opportunity to &#8216;soak up&#8217; the Bar\u00e7a&#8217;s day-to-day life<\/h2>  \r\n<div class=\"article-addons\">\r\n    <a href=\"https:\/\/www.fcbarcelonanoticias.com\/en\/calendar-fc-barcelona.html\"\r\n       target=\"_self\"\r\n       title=\"Calendar of FC Barcelona\"\r\n       class=\"blue-gredient-btn\">\r\n       \r\n        Calendar of FC Barcelona    <\/a>\r\n<\/div>   <p><strong>Joao F\u00e9lix has begun his season in <a data-external=\"0\" data-intl-links-en=\"https:\/\/www.fcbarcelonanoticias.com\/en\/fc-barcelona\" data-intl-links-es=\"https:\/\/www.fcbarcelonanoticias.com\/fc-barcelona\" href=\"https:\/\/www.fcbarcelonanoticias.com\/en\/football-soccer\/fc-barcelona.html\" rel=\"follow\" target=\"_self\" title=\"FC Barcelona\">the FC Barcelona<\/a> in style.<\/strong> It has turned into an indispensable player for Xavi Hern\u00e1ndez and has added two headlines, in League and Champions League, with stellar performances that confirm his intention and wish to be important and recover the &#8216;spark&#8217; that had allowed him turn into one of the geandes &#8216;jewels&#8217; of the European football in 2019, when it was in the Benfica.<\/p>  <h2>Joao F\u00e9lix &#8216;soak&#8217; of the day in day out of the Bar\u00e7a<\/h2>  <p>Still it is very soon to dictate sentence or take out some conclusion, but what more has impressed is the commitment of the player, that from the minute one has worked to turn into one more than the changing room and, also, soak of the day in day out Barcelona. This Thursday,<strong> assisted to the Palau Blaugrana to see in direct the party of the section of handball of the Bar\u00e7a<\/strong> in front of the Magdeburgo, corresponding to the second date of the EHF Champions League.<\/p>  <p>To the Portuguese, that was accompanied by his father and one of his nearer friends,<strong> saw him enjoying of the performance of the blaugrana, where also is a his compatriot, Luis Frade.<\/strong> It celebrated like one more the overwhelming victory (with spirits of &#8216;revenge&#8217;) in front of the German picture by 32-20 that has allowed to the team of Carlos Ortega situate like the leader of the group B, thanks to the difference of goals regarding the Aalborg, Telekom Veszprem and Carry.<\/p>  <h2>The Portuguese &#8216;win&#8217; to the fans cul\u00e9<\/h2>  <p>The true is that it has been one of the first experiences of Joao to soak of the Bar\u00e7a, that is much more that the section of football. Already the player there was present state in the Museum of the club and had remained entirely impressed. it is winning To the barcelonismo with a lot of ease and <strong>is convinced that it is the precise moment to help to his to go back to the highest. <\/strong><\/p> ","protected":false},"excerpt":{"rendered":"<p>Joao F\u00e9lix is enjoying the beginning of his time at FC Barcelona. In addition to all the prominence that he is having on the pitch, the Portuguese attacker is taking the opportunity to &#8216;soak up&#8217; the Bar\u00e7a&#8217;s day-to-day life Joao F\u00e9lix has begun his season in the FC Barcelona in style. It has turned into [&hellip;]<\/p>\n","protected":false},"author":353,"featured_media":76582,"comment_status":"closed","ping_status":"open","sticky":false,"template":"","format":"standard","meta":{"_acf_changed":false,"inline_featured_image":false,"_nextfly_llmd_date_locked":false,"footnotes":""},"categories":[107,453],"tags":[239],"class_list":["post-76579","post","type-post","status-publish","format-standard","has-post-thumbnail","hentry","category-players","category-players-2","tag-joao-felix"],"acf":[],"yoast_head":"<!-- This site is optimized with the Yoast SEO plugin v27.3 - https:\/\/yoast.com\/product\/yoast-seo-wordpress\/ -->\n<title>One more cul\u00e9! The immediate adaptation of Joao F\u00e9lix at Bar\u00e7a<\/title>\n<meta name=\"description\" content=\"Joao F\u00e9lix is enjoying of the beginning of his stage in the FC Barcelona. In addition to all the leadership that is having on the lawn, the Portuguese attacker is taking advantage of for &#039;soak&#039; of the day in day out Barcelona\" \/>\n<meta name=\"robots\" content=\"index, follow, max-snippet:-1, max-image-preview:large, max-video-preview:-1\" \/>\n<link rel=\"canonical\" href=\"https:\/\/www.fcbarcelonanoticias.com\/en\/players\/one-more-immediate-adaptation-joao-felix-in-barcelona_296378_102.html\" \/>\n<meta property=\"og:locale\" content=\"en_US\" \/>\n<meta property=\"og:type\" content=\"article\" \/>\n<meta property=\"og:title\" content=\"One more cul\u00e9! The immediate adaptation of Joao F\u00e9lix at Bar\u00e7a\" \/>\n<meta property=\"og:description\" content=\"Joao F\u00e9lix is enjoying of the beginning of his stage in the FC Barcelona. In addition to all the leadership that is having on the lawn, the Portuguese attacker is taking advantage of for &#039;soak&#039; of the day in day out Barcelona\" \/>\n<meta property=\"og:url\" content=\"https:\/\/www.fcbarcelonanoticias.com\/en\/players\/one-more-immediate-adaptation-joao-felix-in-barcelona_296378_102.html\" \/>\n<meta property=\"og:site_name\" content=\"EN - FC Barcelona Noticias\" \/>\n<meta property=\"article:published_time\" content=\"2023-09-21T22:23:00+00:00\" \/>\n<meta property=\"og:image\" content=\"https:\/\/www.fcbarcelonanoticias.com\/en\/wp-content\/uploads\/sites\/2\/2023\/09\/joao-felix-presentacion-1.jpeg\" \/>\n\t<meta property=\"og:image:width\" content=\"1300\" \/>\n\t<meta property=\"og:image:height\" content=\"738\" \/>\n\t<meta property=\"og:image:type\" content=\"image\/jpeg\" \/>\n<meta name=\"author\" content=\"FC Barcelona Noticias\" \/>\n<meta name=\"twitter:card\" content=\"summary_large_image\" \/>\n<meta name=\"twitter:label1\" content=\"Written by\" \/>\n\t<meta name=\"twitter:data1\" content=\"FC Barcelona Noticias\" \/>\n\t<meta name=\"twitter:label2\" content=\"Est. reading time\" \/>\n\t<meta name=\"twitter:data2\" content=\"2 minutes\" \/>\n<script type=\"application\/ld+json\" class=\"yoast-schema-graph\">{\"@context\":\"https:\\\/\\\/schema.org\",\"@graph\":[{\"@type\":\"Article\",\"@id\":\"https:\\\/\\\/www.fcbarcelonanoticias.com\\\/en\\\/players\\\/one-more-immediate-adaptation-joao-felix-in-barcelona_296378_102.html#article\",\"isPartOf\":{\"@id\":\"https:\\\/\\\/www.fcbarcelonanoticias.com\\\/en\\\/players\\\/one-more-immediate-adaptation-joao-felix-in-barcelona_296378_102.html\"},\"author\":{\"name\":\"FC Barcelona Noticias\",\"@id\":\"https:\\\/\\\/www.fcbarcelonanoticias.com\\\/en\\\/#\\\/schema\\\/person\\\/0f2810101d27606974cdb8edb54fa54b\"},\"headline\":\"One more cul\u00e9! The immediate adaptation of Joao F\u00e9lix at Bar\u00e7a\",\"datePublished\":\"2023-09-21T22:23:00+00:00\",\"mainEntityOfPage\":{\"@id\":\"https:\\\/\\\/www.fcbarcelonanoticias.com\\\/en\\\/players\\\/one-more-immediate-adaptation-joao-felix-in-barcelona_296378_102.html\"},\"wordCount\":394,\"image\":{\"@id\":\"https:\\\/\\\/www.fcbarcelonanoticias.com\\\/en\\\/players\\\/one-more-immediate-adaptation-joao-felix-in-barcelona_296378_102.html#primaryimage\"},\"thumbnailUrl\":\"https:\\\/\\\/www.fcbarcelonanoticias.com\\\/en\\\/wp-content\\\/uploads\\\/sites\\\/2\\\/2023\\\/09\\\/joao-felix-presentacion-1.jpeg\",\"keywords\":[\"Joao F\u00e9lix\"],\"articleSection\":[\"Players\",\"Players\"],\"inLanguage\":\"en-US\"},{\"@type\":\"WebPage\",\"@id\":\"https:\\\/\\\/www.fcbarcelonanoticias.com\\\/en\\\/players\\\/one-more-immediate-adaptation-joao-felix-in-barcelona_296378_102.html\",\"url\":\"https:\\\/\\\/www.fcbarcelonanoticias.com\\\/en\\\/players\\\/one-more-immediate-adaptation-joao-felix-in-barcelona_296378_102.html\",\"name\":\"One more cul\u00e9! The immediate adaptation of Joao F\u00e9lix at Bar\u00e7a\",\"isPartOf\":{\"@id\":\"https:\\\/\\\/www.fcbarcelonanoticias.com\\\/en\\\/#website\"},\"primaryImageOfPage\":{\"@id\":\"https:\\\/\\\/www.fcbarcelonanoticias.com\\\/en\\\/players\\\/one-more-immediate-adaptation-joao-felix-in-barcelona_296378_102.html#primaryimage\"},\"image\":{\"@id\":\"https:\\\/\\\/www.fcbarcelonanoticias.com\\\/en\\\/players\\\/one-more-immediate-adaptation-joao-felix-in-barcelona_296378_102.html#primaryimage\"},\"thumbnailUrl\":\"https:\\\/\\\/www.fcbarcelonanoticias.com\\\/en\\\/wp-content\\\/uploads\\\/sites\\\/2\\\/2023\\\/09\\\/joao-felix-presentacion-1.jpeg\",\"datePublished\":\"2023-09-21T22:23:00+00:00\",\"author\":{\"@id\":\"https:\\\/\\\/www.fcbarcelonanoticias.com\\\/en\\\/#\\\/schema\\\/person\\\/0f2810101d27606974cdb8edb54fa54b\"},\"description\":\"Joao F\u00e9lix is enjoying of the beginning of his stage in the FC Barcelona. In addition to all the leadership that is having on the lawn, the Portuguese attacker is taking advantage of for 'soak' of the day in day out Barcelona\",\"breadcrumb\":{\"@id\":\"https:\\\/\\\/www.fcbarcelonanoticias.com\\\/en\\\/players\\\/one-more-immediate-adaptation-joao-felix-in-barcelona_296378_102.html#breadcrumb\"},\"inLanguage\":\"en-US\",\"potentialAction\":[{\"@type\":\"ReadAction\",\"target\":[\"https:\\\/\\\/www.fcbarcelonanoticias.com\\\/en\\\/players\\\/one-more-immediate-adaptation-joao-felix-in-barcelona_296378_102.html\"]}]},{\"@type\":\"ImageObject\",\"inLanguage\":\"en-US\",\"@id\":\"https:\\\/\\\/www.fcbarcelonanoticias.com\\\/en\\\/players\\\/one-more-immediate-adaptation-joao-felix-in-barcelona_296378_102.html#primaryimage\",\"url\":\"https:\\\/\\\/www.fcbarcelonanoticias.com\\\/en\\\/wp-content\\\/uploads\\\/sites\\\/2\\\/2023\\\/09\\\/joao-felix-presentacion-1.jpeg\",\"contentUrl\":\"https:\\\/\\\/www.fcbarcelonanoticias.com\\\/en\\\/wp-content\\\/uploads\\\/sites\\\/2\\\/2023\\\/09\\\/joao-felix-presentacion-1.jpeg\",\"width\":1300,\"height\":738},{\"@type\":\"BreadcrumbList\",\"@id\":\"https:\\\/\\\/www.fcbarcelonanoticias.com\\\/en\\\/players\\\/one-more-immediate-adaptation-joao-felix-in-barcelona_296378_102.html#breadcrumb\",\"itemListElement\":[{\"@type\":\"ListItem\",\"position\":1,\"name\":\"Portada\",\"item\":\"https:\\\/\\\/www.fcbarcelonanoticias.com\\\/en\\\/\"},{\"@type\":\"ListItem\",\"position\":2,\"name\":\"One more cul\u00e9! The immediate adaptation of Joao F\u00e9lix at Bar\u00e7a\"}]},{\"@type\":\"WebSite\",\"@id\":\"https:\\\/\\\/www.fcbarcelonanoticias.com\\\/en\\\/#website\",\"url\":\"https:\\\/\\\/www.fcbarcelonanoticias.com\\\/en\\\/\",\"name\":\"EN - FC Barcelona Noticias\",\"description\":\"\",\"potentialAction\":[{\"@type\":\"SearchAction\",\"target\":{\"@type\":\"EntryPoint\",\"urlTemplate\":\"https:\\\/\\\/www.fcbarcelonanoticias.com\\\/en\\\/?s={search_term_string}\"},\"query-input\":{\"@type\":\"PropertyValueSpecification\",\"valueRequired\":true,\"valueName\":\"search_term_string\"}}],\"inLanguage\":\"en-US\"},{\"@type\":\"Person\",\"@id\":\"https:\\\/\\\/www.fcbarcelonanoticias.com\\\/en\\\/#\\\/schema\\\/person\\\/0f2810101d27606974cdb8edb54fa54b\",\"name\":\"FC Barcelona Noticias\",\"image\":{\"@type\":\"ImageObject\",\"inLanguage\":\"en-US\",\"@id\":\"https:\\\/\\\/secure.gravatar.com\\\/avatar\\\/?s=96&d=mm&r=g\",\"url\":\"https:\\\/\\\/secure.gravatar.com\\\/avatar\\\/?s=96&d=mm&r=g\",\"contentUrl\":\"https:\\\/\\\/secure.gravatar.com\\\/avatar\\\/?s=96&d=mm&r=g\",\"caption\":\"FC Barcelona Noticias\"},\"url\":\"https:\\\/\\\/www.fcbarcelonanoticias.com\\\/en\\\/fc-barcelona\\\/fcbn-writing-fc-barcelona-news_6_115.html\"}]}<\/script>\n<!-- \/ Yoast SEO plugin. -->","yoast_head_json":{"title":"One more cul\u00e9! The immediate adaptation of Joao F\u00e9lix at Bar\u00e7a","description":"Joao F\u00e9lix is enjoying of the beginning of his stage in the FC Barcelona. In addition to all the leadership that is having on the lawn, the Portuguese attacker is taking advantage of for 'soak' of the day in day out Barcelona","robots":{"index":"index","follow":"follow","max-snippet":"max-snippet:-1","max-image-preview":"max-image-preview:large","max-video-preview":"max-video-preview:-1"},"canonical":"https:\/\/www.fcbarcelonanoticias.com\/en\/players\/one-more-immediate-adaptation-joao-felix-in-barcelona_296378_102.html","og_locale":"en_US","og_type":"article","og_title":"One more cul\u00e9! The immediate adaptation of Joao F\u00e9lix at Bar\u00e7a","og_description":"Joao F\u00e9lix is enjoying of the beginning of his stage in the FC Barcelona. In addition to all the leadership that is having on the lawn, the Portuguese attacker is taking advantage of for 'soak' of the day in day out Barcelona","og_url":"https:\/\/www.fcbarcelonanoticias.com\/en\/players\/one-more-immediate-adaptation-joao-felix-in-barcelona_296378_102.html","og_site_name":"EN - FC Barcelona Noticias","article_published_time":"2023-09-21T22:23:00+00:00","og_image":[{"width":1300,"height":738,"url":"https:\/\/www.fcbarcelonanoticias.com\/en\/wp-content\/uploads\/sites\/2\/2023\/09\/joao-felix-presentacion-1.jpeg","type":"image\/jpeg"}],"author":"FC Barcelona Noticias","twitter_card":"summary_large_image","twitter_misc":{"Written by":"FC Barcelona Noticias","Est. reading time":"2 minutes"},"schema":{"@context":"https:\/\/schema.org","@graph":[{"@type":"Article","@id":"https:\/\/www.fcbarcelonanoticias.com\/en\/players\/one-more-immediate-adaptation-joao-felix-in-barcelona_296378_102.html#article","isPartOf":{"@id":"https:\/\/www.fcbarcelonanoticias.com\/en\/players\/one-more-immediate-adaptation-joao-felix-in-barcelona_296378_102.html"},"author":{"name":"FC Barcelona Noticias","@id":"https:\/\/www.fcbarcelonanoticias.com\/en\/#\/schema\/person\/0f2810101d27606974cdb8edb54fa54b"},"headline":"One more cul\u00e9! The immediate adaptation of Joao F\u00e9lix at Bar\u00e7a","datePublished":"2023-09-21T22:23:00+00:00","mainEntityOfPage":{"@id":"https:\/\/www.fcbarcelonanoticias.com\/en\/players\/one-more-immediate-adaptation-joao-felix-in-barcelona_296378_102.html"},"wordCount":394,"image":{"@id":"https:\/\/www.fcbarcelonanoticias.com\/en\/players\/one-more-immediate-adaptation-joao-felix-in-barcelona_296378_102.html#primaryimage"},"thumbnailUrl":"https:\/\/www.fcbarcelonanoticias.com\/en\/wp-content\/uploads\/sites\/2\/2023\/09\/joao-felix-presentacion-1.jpeg","keywords":["Joao F\u00e9lix"],"articleSection":["Players","Players"],"inLanguage":"en-US"},{"@type":"WebPage","@id":"https:\/\/www.fcbarcelonanoticias.com\/en\/players\/one-more-immediate-adaptation-joao-felix-in-barcelona_296378_102.html","url":"https:\/\/www.fcbarcelonanoticias.com\/en\/players\/one-more-immediate-adaptation-joao-felix-in-barcelona_296378_102.html","name":"One more cul\u00e9! The immediate adaptation of Joao F\u00e9lix at Bar\u00e7a","isPartOf":{"@id":"https:\/\/www.fcbarcelonanoticias.com\/en\/#website"},"primaryImageOfPage":{"@id":"https:\/\/www.fcbarcelonanoticias.com\/en\/players\/one-more-immediate-adaptation-joao-felix-in-barcelona_296378_102.html#primaryimage"},"image":{"@id":"https:\/\/www.fcbarcelonanoticias.com\/en\/players\/one-more-immediate-adaptation-joao-felix-in-barcelona_296378_102.html#primaryimage"},"thumbnailUrl":"https:\/\/www.fcbarcelonanoticias.com\/en\/wp-content\/uploads\/sites\/2\/2023\/09\/joao-felix-presentacion-1.jpeg","datePublished":"2023-09-21T22:23:00+00:00","author":{"@id":"https:\/\/www.fcbarcelonanoticias.com\/en\/#\/schema\/person\/0f2810101d27606974cdb8edb54fa54b"},"description":"Joao F\u00e9lix is enjoying of the beginning of his stage in the FC Barcelona. In addition to all the leadership that is having on the lawn, the Portuguese attacker is taking advantage of for 'soak' of the day in day out Barcelona","breadcrumb":{"@id":"https:\/\/www.fcbarcelonanoticias.com\/en\/players\/one-more-immediate-adaptation-joao-felix-in-barcelona_296378_102.html#breadcrumb"},"inLanguage":"en-US","potentialAction":[{"@type":"ReadAction","target":["https:\/\/www.fcbarcelonanoticias.com\/en\/players\/one-more-immediate-adaptation-joao-felix-in-barcelona_296378_102.html"]}]},{"@type":"ImageObject","inLanguage":"en-US","@id":"https:\/\/www.fcbarcelonanoticias.com\/en\/players\/one-more-immediate-adaptation-joao-felix-in-barcelona_296378_102.html#primaryimage","url":"https:\/\/www.fcbarcelonanoticias.com\/en\/wp-content\/uploads\/sites\/2\/2023\/09\/joao-felix-presentacion-1.jpeg","contentUrl":"https:\/\/www.fcbarcelonanoticias.com\/en\/wp-content\/uploads\/sites\/2\/2023\/09\/joao-felix-presentacion-1.jpeg","width":1300,"height":738},{"@type":"BreadcrumbList","@id":"https:\/\/www.fcbarcelonanoticias.com\/en\/players\/one-more-immediate-adaptation-joao-felix-in-barcelona_296378_102.html#breadcrumb","itemListElement":[{"@type":"ListItem","position":1,"name":"Portada","item":"https:\/\/www.fcbarcelonanoticias.com\/en\/"},{"@type":"ListItem","position":2,"name":"One more cul\u00e9! The immediate adaptation of Joao F\u00e9lix at Bar\u00e7a"}]},{"@type":"WebSite","@id":"https:\/\/www.fcbarcelonanoticias.com\/en\/#website","url":"https:\/\/www.fcbarcelonanoticias.com\/en\/","name":"EN - FC Barcelona Noticias","description":"","potentialAction":[{"@type":"SearchAction","target":{"@type":"EntryPoint","urlTemplate":"https:\/\/www.fcbarcelonanoticias.com\/en\/?s={search_term_string}"},"query-input":{"@type":"PropertyValueSpecification","valueRequired":true,"valueName":"search_term_string"}}],"inLanguage":"en-US"},{"@type":"Person","@id":"https:\/\/www.fcbarcelonanoticias.com\/en\/#\/schema\/person\/0f2810101d27606974cdb8edb54fa54b","name":"FC Barcelona Noticias","image":{"@type":"ImageObject","inLanguage":"en-US","@id":"https:\/\/secure.gravatar.com\/avatar\/?s=96&d=mm&r=g","url":"https:\/\/secure.gravatar.com\/avatar\/?s=96&d=mm&r=g","contentUrl":"https:\/\/secure.gravatar.com\/avatar\/?s=96&d=mm&r=g","caption":"FC Barcelona Noticias"},"url":"https:\/\/www.fcbarcelonanoticias.com\/en\/fc-barcelona\/fcbn-writing-fc-barcelona-news_6_115.html"}]}},"_links":{"self":[{"href":"https:\/\/www.fcbarcelonanoticias.com\/en\/wp-json\/wp\/v2\/posts\/76579","targetHints":{"allow":["GET"]}}],"collection":[{"href":"https:\/\/www.fcbarcelonanoticias.com\/en\/wp-json\/wp\/v2\/posts"}],"about":[{"href":"https:\/\/www.fcbarcelonanoticias.com\/en\/wp-json\/wp\/v2\/types\/post"}],"author":[{"embeddable":true,"href":"https:\/\/www.fcbarcelonanoticias.com\/en\/wp-json\/wp\/v2\/users\/353"}],"replies":[{"embeddable":true,"href":"https:\/\/www.fcbarcelonanoticias.com\/en\/wp-json\/wp\/v2\/comments?post=76579"}],"version-history":[{"count":1,"href":"https:\/\/www.fcbarcelonanoticias.com\/en\/wp-json\/wp\/v2\/posts\/76579\/revisions"}],"predecessor-version":[{"id":76580,"href":"https:\/\/www.fcbarcelonanoticias.com\/en\/wp-json\/wp\/v2\/posts\/76579\/revisions\/76580"}],"wp:featuredmedia":[{"embeddable":true,"href":"https:\/\/www.fcbarcelonanoticias.com\/en\/wp-json\/wp\/v2\/media\/76582"}],"wp:attachment":[{"href":"https:\/\/www.fcbarcelonanoticias.com\/en\/wp-json\/wp\/v2\/media?parent=76579"}],"wp:term":[{"taxonomy":"category","embeddable":true,"href":"https:\/\/www.fcbarcelonanoticias.com\/en\/wp-json\/wp\/v2\/categories?post=76579"},{"taxonomy":"post_tag","embeddable":true,"href":"https:\/\/www.fcbarcelonanoticias.com\/en\/wp-json\/wp\/v2\/tags?post=76579"}],"curies":[{"name":"wp","href":"https:\/\/api.w.org\/{rel}","templated":true}]}}