{"id":76612,"date":"2023-08-09T16:14:00","date_gmt":"2023-08-09T14:14:00","guid":{"rendered":"https:\/\/weisetech.dev\/fc-barcelona-noticias\/en\/official-raphinha-takes-over-of-the-number-of-ferran-that-now-wear-the-7-of-dembele_294952_102\/"},"modified":"2023-08-09T16:15:00","modified_gmt":"2023-08-09T14:15:00","slug":"official-raphinha-takes-over-of-the-number-of-ferran-that-now-wear-the-7-of-dembele_294952_102","status":"publish","type":"post","link":"https:\/\/www.fcbarcelonanoticias.com\/en\/players\/official-raphinha-takes-over-of-the-number-of-ferran-that-now-wear-the-7-of-dembele_294952_102.html","title":{"rendered":"OFFICIAL! Raphinha takes over the number of a Ferran who will now wear the &#8216;7&#8217; of Demb\u00e9l\u00e9"},"content":{"rendered":"<h2 class=\"wp-block-heading\">The Bar\u00e7a continues growing in his project and from the changing room also give signals of this afterwards that two footballers cul\u00e9s very important arrived to an agreement of change of dorsal<\/h2>  \r\n<div class=\"article-addons\">\r\n    <a href=\"https:\/\/www.fcbarcelonanoticias.com\/en\/calendar-fc-barcelona.html\"\r\n       target=\"_self\"\r\n       title=\"Calendar of FC Barcelona\"\r\n       class=\"blue-gredient-btn\">\r\n       \r\n        Calendar of FC Barcelona    <\/a>\r\n<\/div>   <p>The good environment of the changing room is something that Xavi Hern\u00e1ndez always has wanted to highlight since it initiated his stage like trainer <a data-external=\"0\" data-intl-links-en=\"https:\/\/www.fcbarcelonanoticias.com\/en\/club\/fc-barcelona-would-be-close-to-close-million-dollar-agreement_294938_102.html\" data-intl-links-es=\"https:\/\/www.fcbarcelonanoticias.com\/club\/fc-barcelona-estaria-cerca-cerrar-acuerdo-millonario_294938_102.html\" href=\"https:\/\/www.fcbarcelonanoticias.com\/en\/club\/fc-barcelona-would-be-close-to-close-million-dollar-agreement_294938_102.html\" rel=\"follow\" target=\"_self\" title=\"El FC Barcelona estar\u00eda cerca de cerrar un acuerdo millonario\">of the FC Barcelona<\/a> and in a lot of opportunities has remained showed with some actions between the players cul\u00e9s.<strong> This Wednesday has arrived a more afterwards that Ferran Torres accepted to yield his dorsal to Raphinha, in front of the interest of the Brazilian to take his accustomed &#8217;11&#8217;.<\/strong><\/p>  <p>The left-handed attacker arrived in 2022 to the City Condal and found with that the number that used from does a pair of years in the Leeds, and also in the selection of his country, was occupied in the Bar\u00e7a, by what had to take the &#8217;22&#8217;.<strong> A year afterwards the footballer amaz\u00f3nico has wanted to take advantage of the exit of Demb\u00e9l\u00e9 to try recover it and Ferran when seeming has not had problems to accept the proposal. <\/strong><\/p>  <h2>LaLiga Has done official the detail between both forwards<\/h2>  <p>Raphinha Asked him to the Valencian his number, <strong>and Ferran when seeing that the &#8216;7&#8217; remained free has decided to do a favour that already has character oficia<\/strong>l afterwards that LaLiga updated the dorsal of both forwards<a data-external=\"1\" href=\"https:\/\/www.laliga.com\/en\/en-VE\/clubs\/fc-barcelona\/squad\" rel=\"nofollow\" target=\"_blank\" title=\" en su web oficial\"> in his official web<\/a>. In the list of the patronal on the staff cul\u00e9 still follows appearing Demb\u00e9l\u00e9, but now goes out without dorsal assigned, a no lower detail afterwards that the own Bar\u00e7a confirmed <a data-external=\"0\" data-intl-links-en=\"https:\/\/www.fcbarcelonanoticias.com\/en\/transfers\/mateu-alemany-clarifies-situation-dembele-asked-to-leave-is-in-paris_294934_102.html\" data-intl-links-es=\"https:\/\/www.fcbarcelonanoticias.com\/fichajes\/mateu-alemany-aclara-situacion-dembele-pidio-salir-ya-esta-paris_294934_102.html\" href=\"https:\/\/www.fcbarcelonanoticias.com\/en\/transfers\/mateu-alemany-clarifies-situation-dembele-asked-to-leave-is-in-paris_294934_102.html\" pidi=\"\" rel=\"follow\" target=\"_self\" title=\"Mateu Alemany aclara la situaci\u00f3n de Demb\u00e9l\u00e9: \">his exit to Paris Saint-Germain<\/a>.<\/p>  <blockquote class=\"twitter-tweet\"> <p dir=\"ltr\" lang=\"en\">\ud83d\udea8 New numbers \ud83d\udc47<br><br> Ferran -&gt; 7\ufe0f\u20e3<br> Raphinha -&gt; 1\ufe0f\u20e31\ufe0f\u20e3<a href=\"https:\/\/twitter.com\/en\/hashtag\/For%C3%A7aBar%C3%A7a?src=hash&amp;ref_src=twsrc%5Etfw\">#For\u00e7aBar\u00e7a<\/a> \ud83d\udd35\ud83d\udd34 <a href=\"https:\/\/t.co\/en\/QIgmCwtZch\">pic.twitter.com\/qigmcwtzch<\/a><\/p> \u2014 Blaugranagram (@Blaugranagram) <a href=\"https:\/\/twitter.com\/en\/Blaugranagram\/status\/1689266285757255682?ref_src=twsrc%5Etfw\">August 9, 2023<\/a> <\/blockquote> <h2>A pair of weeks more to know if they will have more changes<\/h2>  <p>For now they are missing for inscribing all the new signings, in addition to the players renewed, by what will be missing for confirming what dorsal are the definite, but to the day of today remains clear that Raphinha has recovered his wanted to &#8217;11&#8217;, thank you largely to the good disposal of Ferran. <strong>In the case to arrive a new signing &#8216;star&#8217;, as Bernardo Silva or Neymar, yes that it could cause some &#8216;revolution&#8217; regarding the dorsal. <\/strong><\/p> ","protected":false},"excerpt":{"rendered":"<p>The Bar\u00e7a continues growing in his project and from the changing room also give signals of this afterwards that two footballers cul\u00e9s very important arrived to an agreement of change of dorsal The good environment of the changing room is something that Xavi Hern\u00e1ndez always has wanted to highlight since it initiated his stage like [&hellip;]<\/p>\n","protected":false},"author":345,"featured_media":76616,"comment_status":"closed","ping_status":"open","sticky":false,"template":"","format":"standard","meta":{"_acf_changed":false,"inline_featured_image":false,"_nextfly_llmd_date_locked":false,"footnotes":""},"categories":[107,453],"tags":[146,48],"class_list":["post-76612","post","type-post","status-publish","format-standard","has-post-thumbnail","hentry","category-players","category-players-2","tag-dembele","tag-xavi-hernandez"],"acf":[],"yoast_head":"<!-- This site is optimized with the Yoast SEO plugin v27.3 - https:\/\/yoast.com\/product\/yoast-seo-wordpress\/ -->\n<title>OFFICIAL! Raphinha takes over the number of a Ferran who will now wear the &#039;7&#039; of Demb\u00e9l\u00e9<\/title>\n<meta name=\"description\" content=\"The Bar\u00e7a continues growing in his project and from the changing room also give signals of this afterwards that two footballers cul\u00e9s very important arrived to an agreement of change of dorsal\" \/>\n<meta name=\"robots\" content=\"index, follow, max-snippet:-1, max-image-preview:large, max-video-preview:-1\" \/>\n<link rel=\"canonical\" href=\"https:\/\/www.fcbarcelonanoticias.com\/en\/players\/official-raphinha-takes-over-of-the-number-of-ferran-that-now-wear-the-7-of-dembele_294952_102.html\" \/>\n<meta property=\"og:locale\" content=\"en_US\" \/>\n<meta property=\"og:type\" content=\"article\" \/>\n<meta property=\"og:title\" content=\"OFFICIAL! Raphinha takes over the number of a Ferran who will now wear the &#039;7&#039; of Demb\u00e9l\u00e9\" \/>\n<meta property=\"og:description\" content=\"The Bar\u00e7a continues growing in his project and from the changing room also give signals of this afterwards that two footballers cul\u00e9s very important arrived to an agreement of change of dorsal\" \/>\n<meta property=\"og:url\" content=\"https:\/\/www.fcbarcelonanoticias.com\/en\/players\/official-raphinha-takes-over-of-the-number-of-ferran-that-now-wear-the-7-of-dembele_294952_102.html\" \/>\n<meta property=\"og:site_name\" content=\"EN - FC Barcelona Noticias\" \/>\n<meta property=\"article:published_time\" content=\"2023-08-09T14:14:00+00:00\" \/>\n<meta property=\"article:modified_time\" content=\"2023-08-09T14:15:00+00:00\" \/>\n<meta property=\"og:image\" content=\"https:\/\/www.fcbarcelonanoticias.com\/en\/wp-content\/uploads\/sites\/2\/2023\/08\/raphinha-durante-joangamper.jpeg\" \/>\n\t<meta property=\"og:image:width\" content=\"1300\" \/>\n\t<meta property=\"og:image:height\" content=\"736\" \/>\n\t<meta property=\"og:image:type\" content=\"image\/jpeg\" \/>\n<meta name=\"author\" content=\"Carlos Montenegro\" \/>\n<meta name=\"twitter:card\" content=\"summary_large_image\" \/>\n<meta name=\"twitter:label1\" content=\"Written by\" \/>\n\t<meta name=\"twitter:data1\" content=\"Carlos Montenegro\" \/>\n\t<meta name=\"twitter:label2\" content=\"Est. reading time\" \/>\n\t<meta name=\"twitter:data2\" content=\"2 minutes\" \/>\n<script type=\"application\/ld+json\" class=\"yoast-schema-graph\">{\"@context\":\"https:\\\/\\\/schema.org\",\"@graph\":[{\"@type\":\"Article\",\"@id\":\"https:\\\/\\\/www.fcbarcelonanoticias.com\\\/en\\\/players\\\/official-raphinha-takes-over-of-the-number-of-ferran-that-now-wear-the-7-of-dembele_294952_102.html#article\",\"isPartOf\":{\"@id\":\"https:\\\/\\\/www.fcbarcelonanoticias.com\\\/en\\\/players\\\/official-raphinha-takes-over-of-the-number-of-ferran-that-now-wear-the-7-of-dembele_294952_102.html\"},\"author\":{\"name\":\"Carlos Montenegro\",\"@id\":\"https:\\\/\\\/www.fcbarcelonanoticias.com\\\/en\\\/#\\\/schema\\\/person\\\/aa1d038709c262cb247e240f6b39bbf5\"},\"headline\":\"OFFICIAL! Raphinha takes over the number of a Ferran who will now wear the &#8216;7&#8217; of Demb\u00e9l\u00e9\",\"datePublished\":\"2023-08-09T14:14:00+00:00\",\"dateModified\":\"2023-08-09T14:15:00+00:00\",\"mainEntityOfPage\":{\"@id\":\"https:\\\/\\\/www.fcbarcelonanoticias.com\\\/en\\\/players\\\/official-raphinha-takes-over-of-the-number-of-ferran-that-now-wear-the-7-of-dembele_294952_102.html\"},\"wordCount\":401,\"image\":{\"@id\":\"https:\\\/\\\/www.fcbarcelonanoticias.com\\\/en\\\/players\\\/official-raphinha-takes-over-of-the-number-of-ferran-that-now-wear-the-7-of-dembele_294952_102.html#primaryimage\"},\"thumbnailUrl\":\"https:\\\/\\\/www.fcbarcelonanoticias.com\\\/en\\\/wp-content\\\/uploads\\\/sites\\\/2\\\/2023\\\/08\\\/raphinha-durante-joangamper.jpeg\",\"keywords\":[\"Demb\u00e9l\u00e9\",\"Xavi Hern\u00e1ndez\"],\"articleSection\":[\"Players\",\"Players\"],\"inLanguage\":\"en-US\"},{\"@type\":\"WebPage\",\"@id\":\"https:\\\/\\\/www.fcbarcelonanoticias.com\\\/en\\\/players\\\/official-raphinha-takes-over-of-the-number-of-ferran-that-now-wear-the-7-of-dembele_294952_102.html\",\"url\":\"https:\\\/\\\/www.fcbarcelonanoticias.com\\\/en\\\/players\\\/official-raphinha-takes-over-of-the-number-of-ferran-that-now-wear-the-7-of-dembele_294952_102.html\",\"name\":\"OFFICIAL! Raphinha takes over the number of a Ferran who will now wear the '7' of Demb\u00e9l\u00e9\",\"isPartOf\":{\"@id\":\"https:\\\/\\\/www.fcbarcelonanoticias.com\\\/en\\\/#website\"},\"primaryImageOfPage\":{\"@id\":\"https:\\\/\\\/www.fcbarcelonanoticias.com\\\/en\\\/players\\\/official-raphinha-takes-over-of-the-number-of-ferran-that-now-wear-the-7-of-dembele_294952_102.html#primaryimage\"},\"image\":{\"@id\":\"https:\\\/\\\/www.fcbarcelonanoticias.com\\\/en\\\/players\\\/official-raphinha-takes-over-of-the-number-of-ferran-that-now-wear-the-7-of-dembele_294952_102.html#primaryimage\"},\"thumbnailUrl\":\"https:\\\/\\\/www.fcbarcelonanoticias.com\\\/en\\\/wp-content\\\/uploads\\\/sites\\\/2\\\/2023\\\/08\\\/raphinha-durante-joangamper.jpeg\",\"datePublished\":\"2023-08-09T14:14:00+00:00\",\"dateModified\":\"2023-08-09T14:15:00+00:00\",\"author\":{\"@id\":\"https:\\\/\\\/www.fcbarcelonanoticias.com\\\/en\\\/#\\\/schema\\\/person\\\/aa1d038709c262cb247e240f6b39bbf5\"},\"description\":\"The Bar\u00e7a continues growing in his project and from the changing room also give signals of this afterwards that two footballers cul\u00e9s very important arrived to an agreement of change of dorsal\",\"breadcrumb\":{\"@id\":\"https:\\\/\\\/www.fcbarcelonanoticias.com\\\/en\\\/players\\\/official-raphinha-takes-over-of-the-number-of-ferran-that-now-wear-the-7-of-dembele_294952_102.html#breadcrumb\"},\"inLanguage\":\"en-US\",\"potentialAction\":[{\"@type\":\"ReadAction\",\"target\":[\"https:\\\/\\\/www.fcbarcelonanoticias.com\\\/en\\\/players\\\/official-raphinha-takes-over-of-the-number-of-ferran-that-now-wear-the-7-of-dembele_294952_102.html\"]}]},{\"@type\":\"ImageObject\",\"inLanguage\":\"en-US\",\"@id\":\"https:\\\/\\\/www.fcbarcelonanoticias.com\\\/en\\\/players\\\/official-raphinha-takes-over-of-the-number-of-ferran-that-now-wear-the-7-of-dembele_294952_102.html#primaryimage\",\"url\":\"https:\\\/\\\/www.fcbarcelonanoticias.com\\\/en\\\/wp-content\\\/uploads\\\/sites\\\/2\\\/2023\\\/08\\\/raphinha-durante-joangamper.jpeg\",\"contentUrl\":\"https:\\\/\\\/www.fcbarcelonanoticias.com\\\/en\\\/wp-content\\\/uploads\\\/sites\\\/2\\\/2023\\\/08\\\/raphinha-durante-joangamper.jpeg\",\"width\":1300,\"height\":736},{\"@type\":\"BreadcrumbList\",\"@id\":\"https:\\\/\\\/www.fcbarcelonanoticias.com\\\/en\\\/players\\\/official-raphinha-takes-over-of-the-number-of-ferran-that-now-wear-the-7-of-dembele_294952_102.html#breadcrumb\",\"itemListElement\":[{\"@type\":\"ListItem\",\"position\":1,\"name\":\"Portada\",\"item\":\"https:\\\/\\\/www.fcbarcelonanoticias.com\\\/en\\\/\"},{\"@type\":\"ListItem\",\"position\":2,\"name\":\"OFFICIAL! Raphinha takes over the number of a Ferran who will now wear the &#8216;7&#8217; of Demb\u00e9l\u00e9\"}]},{\"@type\":\"WebSite\",\"@id\":\"https:\\\/\\\/www.fcbarcelonanoticias.com\\\/en\\\/#website\",\"url\":\"https:\\\/\\\/www.fcbarcelonanoticias.com\\\/en\\\/\",\"name\":\"EN - FC Barcelona Noticias\",\"description\":\"\",\"potentialAction\":[{\"@type\":\"SearchAction\",\"target\":{\"@type\":\"EntryPoint\",\"urlTemplate\":\"https:\\\/\\\/www.fcbarcelonanoticias.com\\\/en\\\/?s={search_term_string}\"},\"query-input\":{\"@type\":\"PropertyValueSpecification\",\"valueRequired\":true,\"valueName\":\"search_term_string\"}}],\"inLanguage\":\"en-US\"},{\"@type\":\"Person\",\"@id\":\"https:\\\/\\\/www.fcbarcelonanoticias.com\\\/en\\\/#\\\/schema\\\/person\\\/aa1d038709c262cb247e240f6b39bbf5\",\"name\":\"Carlos Montenegro\",\"image\":{\"@type\":\"ImageObject\",\"inLanguage\":\"en-US\",\"@id\":\"https:\\\/\\\/secure.gravatar.com\\\/avatar\\\/?s=96&d=mm&r=g\",\"url\":\"https:\\\/\\\/secure.gravatar.com\\\/avatar\\\/?s=96&d=mm&r=g\",\"contentUrl\":\"https:\\\/\\\/secure.gravatar.com\\\/avatar\\\/?s=96&d=mm&r=g\",\"caption\":\"Carlos Montenegro\"},\"url\":\"https:\\\/\\\/www.fcbarcelonanoticias.com\\\/en\\\/carlos-montenegro_20_115.html\"}]}<\/script>\n<!-- \/ Yoast SEO plugin. -->","yoast_head_json":{"title":"OFFICIAL! Raphinha takes over the number of a Ferran who will now wear the '7' of Demb\u00e9l\u00e9","description":"The Bar\u00e7a continues growing in his project and from the changing room also give signals of this afterwards that two footballers cul\u00e9s very important arrived to an agreement of change of dorsal","robots":{"index":"index","follow":"follow","max-snippet":"max-snippet:-1","max-image-preview":"max-image-preview:large","max-video-preview":"max-video-preview:-1"},"canonical":"https:\/\/www.fcbarcelonanoticias.com\/en\/players\/official-raphinha-takes-over-of-the-number-of-ferran-that-now-wear-the-7-of-dembele_294952_102.html","og_locale":"en_US","og_type":"article","og_title":"OFFICIAL! Raphinha takes over the number of a Ferran who will now wear the '7' of Demb\u00e9l\u00e9","og_description":"The Bar\u00e7a continues growing in his project and from the changing room also give signals of this afterwards that two footballers cul\u00e9s very important arrived to an agreement of change of dorsal","og_url":"https:\/\/www.fcbarcelonanoticias.com\/en\/players\/official-raphinha-takes-over-of-the-number-of-ferran-that-now-wear-the-7-of-dembele_294952_102.html","og_site_name":"EN - FC Barcelona Noticias","article_published_time":"2023-08-09T14:14:00+00:00","article_modified_time":"2023-08-09T14:15:00+00:00","og_image":[{"width":1300,"height":736,"url":"https:\/\/www.fcbarcelonanoticias.com\/en\/wp-content\/uploads\/sites\/2\/2023\/08\/raphinha-durante-joangamper.jpeg","type":"image\/jpeg"}],"author":"Carlos Montenegro","twitter_card":"summary_large_image","twitter_misc":{"Written by":"Carlos Montenegro","Est. reading time":"2 minutes"},"schema":{"@context":"https:\/\/schema.org","@graph":[{"@type":"Article","@id":"https:\/\/www.fcbarcelonanoticias.com\/en\/players\/official-raphinha-takes-over-of-the-number-of-ferran-that-now-wear-the-7-of-dembele_294952_102.html#article","isPartOf":{"@id":"https:\/\/www.fcbarcelonanoticias.com\/en\/players\/official-raphinha-takes-over-of-the-number-of-ferran-that-now-wear-the-7-of-dembele_294952_102.html"},"author":{"name":"Carlos Montenegro","@id":"https:\/\/www.fcbarcelonanoticias.com\/en\/#\/schema\/person\/aa1d038709c262cb247e240f6b39bbf5"},"headline":"OFFICIAL! Raphinha takes over the number of a Ferran who will now wear the &#8216;7&#8217; of Demb\u00e9l\u00e9","datePublished":"2023-08-09T14:14:00+00:00","dateModified":"2023-08-09T14:15:00+00:00","mainEntityOfPage":{"@id":"https:\/\/www.fcbarcelonanoticias.com\/en\/players\/official-raphinha-takes-over-of-the-number-of-ferran-that-now-wear-the-7-of-dembele_294952_102.html"},"wordCount":401,"image":{"@id":"https:\/\/www.fcbarcelonanoticias.com\/en\/players\/official-raphinha-takes-over-of-the-number-of-ferran-that-now-wear-the-7-of-dembele_294952_102.html#primaryimage"},"thumbnailUrl":"https:\/\/www.fcbarcelonanoticias.com\/en\/wp-content\/uploads\/sites\/2\/2023\/08\/raphinha-durante-joangamper.jpeg","keywords":["Demb\u00e9l\u00e9","Xavi Hern\u00e1ndez"],"articleSection":["Players","Players"],"inLanguage":"en-US"},{"@type":"WebPage","@id":"https:\/\/www.fcbarcelonanoticias.com\/en\/players\/official-raphinha-takes-over-of-the-number-of-ferran-that-now-wear-the-7-of-dembele_294952_102.html","url":"https:\/\/www.fcbarcelonanoticias.com\/en\/players\/official-raphinha-takes-over-of-the-number-of-ferran-that-now-wear-the-7-of-dembele_294952_102.html","name":"OFFICIAL! Raphinha takes over the number of a Ferran who will now wear the '7' of Demb\u00e9l\u00e9","isPartOf":{"@id":"https:\/\/www.fcbarcelonanoticias.com\/en\/#website"},"primaryImageOfPage":{"@id":"https:\/\/www.fcbarcelonanoticias.com\/en\/players\/official-raphinha-takes-over-of-the-number-of-ferran-that-now-wear-the-7-of-dembele_294952_102.html#primaryimage"},"image":{"@id":"https:\/\/www.fcbarcelonanoticias.com\/en\/players\/official-raphinha-takes-over-of-the-number-of-ferran-that-now-wear-the-7-of-dembele_294952_102.html#primaryimage"},"thumbnailUrl":"https:\/\/www.fcbarcelonanoticias.com\/en\/wp-content\/uploads\/sites\/2\/2023\/08\/raphinha-durante-joangamper.jpeg","datePublished":"2023-08-09T14:14:00+00:00","dateModified":"2023-08-09T14:15:00+00:00","author":{"@id":"https:\/\/www.fcbarcelonanoticias.com\/en\/#\/schema\/person\/aa1d038709c262cb247e240f6b39bbf5"},"description":"The Bar\u00e7a continues growing in his project and from the changing room also give signals of this afterwards that two footballers cul\u00e9s very important arrived to an agreement of change of dorsal","breadcrumb":{"@id":"https:\/\/www.fcbarcelonanoticias.com\/en\/players\/official-raphinha-takes-over-of-the-number-of-ferran-that-now-wear-the-7-of-dembele_294952_102.html#breadcrumb"},"inLanguage":"en-US","potentialAction":[{"@type":"ReadAction","target":["https:\/\/www.fcbarcelonanoticias.com\/en\/players\/official-raphinha-takes-over-of-the-number-of-ferran-that-now-wear-the-7-of-dembele_294952_102.html"]}]},{"@type":"ImageObject","inLanguage":"en-US","@id":"https:\/\/www.fcbarcelonanoticias.com\/en\/players\/official-raphinha-takes-over-of-the-number-of-ferran-that-now-wear-the-7-of-dembele_294952_102.html#primaryimage","url":"https:\/\/www.fcbarcelonanoticias.com\/en\/wp-content\/uploads\/sites\/2\/2023\/08\/raphinha-durante-joangamper.jpeg","contentUrl":"https:\/\/www.fcbarcelonanoticias.com\/en\/wp-content\/uploads\/sites\/2\/2023\/08\/raphinha-durante-joangamper.jpeg","width":1300,"height":736},{"@type":"BreadcrumbList","@id":"https:\/\/www.fcbarcelonanoticias.com\/en\/players\/official-raphinha-takes-over-of-the-number-of-ferran-that-now-wear-the-7-of-dembele_294952_102.html#breadcrumb","itemListElement":[{"@type":"ListItem","position":1,"name":"Portada","item":"https:\/\/www.fcbarcelonanoticias.com\/en\/"},{"@type":"ListItem","position":2,"name":"OFFICIAL! Raphinha takes over the number of a Ferran who will now wear the &#8216;7&#8217; of Demb\u00e9l\u00e9"}]},{"@type":"WebSite","@id":"https:\/\/www.fcbarcelonanoticias.com\/en\/#website","url":"https:\/\/www.fcbarcelonanoticias.com\/en\/","name":"EN - FC Barcelona Noticias","description":"","potentialAction":[{"@type":"SearchAction","target":{"@type":"EntryPoint","urlTemplate":"https:\/\/www.fcbarcelonanoticias.com\/en\/?s={search_term_string}"},"query-input":{"@type":"PropertyValueSpecification","valueRequired":true,"valueName":"search_term_string"}}],"inLanguage":"en-US"},{"@type":"Person","@id":"https:\/\/www.fcbarcelonanoticias.com\/en\/#\/schema\/person\/aa1d038709c262cb247e240f6b39bbf5","name":"Carlos Montenegro","image":{"@type":"ImageObject","inLanguage":"en-US","@id":"https:\/\/secure.gravatar.com\/avatar\/?s=96&d=mm&r=g","url":"https:\/\/secure.gravatar.com\/avatar\/?s=96&d=mm&r=g","contentUrl":"https:\/\/secure.gravatar.com\/avatar\/?s=96&d=mm&r=g","caption":"Carlos Montenegro"},"url":"https:\/\/www.fcbarcelonanoticias.com\/en\/carlos-montenegro_20_115.html"}]}},"_links":{"self":[{"href":"https:\/\/www.fcbarcelonanoticias.com\/en\/wp-json\/wp\/v2\/posts\/76612","targetHints":{"allow":["GET"]}}],"collection":[{"href":"https:\/\/www.fcbarcelonanoticias.com\/en\/wp-json\/wp\/v2\/posts"}],"about":[{"href":"https:\/\/www.fcbarcelonanoticias.com\/en\/wp-json\/wp\/v2\/types\/post"}],"author":[{"embeddable":true,"href":"https:\/\/www.fcbarcelonanoticias.com\/en\/wp-json\/wp\/v2\/users\/345"}],"replies":[{"embeddable":true,"href":"https:\/\/www.fcbarcelonanoticias.com\/en\/wp-json\/wp\/v2\/comments?post=76612"}],"version-history":[{"count":3,"href":"https:\/\/www.fcbarcelonanoticias.com\/en\/wp-json\/wp\/v2\/posts\/76612\/revisions"}],"predecessor-version":[{"id":76615,"href":"https:\/\/www.fcbarcelonanoticias.com\/en\/wp-json\/wp\/v2\/posts\/76612\/revisions\/76615"}],"wp:featuredmedia":[{"embeddable":true,"href":"https:\/\/www.fcbarcelonanoticias.com\/en\/wp-json\/wp\/v2\/media\/76616"}],"wp:attachment":[{"href":"https:\/\/www.fcbarcelonanoticias.com\/en\/wp-json\/wp\/v2\/media?parent=76612"}],"wp:term":[{"taxonomy":"category","embeddable":true,"href":"https:\/\/www.fcbarcelonanoticias.com\/en\/wp-json\/wp\/v2\/categories?post=76612"},{"taxonomy":"post_tag","embeddable":true,"href":"https:\/\/www.fcbarcelonanoticias.com\/en\/wp-json\/wp\/v2\/tags?post=76612"}],"curies":[{"name":"wp","href":"https:\/\/api.w.org\/{rel}","templated":true}]}}