{"id":76924,"date":"2022-09-03T22:52:00","date_gmt":"2022-09-03T20:52:00","guid":{"rendered":"https:\/\/weisetech.dev\/fc-barcelona-noticias\/en\/raphinha-premiered-with-the-barca-in-another-night-round_283958_102\/"},"modified":"2022-09-03T23:19:00","modified_gmt":"2022-09-03T21:19:00","slug":"raphinha-premiered-with-the-barca-in-another-night-round_283958_102","status":"publish","type":"post","link":"https:\/\/www.fcbarcelonanoticias.com\/en\/players\/raphinha-premiered-with-the-barca-in-another-night-round_283958_102.html","title":{"rendered":"Raphinha debuted with Bar\u00e7a on another &#8217;round&#8217; night"},"content":{"rendered":"<h2 class=\"wp-block-heading\">Raphinha made his debut as a scorer for FC Barcelona in LaLiga in the win against Sevilla (0-3). The Brazilian completed a good day converting the 0-1 goal with which Xavi Hern\u00e1ndez&#8217;s men put a complicated match on track<\/h2>  \r\n<div class=\"article-addons\">\r\n    <a href=\"https:\/\/www.fcbarcelonanoticias.com\/en\/calendar-fc-barcelona.html\"\r\n       target=\"_self\"\r\n       title=\"Calendar of FC Barcelona\"\r\n       class=\"blue-gredient-btn\">\r\n       \r\n        Calendar of FC Barcelona    <\/a>\r\n<\/div>   <p>Cunado Worse happened it <a data-external=\"0\" data-intl-links-en=\"https:\/\/www.fcbarcelonanoticias.com\/en\/fc-barcelona\/the-plan-of-the-barca-for-the-development-of-ilias-akhomach_283942_102.html\" data-intl-links-es=\"https:\/\/www.fcbarcelonanoticias.com\/fc-barcelona\/plan-barca-desarrollo-ilias-akhomach_283942_102.html\" href=\"https:\/\/www.fcbarcelonanoticias.com\/en\/fc-barcelona\/the-plan-of-the-barca-for-the-development-of-ilias-akhomach_283942_102.html\" rel=\"follow\" target=\"_self\" title=\"El plan del Bar\u00e7a para el desarrollo de Ilias Akhomach\">the FC Barcelona<\/a> in Ram\u00f3n S\u00e1nchez Pizju\u00e1n appeared the figure of Raphinha to change the course of a party in which the cul\u00e9s suffered a lot in the first 20 minutes.<strong> The Brazilian took advantage of a loose ball in the sky of the Andalusian area to open the marker with a precise head butt<\/strong> that won the resistance of Bono. First so much of the of Carry Cheerful in LaLiga, where also adds an assistance.<\/p>  <p>The Seville had wasted at least three clear actions before the so much of the &#8217;22&#8217;. However, <strong>the hit of the Bar\u00e7a did the difference in a party that served to sharpen the crisis of the ones of Julen Lopetegui<\/strong>, that hardly add 1 point in four days. On the minute 21, Fernando reached to divert a centre that Robert Lewandowski prepared to finish. The clear sent the just balloon to where the Brazilian arrived with comfort for cabecear at the end of the network.<\/p>  <p><strong>The same Raphinha was very near of the 0-2 in the following played, but did not attain to hit well with the left-handed<\/strong> the balloon and his finish left very high. Luckily for the cul\u00e9s, <strong>Lewandowski did not fail in the 36&#8242; a perfect centre of Jules Kound\u00e9 to expand the advantage visitor<\/strong> and sentence the party before the rest. The marker, this yes, was deceptive to tenor of it sucedido until that then, but the fault of punter\u00eda &#8216;blanquirroja&#8217; in attack and his defensive fragility did that the Bar\u00e7a, even, wasted a pair of occasions in the final stretch of the first time.<\/p>  <h3>Good centre of Raphinha in the played of the 0-3<\/h3>  <p>The ones of Lopetegui went out in the second time to look for discount, but went the Bar\u00e7a the one who attained to expand the advantage in the first clear occasion of the complement. After a corner, <strong>Raphinha sent a centre crossed to the second stick that reached to go down Kound\u00e9 so that Eric Garc\u00eda finished of right in the area girl<\/strong> and cleared the lawsuit. Lamentably, the central left lesionado in the 55&#8242; with annoyances in the isquiotibiales.<\/p>  <p><strong>In the 58&#8242;, the Brazilian assisted to Ousmane Demb\u00e9l\u00e9, but the finish of the French left high<\/strong>. It was not the best night of the of Vernon, but the watched finished being so calm for the blaugranas that this did not matter too much. Raphinha, by his part, played the 90 minutes and went the most participatory in the attack cul\u00e9, associating permanently with his mates and looking for open him spaces to a Lewandowski that follows of &#8216;sweet&#8217;. The &#8217;22&#8217; assisted to the Pole in the 73&#8242;, but Bono avoided the doublet of the &#8216;9&#8217; with a hasty exit. Good triumph of the <a data-external=\"0\" data-intl-links-en=\"https:\/\/www.fcbarcelonanoticias.com\/en\/transfers\/barcelona-madrid-start-at-a-disadvantage-in-the-race-for-signing-endrick_283934_102.html\" data-intl-links-es=\"https:\/\/www.fcbarcelonanoticias.com\/fichajes\/barcelona-madrid-parten-en-desventaja-en-carrera-por-fichar-endrick_283934_102.html\" href=\"https:\/\/www.fcbarcelonanoticias.com\/en\/transfers\/barcelona-madrid-start-at-a-disadvantage-in-the-race-for-signing-endrick_283934_102.html\" rel=\"follow\" target=\"_self\" title=\"Bar\u00e7a y Madrid parten en desventaja en la carrera por fichar a Endrick\">Bar\u00e7a<\/a> in another big demonstration of his offensive power.<\/p> ","protected":false},"excerpt":{"rendered":"<p>Raphinha made his debut as a scorer for FC Barcelona in LaLiga in the win against Sevilla (0-3). The Brazilian completed a good day converting the 0-1 goal with which Xavi Hern\u00e1ndez&#8217;s men put a complicated match on track Cunado Worse happened it the FC Barcelona in Ram\u00f3n S\u00e1nchez Pizju\u00e1n appeared the figure of Raphinha [&hellip;]<\/p>\n","protected":false},"author":347,"featured_media":40694,"comment_status":"closed","ping_status":"open","sticky":false,"template":"","format":"standard","meta":{"_acf_changed":false,"inline_featured_image":false,"_nextfly_llmd_date_locked":false,"footnotes":""},"categories":[107,453],"tags":[],"class_list":["post-76924","post","type-post","status-publish","format-standard","has-post-thumbnail","hentry","category-players","category-players-2"],"acf":[],"yoast_head":"<!-- This site is optimized with the Yoast SEO plugin v27.3 - https:\/\/yoast.com\/product\/yoast-seo-wordpress\/ -->\n<title>Raphinha Premi\u00e8red with the Bar\u00e7a in another night &#039;round&#039;<\/title>\n<meta name=\"description\" content=\"Raphinha Premi\u00e8red like goleador of the FC Barcelona in LaLiga in the goleada in front of the Seville (0-3). The Brazilian completed a good day converting the so...\" \/>\n<meta name=\"robots\" content=\"index, follow, max-snippet:-1, max-image-preview:large, max-video-preview:-1\" \/>\n<link rel=\"canonical\" href=\"https:\/\/www.fcbarcelonanoticias.com\/en\/players\/raphinha-premiered-with-the-barca-in-another-night-round_283958_102.html\" \/>\n<meta property=\"og:locale\" content=\"en_US\" \/>\n<meta property=\"og:type\" content=\"article\" \/>\n<meta property=\"og:title\" content=\"Raphinha Premi\u00e8red with the Bar\u00e7a in another night &#039;round&#039;\" \/>\n<meta property=\"og:description\" content=\"Raphinha Premi\u00e8red like goleador of the FC Barcelona in LaLiga in the goleada in front of the Seville (0-3). The Brazilian completed a good day converting the so...\" \/>\n<meta property=\"og:url\" content=\"https:\/\/www.fcbarcelonanoticias.com\/en\/players\/raphinha-premiered-with-the-barca-in-another-night-round_283958_102.html\" \/>\n<meta property=\"og:site_name\" content=\"EN - FC Barcelona Noticias\" \/>\n<meta property=\"article:published_time\" content=\"2022-09-03T20:52:00+00:00\" \/>\n<meta property=\"article:modified_time\" content=\"2022-09-03T21:19:00+00:00\" \/>\n<meta property=\"og:image\" content=\"https:\/\/www.fcbarcelonanoticias.com\/en\/wp-content\/uploads\/sites\/2\/2025\/02\/raphinha-v-sevilla.webp\" \/>\n\t<meta property=\"og:image:width\" content=\"1200\" \/>\n\t<meta property=\"og:image:height\" content=\"675\" \/>\n\t<meta property=\"og:image:type\" content=\"image\/webp\" \/>\n<meta name=\"author\" content=\"Andr\u00e9s Quiroz\" \/>\n<meta name=\"twitter:card\" content=\"summary_large_image\" \/>\n<meta name=\"twitter:label1\" content=\"Written by\" \/>\n\t<meta name=\"twitter:data1\" content=\"Andr\u00e9s Quiroz\" \/>\n\t<meta name=\"twitter:label2\" content=\"Est. reading time\" \/>\n\t<meta name=\"twitter:data2\" content=\"3 minutes\" \/>\n<script type=\"application\/ld+json\" class=\"yoast-schema-graph\">{\"@context\":\"https:\\\/\\\/schema.org\",\"@graph\":[{\"@type\":\"Article\",\"@id\":\"https:\\\/\\\/www.fcbarcelonanoticias.com\\\/en\\\/players\\\/raphinha-premiered-with-the-barca-in-another-night-round_283958_102.html#article\",\"isPartOf\":{\"@id\":\"https:\\\/\\\/www.fcbarcelonanoticias.com\\\/en\\\/players\\\/raphinha-premiered-with-the-barca-in-another-night-round_283958_102.html\"},\"author\":{\"name\":\"Andr\u00e9s Quiroz\",\"@id\":\"https:\\\/\\\/www.fcbarcelonanoticias.com\\\/en\\\/#\\\/schema\\\/person\\\/c2cd9f6fa1af5c0d0eccd0fefa575c88\"},\"headline\":\"Raphinha debuted with Bar\u00e7a on another &#8217;round&#8217; night\",\"datePublished\":\"2022-09-03T20:52:00+00:00\",\"dateModified\":\"2022-09-03T21:19:00+00:00\",\"mainEntityOfPage\":{\"@id\":\"https:\\\/\\\/www.fcbarcelonanoticias.com\\\/en\\\/players\\\/raphinha-premiered-with-the-barca-in-another-night-round_283958_102.html\"},\"wordCount\":523,\"image\":{\"@id\":\"https:\\\/\\\/www.fcbarcelonanoticias.com\\\/en\\\/players\\\/raphinha-premiered-with-the-barca-in-another-night-round_283958_102.html#primaryimage\"},\"thumbnailUrl\":\"https:\\\/\\\/www.fcbarcelonanoticias.com\\\/en\\\/wp-content\\\/uploads\\\/sites\\\/2\\\/2025\\\/02\\\/raphinha-v-sevilla.webp\",\"articleSection\":[\"Players\",\"Players\"],\"inLanguage\":\"en-US\"},{\"@type\":\"WebPage\",\"@id\":\"https:\\\/\\\/www.fcbarcelonanoticias.com\\\/en\\\/players\\\/raphinha-premiered-with-the-barca-in-another-night-round_283958_102.html\",\"url\":\"https:\\\/\\\/www.fcbarcelonanoticias.com\\\/en\\\/players\\\/raphinha-premiered-with-the-barca-in-another-night-round_283958_102.html\",\"name\":\"Raphinha Premi\u00e8red with the Bar\u00e7a in another night 'round'\",\"isPartOf\":{\"@id\":\"https:\\\/\\\/www.fcbarcelonanoticias.com\\\/en\\\/#website\"},\"primaryImageOfPage\":{\"@id\":\"https:\\\/\\\/www.fcbarcelonanoticias.com\\\/en\\\/players\\\/raphinha-premiered-with-the-barca-in-another-night-round_283958_102.html#primaryimage\"},\"image\":{\"@id\":\"https:\\\/\\\/www.fcbarcelonanoticias.com\\\/en\\\/players\\\/raphinha-premiered-with-the-barca-in-another-night-round_283958_102.html#primaryimage\"},\"thumbnailUrl\":\"https:\\\/\\\/www.fcbarcelonanoticias.com\\\/en\\\/wp-content\\\/uploads\\\/sites\\\/2\\\/2025\\\/02\\\/raphinha-v-sevilla.webp\",\"datePublished\":\"2022-09-03T20:52:00+00:00\",\"dateModified\":\"2022-09-03T21:19:00+00:00\",\"author\":{\"@id\":\"https:\\\/\\\/www.fcbarcelonanoticias.com\\\/en\\\/#\\\/schema\\\/person\\\/c2cd9f6fa1af5c0d0eccd0fefa575c88\"},\"description\":\"Raphinha Premi\u00e8red like goleador of the FC Barcelona in LaLiga in the goleada in front of the Seville (0-3). The Brazilian completed a good day converting the so...\",\"breadcrumb\":{\"@id\":\"https:\\\/\\\/www.fcbarcelonanoticias.com\\\/en\\\/players\\\/raphinha-premiered-with-the-barca-in-another-night-round_283958_102.html#breadcrumb\"},\"inLanguage\":\"en-US\",\"potentialAction\":[{\"@type\":\"ReadAction\",\"target\":[\"https:\\\/\\\/www.fcbarcelonanoticias.com\\\/en\\\/players\\\/raphinha-premiered-with-the-barca-in-another-night-round_283958_102.html\"]}]},{\"@type\":\"ImageObject\",\"inLanguage\":\"en-US\",\"@id\":\"https:\\\/\\\/www.fcbarcelonanoticias.com\\\/en\\\/players\\\/raphinha-premiered-with-the-barca-in-another-night-round_283958_102.html#primaryimage\",\"url\":\"https:\\\/\\\/www.fcbarcelonanoticias.com\\\/en\\\/wp-content\\\/uploads\\\/sites\\\/2\\\/2025\\\/02\\\/raphinha-v-sevilla.webp\",\"contentUrl\":\"https:\\\/\\\/www.fcbarcelonanoticias.com\\\/en\\\/wp-content\\\/uploads\\\/sites\\\/2\\\/2025\\\/02\\\/raphinha-v-sevilla.webp\",\"width\":1200,\"height\":675},{\"@type\":\"BreadcrumbList\",\"@id\":\"https:\\\/\\\/www.fcbarcelonanoticias.com\\\/en\\\/players\\\/raphinha-premiered-with-the-barca-in-another-night-round_283958_102.html#breadcrumb\",\"itemListElement\":[{\"@type\":\"ListItem\",\"position\":1,\"name\":\"Portada\",\"item\":\"https:\\\/\\\/www.fcbarcelonanoticias.com\\\/en\\\/\"},{\"@type\":\"ListItem\",\"position\":2,\"name\":\"Raphinha debuted with Bar\u00e7a on another &#8217;round&#8217; night\"}]},{\"@type\":\"WebSite\",\"@id\":\"https:\\\/\\\/www.fcbarcelonanoticias.com\\\/en\\\/#website\",\"url\":\"https:\\\/\\\/www.fcbarcelonanoticias.com\\\/en\\\/\",\"name\":\"EN - FC Barcelona Noticias\",\"description\":\"\",\"potentialAction\":[{\"@type\":\"SearchAction\",\"target\":{\"@type\":\"EntryPoint\",\"urlTemplate\":\"https:\\\/\\\/www.fcbarcelonanoticias.com\\\/en\\\/?s={search_term_string}\"},\"query-input\":{\"@type\":\"PropertyValueSpecification\",\"valueRequired\":true,\"valueName\":\"search_term_string\"}}],\"inLanguage\":\"en-US\"},{\"@type\":\"Person\",\"@id\":\"https:\\\/\\\/www.fcbarcelonanoticias.com\\\/en\\\/#\\\/schema\\\/person\\\/c2cd9f6fa1af5c0d0eccd0fefa575c88\",\"name\":\"Andr\u00e9s Quiroz\",\"image\":{\"@type\":\"ImageObject\",\"inLanguage\":\"en-US\",\"@id\":\"https:\\\/\\\/secure.gravatar.com\\\/avatar\\\/?s=96&d=mm&r=g\",\"url\":\"https:\\\/\\\/secure.gravatar.com\\\/avatar\\\/?s=96&d=mm&r=g\",\"contentUrl\":\"https:\\\/\\\/secure.gravatar.com\\\/avatar\\\/?s=96&d=mm&r=g\",\"caption\":\"Andr\u00e9s Quiroz\"},\"description\":\"Licenciado en Periodismo por la Universidad de los Andes. Me encargo de analizar y compartir los contenidos m\u00e1s destacados de la\u00a0actualidad del F\u00fatbol Club Barcelona, Mercado de Fichajes y F\u00fatbol Internacional en FCBN. La informaci\u00f3n es poder, pero tambi\u00e9n conocimiento.\",\"url\":\"https:\\\/\\\/www.fcbarcelonanoticias.com\\\/en\\\/fc-barcelona\\\/andres-quiroz_17_115.html\"}]}<\/script>\n<!-- \/ Yoast SEO plugin. -->","yoast_head_json":{"title":"Raphinha Premi\u00e8red with the Bar\u00e7a in another night 'round'","description":"Raphinha Premi\u00e8red like goleador of the FC Barcelona in LaLiga in the goleada in front of the Seville (0-3). The Brazilian completed a good day converting the so...","robots":{"index":"index","follow":"follow","max-snippet":"max-snippet:-1","max-image-preview":"max-image-preview:large","max-video-preview":"max-video-preview:-1"},"canonical":"https:\/\/www.fcbarcelonanoticias.com\/en\/players\/raphinha-premiered-with-the-barca-in-another-night-round_283958_102.html","og_locale":"en_US","og_type":"article","og_title":"Raphinha Premi\u00e8red with the Bar\u00e7a in another night 'round'","og_description":"Raphinha Premi\u00e8red like goleador of the FC Barcelona in LaLiga in the goleada in front of the Seville (0-3). The Brazilian completed a good day converting the so...","og_url":"https:\/\/www.fcbarcelonanoticias.com\/en\/players\/raphinha-premiered-with-the-barca-in-another-night-round_283958_102.html","og_site_name":"EN - FC Barcelona Noticias","article_published_time":"2022-09-03T20:52:00+00:00","article_modified_time":"2022-09-03T21:19:00+00:00","og_image":[{"width":1200,"height":675,"url":"https:\/\/www.fcbarcelonanoticias.com\/en\/wp-content\/uploads\/sites\/2\/2025\/02\/raphinha-v-sevilla.webp","type":"image\/webp"}],"author":"Andr\u00e9s Quiroz","twitter_card":"summary_large_image","twitter_misc":{"Written by":"Andr\u00e9s Quiroz","Est. reading time":"3 minutes"},"schema":{"@context":"https:\/\/schema.org","@graph":[{"@type":"Article","@id":"https:\/\/www.fcbarcelonanoticias.com\/en\/players\/raphinha-premiered-with-the-barca-in-another-night-round_283958_102.html#article","isPartOf":{"@id":"https:\/\/www.fcbarcelonanoticias.com\/en\/players\/raphinha-premiered-with-the-barca-in-another-night-round_283958_102.html"},"author":{"name":"Andr\u00e9s Quiroz","@id":"https:\/\/www.fcbarcelonanoticias.com\/en\/#\/schema\/person\/c2cd9f6fa1af5c0d0eccd0fefa575c88"},"headline":"Raphinha debuted with Bar\u00e7a on another &#8217;round&#8217; night","datePublished":"2022-09-03T20:52:00+00:00","dateModified":"2022-09-03T21:19:00+00:00","mainEntityOfPage":{"@id":"https:\/\/www.fcbarcelonanoticias.com\/en\/players\/raphinha-premiered-with-the-barca-in-another-night-round_283958_102.html"},"wordCount":523,"image":{"@id":"https:\/\/www.fcbarcelonanoticias.com\/en\/players\/raphinha-premiered-with-the-barca-in-another-night-round_283958_102.html#primaryimage"},"thumbnailUrl":"https:\/\/www.fcbarcelonanoticias.com\/en\/wp-content\/uploads\/sites\/2\/2025\/02\/raphinha-v-sevilla.webp","articleSection":["Players","Players"],"inLanguage":"en-US"},{"@type":"WebPage","@id":"https:\/\/www.fcbarcelonanoticias.com\/en\/players\/raphinha-premiered-with-the-barca-in-another-night-round_283958_102.html","url":"https:\/\/www.fcbarcelonanoticias.com\/en\/players\/raphinha-premiered-with-the-barca-in-another-night-round_283958_102.html","name":"Raphinha Premi\u00e8red with the Bar\u00e7a in another night 'round'","isPartOf":{"@id":"https:\/\/www.fcbarcelonanoticias.com\/en\/#website"},"primaryImageOfPage":{"@id":"https:\/\/www.fcbarcelonanoticias.com\/en\/players\/raphinha-premiered-with-the-barca-in-another-night-round_283958_102.html#primaryimage"},"image":{"@id":"https:\/\/www.fcbarcelonanoticias.com\/en\/players\/raphinha-premiered-with-the-barca-in-another-night-round_283958_102.html#primaryimage"},"thumbnailUrl":"https:\/\/www.fcbarcelonanoticias.com\/en\/wp-content\/uploads\/sites\/2\/2025\/02\/raphinha-v-sevilla.webp","datePublished":"2022-09-03T20:52:00+00:00","dateModified":"2022-09-03T21:19:00+00:00","author":{"@id":"https:\/\/www.fcbarcelonanoticias.com\/en\/#\/schema\/person\/c2cd9f6fa1af5c0d0eccd0fefa575c88"},"description":"Raphinha Premi\u00e8red like goleador of the FC Barcelona in LaLiga in the goleada in front of the Seville (0-3). The Brazilian completed a good day converting the so...","breadcrumb":{"@id":"https:\/\/www.fcbarcelonanoticias.com\/en\/players\/raphinha-premiered-with-the-barca-in-another-night-round_283958_102.html#breadcrumb"},"inLanguage":"en-US","potentialAction":[{"@type":"ReadAction","target":["https:\/\/www.fcbarcelonanoticias.com\/en\/players\/raphinha-premiered-with-the-barca-in-another-night-round_283958_102.html"]}]},{"@type":"ImageObject","inLanguage":"en-US","@id":"https:\/\/www.fcbarcelonanoticias.com\/en\/players\/raphinha-premiered-with-the-barca-in-another-night-round_283958_102.html#primaryimage","url":"https:\/\/www.fcbarcelonanoticias.com\/en\/wp-content\/uploads\/sites\/2\/2025\/02\/raphinha-v-sevilla.webp","contentUrl":"https:\/\/www.fcbarcelonanoticias.com\/en\/wp-content\/uploads\/sites\/2\/2025\/02\/raphinha-v-sevilla.webp","width":1200,"height":675},{"@type":"BreadcrumbList","@id":"https:\/\/www.fcbarcelonanoticias.com\/en\/players\/raphinha-premiered-with-the-barca-in-another-night-round_283958_102.html#breadcrumb","itemListElement":[{"@type":"ListItem","position":1,"name":"Portada","item":"https:\/\/www.fcbarcelonanoticias.com\/en\/"},{"@type":"ListItem","position":2,"name":"Raphinha debuted with Bar\u00e7a on another &#8217;round&#8217; night"}]},{"@type":"WebSite","@id":"https:\/\/www.fcbarcelonanoticias.com\/en\/#website","url":"https:\/\/www.fcbarcelonanoticias.com\/en\/","name":"EN - FC Barcelona Noticias","description":"","potentialAction":[{"@type":"SearchAction","target":{"@type":"EntryPoint","urlTemplate":"https:\/\/www.fcbarcelonanoticias.com\/en\/?s={search_term_string}"},"query-input":{"@type":"PropertyValueSpecification","valueRequired":true,"valueName":"search_term_string"}}],"inLanguage":"en-US"},{"@type":"Person","@id":"https:\/\/www.fcbarcelonanoticias.com\/en\/#\/schema\/person\/c2cd9f6fa1af5c0d0eccd0fefa575c88","name":"Andr\u00e9s Quiroz","image":{"@type":"ImageObject","inLanguage":"en-US","@id":"https:\/\/secure.gravatar.com\/avatar\/?s=96&d=mm&r=g","url":"https:\/\/secure.gravatar.com\/avatar\/?s=96&d=mm&r=g","contentUrl":"https:\/\/secure.gravatar.com\/avatar\/?s=96&d=mm&r=g","caption":"Andr\u00e9s Quiroz"},"description":"Licenciado en Periodismo por la Universidad de los Andes. Me encargo de analizar y compartir los contenidos m\u00e1s destacados de la\u00a0actualidad del F\u00fatbol Club Barcelona, Mercado de Fichajes y F\u00fatbol Internacional en FCBN. La informaci\u00f3n es poder, pero tambi\u00e9n conocimiento.","url":"https:\/\/www.fcbarcelonanoticias.com\/en\/fc-barcelona\/andres-quiroz_17_115.html"}]}},"_links":{"self":[{"href":"https:\/\/www.fcbarcelonanoticias.com\/en\/wp-json\/wp\/v2\/posts\/76924","targetHints":{"allow":["GET"]}}],"collection":[{"href":"https:\/\/www.fcbarcelonanoticias.com\/en\/wp-json\/wp\/v2\/posts"}],"about":[{"href":"https:\/\/www.fcbarcelonanoticias.com\/en\/wp-json\/wp\/v2\/types\/post"}],"author":[{"embeddable":true,"href":"https:\/\/www.fcbarcelonanoticias.com\/en\/wp-json\/wp\/v2\/users\/347"}],"replies":[{"embeddable":true,"href":"https:\/\/www.fcbarcelonanoticias.com\/en\/wp-json\/wp\/v2\/comments?post=76924"}],"version-history":[{"count":1,"href":"https:\/\/www.fcbarcelonanoticias.com\/en\/wp-json\/wp\/v2\/posts\/76924\/revisions"}],"predecessor-version":[{"id":122656,"href":"https:\/\/www.fcbarcelonanoticias.com\/en\/wp-json\/wp\/v2\/posts\/76924\/revisions\/122656"}],"wp:featuredmedia":[{"embeddable":true,"href":"https:\/\/www.fcbarcelonanoticias.com\/en\/wp-json\/wp\/v2\/media\/40694"}],"wp:attachment":[{"href":"https:\/\/www.fcbarcelonanoticias.com\/en\/wp-json\/wp\/v2\/media?parent=76924"}],"wp:term":[{"taxonomy":"category","embeddable":true,"href":"https:\/\/www.fcbarcelonanoticias.com\/en\/wp-json\/wp\/v2\/categories?post=76924"},{"taxonomy":"post_tag","embeddable":true,"href":"https:\/\/www.fcbarcelonanoticias.com\/en\/wp-json\/wp\/v2\/tags?post=76924"}],"curies":[{"name":"wp","href":"https:\/\/api.w.org\/{rel}","templated":true}]}}