{"id":76999,"date":"2023-05-01T22:48:00","date_gmt":"2023-05-01T20:48:00","guid":{"rendered":"https:\/\/weisetech.dev\/fc-barcelona-noticias\/en\/records-ter-stegen-22-23-confirmed-as-best-goalkeeper-europe_292003_102\/"},"modified":"2023-05-02T01:41:00","modified_gmt":"2023-05-01T23:41:00","slug":"records-ter-stegen-22-23-confirmed-as-best-goalkeeper-europe_292003_102","status":"publish","type":"post","link":"https:\/\/www.fcbarcelonanoticias.com\/en\/players\/records-ter-stegen-22-23-confirmed-as-best-goalkeeper-europe_292003_102.html","title":{"rendered":"Ter Stegen&#8217;s records in 22\/23 ratify him as the best goalkeeper in Europe"},"content":{"rendered":"<h2 class=\"wp-block-heading\">Marc-Andr\u00e9 ter Stegen&#8217;s 2022\/23 season is being a real madness. The FC Barcelona goalkeeper continues to set records and, when comparing his records with the other goalkeepers in the major European leagues, the difference is abysmal<\/h2>  \r\n<div class=\"article-addons\">\r\n    <a href=\"https:\/\/www.fcbarcelonanoticias.com\/en\/calendar-fc-barcelona.html\"\r\n       target=\"_self\"\r\n       title=\"Calendar of FC Barcelona\"\r\n       class=\"blue-gredient-btn\">\r\n       \r\n        Calendar of FC Barcelona    <\/a>\r\n<\/div>   <p>Marc-Andr\u00e9 ter Stegen is living his best season in Spain from his arrival to the FC Barcelona in 2014. The German goalkeeper has been an authentic wall in LaLiga, <strong>fitting grieve 11 goals in 32 parties, with 24 fences invictas that <a data-external=\"0\" data-intl-links-en=\"https:\/\/www.fcbarcelonanoticias.com\/en\/laliga\/new-record-ter-stegen-exceeded-claudio-bravo-matches-without-fitting_291965_102.html\" data-intl-links-es=\"https:\/\/www.fcbarcelonanoticias.com\/laliga\/nuevo-record-ter-stegen-supero-claudio-bravo-partidos-sin-encajar_291965_102.html\" href=\"https:\/\/www.fcbarcelonanoticias.com\/en\/laliga\/new-record-ter-stegen-exceeded-claudio-bravo-matches-without-fitting_291965_102.html\" rel=\"follow\" target=\"_self\" title=\"\u00a1Nuevo r\u00e9cord! Ter Stegen super\u00f3 a Claudio Bravo en partidos sin encajar\">are already a record for the club<\/a><\/strong>. The Saturday, the one of M\u00f6nchengladbach attained to surpass to Claudio Bravo in parties without fitting and reached the mark imposed by Jan Oblak in the 2015\/16 with the Athletic of Madrid.<\/p>  <p>The cut across of the put of 31 years have promoted to the Bar\u00e7a to his 27\u00b0 title suspender belt, which could concretise in the day 34 after the derbi in front of the Espanyol. <strong>If the cul\u00e9s do not fit <a data-external=\"0\" data-intl-links-en=\"https:\/\/www.fcbarcelonanoticias.com\/en\/laliga\/fc-barcelona-vs-osasuna-on-television-when-where-to-watch-the-match_291977_102.html\" data-intl-links-es=\"https:\/\/www.fcbarcelonanoticias.com\/laliga\/fc-barcelona-vs-osasuna-en-television-cuando-donde-ver-partido_291977_102.html\" href=\"https:\/\/www.fcbarcelonanoticias.com\/en\/laliga\/fc-barcelona-vs-osasuna-on-television-when-where-to-watch-the-match_291977_102.html\" rel=\"follow\" target=\"_self\" title=\"FC Barcelona vs Osasuna en Televisi\u00f3n: Cu\u00e1ndo y d\u00f3nde ver el partido de LaLiga\">this Wednesday in front of the Osasuna<\/a>, Ter Stegen will equalise to Petr Cech in goals to zero (25)<\/strong> and will follow to &#8216;shot&#8217; of the absolute record of imbatibilidad in a season that the Czech imposed with Chelsea in the 2004\/05, with alone 15 goals received.<\/p>  <h2>Alex Meret, the only that has attained to approach to Ter Stegen<\/h2>  <p>This campaign, the difference between the goalkeeper blaugrana and the rest of his colleagues in the big European leagues has been, simply, abysmal. <strong>The only that attains to approach to Marc-Andr\u00e9 in his incredible average of goal by party (0,34) is Alex Meret<\/strong>. The alone Italian has fit 22 so many in 31 days with the Napoli, virtual champion of the Series To, reaching an average of 0,71 goals by meeting and 15 fences invictas.<\/p>  <p>Also in the Series To, <strong>Ivan Provedel <\/strong>has left good registers with the Lazio. The Italian has received 22 goals in 31 parties, leaving an average of 0,75 and 18 goals in zero. <strong>In it Tie it 1, the best this season has been Brice Samba (Lens)<\/strong>, with 25 goals received in 32 days and a total of 13 parties without fitting. By his part, <strong>the Danish Frederik R\u00f6nnow (Union Berlin) has consolidated like the best of the Bundesliga<\/strong> in the 22\/23 with 20 goals fit in 25 parties and a total of 10 arches in zero.<\/p>  <h2>In LaLiga, only Jan Oblak adds remarkable registers<\/h2>  <p>In addition to Ter Stegen, in LaLiga the only goalkeeper that has kept remarkable registers this season is Jan Oblak. <strong>The esloveno has conceded 20 goals in the 28 parties that has contested (nine goals more than Marc-Andr\u00e9 in four days less)<\/strong>, accumulating an average by party of 0,71 so many received and 12 fences invictas. In the Premier League, the English Nick Pope (Newcastle) has been the best this season with 27 so many fit in 33 days, 13 goals to zero and an average of 0.82 goals by party.<\/p> ","protected":false},"excerpt":{"rendered":"<p>Marc-Andr\u00e9 ter Stegen&#8217;s 2022\/23 season is being a real madness. The FC Barcelona goalkeeper continues to set records and, when comparing his records with the other goalkeepers in the major European leagues, the difference is abysmal Marc-Andr\u00e9 ter Stegen is living his best season in Spain from his arrival to the FC Barcelona in 2014. [&hellip;]<\/p>\n","protected":false},"author":347,"featured_media":77002,"comment_status":"closed","ping_status":"open","sticky":false,"template":"","format":"standard","meta":{"_acf_changed":false,"inline_featured_image":false,"_nextfly_llmd_date_locked":false,"footnotes":""},"categories":[453,107],"tags":[],"class_list":["post-76999","post","type-post","status-publish","format-standard","has-post-thumbnail","hentry","category-players-2","category-players"],"acf":[],"yoast_head":"<!-- This site is optimized with the Yoast SEO plugin v27.3 - https:\/\/yoast.com\/product\/yoast-seo-wordpress\/ -->\n<title>Ter Stegen&#039;s records in 22\/23 ratify him as the best goalkeeper in Europe<\/title>\n<meta name=\"description\" content=\"Marc-Andr\u00e9 ter Stegen&#039;s 2022\/23 season is being a real madness. The FC Barcelona goalkeeper continues to set records and, when comparing his records with the other goalkeepers in the major European leagues, the difference is abysmal\" \/>\n<meta name=\"robots\" content=\"index, follow, max-snippet:-1, max-image-preview:large, max-video-preview:-1\" \/>\n<link rel=\"canonical\" href=\"https:\/\/www.fcbarcelonanoticias.com\/en\/players\/records-ter-stegen-22-23-confirmed-as-best-goalkeeper-europe_292003_102.html\" \/>\n<meta property=\"og:locale\" content=\"en_US\" \/>\n<meta property=\"og:type\" content=\"article\" \/>\n<meta property=\"og:title\" content=\"Ter Stegen&#039;s records in 22\/23 ratify him as the best goalkeeper in Europe\" \/>\n<meta property=\"og:description\" content=\"Marc-Andr\u00e9 ter Stegen&#039;s 2022\/23 season is being a real madness. The FC Barcelona goalkeeper continues to set records and, when comparing his records with the other goalkeepers in the major European leagues, the difference is abysmal\" \/>\n<meta property=\"og:url\" content=\"https:\/\/www.fcbarcelonanoticias.com\/en\/players\/records-ter-stegen-22-23-confirmed-as-best-goalkeeper-europe_292003_102.html\" \/>\n<meta property=\"og:site_name\" content=\"EN - FC Barcelona Noticias\" \/>\n<meta property=\"article:published_time\" content=\"2023-05-01T20:48:00+00:00\" \/>\n<meta property=\"article:modified_time\" content=\"2023-05-01T23:41:00+00:00\" \/>\n<meta property=\"og:image\" content=\"https:\/\/www.fcbarcelonanoticias.com\/en\/wp-content\/uploads\/sites\/2\/2023\/05\/marc-andre-ter-stegen-v-real-sociedad.jpeg\" \/>\n\t<meta property=\"og:image:width\" content=\"1300\" \/>\n\t<meta property=\"og:image:height\" content=\"732\" \/>\n\t<meta property=\"og:image:type\" content=\"image\/jpeg\" \/>\n<meta name=\"author\" content=\"Andr\u00e9s Quiroz\" \/>\n<meta name=\"twitter:card\" content=\"summary_large_image\" \/>\n<meta name=\"twitter:label1\" content=\"Written by\" \/>\n\t<meta name=\"twitter:data1\" content=\"Andr\u00e9s Quiroz\" \/>\n\t<meta name=\"twitter:label2\" content=\"Est. reading time\" \/>\n\t<meta name=\"twitter:data2\" content=\"2 minutes\" \/>\n<script type=\"application\/ld+json\" class=\"yoast-schema-graph\">{\"@context\":\"https:\\\/\\\/schema.org\",\"@graph\":[{\"@type\":\"Article\",\"@id\":\"https:\\\/\\\/www.fcbarcelonanoticias.com\\\/en\\\/players\\\/records-ter-stegen-22-23-confirmed-as-best-goalkeeper-europe_292003_102.html#article\",\"isPartOf\":{\"@id\":\"https:\\\/\\\/www.fcbarcelonanoticias.com\\\/en\\\/players\\\/records-ter-stegen-22-23-confirmed-as-best-goalkeeper-europe_292003_102.html\"},\"author\":{\"name\":\"Andr\u00e9s Quiroz\",\"@id\":\"https:\\\/\\\/www.fcbarcelonanoticias.com\\\/en\\\/#\\\/schema\\\/person\\\/c2cd9f6fa1af5c0d0eccd0fefa575c88\"},\"headline\":\"Ter Stegen&#8217;s records in 22\\\/23 ratify him as the best goalkeeper in Europe\",\"datePublished\":\"2023-05-01T20:48:00+00:00\",\"dateModified\":\"2023-05-01T23:41:00+00:00\",\"mainEntityOfPage\":{\"@id\":\"https:\\\/\\\/www.fcbarcelonanoticias.com\\\/en\\\/players\\\/records-ter-stegen-22-23-confirmed-as-best-goalkeeper-europe_292003_102.html\"},\"wordCount\":468,\"image\":{\"@id\":\"https:\\\/\\\/www.fcbarcelonanoticias.com\\\/en\\\/players\\\/records-ter-stegen-22-23-confirmed-as-best-goalkeeper-europe_292003_102.html#primaryimage\"},\"thumbnailUrl\":\"https:\\\/\\\/www.fcbarcelonanoticias.com\\\/en\\\/wp-content\\\/uploads\\\/sites\\\/2\\\/2023\\\/05\\\/marc-andre-ter-stegen-v-real-sociedad.jpeg\",\"articleSection\":[\"Players\",\"Players\"],\"inLanguage\":\"en-US\"},{\"@type\":\"WebPage\",\"@id\":\"https:\\\/\\\/www.fcbarcelonanoticias.com\\\/en\\\/players\\\/records-ter-stegen-22-23-confirmed-as-best-goalkeeper-europe_292003_102.html\",\"url\":\"https:\\\/\\\/www.fcbarcelonanoticias.com\\\/en\\\/players\\\/records-ter-stegen-22-23-confirmed-as-best-goalkeeper-europe_292003_102.html\",\"name\":\"Ter Stegen's records in 22\\\/23 ratify him as the best goalkeeper in Europe\",\"isPartOf\":{\"@id\":\"https:\\\/\\\/www.fcbarcelonanoticias.com\\\/en\\\/#website\"},\"primaryImageOfPage\":{\"@id\":\"https:\\\/\\\/www.fcbarcelonanoticias.com\\\/en\\\/players\\\/records-ter-stegen-22-23-confirmed-as-best-goalkeeper-europe_292003_102.html#primaryimage\"},\"image\":{\"@id\":\"https:\\\/\\\/www.fcbarcelonanoticias.com\\\/en\\\/players\\\/records-ter-stegen-22-23-confirmed-as-best-goalkeeper-europe_292003_102.html#primaryimage\"},\"thumbnailUrl\":\"https:\\\/\\\/www.fcbarcelonanoticias.com\\\/en\\\/wp-content\\\/uploads\\\/sites\\\/2\\\/2023\\\/05\\\/marc-andre-ter-stegen-v-real-sociedad.jpeg\",\"datePublished\":\"2023-05-01T20:48:00+00:00\",\"dateModified\":\"2023-05-01T23:41:00+00:00\",\"author\":{\"@id\":\"https:\\\/\\\/www.fcbarcelonanoticias.com\\\/en\\\/#\\\/schema\\\/person\\\/c2cd9f6fa1af5c0d0eccd0fefa575c88\"},\"description\":\"Marc-Andr\u00e9 ter Stegen's 2022\\\/23 season is being a real madness. The FC Barcelona goalkeeper continues to set records and, when comparing his records with the other goalkeepers in the major European leagues, the difference is abysmal\",\"breadcrumb\":{\"@id\":\"https:\\\/\\\/www.fcbarcelonanoticias.com\\\/en\\\/players\\\/records-ter-stegen-22-23-confirmed-as-best-goalkeeper-europe_292003_102.html#breadcrumb\"},\"inLanguage\":\"en-US\",\"potentialAction\":[{\"@type\":\"ReadAction\",\"target\":[\"https:\\\/\\\/www.fcbarcelonanoticias.com\\\/en\\\/players\\\/records-ter-stegen-22-23-confirmed-as-best-goalkeeper-europe_292003_102.html\"]}]},{\"@type\":\"ImageObject\",\"inLanguage\":\"en-US\",\"@id\":\"https:\\\/\\\/www.fcbarcelonanoticias.com\\\/en\\\/players\\\/records-ter-stegen-22-23-confirmed-as-best-goalkeeper-europe_292003_102.html#primaryimage\",\"url\":\"https:\\\/\\\/www.fcbarcelonanoticias.com\\\/en\\\/wp-content\\\/uploads\\\/sites\\\/2\\\/2023\\\/05\\\/marc-andre-ter-stegen-v-real-sociedad.jpeg\",\"contentUrl\":\"https:\\\/\\\/www.fcbarcelonanoticias.com\\\/en\\\/wp-content\\\/uploads\\\/sites\\\/2\\\/2023\\\/05\\\/marc-andre-ter-stegen-v-real-sociedad.jpeg\",\"width\":1300,\"height\":732},{\"@type\":\"BreadcrumbList\",\"@id\":\"https:\\\/\\\/www.fcbarcelonanoticias.com\\\/en\\\/players\\\/records-ter-stegen-22-23-confirmed-as-best-goalkeeper-europe_292003_102.html#breadcrumb\",\"itemListElement\":[{\"@type\":\"ListItem\",\"position\":1,\"name\":\"Portada\",\"item\":\"https:\\\/\\\/www.fcbarcelonanoticias.com\\\/en\\\/\"},{\"@type\":\"ListItem\",\"position\":2,\"name\":\"Ter Stegen&#8217;s records in 22\\\/23 ratify him as the best goalkeeper in Europe\"}]},{\"@type\":\"WebSite\",\"@id\":\"https:\\\/\\\/www.fcbarcelonanoticias.com\\\/en\\\/#website\",\"url\":\"https:\\\/\\\/www.fcbarcelonanoticias.com\\\/en\\\/\",\"name\":\"EN - FC Barcelona Noticias\",\"description\":\"\",\"potentialAction\":[{\"@type\":\"SearchAction\",\"target\":{\"@type\":\"EntryPoint\",\"urlTemplate\":\"https:\\\/\\\/www.fcbarcelonanoticias.com\\\/en\\\/?s={search_term_string}\"},\"query-input\":{\"@type\":\"PropertyValueSpecification\",\"valueRequired\":true,\"valueName\":\"search_term_string\"}}],\"inLanguage\":\"en-US\"},{\"@type\":\"Person\",\"@id\":\"https:\\\/\\\/www.fcbarcelonanoticias.com\\\/en\\\/#\\\/schema\\\/person\\\/c2cd9f6fa1af5c0d0eccd0fefa575c88\",\"name\":\"Andr\u00e9s Quiroz\",\"image\":{\"@type\":\"ImageObject\",\"inLanguage\":\"en-US\",\"@id\":\"https:\\\/\\\/secure.gravatar.com\\\/avatar\\\/?s=96&d=mm&r=g\",\"url\":\"https:\\\/\\\/secure.gravatar.com\\\/avatar\\\/?s=96&d=mm&r=g\",\"contentUrl\":\"https:\\\/\\\/secure.gravatar.com\\\/avatar\\\/?s=96&d=mm&r=g\",\"caption\":\"Andr\u00e9s Quiroz\"},\"description\":\"Licenciado en Periodismo por la Universidad de los Andes. Me encargo de analizar y compartir los contenidos m\u00e1s destacados de la\u00a0actualidad del F\u00fatbol Club Barcelona, Mercado de Fichajes y F\u00fatbol Internacional en FCBN. La informaci\u00f3n es poder, pero tambi\u00e9n conocimiento.\",\"url\":\"https:\\\/\\\/www.fcbarcelonanoticias.com\\\/en\\\/fc-barcelona\\\/andres-quiroz_17_115.html\"}]}<\/script>\n<!-- \/ Yoast SEO plugin. -->","yoast_head_json":{"title":"Ter Stegen's records in 22\/23 ratify him as the best goalkeeper in Europe","description":"Marc-Andr\u00e9 ter Stegen's 2022\/23 season is being a real madness. The FC Barcelona goalkeeper continues to set records and, when comparing his records with the other goalkeepers in the major European leagues, the difference is abysmal","robots":{"index":"index","follow":"follow","max-snippet":"max-snippet:-1","max-image-preview":"max-image-preview:large","max-video-preview":"max-video-preview:-1"},"canonical":"https:\/\/www.fcbarcelonanoticias.com\/en\/players\/records-ter-stegen-22-23-confirmed-as-best-goalkeeper-europe_292003_102.html","og_locale":"en_US","og_type":"article","og_title":"Ter Stegen's records in 22\/23 ratify him as the best goalkeeper in Europe","og_description":"Marc-Andr\u00e9 ter Stegen's 2022\/23 season is being a real madness. The FC Barcelona goalkeeper continues to set records and, when comparing his records with the other goalkeepers in the major European leagues, the difference is abysmal","og_url":"https:\/\/www.fcbarcelonanoticias.com\/en\/players\/records-ter-stegen-22-23-confirmed-as-best-goalkeeper-europe_292003_102.html","og_site_name":"EN - FC Barcelona Noticias","article_published_time":"2023-05-01T20:48:00+00:00","article_modified_time":"2023-05-01T23:41:00+00:00","og_image":[{"width":1300,"height":732,"url":"https:\/\/www.fcbarcelonanoticias.com\/en\/wp-content\/uploads\/sites\/2\/2023\/05\/marc-andre-ter-stegen-v-real-sociedad.jpeg","type":"image\/jpeg"}],"author":"Andr\u00e9s Quiroz","twitter_card":"summary_large_image","twitter_misc":{"Written by":"Andr\u00e9s Quiroz","Est. reading time":"2 minutes"},"schema":{"@context":"https:\/\/schema.org","@graph":[{"@type":"Article","@id":"https:\/\/www.fcbarcelonanoticias.com\/en\/players\/records-ter-stegen-22-23-confirmed-as-best-goalkeeper-europe_292003_102.html#article","isPartOf":{"@id":"https:\/\/www.fcbarcelonanoticias.com\/en\/players\/records-ter-stegen-22-23-confirmed-as-best-goalkeeper-europe_292003_102.html"},"author":{"name":"Andr\u00e9s Quiroz","@id":"https:\/\/www.fcbarcelonanoticias.com\/en\/#\/schema\/person\/c2cd9f6fa1af5c0d0eccd0fefa575c88"},"headline":"Ter Stegen&#8217;s records in 22\/23 ratify him as the best goalkeeper in Europe","datePublished":"2023-05-01T20:48:00+00:00","dateModified":"2023-05-01T23:41:00+00:00","mainEntityOfPage":{"@id":"https:\/\/www.fcbarcelonanoticias.com\/en\/players\/records-ter-stegen-22-23-confirmed-as-best-goalkeeper-europe_292003_102.html"},"wordCount":468,"image":{"@id":"https:\/\/www.fcbarcelonanoticias.com\/en\/players\/records-ter-stegen-22-23-confirmed-as-best-goalkeeper-europe_292003_102.html#primaryimage"},"thumbnailUrl":"https:\/\/www.fcbarcelonanoticias.com\/en\/wp-content\/uploads\/sites\/2\/2023\/05\/marc-andre-ter-stegen-v-real-sociedad.jpeg","articleSection":["Players","Players"],"inLanguage":"en-US"},{"@type":"WebPage","@id":"https:\/\/www.fcbarcelonanoticias.com\/en\/players\/records-ter-stegen-22-23-confirmed-as-best-goalkeeper-europe_292003_102.html","url":"https:\/\/www.fcbarcelonanoticias.com\/en\/players\/records-ter-stegen-22-23-confirmed-as-best-goalkeeper-europe_292003_102.html","name":"Ter Stegen's records in 22\/23 ratify him as the best goalkeeper in Europe","isPartOf":{"@id":"https:\/\/www.fcbarcelonanoticias.com\/en\/#website"},"primaryImageOfPage":{"@id":"https:\/\/www.fcbarcelonanoticias.com\/en\/players\/records-ter-stegen-22-23-confirmed-as-best-goalkeeper-europe_292003_102.html#primaryimage"},"image":{"@id":"https:\/\/www.fcbarcelonanoticias.com\/en\/players\/records-ter-stegen-22-23-confirmed-as-best-goalkeeper-europe_292003_102.html#primaryimage"},"thumbnailUrl":"https:\/\/www.fcbarcelonanoticias.com\/en\/wp-content\/uploads\/sites\/2\/2023\/05\/marc-andre-ter-stegen-v-real-sociedad.jpeg","datePublished":"2023-05-01T20:48:00+00:00","dateModified":"2023-05-01T23:41:00+00:00","author":{"@id":"https:\/\/www.fcbarcelonanoticias.com\/en\/#\/schema\/person\/c2cd9f6fa1af5c0d0eccd0fefa575c88"},"description":"Marc-Andr\u00e9 ter Stegen's 2022\/23 season is being a real madness. The FC Barcelona goalkeeper continues to set records and, when comparing his records with the other goalkeepers in the major European leagues, the difference is abysmal","breadcrumb":{"@id":"https:\/\/www.fcbarcelonanoticias.com\/en\/players\/records-ter-stegen-22-23-confirmed-as-best-goalkeeper-europe_292003_102.html#breadcrumb"},"inLanguage":"en-US","potentialAction":[{"@type":"ReadAction","target":["https:\/\/www.fcbarcelonanoticias.com\/en\/players\/records-ter-stegen-22-23-confirmed-as-best-goalkeeper-europe_292003_102.html"]}]},{"@type":"ImageObject","inLanguage":"en-US","@id":"https:\/\/www.fcbarcelonanoticias.com\/en\/players\/records-ter-stegen-22-23-confirmed-as-best-goalkeeper-europe_292003_102.html#primaryimage","url":"https:\/\/www.fcbarcelonanoticias.com\/en\/wp-content\/uploads\/sites\/2\/2023\/05\/marc-andre-ter-stegen-v-real-sociedad.jpeg","contentUrl":"https:\/\/www.fcbarcelonanoticias.com\/en\/wp-content\/uploads\/sites\/2\/2023\/05\/marc-andre-ter-stegen-v-real-sociedad.jpeg","width":1300,"height":732},{"@type":"BreadcrumbList","@id":"https:\/\/www.fcbarcelonanoticias.com\/en\/players\/records-ter-stegen-22-23-confirmed-as-best-goalkeeper-europe_292003_102.html#breadcrumb","itemListElement":[{"@type":"ListItem","position":1,"name":"Portada","item":"https:\/\/www.fcbarcelonanoticias.com\/en\/"},{"@type":"ListItem","position":2,"name":"Ter Stegen&#8217;s records in 22\/23 ratify him as the best goalkeeper in Europe"}]},{"@type":"WebSite","@id":"https:\/\/www.fcbarcelonanoticias.com\/en\/#website","url":"https:\/\/www.fcbarcelonanoticias.com\/en\/","name":"EN - FC Barcelona Noticias","description":"","potentialAction":[{"@type":"SearchAction","target":{"@type":"EntryPoint","urlTemplate":"https:\/\/www.fcbarcelonanoticias.com\/en\/?s={search_term_string}"},"query-input":{"@type":"PropertyValueSpecification","valueRequired":true,"valueName":"search_term_string"}}],"inLanguage":"en-US"},{"@type":"Person","@id":"https:\/\/www.fcbarcelonanoticias.com\/en\/#\/schema\/person\/c2cd9f6fa1af5c0d0eccd0fefa575c88","name":"Andr\u00e9s Quiroz","image":{"@type":"ImageObject","inLanguage":"en-US","@id":"https:\/\/secure.gravatar.com\/avatar\/?s=96&d=mm&r=g","url":"https:\/\/secure.gravatar.com\/avatar\/?s=96&d=mm&r=g","contentUrl":"https:\/\/secure.gravatar.com\/avatar\/?s=96&d=mm&r=g","caption":"Andr\u00e9s Quiroz"},"description":"Licenciado en Periodismo por la Universidad de los Andes. Me encargo de analizar y compartir los contenidos m\u00e1s destacados de la\u00a0actualidad del F\u00fatbol Club Barcelona, Mercado de Fichajes y F\u00fatbol Internacional en FCBN. La informaci\u00f3n es poder, pero tambi\u00e9n conocimiento.","url":"https:\/\/www.fcbarcelonanoticias.com\/en\/fc-barcelona\/andres-quiroz_17_115.html"}]}},"_links":{"self":[{"href":"https:\/\/www.fcbarcelonanoticias.com\/en\/wp-json\/wp\/v2\/posts\/76999","targetHints":{"allow":["GET"]}}],"collection":[{"href":"https:\/\/www.fcbarcelonanoticias.com\/en\/wp-json\/wp\/v2\/posts"}],"about":[{"href":"https:\/\/www.fcbarcelonanoticias.com\/en\/wp-json\/wp\/v2\/types\/post"}],"author":[{"embeddable":true,"href":"https:\/\/www.fcbarcelonanoticias.com\/en\/wp-json\/wp\/v2\/users\/347"}],"replies":[{"embeddable":true,"href":"https:\/\/www.fcbarcelonanoticias.com\/en\/wp-json\/wp\/v2\/comments?post=76999"}],"version-history":[{"count":1,"href":"https:\/\/www.fcbarcelonanoticias.com\/en\/wp-json\/wp\/v2\/posts\/76999\/revisions"}],"predecessor-version":[{"id":122541,"href":"https:\/\/www.fcbarcelonanoticias.com\/en\/wp-json\/wp\/v2\/posts\/76999\/revisions\/122541"}],"wp:featuredmedia":[{"embeddable":true,"href":"https:\/\/www.fcbarcelonanoticias.com\/en\/wp-json\/wp\/v2\/media\/77002"}],"wp:attachment":[{"href":"https:\/\/www.fcbarcelonanoticias.com\/en\/wp-json\/wp\/v2\/media?parent=76999"}],"wp:term":[{"taxonomy":"category","embeddable":true,"href":"https:\/\/www.fcbarcelonanoticias.com\/en\/wp-json\/wp\/v2\/categories?post=76999"},{"taxonomy":"post_tag","embeddable":true,"href":"https:\/\/www.fcbarcelonanoticias.com\/en\/wp-json\/wp\/v2\/tags?post=76999"}],"curies":[{"name":"wp","href":"https:\/\/api.w.org\/{rel}","templated":true}]}}