{"id":77015,"date":"2020-05-28T13:52:00","date_gmt":"2020-05-28T11:52:00","guid":{"rendered":"https:\/\/weisetech.dev\/fc-barcelona-noticias\/en\/the-player-of-the-barca-that-monchi-wants-to-carry-to-the-seville_258032_102\/"},"modified":"2020-05-28T19:04:00","modified_gmt":"2020-05-28T17:04:00","slug":"the-player-of-the-barca-that-monchi-wants-to-carry-to-the-seville_258032_102","status":"publish","type":"post","link":"https:\/\/www.fcbarcelonanoticias.com\/en\/players\/the-player-of-the-barca-that-monchi-wants-to-carry-to-the-seville_258032_102.html","title":{"rendered":"The Bar\u00e7a player that Monchi wants to take to Sevilla"},"content":{"rendered":"<h2 class=\"wp-block-heading\">Monchi, sportive director of the Seville, contemplates the signing of one of the players that the Bar\u00e7a considers transferibles: the side Moussa Wagu\u00e9<\/h2>  \r\n<div class=\"article-addons\">\r\n    <a href=\"https:\/\/www.fcbarcelonanoticias.com\/en\/calendar-fc-barcelona.html\"\r\n       target=\"_self\"\r\n       title=\"Calendar of FC Barcelona\"\r\n       class=\"blue-gredient-btn\">\r\n       \r\n        Calendar of FC Barcelona    <\/a>\r\n<\/div>   <p><strong>Ram\u00f3n Rodr\u00edguez Verdejo,<\/strong> more known like <strong>Monchi,<\/strong> is one of the sportive directors more famous of the European panorama. At the head of the <strong>Seville, <\/strong>stood out for discovering players of big talent, ficharlos to low price to finish them selling by quantities exponencialmente upper. <strong>Dani Alves, Seydou Keita, Julio Baptista, Adriano Correia<\/strong> or<strong> Ivan Rakitic<\/strong> are some of the most popular examples.<\/p>  <p>To day of today, one of the positions that Monchi plans to reinforce in the Seville is the one of the right side. To day of today, the only player that has the team in said demarcation is <strong>Jes\u00fas Navas,<\/strong> but soon will fulfil 35 years and looks for a relief generacional. According to the informations published by the Sportive World, one of the players that likes to the sportive director sevillista is the Barcelona <strong>Moussa Wagu\u00e9<\/strong>.<\/p>  <p>The African was fichado does a pair of seasons to reinforce the filial after having had a good performance with the selection of <strong>Senegal <\/strong>in <strong>the World-wide<\/strong>. In <strong>the Bar\u00e7a B<\/strong> had a good paper, by what initiated the present campaign in <a data-external=\"0\" data-intl-links-en=\"https:\/\/www.fcbarcelonanoticias.com\/en\/players\" data-intl-links-es=\"https:\/\/www.fcbarcelonanoticias.com\/jugadores\" href=\"https:\/\/www.fcbarcelonanoticias.com\/en\/players.html\" rel=\"follow\" target=\"_self\" title=\"Jugadores\">the first team cul\u00e9,<\/a> although <strong>Ernesto Valverde<\/strong> did not trust too much in him. Thus, it left yielded to the <strong>Nice<\/strong> until final of season.<\/p>  <p><strong>The French club possesses an option of purchase by Wagu\u00e9 that enciphers in 10 million euros<\/strong> but, because of the economic crisis by the cancellation of <strong>Tie it 1,<\/strong> this will not be able to be executed. It is here where goes in the Seville, always pending of the French market, that values positively the eight parties that the African played from January until the stop, as well as his projection to his 21 years.<\/p>  <p>It is true that Monchi also has controlled to other footballers as, for example, <strong>Bouna Sarr,<\/strong> of the <strong>Olympique of Marseilles,<\/strong> but Wagu\u00e9 is a firm option. It treats of a fast player, technician and of a lot of route by the right band, although sometimes it do not finish of cuajar to defensive level. It will be necessary to see if it solidifies the interest during the next weeks.<\/p>  <h3>The Bar\u00e7a, loved<\/h3>  <p>Moussa Wagu\u00e9 Is considered transferible for the FC Barcelona. <a data-external=\"0\" data-intl-links-en=\"https:\/\/www.fcbarcelonanoticias.com\/en\/players\/ancelotti-insists-todibo-french-move-closer-everton_257987_102.html\" data-intl-links-es=\"https:\/\/www.fcbarcelonanoticias.com\/jugadores\/ancelotti-insiste-todibo-frances-acerca-mas-everton_257987_102.html\" href=\"https:\/\/www.fcbarcelonanoticias.com\/en\/players\/ancelotti-insists-todibo-french-move-closer-everton_257987_102.html\" rel=\"follow\" target=\"_self\" title=\"Ancelotti insiste en Todibo y el franc\u00e9s se acerca a\u00fan m\u00e1s al Everton\">Of the same way that another youngster like Jean-Clair Todibo,<\/a> the Senegalese side considers a good way to win &#8216;cash&#8217; for reinvertir in other signings of more renown. It is thus that in the Camp Nou would listen of good wins the proposals that can arrive, although it would be necessary to see if the Seville would arrive to these 10 million valuation.<\/p> ","protected":false},"excerpt":{"rendered":"<p>Monchi, sportive director of the Seville, contemplates the signing of one of the players that the Bar\u00e7a considers transferibles: the side Moussa Wagu\u00e9 Ram\u00f3n Rodr\u00edguez Verdejo, more known like Monchi, is one of the sportive directors more famous of the European panorama. At the head of the Seville, stood out for discovering players of big [&hellip;]<\/p>\n","protected":false},"author":392,"featured_media":19695,"comment_status":"closed","ping_status":"open","sticky":false,"template":"","format":"standard","meta":{"_acf_changed":false,"inline_featured_image":false,"_nextfly_llmd_date_locked":false,"footnotes":""},"categories":[107,453],"tags":[299,74],"class_list":["post-77015","post","type-post","status-publish","format-standard","has-post-thumbnail","hentry","category-players","category-players-2","tag-moussa-wague","tag-sevilla-fc"],"acf":[],"yoast_head":"<!-- This site is optimized with the Yoast SEO plugin v27.3 - https:\/\/yoast.com\/product\/yoast-seo-wordpress\/ -->\n<title>The Bar\u00e7a player that Monchi wants to take to Sevilla<\/title>\n<meta name=\"description\" content=\"Monchi, sportive director of the Seville, contemplates the signing of one of the players that the Bar\u00e7a considers transferibles: the side Moussa Wagu\u00e9\" \/>\n<meta name=\"robots\" content=\"index, follow, max-snippet:-1, max-image-preview:large, max-video-preview:-1\" \/>\n<link rel=\"canonical\" href=\"https:\/\/www.fcbarcelonanoticias.com\/en\/players\/the-player-of-the-barca-that-monchi-wants-to-carry-to-the-seville_258032_102.html\" \/>\n<meta property=\"og:locale\" content=\"en_US\" \/>\n<meta property=\"og:type\" content=\"article\" \/>\n<meta property=\"og:title\" content=\"The Bar\u00e7a player that Monchi wants to take to Sevilla\" \/>\n<meta property=\"og:description\" content=\"Monchi, sportive director of the Seville, contemplates the signing of one of the players that the Bar\u00e7a considers transferibles: the side Moussa Wagu\u00e9\" \/>\n<meta property=\"og:url\" content=\"https:\/\/www.fcbarcelonanoticias.com\/en\/players\/the-player-of-the-barca-that-monchi-wants-to-carry-to-the-seville_258032_102.html\" \/>\n<meta property=\"og:site_name\" content=\"EN - FC Barcelona Noticias\" \/>\n<meta property=\"article:published_time\" content=\"2020-05-28T11:52:00+00:00\" \/>\n<meta property=\"article:modified_time\" content=\"2020-05-28T17:04:00+00:00\" \/>\n<meta property=\"og:image\" content=\"https:\/\/www.fcbarcelonanoticias.com\/en\/wp-content\/uploads\/sites\/2\/2021\/03\/fbl-esp-sevilla.jpeg\" \/>\n\t<meta property=\"og:image:width\" content=\"1200\" \/>\n\t<meta property=\"og:image:height\" content=\"719\" \/>\n\t<meta property=\"og:image:type\" content=\"image\/jpeg\" \/>\n<meta name=\"author\" content=\"user_4048\" \/>\n<meta name=\"twitter:card\" content=\"summary_large_image\" \/>\n<meta name=\"twitter:label1\" content=\"Written by\" \/>\n\t<meta name=\"twitter:data1\" content=\"user_4048\" \/>\n\t<meta name=\"twitter:label2\" content=\"Est. reading time\" \/>\n\t<meta name=\"twitter:data2\" content=\"2 minutes\" \/>\n<script type=\"application\/ld+json\" class=\"yoast-schema-graph\">{\"@context\":\"https:\\\/\\\/schema.org\",\"@graph\":[{\"@type\":\"Article\",\"@id\":\"https:\\\/\\\/www.fcbarcelonanoticias.com\\\/en\\\/players\\\/the-player-of-the-barca-that-monchi-wants-to-carry-to-the-seville_258032_102.html#article\",\"isPartOf\":{\"@id\":\"https:\\\/\\\/www.fcbarcelonanoticias.com\\\/en\\\/players\\\/the-player-of-the-barca-that-monchi-wants-to-carry-to-the-seville_258032_102.html\"},\"author\":{\"name\":\"user_4048\",\"@id\":\"https:\\\/\\\/www.fcbarcelonanoticias.com\\\/en\\\/#\\\/schema\\\/person\\\/fcdad55cab72b8d0e106d75506783b6d\"},\"headline\":\"The Bar\u00e7a player that Monchi wants to take to Sevilla\",\"datePublished\":\"2020-05-28T11:52:00+00:00\",\"dateModified\":\"2020-05-28T17:04:00+00:00\",\"mainEntityOfPage\":{\"@id\":\"https:\\\/\\\/www.fcbarcelonanoticias.com\\\/en\\\/players\\\/the-player-of-the-barca-that-monchi-wants-to-carry-to-the-seville_258032_102.html\"},\"wordCount\":462,\"image\":{\"@id\":\"https:\\\/\\\/www.fcbarcelonanoticias.com\\\/en\\\/players\\\/the-player-of-the-barca-that-monchi-wants-to-carry-to-the-seville_258032_102.html#primaryimage\"},\"thumbnailUrl\":\"https:\\\/\\\/www.fcbarcelonanoticias.com\\\/en\\\/wp-content\\\/uploads\\\/sites\\\/2\\\/2021\\\/03\\\/fbl-esp-sevilla.jpeg\",\"keywords\":[\"Moussa Wagu\u00e9\",\"Sevilla FC\"],\"articleSection\":[\"Players\",\"Players\"],\"inLanguage\":\"en-US\"},{\"@type\":\"WebPage\",\"@id\":\"https:\\\/\\\/www.fcbarcelonanoticias.com\\\/en\\\/players\\\/the-player-of-the-barca-that-monchi-wants-to-carry-to-the-seville_258032_102.html\",\"url\":\"https:\\\/\\\/www.fcbarcelonanoticias.com\\\/en\\\/players\\\/the-player-of-the-barca-that-monchi-wants-to-carry-to-the-seville_258032_102.html\",\"name\":\"The Bar\u00e7a player that Monchi wants to take to Sevilla\",\"isPartOf\":{\"@id\":\"https:\\\/\\\/www.fcbarcelonanoticias.com\\\/en\\\/#website\"},\"primaryImageOfPage\":{\"@id\":\"https:\\\/\\\/www.fcbarcelonanoticias.com\\\/en\\\/players\\\/the-player-of-the-barca-that-monchi-wants-to-carry-to-the-seville_258032_102.html#primaryimage\"},\"image\":{\"@id\":\"https:\\\/\\\/www.fcbarcelonanoticias.com\\\/en\\\/players\\\/the-player-of-the-barca-that-monchi-wants-to-carry-to-the-seville_258032_102.html#primaryimage\"},\"thumbnailUrl\":\"https:\\\/\\\/www.fcbarcelonanoticias.com\\\/en\\\/wp-content\\\/uploads\\\/sites\\\/2\\\/2021\\\/03\\\/fbl-esp-sevilla.jpeg\",\"datePublished\":\"2020-05-28T11:52:00+00:00\",\"dateModified\":\"2020-05-28T17:04:00+00:00\",\"author\":{\"@id\":\"https:\\\/\\\/www.fcbarcelonanoticias.com\\\/en\\\/#\\\/schema\\\/person\\\/fcdad55cab72b8d0e106d75506783b6d\"},\"description\":\"Monchi, sportive director of the Seville, contemplates the signing of one of the players that the Bar\u00e7a considers transferibles: the side Moussa Wagu\u00e9\",\"breadcrumb\":{\"@id\":\"https:\\\/\\\/www.fcbarcelonanoticias.com\\\/en\\\/players\\\/the-player-of-the-barca-that-monchi-wants-to-carry-to-the-seville_258032_102.html#breadcrumb\"},\"inLanguage\":\"en-US\",\"potentialAction\":[{\"@type\":\"ReadAction\",\"target\":[\"https:\\\/\\\/www.fcbarcelonanoticias.com\\\/en\\\/players\\\/the-player-of-the-barca-that-monchi-wants-to-carry-to-the-seville_258032_102.html\"]}]},{\"@type\":\"ImageObject\",\"inLanguage\":\"en-US\",\"@id\":\"https:\\\/\\\/www.fcbarcelonanoticias.com\\\/en\\\/players\\\/the-player-of-the-barca-that-monchi-wants-to-carry-to-the-seville_258032_102.html#primaryimage\",\"url\":\"https:\\\/\\\/www.fcbarcelonanoticias.com\\\/en\\\/wp-content\\\/uploads\\\/sites\\\/2\\\/2021\\\/03\\\/fbl-esp-sevilla.jpeg\",\"contentUrl\":\"https:\\\/\\\/www.fcbarcelonanoticias.com\\\/en\\\/wp-content\\\/uploads\\\/sites\\\/2\\\/2021\\\/03\\\/fbl-esp-sevilla.jpeg\",\"width\":1200,\"height\":719},{\"@type\":\"BreadcrumbList\",\"@id\":\"https:\\\/\\\/www.fcbarcelonanoticias.com\\\/en\\\/players\\\/the-player-of-the-barca-that-monchi-wants-to-carry-to-the-seville_258032_102.html#breadcrumb\",\"itemListElement\":[{\"@type\":\"ListItem\",\"position\":1,\"name\":\"Portada\",\"item\":\"https:\\\/\\\/www.fcbarcelonanoticias.com\\\/en\\\/\"},{\"@type\":\"ListItem\",\"position\":2,\"name\":\"The Bar\u00e7a player that Monchi wants to take to Sevilla\"}]},{\"@type\":\"WebSite\",\"@id\":\"https:\\\/\\\/www.fcbarcelonanoticias.com\\\/en\\\/#website\",\"url\":\"https:\\\/\\\/www.fcbarcelonanoticias.com\\\/en\\\/\",\"name\":\"EN - FC Barcelona Noticias\",\"description\":\"\",\"potentialAction\":[{\"@type\":\"SearchAction\",\"target\":{\"@type\":\"EntryPoint\",\"urlTemplate\":\"https:\\\/\\\/www.fcbarcelonanoticias.com\\\/en\\\/?s={search_term_string}\"},\"query-input\":{\"@type\":\"PropertyValueSpecification\",\"valueRequired\":true,\"valueName\":\"search_term_string\"}}],\"inLanguage\":\"en-US\"},{\"@type\":\"Person\",\"@id\":\"https:\\\/\\\/www.fcbarcelonanoticias.com\\\/en\\\/#\\\/schema\\\/person\\\/fcdad55cab72b8d0e106d75506783b6d\",\"name\":\"user_4048\",\"image\":{\"@type\":\"ImageObject\",\"inLanguage\":\"en-US\",\"@id\":\"https:\\\/\\\/secure.gravatar.com\\\/avatar\\\/?s=96&d=mm&r=g\",\"url\":\"https:\\\/\\\/secure.gravatar.com\\\/avatar\\\/?s=96&d=mm&r=g\",\"contentUrl\":\"https:\\\/\\\/secure.gravatar.com\\\/avatar\\\/?s=96&d=mm&r=g\",\"caption\":\"user_4048\"},\"url\":\"https:\\\/\\\/www.fcbarcelonanoticias.com\\\/en\\\/user_4048.html\"}]}<\/script>\n<!-- \/ Yoast SEO plugin. -->","yoast_head_json":{"title":"The Bar\u00e7a player that Monchi wants to take to Sevilla","description":"Monchi, sportive director of the Seville, contemplates the signing of one of the players that the Bar\u00e7a considers transferibles: the side Moussa Wagu\u00e9","robots":{"index":"index","follow":"follow","max-snippet":"max-snippet:-1","max-image-preview":"max-image-preview:large","max-video-preview":"max-video-preview:-1"},"canonical":"https:\/\/www.fcbarcelonanoticias.com\/en\/players\/the-player-of-the-barca-that-monchi-wants-to-carry-to-the-seville_258032_102.html","og_locale":"en_US","og_type":"article","og_title":"The Bar\u00e7a player that Monchi wants to take to Sevilla","og_description":"Monchi, sportive director of the Seville, contemplates the signing of one of the players that the Bar\u00e7a considers transferibles: the side Moussa Wagu\u00e9","og_url":"https:\/\/www.fcbarcelonanoticias.com\/en\/players\/the-player-of-the-barca-that-monchi-wants-to-carry-to-the-seville_258032_102.html","og_site_name":"EN - FC Barcelona Noticias","article_published_time":"2020-05-28T11:52:00+00:00","article_modified_time":"2020-05-28T17:04:00+00:00","og_image":[{"width":1200,"height":719,"url":"https:\/\/www.fcbarcelonanoticias.com\/en\/wp-content\/uploads\/sites\/2\/2021\/03\/fbl-esp-sevilla.jpeg","type":"image\/jpeg"}],"author":"user_4048","twitter_card":"summary_large_image","twitter_misc":{"Written by":"user_4048","Est. reading time":"2 minutes"},"schema":{"@context":"https:\/\/schema.org","@graph":[{"@type":"Article","@id":"https:\/\/www.fcbarcelonanoticias.com\/en\/players\/the-player-of-the-barca-that-monchi-wants-to-carry-to-the-seville_258032_102.html#article","isPartOf":{"@id":"https:\/\/www.fcbarcelonanoticias.com\/en\/players\/the-player-of-the-barca-that-monchi-wants-to-carry-to-the-seville_258032_102.html"},"author":{"name":"user_4048","@id":"https:\/\/www.fcbarcelonanoticias.com\/en\/#\/schema\/person\/fcdad55cab72b8d0e106d75506783b6d"},"headline":"The Bar\u00e7a player that Monchi wants to take to Sevilla","datePublished":"2020-05-28T11:52:00+00:00","dateModified":"2020-05-28T17:04:00+00:00","mainEntityOfPage":{"@id":"https:\/\/www.fcbarcelonanoticias.com\/en\/players\/the-player-of-the-barca-that-monchi-wants-to-carry-to-the-seville_258032_102.html"},"wordCount":462,"image":{"@id":"https:\/\/www.fcbarcelonanoticias.com\/en\/players\/the-player-of-the-barca-that-monchi-wants-to-carry-to-the-seville_258032_102.html#primaryimage"},"thumbnailUrl":"https:\/\/www.fcbarcelonanoticias.com\/en\/wp-content\/uploads\/sites\/2\/2021\/03\/fbl-esp-sevilla.jpeg","keywords":["Moussa Wagu\u00e9","Sevilla FC"],"articleSection":["Players","Players"],"inLanguage":"en-US"},{"@type":"WebPage","@id":"https:\/\/www.fcbarcelonanoticias.com\/en\/players\/the-player-of-the-barca-that-monchi-wants-to-carry-to-the-seville_258032_102.html","url":"https:\/\/www.fcbarcelonanoticias.com\/en\/players\/the-player-of-the-barca-that-monchi-wants-to-carry-to-the-seville_258032_102.html","name":"The Bar\u00e7a player that Monchi wants to take to Sevilla","isPartOf":{"@id":"https:\/\/www.fcbarcelonanoticias.com\/en\/#website"},"primaryImageOfPage":{"@id":"https:\/\/www.fcbarcelonanoticias.com\/en\/players\/the-player-of-the-barca-that-monchi-wants-to-carry-to-the-seville_258032_102.html#primaryimage"},"image":{"@id":"https:\/\/www.fcbarcelonanoticias.com\/en\/players\/the-player-of-the-barca-that-monchi-wants-to-carry-to-the-seville_258032_102.html#primaryimage"},"thumbnailUrl":"https:\/\/www.fcbarcelonanoticias.com\/en\/wp-content\/uploads\/sites\/2\/2021\/03\/fbl-esp-sevilla.jpeg","datePublished":"2020-05-28T11:52:00+00:00","dateModified":"2020-05-28T17:04:00+00:00","author":{"@id":"https:\/\/www.fcbarcelonanoticias.com\/en\/#\/schema\/person\/fcdad55cab72b8d0e106d75506783b6d"},"description":"Monchi, sportive director of the Seville, contemplates the signing of one of the players that the Bar\u00e7a considers transferibles: the side Moussa Wagu\u00e9","breadcrumb":{"@id":"https:\/\/www.fcbarcelonanoticias.com\/en\/players\/the-player-of-the-barca-that-monchi-wants-to-carry-to-the-seville_258032_102.html#breadcrumb"},"inLanguage":"en-US","potentialAction":[{"@type":"ReadAction","target":["https:\/\/www.fcbarcelonanoticias.com\/en\/players\/the-player-of-the-barca-that-monchi-wants-to-carry-to-the-seville_258032_102.html"]}]},{"@type":"ImageObject","inLanguage":"en-US","@id":"https:\/\/www.fcbarcelonanoticias.com\/en\/players\/the-player-of-the-barca-that-monchi-wants-to-carry-to-the-seville_258032_102.html#primaryimage","url":"https:\/\/www.fcbarcelonanoticias.com\/en\/wp-content\/uploads\/sites\/2\/2021\/03\/fbl-esp-sevilla.jpeg","contentUrl":"https:\/\/www.fcbarcelonanoticias.com\/en\/wp-content\/uploads\/sites\/2\/2021\/03\/fbl-esp-sevilla.jpeg","width":1200,"height":719},{"@type":"BreadcrumbList","@id":"https:\/\/www.fcbarcelonanoticias.com\/en\/players\/the-player-of-the-barca-that-monchi-wants-to-carry-to-the-seville_258032_102.html#breadcrumb","itemListElement":[{"@type":"ListItem","position":1,"name":"Portada","item":"https:\/\/www.fcbarcelonanoticias.com\/en\/"},{"@type":"ListItem","position":2,"name":"The Bar\u00e7a player that Monchi wants to take to Sevilla"}]},{"@type":"WebSite","@id":"https:\/\/www.fcbarcelonanoticias.com\/en\/#website","url":"https:\/\/www.fcbarcelonanoticias.com\/en\/","name":"EN - FC Barcelona Noticias","description":"","potentialAction":[{"@type":"SearchAction","target":{"@type":"EntryPoint","urlTemplate":"https:\/\/www.fcbarcelonanoticias.com\/en\/?s={search_term_string}"},"query-input":{"@type":"PropertyValueSpecification","valueRequired":true,"valueName":"search_term_string"}}],"inLanguage":"en-US"},{"@type":"Person","@id":"https:\/\/www.fcbarcelonanoticias.com\/en\/#\/schema\/person\/fcdad55cab72b8d0e106d75506783b6d","name":"user_4048","image":{"@type":"ImageObject","inLanguage":"en-US","@id":"https:\/\/secure.gravatar.com\/avatar\/?s=96&d=mm&r=g","url":"https:\/\/secure.gravatar.com\/avatar\/?s=96&d=mm&r=g","contentUrl":"https:\/\/secure.gravatar.com\/avatar\/?s=96&d=mm&r=g","caption":"user_4048"},"url":"https:\/\/www.fcbarcelonanoticias.com\/en\/user_4048.html"}]}},"_links":{"self":[{"href":"https:\/\/www.fcbarcelonanoticias.com\/en\/wp-json\/wp\/v2\/posts\/77015","targetHints":{"allow":["GET"]}}],"collection":[{"href":"https:\/\/www.fcbarcelonanoticias.com\/en\/wp-json\/wp\/v2\/posts"}],"about":[{"href":"https:\/\/www.fcbarcelonanoticias.com\/en\/wp-json\/wp\/v2\/types\/post"}],"author":[{"embeddable":true,"href":"https:\/\/www.fcbarcelonanoticias.com\/en\/wp-json\/wp\/v2\/users\/392"}],"replies":[{"embeddable":true,"href":"https:\/\/www.fcbarcelonanoticias.com\/en\/wp-json\/wp\/v2\/comments?post=77015"}],"version-history":[{"count":1,"href":"https:\/\/www.fcbarcelonanoticias.com\/en\/wp-json\/wp\/v2\/posts\/77015\/revisions"}],"predecessor-version":[{"id":121982,"href":"https:\/\/www.fcbarcelonanoticias.com\/en\/wp-json\/wp\/v2\/posts\/77015\/revisions\/121982"}],"wp:featuredmedia":[{"embeddable":true,"href":"https:\/\/www.fcbarcelonanoticias.com\/en\/wp-json\/wp\/v2\/media\/19695"}],"wp:attachment":[{"href":"https:\/\/www.fcbarcelonanoticias.com\/en\/wp-json\/wp\/v2\/media?parent=77015"}],"wp:term":[{"taxonomy":"category","embeddable":true,"href":"https:\/\/www.fcbarcelonanoticias.com\/en\/wp-json\/wp\/v2\/categories?post=77015"},{"taxonomy":"post_tag","embeddable":true,"href":"https:\/\/www.fcbarcelonanoticias.com\/en\/wp-json\/wp\/v2\/tags?post=77015"}],"curies":[{"name":"wp","href":"https:\/\/api.w.org\/{rel}","templated":true}]}}