{"id":77033,"date":"2024-03-04T20:48:00","date_gmt":"2024-03-04T19:48:00","guid":{"rendered":"https:\/\/weisetech.dev\/fc-barcelona-noticias\/en\/the-parties-of-the-barca-that-could-lose-frenkie-of-nbsp-jong-nbsp-and-nbsp-pedri_301402_102\/"},"modified":"2024-03-04T21:21:00","modified_gmt":"2024-03-04T20:21:00","slug":"the-parties-of-the-barca-that-could-lose-frenkie-of-nbsp-jong-nbsp-and-nbsp-pedri_301402_102","status":"publish","type":"post","link":"https:\/\/www.fcbarcelonanoticias.com\/en\/players\/the-parties-of-the-barca-that-could-lose-frenkie-of-nbsp-jong-nbsp-and-nbsp-pedri_301402_102.html","title":{"rendered":"The Bar\u00e7a games that Frenkie de Jong and Pedri could miss"},"content":{"rendered":"<h2 class=\"wp-block-heading\">FC Barcelona will lose Frenkie de Jong and Pedri Gonz\u00e1lez for a few weeks, forcing Xavi Hern\u00e1ndez to &#8216;shake&#8217; his board and change his team&#8217;s plan to face the most decisive stretch of the season<\/h2>  \r\n<div class=\"article-addons\">\r\n    <a href=\"https:\/\/www.fcbarcelonanoticias.com\/en\/calendar-fc-barcelona.html\"\r\n       target=\"_self\"\r\n       title=\"Calendar of FC Barcelona\"\r\n       class=\"blue-gredient-btn\">\r\n       \r\n        Calendar of FC Barcelona    <\/a>\r\n<\/div>   <p><strong><a data-external=\"0\" data-intl-links-en=\"https:\/\/www.fcbarcelonanoticias.com\/en\/fc-barcelona\/there-are-already-more-than-20-injuries-barca-big-problem-this-season_301388_102.html\" data-intl-links-es=\"https:\/\/www.fcbarcelonanoticias.com\/fc-barcelona\/ya-van-mas-20-lesiones-gran-problema-barca-esta-temporada_301388_102.html\" href=\"https:\/\/www.fcbarcelonanoticias.com\/en\/fc-barcelona\/there-are-already-more-than-20-injuries-barca-big-problem-this-season_301388_102.html\" rel=\"follow\" target=\"_self\" title=\"\u00a1Ya van m\u00e1s de 20! Las lesiones, el gran problema del FC Barcelona esta temporada\">The FC Barcelona has not had at all of luck in this season with the injuries.<\/a><\/strong> When they seemed to see the light at the end of the tunnel, with Ferran Torres and Marcos Alonso next to abandon the infirmary (only would remain Gavi and Balde), the bad luck has returned with Frenkie of Jong and Pedri Gonz\u00e1lez, those who <strong>could not complete the first-half of the visit of the cul\u00e9s to the Athletic Club in Saint Mam\u00e9s. <\/strong><\/p>  <p>This Monday have confirmed the worst prognoses and Xavi Hern\u00e1ndez will have to agitate his blackboard so that the absence of both no &#8216;notice&#8217; so much, as it happened in the month of October, when both were lesionados. <strong>There are several alternatives in the staff, with Oriol Romeu and Ferm\u00edn L\u00f3pez like main candidates to win importance in the XI, with Andreas Christensen and \u00cdlkay G\u00fcndogan, and the reinforcements from the quarry. <\/strong>Marc Casad\u00f3, Pau Prim or Unai Hern\u00e1ndez will be possible &#8216;signings&#8217; important.<\/p>  <h2>Pedri And Of Jong will be drop in important parties<\/h2>  <p>The true is that the situation with both footballers concerns. The medical services confirmed the scope of the injuries, but no the time estimated of drop. <strong>It will depend on the feelings that accumulate, but will cause that they lose an important quantity of parties.<\/strong> In the case of the Dutch midfield player, that suffered a sprain in the external lateral ligament of the right ankle, could be &#8216;KO&#8217; until beginnings of April, specifically until after the stop by the Glass of Rey.<\/p>  <p>Like this then , <strong>the player of 26 years will lose , as little, the next cuatr split of the Catalans:<\/strong> The visit of the RCD Mallorca (League), of the Naples by the turn of the eighth of the Champions League, the crash in the C\u00edvitas Metropolitan against the Athletic of Madrid and in front of The Palms home. The Bar\u00e7a will benefit of the stop of selections of the month of March so that the history was less &#8216;worrisome&#8217;.<\/p>  <h2>The list of parties of the Bar\u00e7a that will lose Frenkie of Jong<\/h2>  <ul> <li> <strong>08\/03:<\/strong> FC Barcelona vs RCD Mallorca. Day 28 of LaLiga<\/li> \t<li> <strong>12\/03: <\/strong>FC Barcelona vs Naples. Turn of the eighth of the Champions League<\/li> \t<li> <strong>17\/03:<\/strong> Athletic of Madrid vs FC Barcelona. Day 29 of LaLiga<\/li> \t<li> <strong>30\/03: <\/strong>FC Barcelona vs UD The Palms. Day 30 of LaLiga<\/li> <\/ul> <p>In the case of Pedri Gonz\u00e1lez, that has an injury in the rectum femoral of the right thigh, the situation is more complicated.<strong> It will follow his &#8216;bad series&#8217; of not being able to go summoned with Spain -still has not coincided with Luis de la Fuente- and could be out of action until by six weeks. <\/strong>In case to be like this, could not arriving to the crash against the C\u00e1diz CF, the weekend of the 13-14 April, although there are some sources that his participation in the Classical of the 21\/04 peligra. Everything will depend on the feelings that can have, but when being an injury so reincidente, are not good the feelings. It would not be in the gone of some hypothetical chambers of Champions.<\/p>  <h2>The list of parties of the Bar\u00e7a that will lose Pedri Gonz\u00e1lez<\/h2>  <ul> <li> <strong>08\/03:<\/strong> FC Barcelona vs RCD Mallorca. Day 28 of LaLiga<\/li> \t<li> <strong>12\/03: <\/strong>FC Barcelona vs Naples. Turn of the eighth of the Champions League<\/li> \t<li> <strong>17\/03:<\/strong> Athletic of Madrid vs FC Barcelona. Day 29 of LaLiga<\/li> \t<li> <strong>30\/03: <\/strong>FC Barcelona vs UD The Palms. Day 30 of LaLiga<\/li> \t<li>C\u00e1diz CF vs FC Barcelona. Day 31 of LaLiga<\/li> \t<li>Real Madrid vs FC Barcelona. Day 32 of LaLiga<\/li> <\/ul> ","protected":false},"excerpt":{"rendered":"<p>FC Barcelona will lose Frenkie de Jong and Pedri Gonz\u00e1lez for a few weeks, forcing Xavi Hern\u00e1ndez to &#8216;shake&#8217; his board and change his team&#8217;s plan to face the most decisive stretch of the season The FC Barcelona has not had at all of luck in this season with the injuries. When they seemed to [&hellip;]<\/p>\n","protected":false},"author":0,"featured_media":5409,"comment_status":"closed","ping_status":"open","sticky":false,"template":"","format":"standard","meta":{"_acf_changed":false,"inline_featured_image":false,"_nextfly_llmd_date_locked":false,"footnotes":""},"categories":[107,453],"tags":[],"class_list":["post-77033","post","type-post","status-publish","format-standard","has-post-thumbnail","hentry","category-players","category-players-2"],"acf":[],"yoast_head":"<!-- This site is optimized with the Yoast SEO plugin v27.3 - https:\/\/yoast.com\/product\/yoast-seo-wordpress\/ -->\n<title>The parties of the Bar\u00e7a that could lose Frenkie of&nbsp;Jong&nbsp;and&nbsp;Pedri<\/title>\n<meta name=\"description\" content=\"The FC Barcelona will lose to Frenkie of Jong and Pedri Gonz\u00e1lez by a few weeks, forcing to Xavi Hern\u00e1ndez to &#039;agitate&#039; his blackboard and change the plan of his team to face the most decisive stretch of the season\" \/>\n<meta name=\"robots\" content=\"index, follow, max-snippet:-1, max-image-preview:large, max-video-preview:-1\" \/>\n<link rel=\"canonical\" href=\"https:\/\/www.fcbarcelonanoticias.com\/en\/players\/the-parties-of-the-barca-that-could-lose-frenkie-of-nbsp-jong-nbsp-and-nbsp-pedri_301402_102.html\" \/>\n<meta property=\"og:locale\" content=\"en_US\" \/>\n<meta property=\"og:type\" content=\"article\" \/>\n<meta property=\"og:title\" content=\"The parties of the Bar\u00e7a that could lose Frenkie of&nbsp;Jong&nbsp;and&nbsp;Pedri\" \/>\n<meta property=\"og:description\" content=\"The FC Barcelona will lose to Frenkie of Jong and Pedri Gonz\u00e1lez by a few weeks, forcing to Xavi Hern\u00e1ndez to &#039;agitate&#039; his blackboard and change the plan of his team to face the most decisive stretch of the season\" \/>\n<meta property=\"og:url\" content=\"https:\/\/www.fcbarcelonanoticias.com\/en\/players\/the-parties-of-the-barca-that-could-lose-frenkie-of-nbsp-jong-nbsp-and-nbsp-pedri_301402_102.html\" \/>\n<meta property=\"og:site_name\" content=\"EN - FC Barcelona Noticias\" \/>\n<meta property=\"article:published_time\" content=\"2024-03-04T19:48:00+00:00\" \/>\n<meta property=\"article:modified_time\" content=\"2024-03-04T20:21:00+00:00\" \/>\n<meta property=\"og:image\" content=\"https:\/\/www.fcbarcelonanoticias.com\/en\/wp-content\/uploads\/sites\/2\/2024\/04\/pedri-y-de-jong-en-un-partido-en-san-mames.jpeg\" \/>\n\t<meta property=\"og:image:width\" content=\"1200\" \/>\n\t<meta property=\"og:image:height\" content=\"675\" \/>\n\t<meta property=\"og:image:type\" content=\"image\/jpeg\" \/>\n<meta name=\"twitter:card\" content=\"summary_large_image\" \/>\n<meta name=\"twitter:label1\" content=\"Est. reading time\" \/>\n\t<meta name=\"twitter:data1\" content=\"3 minutes\" \/>\n<script type=\"application\/ld+json\" class=\"yoast-schema-graph\">{\"@context\":\"https:\\\/\\\/schema.org\",\"@graph\":[{\"@type\":\"Article\",\"@id\":\"https:\\\/\\\/www.fcbarcelonanoticias.com\\\/en\\\/players\\\/the-parties-of-the-barca-that-could-lose-frenkie-of-nbsp-jong-nbsp-and-nbsp-pedri_301402_102.html#article\",\"isPartOf\":{\"@id\":\"https:\\\/\\\/www.fcbarcelonanoticias.com\\\/en\\\/players\\\/the-parties-of-the-barca-that-could-lose-frenkie-of-nbsp-jong-nbsp-and-nbsp-pedri_301402_102.html\"},\"author\":{\"name\":\"\",\"@id\":\"\"},\"headline\":\"The Bar\u00e7a games that Frenkie de Jong and Pedri could miss\",\"datePublished\":\"2024-03-04T19:48:00+00:00\",\"dateModified\":\"2024-03-04T20:21:00+00:00\",\"mainEntityOfPage\":{\"@id\":\"https:\\\/\\\/www.fcbarcelonanoticias.com\\\/en\\\/players\\\/the-parties-of-the-barca-that-could-lose-frenkie-of-nbsp-jong-nbsp-and-nbsp-pedri_301402_102.html\"},\"wordCount\":642,\"image\":{\"@id\":\"https:\\\/\\\/www.fcbarcelonanoticias.com\\\/en\\\/players\\\/the-parties-of-the-barca-that-could-lose-frenkie-of-nbsp-jong-nbsp-and-nbsp-pedri_301402_102.html#primaryimage\"},\"thumbnailUrl\":\"https:\\\/\\\/www.fcbarcelonanoticias.com\\\/en\\\/wp-content\\\/uploads\\\/sites\\\/2\\\/2024\\\/04\\\/pedri-y-de-jong-en-un-partido-en-san-mames.jpeg\",\"articleSection\":[\"Players\",\"Players\"],\"inLanguage\":\"en-US\"},{\"@type\":\"WebPage\",\"@id\":\"https:\\\/\\\/www.fcbarcelonanoticias.com\\\/en\\\/players\\\/the-parties-of-the-barca-that-could-lose-frenkie-of-nbsp-jong-nbsp-and-nbsp-pedri_301402_102.html\",\"url\":\"https:\\\/\\\/www.fcbarcelonanoticias.com\\\/en\\\/players\\\/the-parties-of-the-barca-that-could-lose-frenkie-of-nbsp-jong-nbsp-and-nbsp-pedri_301402_102.html\",\"name\":\"The parties of the Bar\u00e7a that could lose Frenkie of&nbsp;Jong&nbsp;and&nbsp;Pedri\",\"isPartOf\":{\"@id\":\"https:\\\/\\\/www.fcbarcelonanoticias.com\\\/en\\\/#website\"},\"primaryImageOfPage\":{\"@id\":\"https:\\\/\\\/www.fcbarcelonanoticias.com\\\/en\\\/players\\\/the-parties-of-the-barca-that-could-lose-frenkie-of-nbsp-jong-nbsp-and-nbsp-pedri_301402_102.html#primaryimage\"},\"image\":{\"@id\":\"https:\\\/\\\/www.fcbarcelonanoticias.com\\\/en\\\/players\\\/the-parties-of-the-barca-that-could-lose-frenkie-of-nbsp-jong-nbsp-and-nbsp-pedri_301402_102.html#primaryimage\"},\"thumbnailUrl\":\"https:\\\/\\\/www.fcbarcelonanoticias.com\\\/en\\\/wp-content\\\/uploads\\\/sites\\\/2\\\/2024\\\/04\\\/pedri-y-de-jong-en-un-partido-en-san-mames.jpeg\",\"datePublished\":\"2024-03-04T19:48:00+00:00\",\"dateModified\":\"2024-03-04T20:21:00+00:00\",\"author\":{\"@id\":\"\"},\"description\":\"The FC Barcelona will lose to Frenkie of Jong and Pedri Gonz\u00e1lez by a few weeks, forcing to Xavi Hern\u00e1ndez to 'agitate' his blackboard and change the plan of his team to face the most decisive stretch of the season\",\"breadcrumb\":{\"@id\":\"https:\\\/\\\/www.fcbarcelonanoticias.com\\\/en\\\/players\\\/the-parties-of-the-barca-that-could-lose-frenkie-of-nbsp-jong-nbsp-and-nbsp-pedri_301402_102.html#breadcrumb\"},\"inLanguage\":\"en-US\",\"potentialAction\":[{\"@type\":\"ReadAction\",\"target\":[\"https:\\\/\\\/www.fcbarcelonanoticias.com\\\/en\\\/players\\\/the-parties-of-the-barca-that-could-lose-frenkie-of-nbsp-jong-nbsp-and-nbsp-pedri_301402_102.html\"]}]},{\"@type\":\"ImageObject\",\"inLanguage\":\"en-US\",\"@id\":\"https:\\\/\\\/www.fcbarcelonanoticias.com\\\/en\\\/players\\\/the-parties-of-the-barca-that-could-lose-frenkie-of-nbsp-jong-nbsp-and-nbsp-pedri_301402_102.html#primaryimage\",\"url\":\"https:\\\/\\\/www.fcbarcelonanoticias.com\\\/en\\\/wp-content\\\/uploads\\\/sites\\\/2\\\/2024\\\/04\\\/pedri-y-de-jong-en-un-partido-en-san-mames.jpeg\",\"contentUrl\":\"https:\\\/\\\/www.fcbarcelonanoticias.com\\\/en\\\/wp-content\\\/uploads\\\/sites\\\/2\\\/2024\\\/04\\\/pedri-y-de-jong-en-un-partido-en-san-mames.jpeg\",\"width\":1200,\"height\":675},{\"@type\":\"BreadcrumbList\",\"@id\":\"https:\\\/\\\/www.fcbarcelonanoticias.com\\\/en\\\/players\\\/the-parties-of-the-barca-that-could-lose-frenkie-of-nbsp-jong-nbsp-and-nbsp-pedri_301402_102.html#breadcrumb\",\"itemListElement\":[{\"@type\":\"ListItem\",\"position\":1,\"name\":\"Portada\",\"item\":\"https:\\\/\\\/www.fcbarcelonanoticias.com\\\/en\\\/\"},{\"@type\":\"ListItem\",\"position\":2,\"name\":\"The Bar\u00e7a games that Frenkie de Jong and Pedri could miss\"}]},{\"@type\":\"WebSite\",\"@id\":\"https:\\\/\\\/www.fcbarcelonanoticias.com\\\/en\\\/#website\",\"url\":\"https:\\\/\\\/www.fcbarcelonanoticias.com\\\/en\\\/\",\"name\":\"EN - FC Barcelona Noticias\",\"description\":\"\",\"potentialAction\":[{\"@type\":\"SearchAction\",\"target\":{\"@type\":\"EntryPoint\",\"urlTemplate\":\"https:\\\/\\\/www.fcbarcelonanoticias.com\\\/en\\\/?s={search_term_string}\"},\"query-input\":{\"@type\":\"PropertyValueSpecification\",\"valueRequired\":true,\"valueName\":\"search_term_string\"}}],\"inLanguage\":\"en-US\"}]}<\/script>\n<!-- \/ Yoast SEO plugin. -->","yoast_head_json":{"title":"The parties of the Bar\u00e7a that could lose Frenkie of&nbsp;Jong&nbsp;and&nbsp;Pedri","description":"The FC Barcelona will lose to Frenkie of Jong and Pedri Gonz\u00e1lez by a few weeks, forcing to Xavi Hern\u00e1ndez to 'agitate' his blackboard and change the plan of his team to face the most decisive stretch of the season","robots":{"index":"index","follow":"follow","max-snippet":"max-snippet:-1","max-image-preview":"max-image-preview:large","max-video-preview":"max-video-preview:-1"},"canonical":"https:\/\/www.fcbarcelonanoticias.com\/en\/players\/the-parties-of-the-barca-that-could-lose-frenkie-of-nbsp-jong-nbsp-and-nbsp-pedri_301402_102.html","og_locale":"en_US","og_type":"article","og_title":"The parties of the Bar\u00e7a that could lose Frenkie of&nbsp;Jong&nbsp;and&nbsp;Pedri","og_description":"The FC Barcelona will lose to Frenkie of Jong and Pedri Gonz\u00e1lez by a few weeks, forcing to Xavi Hern\u00e1ndez to 'agitate' his blackboard and change the plan of his team to face the most decisive stretch of the season","og_url":"https:\/\/www.fcbarcelonanoticias.com\/en\/players\/the-parties-of-the-barca-that-could-lose-frenkie-of-nbsp-jong-nbsp-and-nbsp-pedri_301402_102.html","og_site_name":"EN - FC Barcelona Noticias","article_published_time":"2024-03-04T19:48:00+00:00","article_modified_time":"2024-03-04T20:21:00+00:00","og_image":[{"width":1200,"height":675,"url":"https:\/\/www.fcbarcelonanoticias.com\/en\/wp-content\/uploads\/sites\/2\/2024\/04\/pedri-y-de-jong-en-un-partido-en-san-mames.jpeg","type":"image\/jpeg"}],"twitter_card":"summary_large_image","twitter_misc":{"Est. reading time":"3 minutes"},"schema":{"@context":"https:\/\/schema.org","@graph":[{"@type":"Article","@id":"https:\/\/www.fcbarcelonanoticias.com\/en\/players\/the-parties-of-the-barca-that-could-lose-frenkie-of-nbsp-jong-nbsp-and-nbsp-pedri_301402_102.html#article","isPartOf":{"@id":"https:\/\/www.fcbarcelonanoticias.com\/en\/players\/the-parties-of-the-barca-that-could-lose-frenkie-of-nbsp-jong-nbsp-and-nbsp-pedri_301402_102.html"},"author":{"name":"","@id":""},"headline":"The Bar\u00e7a games that Frenkie de Jong and Pedri could miss","datePublished":"2024-03-04T19:48:00+00:00","dateModified":"2024-03-04T20:21:00+00:00","mainEntityOfPage":{"@id":"https:\/\/www.fcbarcelonanoticias.com\/en\/players\/the-parties-of-the-barca-that-could-lose-frenkie-of-nbsp-jong-nbsp-and-nbsp-pedri_301402_102.html"},"wordCount":642,"image":{"@id":"https:\/\/www.fcbarcelonanoticias.com\/en\/players\/the-parties-of-the-barca-that-could-lose-frenkie-of-nbsp-jong-nbsp-and-nbsp-pedri_301402_102.html#primaryimage"},"thumbnailUrl":"https:\/\/www.fcbarcelonanoticias.com\/en\/wp-content\/uploads\/sites\/2\/2024\/04\/pedri-y-de-jong-en-un-partido-en-san-mames.jpeg","articleSection":["Players","Players"],"inLanguage":"en-US"},{"@type":"WebPage","@id":"https:\/\/www.fcbarcelonanoticias.com\/en\/players\/the-parties-of-the-barca-that-could-lose-frenkie-of-nbsp-jong-nbsp-and-nbsp-pedri_301402_102.html","url":"https:\/\/www.fcbarcelonanoticias.com\/en\/players\/the-parties-of-the-barca-that-could-lose-frenkie-of-nbsp-jong-nbsp-and-nbsp-pedri_301402_102.html","name":"The parties of the Bar\u00e7a that could lose Frenkie of&nbsp;Jong&nbsp;and&nbsp;Pedri","isPartOf":{"@id":"https:\/\/www.fcbarcelonanoticias.com\/en\/#website"},"primaryImageOfPage":{"@id":"https:\/\/www.fcbarcelonanoticias.com\/en\/players\/the-parties-of-the-barca-that-could-lose-frenkie-of-nbsp-jong-nbsp-and-nbsp-pedri_301402_102.html#primaryimage"},"image":{"@id":"https:\/\/www.fcbarcelonanoticias.com\/en\/players\/the-parties-of-the-barca-that-could-lose-frenkie-of-nbsp-jong-nbsp-and-nbsp-pedri_301402_102.html#primaryimage"},"thumbnailUrl":"https:\/\/www.fcbarcelonanoticias.com\/en\/wp-content\/uploads\/sites\/2\/2024\/04\/pedri-y-de-jong-en-un-partido-en-san-mames.jpeg","datePublished":"2024-03-04T19:48:00+00:00","dateModified":"2024-03-04T20:21:00+00:00","author":{"@id":""},"description":"The FC Barcelona will lose to Frenkie of Jong and Pedri Gonz\u00e1lez by a few weeks, forcing to Xavi Hern\u00e1ndez to 'agitate' his blackboard and change the plan of his team to face the most decisive stretch of the season","breadcrumb":{"@id":"https:\/\/www.fcbarcelonanoticias.com\/en\/players\/the-parties-of-the-barca-that-could-lose-frenkie-of-nbsp-jong-nbsp-and-nbsp-pedri_301402_102.html#breadcrumb"},"inLanguage":"en-US","potentialAction":[{"@type":"ReadAction","target":["https:\/\/www.fcbarcelonanoticias.com\/en\/players\/the-parties-of-the-barca-that-could-lose-frenkie-of-nbsp-jong-nbsp-and-nbsp-pedri_301402_102.html"]}]},{"@type":"ImageObject","inLanguage":"en-US","@id":"https:\/\/www.fcbarcelonanoticias.com\/en\/players\/the-parties-of-the-barca-that-could-lose-frenkie-of-nbsp-jong-nbsp-and-nbsp-pedri_301402_102.html#primaryimage","url":"https:\/\/www.fcbarcelonanoticias.com\/en\/wp-content\/uploads\/sites\/2\/2024\/04\/pedri-y-de-jong-en-un-partido-en-san-mames.jpeg","contentUrl":"https:\/\/www.fcbarcelonanoticias.com\/en\/wp-content\/uploads\/sites\/2\/2024\/04\/pedri-y-de-jong-en-un-partido-en-san-mames.jpeg","width":1200,"height":675},{"@type":"BreadcrumbList","@id":"https:\/\/www.fcbarcelonanoticias.com\/en\/players\/the-parties-of-the-barca-that-could-lose-frenkie-of-nbsp-jong-nbsp-and-nbsp-pedri_301402_102.html#breadcrumb","itemListElement":[{"@type":"ListItem","position":1,"name":"Portada","item":"https:\/\/www.fcbarcelonanoticias.com\/en\/"},{"@type":"ListItem","position":2,"name":"The Bar\u00e7a games that Frenkie de Jong and Pedri could miss"}]},{"@type":"WebSite","@id":"https:\/\/www.fcbarcelonanoticias.com\/en\/#website","url":"https:\/\/www.fcbarcelonanoticias.com\/en\/","name":"EN - FC Barcelona Noticias","description":"","potentialAction":[{"@type":"SearchAction","target":{"@type":"EntryPoint","urlTemplate":"https:\/\/www.fcbarcelonanoticias.com\/en\/?s={search_term_string}"},"query-input":{"@type":"PropertyValueSpecification","valueRequired":true,"valueName":"search_term_string"}}],"inLanguage":"en-US"}]}},"_links":{"self":[{"href":"https:\/\/www.fcbarcelonanoticias.com\/en\/wp-json\/wp\/v2\/posts\/77033","targetHints":{"allow":["GET"]}}],"collection":[{"href":"https:\/\/www.fcbarcelonanoticias.com\/en\/wp-json\/wp\/v2\/posts"}],"about":[{"href":"https:\/\/www.fcbarcelonanoticias.com\/en\/wp-json\/wp\/v2\/types\/post"}],"replies":[{"embeddable":true,"href":"https:\/\/www.fcbarcelonanoticias.com\/en\/wp-json\/wp\/v2\/comments?post=77033"}],"version-history":[{"count":1,"href":"https:\/\/www.fcbarcelonanoticias.com\/en\/wp-json\/wp\/v2\/posts\/77033\/revisions"}],"predecessor-version":[{"id":121919,"href":"https:\/\/www.fcbarcelonanoticias.com\/en\/wp-json\/wp\/v2\/posts\/77033\/revisions\/121919"}],"wp:featuredmedia":[{"embeddable":true,"href":"https:\/\/www.fcbarcelonanoticias.com\/en\/wp-json\/wp\/v2\/media\/5409"}],"wp:attachment":[{"href":"https:\/\/www.fcbarcelonanoticias.com\/en\/wp-json\/wp\/v2\/media?parent=77033"}],"wp:term":[{"taxonomy":"category","embeddable":true,"href":"https:\/\/www.fcbarcelonanoticias.com\/en\/wp-json\/wp\/v2\/categories?post=77033"},{"taxonomy":"post_tag","embeddable":true,"href":"https:\/\/www.fcbarcelonanoticias.com\/en\/wp-json\/wp\/v2\/tags?post=77033"}],"curies":[{"name":"wp","href":"https:\/\/api.w.org\/{rel}","templated":true}]}}