{"id":77049,"date":"2020-07-01T21:47:00","date_gmt":"2020-07-01T19:47:00","guid":{"rendered":"https:\/\/weisetech.dev\/fc-barcelona-noticias\/en\/riqui-puig-speaks-on-pitch-also-outside-it-he-wants-to-win-laliga_258880_102\/"},"modified":"2020-07-02T11:44:00","modified_gmt":"2020-07-02T09:44:00","slug":"riqui-puig-speaks-on-pitch-also-outside-it-he-wants-to-win-laliga_258880_102","status":"publish","type":"post","link":"https:\/\/www.fcbarcelonanoticias.com\/en\/players\/riqui-puig-speaks-on-pitch-also-outside-it-he-wants-to-win-laliga_258880_102.html","title":{"rendered":"Riqui Puig speaks on the pitch and also outside of it: He wants to win LaLiga"},"content":{"rendered":"<h2 class=\"wp-block-heading\">Riqui Puig spoke on the pitch of the Camp Nou with a great performance, and he also spoke outside of it in an interview. The youngster showed a very ambitious character and warned that he wants to win LaLiga and that he believes that Bar\u00e7a has not lost it<\/h2>  \r\n<div class=\"article-addons\">\r\n    <a href=\"https:\/\/www.fcbarcelonanoticias.com\/en\/calendar-fc-barcelona.html\"\r\n       target=\"_self\"\r\n       title=\"Calendar of FC Barcelona\"\r\n       class=\"blue-gredient-btn\">\r\n       \r\n        Calendar of FC Barcelona    <\/a>\r\n<\/div>   <p><strong>The FC Barcelona confronted to another examination of level in front of the Athletic of Madrid, and <a data-external=\"0\" data-intl-links-en=\"https:\/\/www.fcbarcelonanoticias.com\/en\/laliga\/fc-barcelona-atletico-madrid-2-2-laliga-2019-20_258850_102.html\" data-intl-links-es=\"https:\/\/www.fcbarcelonanoticias.com\/laliga\/fc-barcelona-atletico-madrid-2-2-laliga-2019-20_258850_102.html\" href=\"https:\/\/www.fcbarcelonanoticias.com\/en\/laliga\/fc-barcelona-atletico-madrid-2-2-laliga-2019-20_258850_102.html\" rel=\"follow\" target=\"_self\" title=\"El Bar\u00e7a se enreda en otro empate que le puede costar LaLiga (2-2)\">left it half in a duel that finish in tie<\/a><\/strong>. The Catalans looked for the victory and even advanced in two occasions in the marker, but a doublet of Sa\u00fal \u00d1\u00edguez from the penalty spot prevented them do with the three points. If the Real Madrid imposes to the Getafe next Thursday, the title of <strong>LaLiga <\/strong>will be much more complicated.<\/p>  <p><strong>Between the most stood out of the meeting of the Camp Nou was <a data-external=\"0\" data-intl-links-en=\"https:\/\/www.fcbarcelonanoticias.com\/en\/tags\/riqui-puig\" data-intl-links-es=\"https:\/\/www.fcbarcelonanoticias.com\/tags\/riqui-puig\" href=\"https:\/\/www.fcbarcelonanoticias.com\/en\/tags\/riqui-puig.html\" rel=\"follow\" target=\"_self\" title=\"Riqui Puig\">Riqui Puig<\/a>, that heaved the voice inside and out of the field<\/strong>. The midfield player did gala of his vision of game, technical and skill in the touch to give freshness to the attacks of his team, and the same confidence, security and impudence that showed during the 90 minutes kept when it touched him put in front of the microphones of diverse media.<\/p>  <p>The one of Matadepera did not hide and admitted that the battle by the leadership has complicated . &#8220;<strong>All the parties that remain us are very important and lose two points can condition us to win LaLiga<\/strong>&#8220;, valued, and remembered that it does not do a lot, in Bala\u00eddos, the triumph also escaped in the last sigh: &#8220;Against the Celtic happened us the same. In small actions of the party lose the concentration&#8221;.<\/p>  <p>In spite of everything, the youngster did not want to throw the towel, and did his the speech of the captains to struggle until qe the mathematical force to the contrary. In an alarde of optimism, confirmed that rebosa ambition, and that by his head does not happen to surrender: &#8220;we Are playing with a lot of head and tranquility. Perhaps yes we are more unemployed, but <strong>more forward will take out the parties. LaLiga Is not lost neither much less, still can it win<\/strong>&#8220;.<\/p>  <p>The canterano Barcelona admitted to be ilusionado and feel very proud by the opportunities that is receiving, since it accumulates five parties followed playing, two consecutive titularities and excellent feelings. &#8220;Quique Seti\u00e9n and Eder Sarabia have given me an opportunity that carried expecting from small. <strong>I have been headline in the Camp Nou against all an Athletic of Madrid. It was a transcendental party<\/strong>&#8220;, celebrated.<\/p>  <h3>Riqui Puig elusive the controversy<\/h3>  <p><strong>In what it did not entertain Riqui Puig was in <a data-external=\"0\" data-intl-links-en=\"https:\/\/www.fcbarcelonanoticias.com\/en\/laliga\/controversy-not-stop-repeat-all-penalties-barcelona-atletico_258875_102.html\" data-intl-links-es=\"https:\/\/www.fcbarcelonanoticias.com\/laliga\/polemica-tuvieron-repetirse-todos-penaltis-barcelona-atletico_258875_102.html\" href=\"https:\/\/www.fcbarcelonanoticias.com\/en\/laliga\/controversy-not-stop-repeat-all-penalties-barcelona-atletico_258875_102.html\" rel=\"follow\" target=\"_self\" title=\"La pol\u00e9mica no para: Tuvieron que repetirse todos los penaltis del Bar\u00e7a-Atleti\">the referee&#8217;s controversies<\/a>, and was very brief when they asked him on the subject<\/strong>. &#8220;Yes that they were penaltis, but by the minimum. The referees have hilado very fine&#8221;, answered when it was questioned by the three maximum penalties that pit\u00f3 Hern\u00e1ndez Hern\u00e1ndez. The referee did to repeat one of them by infringement of Marc-Andr\u00e9 ter Stegen, but the true is that all would have to have launched again by the irregularities of the footballers before the shots of Leo Messi and Sa\u00fal.<\/p> ","protected":false},"excerpt":{"rendered":"<p>Riqui Puig spoke on the pitch of the Camp Nou with a great performance, and he also spoke outside of it in an interview. The youngster showed a very ambitious character and warned that he wants to win LaLiga and that he believes that Bar\u00e7a has not lost it The FC Barcelona confronted to another [&hellip;]<\/p>\n","protected":false},"author":392,"featured_media":77052,"comment_status":"closed","ping_status":"open","sticky":false,"template":"","format":"standard","meta":{"_acf_changed":false,"inline_featured_image":false,"_nextfly_llmd_date_locked":false,"footnotes":""},"categories":[453,107],"tags":[346],"class_list":["post-77049","post","type-post","status-publish","format-standard","has-post-thumbnail","hentry","category-players-2","category-players","tag-riqui-puig"],"acf":[],"yoast_head":"<!-- This site is optimized with the Yoast SEO plugin v27.3 - https:\/\/yoast.com\/product\/yoast-seo-wordpress\/ -->\n<title>Riqui Puig speaks on the pitch and also outside of it: He wants to win LaLiga<\/title>\n<meta name=\"description\" content=\"Riqui Puig spoke on the lawn of the Camp Nou with a big performance, and also did it out of him in an interview. The youngster showed a character very ambi...\" \/>\n<meta name=\"robots\" content=\"index, follow, max-snippet:-1, max-image-preview:large, max-video-preview:-1\" \/>\n<link rel=\"canonical\" href=\"https:\/\/www.fcbarcelonanoticias.com\/en\/players\/riqui-puig-speaks-on-pitch-also-outside-it-he-wants-to-win-laliga_258880_102.html\" \/>\n<meta property=\"og:locale\" content=\"en_US\" \/>\n<meta property=\"og:type\" content=\"article\" \/>\n<meta property=\"og:title\" content=\"Riqui Puig speaks on the pitch and also outside of it: He wants to win LaLiga\" \/>\n<meta property=\"og:description\" content=\"Riqui Puig spoke on the lawn of the Camp Nou with a big performance, and also did it out of him in an interview. The youngster showed a character very ambi...\" \/>\n<meta property=\"og:url\" content=\"https:\/\/www.fcbarcelonanoticias.com\/en\/players\/riqui-puig-speaks-on-pitch-also-outside-it-he-wants-to-win-laliga_258880_102.html\" \/>\n<meta property=\"og:site_name\" content=\"EN - FC Barcelona Noticias\" \/>\n<meta property=\"article:published_time\" content=\"2020-07-01T19:47:00+00:00\" \/>\n<meta property=\"article:modified_time\" content=\"2020-07-02T09:44:00+00:00\" \/>\n<meta property=\"og:image\" content=\"https:\/\/www.fcbarcelonanoticias.com\/en\/wp-content\/uploads\/sites\/2\/2020\/07\/riquipuig-barcelona23.jpeg\" \/>\n\t<meta property=\"og:image:width\" content=\"1200\" \/>\n\t<meta property=\"og:image:height\" content=\"675\" \/>\n\t<meta property=\"og:image:type\" content=\"image\/jpeg\" \/>\n<meta name=\"author\" content=\"user_4048\" \/>\n<meta name=\"twitter:card\" content=\"summary_large_image\" \/>\n<meta name=\"twitter:label1\" content=\"Written by\" \/>\n\t<meta name=\"twitter:data1\" content=\"user_4048\" \/>\n\t<meta name=\"twitter:label2\" content=\"Est. reading time\" \/>\n\t<meta name=\"twitter:data2\" content=\"3 minutes\" \/>\n<script type=\"application\/ld+json\" class=\"yoast-schema-graph\">{\"@context\":\"https:\\\/\\\/schema.org\",\"@graph\":[{\"@type\":\"Article\",\"@id\":\"https:\\\/\\\/www.fcbarcelonanoticias.com\\\/en\\\/players\\\/riqui-puig-speaks-on-pitch-also-outside-it-he-wants-to-win-laliga_258880_102.html#article\",\"isPartOf\":{\"@id\":\"https:\\\/\\\/www.fcbarcelonanoticias.com\\\/en\\\/players\\\/riqui-puig-speaks-on-pitch-also-outside-it-he-wants-to-win-laliga_258880_102.html\"},\"author\":{\"name\":\"user_4048\",\"@id\":\"https:\\\/\\\/www.fcbarcelonanoticias.com\\\/en\\\/#\\\/schema\\\/person\\\/fcdad55cab72b8d0e106d75506783b6d\"},\"headline\":\"Riqui Puig speaks on the pitch and also outside of it: He wants to win LaLiga\",\"datePublished\":\"2020-07-01T19:47:00+00:00\",\"dateModified\":\"2020-07-02T09:44:00+00:00\",\"mainEntityOfPage\":{\"@id\":\"https:\\\/\\\/www.fcbarcelonanoticias.com\\\/en\\\/players\\\/riqui-puig-speaks-on-pitch-also-outside-it-he-wants-to-win-laliga_258880_102.html\"},\"wordCount\":547,\"image\":{\"@id\":\"https:\\\/\\\/www.fcbarcelonanoticias.com\\\/en\\\/players\\\/riqui-puig-speaks-on-pitch-also-outside-it-he-wants-to-win-laliga_258880_102.html#primaryimage\"},\"thumbnailUrl\":\"https:\\\/\\\/www.fcbarcelonanoticias.com\\\/en\\\/wp-content\\\/uploads\\\/sites\\\/2\\\/2020\\\/07\\\/riquipuig-barcelona23.jpeg\",\"keywords\":[\"Riqui Puig\"],\"articleSection\":[\"Players\",\"Players\"],\"inLanguage\":\"en-US\"},{\"@type\":\"WebPage\",\"@id\":\"https:\\\/\\\/www.fcbarcelonanoticias.com\\\/en\\\/players\\\/riqui-puig-speaks-on-pitch-also-outside-it-he-wants-to-win-laliga_258880_102.html\",\"url\":\"https:\\\/\\\/www.fcbarcelonanoticias.com\\\/en\\\/players\\\/riqui-puig-speaks-on-pitch-also-outside-it-he-wants-to-win-laliga_258880_102.html\",\"name\":\"Riqui Puig speaks on the pitch and also outside of it: He wants to win LaLiga\",\"isPartOf\":{\"@id\":\"https:\\\/\\\/www.fcbarcelonanoticias.com\\\/en\\\/#website\"},\"primaryImageOfPage\":{\"@id\":\"https:\\\/\\\/www.fcbarcelonanoticias.com\\\/en\\\/players\\\/riqui-puig-speaks-on-pitch-also-outside-it-he-wants-to-win-laliga_258880_102.html#primaryimage\"},\"image\":{\"@id\":\"https:\\\/\\\/www.fcbarcelonanoticias.com\\\/en\\\/players\\\/riqui-puig-speaks-on-pitch-also-outside-it-he-wants-to-win-laliga_258880_102.html#primaryimage\"},\"thumbnailUrl\":\"https:\\\/\\\/www.fcbarcelonanoticias.com\\\/en\\\/wp-content\\\/uploads\\\/sites\\\/2\\\/2020\\\/07\\\/riquipuig-barcelona23.jpeg\",\"datePublished\":\"2020-07-01T19:47:00+00:00\",\"dateModified\":\"2020-07-02T09:44:00+00:00\",\"author\":{\"@id\":\"https:\\\/\\\/www.fcbarcelonanoticias.com\\\/en\\\/#\\\/schema\\\/person\\\/fcdad55cab72b8d0e106d75506783b6d\"},\"description\":\"Riqui Puig spoke on the lawn of the Camp Nou with a big performance, and also did it out of him in an interview. The youngster showed a character very ambi...\",\"breadcrumb\":{\"@id\":\"https:\\\/\\\/www.fcbarcelonanoticias.com\\\/en\\\/players\\\/riqui-puig-speaks-on-pitch-also-outside-it-he-wants-to-win-laliga_258880_102.html#breadcrumb\"},\"inLanguage\":\"en-US\",\"potentialAction\":[{\"@type\":\"ReadAction\",\"target\":[\"https:\\\/\\\/www.fcbarcelonanoticias.com\\\/en\\\/players\\\/riqui-puig-speaks-on-pitch-also-outside-it-he-wants-to-win-laliga_258880_102.html\"]}]},{\"@type\":\"ImageObject\",\"inLanguage\":\"en-US\",\"@id\":\"https:\\\/\\\/www.fcbarcelonanoticias.com\\\/en\\\/players\\\/riqui-puig-speaks-on-pitch-also-outside-it-he-wants-to-win-laliga_258880_102.html#primaryimage\",\"url\":\"https:\\\/\\\/www.fcbarcelonanoticias.com\\\/en\\\/wp-content\\\/uploads\\\/sites\\\/2\\\/2020\\\/07\\\/riquipuig-barcelona23.jpeg\",\"contentUrl\":\"https:\\\/\\\/www.fcbarcelonanoticias.com\\\/en\\\/wp-content\\\/uploads\\\/sites\\\/2\\\/2020\\\/07\\\/riquipuig-barcelona23.jpeg\",\"width\":1200,\"height\":675},{\"@type\":\"BreadcrumbList\",\"@id\":\"https:\\\/\\\/www.fcbarcelonanoticias.com\\\/en\\\/players\\\/riqui-puig-speaks-on-pitch-also-outside-it-he-wants-to-win-laliga_258880_102.html#breadcrumb\",\"itemListElement\":[{\"@type\":\"ListItem\",\"position\":1,\"name\":\"Portada\",\"item\":\"https:\\\/\\\/www.fcbarcelonanoticias.com\\\/en\\\/\"},{\"@type\":\"ListItem\",\"position\":2,\"name\":\"Riqui Puig speaks on the pitch and also outside of it: He wants to win LaLiga\"}]},{\"@type\":\"WebSite\",\"@id\":\"https:\\\/\\\/www.fcbarcelonanoticias.com\\\/en\\\/#website\",\"url\":\"https:\\\/\\\/www.fcbarcelonanoticias.com\\\/en\\\/\",\"name\":\"EN - FC Barcelona Noticias\",\"description\":\"\",\"potentialAction\":[{\"@type\":\"SearchAction\",\"target\":{\"@type\":\"EntryPoint\",\"urlTemplate\":\"https:\\\/\\\/www.fcbarcelonanoticias.com\\\/en\\\/?s={search_term_string}\"},\"query-input\":{\"@type\":\"PropertyValueSpecification\",\"valueRequired\":true,\"valueName\":\"search_term_string\"}}],\"inLanguage\":\"en-US\"},{\"@type\":\"Person\",\"@id\":\"https:\\\/\\\/www.fcbarcelonanoticias.com\\\/en\\\/#\\\/schema\\\/person\\\/fcdad55cab72b8d0e106d75506783b6d\",\"name\":\"user_4048\",\"image\":{\"@type\":\"ImageObject\",\"inLanguage\":\"en-US\",\"@id\":\"https:\\\/\\\/secure.gravatar.com\\\/avatar\\\/?s=96&d=mm&r=g\",\"url\":\"https:\\\/\\\/secure.gravatar.com\\\/avatar\\\/?s=96&d=mm&r=g\",\"contentUrl\":\"https:\\\/\\\/secure.gravatar.com\\\/avatar\\\/?s=96&d=mm&r=g\",\"caption\":\"user_4048\"},\"url\":\"https:\\\/\\\/www.fcbarcelonanoticias.com\\\/en\\\/user_4048.html\"}]}<\/script>\n<!-- \/ Yoast SEO plugin. -->","yoast_head_json":{"title":"Riqui Puig speaks on the pitch and also outside of it: He wants to win LaLiga","description":"Riqui Puig spoke on the lawn of the Camp Nou with a big performance, and also did it out of him in an interview. The youngster showed a character very ambi...","robots":{"index":"index","follow":"follow","max-snippet":"max-snippet:-1","max-image-preview":"max-image-preview:large","max-video-preview":"max-video-preview:-1"},"canonical":"https:\/\/www.fcbarcelonanoticias.com\/en\/players\/riqui-puig-speaks-on-pitch-also-outside-it-he-wants-to-win-laliga_258880_102.html","og_locale":"en_US","og_type":"article","og_title":"Riqui Puig speaks on the pitch and also outside of it: He wants to win LaLiga","og_description":"Riqui Puig spoke on the lawn of the Camp Nou with a big performance, and also did it out of him in an interview. The youngster showed a character very ambi...","og_url":"https:\/\/www.fcbarcelonanoticias.com\/en\/players\/riqui-puig-speaks-on-pitch-also-outside-it-he-wants-to-win-laliga_258880_102.html","og_site_name":"EN - FC Barcelona Noticias","article_published_time":"2020-07-01T19:47:00+00:00","article_modified_time":"2020-07-02T09:44:00+00:00","og_image":[{"width":1200,"height":675,"url":"https:\/\/www.fcbarcelonanoticias.com\/en\/wp-content\/uploads\/sites\/2\/2020\/07\/riquipuig-barcelona23.jpeg","type":"image\/jpeg"}],"author":"user_4048","twitter_card":"summary_large_image","twitter_misc":{"Written by":"user_4048","Est. reading time":"3 minutes"},"schema":{"@context":"https:\/\/schema.org","@graph":[{"@type":"Article","@id":"https:\/\/www.fcbarcelonanoticias.com\/en\/players\/riqui-puig-speaks-on-pitch-also-outside-it-he-wants-to-win-laliga_258880_102.html#article","isPartOf":{"@id":"https:\/\/www.fcbarcelonanoticias.com\/en\/players\/riqui-puig-speaks-on-pitch-also-outside-it-he-wants-to-win-laliga_258880_102.html"},"author":{"name":"user_4048","@id":"https:\/\/www.fcbarcelonanoticias.com\/en\/#\/schema\/person\/fcdad55cab72b8d0e106d75506783b6d"},"headline":"Riqui Puig speaks on the pitch and also outside of it: He wants to win LaLiga","datePublished":"2020-07-01T19:47:00+00:00","dateModified":"2020-07-02T09:44:00+00:00","mainEntityOfPage":{"@id":"https:\/\/www.fcbarcelonanoticias.com\/en\/players\/riqui-puig-speaks-on-pitch-also-outside-it-he-wants-to-win-laliga_258880_102.html"},"wordCount":547,"image":{"@id":"https:\/\/www.fcbarcelonanoticias.com\/en\/players\/riqui-puig-speaks-on-pitch-also-outside-it-he-wants-to-win-laliga_258880_102.html#primaryimage"},"thumbnailUrl":"https:\/\/www.fcbarcelonanoticias.com\/en\/wp-content\/uploads\/sites\/2\/2020\/07\/riquipuig-barcelona23.jpeg","keywords":["Riqui Puig"],"articleSection":["Players","Players"],"inLanguage":"en-US"},{"@type":"WebPage","@id":"https:\/\/www.fcbarcelonanoticias.com\/en\/players\/riqui-puig-speaks-on-pitch-also-outside-it-he-wants-to-win-laliga_258880_102.html","url":"https:\/\/www.fcbarcelonanoticias.com\/en\/players\/riqui-puig-speaks-on-pitch-also-outside-it-he-wants-to-win-laliga_258880_102.html","name":"Riqui Puig speaks on the pitch and also outside of it: He wants to win LaLiga","isPartOf":{"@id":"https:\/\/www.fcbarcelonanoticias.com\/en\/#website"},"primaryImageOfPage":{"@id":"https:\/\/www.fcbarcelonanoticias.com\/en\/players\/riqui-puig-speaks-on-pitch-also-outside-it-he-wants-to-win-laliga_258880_102.html#primaryimage"},"image":{"@id":"https:\/\/www.fcbarcelonanoticias.com\/en\/players\/riqui-puig-speaks-on-pitch-also-outside-it-he-wants-to-win-laliga_258880_102.html#primaryimage"},"thumbnailUrl":"https:\/\/www.fcbarcelonanoticias.com\/en\/wp-content\/uploads\/sites\/2\/2020\/07\/riquipuig-barcelona23.jpeg","datePublished":"2020-07-01T19:47:00+00:00","dateModified":"2020-07-02T09:44:00+00:00","author":{"@id":"https:\/\/www.fcbarcelonanoticias.com\/en\/#\/schema\/person\/fcdad55cab72b8d0e106d75506783b6d"},"description":"Riqui Puig spoke on the lawn of the Camp Nou with a big performance, and also did it out of him in an interview. The youngster showed a character very ambi...","breadcrumb":{"@id":"https:\/\/www.fcbarcelonanoticias.com\/en\/players\/riqui-puig-speaks-on-pitch-also-outside-it-he-wants-to-win-laliga_258880_102.html#breadcrumb"},"inLanguage":"en-US","potentialAction":[{"@type":"ReadAction","target":["https:\/\/www.fcbarcelonanoticias.com\/en\/players\/riqui-puig-speaks-on-pitch-also-outside-it-he-wants-to-win-laliga_258880_102.html"]}]},{"@type":"ImageObject","inLanguage":"en-US","@id":"https:\/\/www.fcbarcelonanoticias.com\/en\/players\/riqui-puig-speaks-on-pitch-also-outside-it-he-wants-to-win-laliga_258880_102.html#primaryimage","url":"https:\/\/www.fcbarcelonanoticias.com\/en\/wp-content\/uploads\/sites\/2\/2020\/07\/riquipuig-barcelona23.jpeg","contentUrl":"https:\/\/www.fcbarcelonanoticias.com\/en\/wp-content\/uploads\/sites\/2\/2020\/07\/riquipuig-barcelona23.jpeg","width":1200,"height":675},{"@type":"BreadcrumbList","@id":"https:\/\/www.fcbarcelonanoticias.com\/en\/players\/riqui-puig-speaks-on-pitch-also-outside-it-he-wants-to-win-laliga_258880_102.html#breadcrumb","itemListElement":[{"@type":"ListItem","position":1,"name":"Portada","item":"https:\/\/www.fcbarcelonanoticias.com\/en\/"},{"@type":"ListItem","position":2,"name":"Riqui Puig speaks on the pitch and also outside of it: He wants to win LaLiga"}]},{"@type":"WebSite","@id":"https:\/\/www.fcbarcelonanoticias.com\/en\/#website","url":"https:\/\/www.fcbarcelonanoticias.com\/en\/","name":"EN - FC Barcelona Noticias","description":"","potentialAction":[{"@type":"SearchAction","target":{"@type":"EntryPoint","urlTemplate":"https:\/\/www.fcbarcelonanoticias.com\/en\/?s={search_term_string}"},"query-input":{"@type":"PropertyValueSpecification","valueRequired":true,"valueName":"search_term_string"}}],"inLanguage":"en-US"},{"@type":"Person","@id":"https:\/\/www.fcbarcelonanoticias.com\/en\/#\/schema\/person\/fcdad55cab72b8d0e106d75506783b6d","name":"user_4048","image":{"@type":"ImageObject","inLanguage":"en-US","@id":"https:\/\/secure.gravatar.com\/avatar\/?s=96&d=mm&r=g","url":"https:\/\/secure.gravatar.com\/avatar\/?s=96&d=mm&r=g","contentUrl":"https:\/\/secure.gravatar.com\/avatar\/?s=96&d=mm&r=g","caption":"user_4048"},"url":"https:\/\/www.fcbarcelonanoticias.com\/en\/user_4048.html"}]}},"_links":{"self":[{"href":"https:\/\/www.fcbarcelonanoticias.com\/en\/wp-json\/wp\/v2\/posts\/77049","targetHints":{"allow":["GET"]}}],"collection":[{"href":"https:\/\/www.fcbarcelonanoticias.com\/en\/wp-json\/wp\/v2\/posts"}],"about":[{"href":"https:\/\/www.fcbarcelonanoticias.com\/en\/wp-json\/wp\/v2\/types\/post"}],"author":[{"embeddable":true,"href":"https:\/\/www.fcbarcelonanoticias.com\/en\/wp-json\/wp\/v2\/users\/392"}],"replies":[{"embeddable":true,"href":"https:\/\/www.fcbarcelonanoticias.com\/en\/wp-json\/wp\/v2\/comments?post=77049"}],"version-history":[{"count":1,"href":"https:\/\/www.fcbarcelonanoticias.com\/en\/wp-json\/wp\/v2\/posts\/77049\/revisions"}],"predecessor-version":[{"id":77051,"href":"https:\/\/www.fcbarcelonanoticias.com\/en\/wp-json\/wp\/v2\/posts\/77049\/revisions\/77051"}],"wp:featuredmedia":[{"embeddable":true,"href":"https:\/\/www.fcbarcelonanoticias.com\/en\/wp-json\/wp\/v2\/media\/77052"}],"wp:attachment":[{"href":"https:\/\/www.fcbarcelonanoticias.com\/en\/wp-json\/wp\/v2\/media?parent=77049"}],"wp:term":[{"taxonomy":"category","embeddable":true,"href":"https:\/\/www.fcbarcelonanoticias.com\/en\/wp-json\/wp\/v2\/categories?post=77049"},{"taxonomy":"post_tag","embeddable":true,"href":"https:\/\/www.fcbarcelonanoticias.com\/en\/wp-json\/wp\/v2\/tags?post=77049"}],"curies":[{"name":"wp","href":"https:\/\/api.w.org\/{rel}","templated":true}]}}