{"id":77067,"date":"2024-06-14T22:12:00","date_gmt":"2024-06-14T20:12:00","guid":{"rendered":"https:\/\/weisetech.dev\/fc-barcelona-noticias\/en\/the-plan-of-hansi-flick-with-jules-kounde-for-the-next-season_304506_102\/"},"modified":"2024-06-14T22:12:00","modified_gmt":"2024-06-14T20:12:00","slug":"the-plan-of-hansi-flick-with-jules-kounde-for-the-next-season_304506_102","status":"publish","type":"post","link":"https:\/\/www.fcbarcelonanoticias.com\/en\/players\/the-plan-of-hansi-flick-with-jules-kounde-for-the-next-season_304506_102.html","title":{"rendered":"Hansi Flick&#8217;s plan with Jules Kound\u00e9 for next season"},"content":{"rendered":"<h2 class=\"wp-block-heading\">Hansi Flick is already preparing what FC Barcelona will be like in 2024\/2025 and one of the players whose role could be key is Jules Kound\u00e9. He has been playing practically as a right back for two years&#8230; but the German would like him in the centre of the defence<\/h2>  \r\n<div class=\"article-addons\">\r\n    <a href=\"https:\/\/www.fcbarcelonanoticias.com\/en\/calendar-fc-barcelona.html\"\r\n       target=\"_self\"\r\n       title=\"Calendar of FC Barcelona\"\r\n       class=\"blue-gredient-btn\">\r\n       \r\n        Calendar of FC Barcelona    <\/a>\r\n<\/div>   <p>Hansi Flick Lived a first very bustled week in Barcelona. Already it has begun to work in the planning of the next season, in which the maximum challenge is that the team go back to compete and add titles in his vitrinas after a year in which they remained in &#8216;white&#8217;. <strong>The trainer Teutonic has found in Deco, sportive director, an ally and already are arguing the main &#8216;novelties&#8217; of face to the 2024\/2025. <\/strong><\/p>  <p>In addition to <a data-external=\"0\" data-intl-links-en=\"https:\/\/www.fcbarcelonanoticias.com\/en\/transfers\/kimmich-and-nico-williams-the-priorities-of-hansi-flick-for-his-barca_304504_102.html\" data-intl-links-es=\"https:\/\/www.fcbarcelonanoticias.com\/fichajes\/kimmich-nico-williams-prioridades-hansi-flick-su-barca_304504_102.html\" href=\"https:\/\/www.fcbarcelonanoticias.com\/en\/transfers\/kimmich-and-nico-williams-the-priorities-of-hansi-flick-for-his-barca_304504_102.html\" rel=\"follow\" target=\"_self\" title=\"Kimmich y Nico Williams: Las prioridades de Hansi Flick para su Bar\u00e7a\">the possible signings<\/a>, that will depend on that the Bar\u00e7a can solve his problems with the Fair Play financial, one of the priorities is to have an idea of the role that can have each player of the current staff. One of the names that has been on the table is the one of<strong> Jules Kound\u00e9, the one who went the second footballer that more minutes added in the last course, by behind \u00cdlkay G\u00fcndogan, but whose role in the team is not entirely clear-cut. <\/strong><\/p>  <h2>The &#8216;doubt&#8217; with Kound\u00e9<\/h2>  <p>And it is that the Barcelona him ficharon from the Seville, in 2022, so that it led the axis of the defensive saga with Ronald Ara\u00fajo. That was the big aim with his incorporation, but in front of the big number of drops and urgencies that has had the staff, have been many the occasions in which the international with France has finish playing in the right side. <strong>Without going further, of the 48 parties that played in the 2023\/2024, 27 of them were in the band. <\/strong><\/p>  <p>It is worth it to remember that<strong> Kound\u00e9 had kept a meeting with Xavi Hern\u00e1ndez in the summer of 2023 for &#8216;ask him&#8217; play like head office; a message that observed<\/strong>. The first commitments played them in the axis of the saga, but since it fell lesionado Alejandro Balde, in January, saw forced to displace to the band so that Joao Cancel played like left side. All the second stretch of the course lived it &#8216;reconverted&#8217; a player of band.<\/p>  <h2>Flick Bets by Kound\u00e9 like head office<\/h2>  <p>The intention of Flick, at least for now, is that the footballer of 25 years can play like head office; something in what it has coincided Deco. A priori, and to fault that there is an agreement with the Manchester City, Joao Cancel will be the attendant to appear in the right. This will cause the debate in the couple of head offices, that up to now there was state conformed by Ara\u00fajo and Pau Cubars\u00ed. Of face to the season that comes will be the doubt of: <strong>it will be headline Kound\u00e9 or will be by behind the canterano of 17 years?<\/strong><\/p> ","protected":false},"excerpt":{"rendered":"<p>Hansi Flick is already preparing what FC Barcelona will be like in 2024\/2025 and one of the players whose role could be key is Jules Kound\u00e9. He has been playing practically as a right back for two years&#8230; but the German would like him in the centre of the defence Hansi Flick Lived a first [&hellip;]<\/p>\n","protected":false},"author":0,"featured_media":5099,"comment_status":"closed","ping_status":"open","sticky":false,"template":"","format":"standard","meta":{"_acf_changed":false,"inline_featured_image":false,"_nextfly_llmd_date_locked":false,"footnotes":""},"categories":[107,453],"tags":[87],"class_list":["post-77067","post","type-post","status-publish","format-standard","has-post-thumbnail","hentry","category-players","category-players-2","tag-hansi-flick"],"acf":[],"yoast_head":"<!-- This site is optimized with the Yoast SEO plugin v27.3 - https:\/\/yoast.com\/product\/yoast-seo-wordpress\/ -->\n<title>The plan of Hansi Flick with Jules Kound\u00e9 for the next season<\/title>\n<meta name=\"description\" content=\"Hansi Flick Already is preparing how will be the FC Barcelona 2024\/2025 and one of the players whose role can be key is Jules Kound\u00e9. It carries two years playing, practically, of right side... But the Teutonic would want him in the axis of the saga\" \/>\n<meta name=\"robots\" content=\"index, follow, max-snippet:-1, max-image-preview:large, max-video-preview:-1\" \/>\n<link rel=\"canonical\" href=\"https:\/\/www.fcbarcelonanoticias.com\/en\/players\/the-plan-of-hansi-flick-with-jules-kounde-for-the-next-season_304506_102.html\" \/>\n<meta property=\"og:locale\" content=\"en_US\" \/>\n<meta property=\"og:type\" content=\"article\" \/>\n<meta property=\"og:title\" content=\"The plan of Hansi Flick with Jules Kound\u00e9 for the next season\" \/>\n<meta property=\"og:description\" content=\"Hansi Flick Already is preparing how will be the FC Barcelona 2024\/2025 and one of the players whose role can be key is Jules Kound\u00e9. It carries two years playing, practically, of right side... But the Teutonic would want him in the axis of the saga\" \/>\n<meta property=\"og:url\" content=\"https:\/\/www.fcbarcelonanoticias.com\/en\/players\/the-plan-of-hansi-flick-with-jules-kounde-for-the-next-season_304506_102.html\" \/>\n<meta property=\"og:site_name\" content=\"EN - FC Barcelona Noticias\" \/>\n<meta property=\"article:published_time\" content=\"2024-06-14T20:12:00+00:00\" \/>\n<meta property=\"og:image\" content=\"https:\/\/www.fcbarcelonanoticias.com\/en\/wp-content\/uploads\/sites\/2\/2024\/04\/jules-kounde-en-la-rueda-de-prensa-previa-al-duelo-entre-el-psg-y-el-fc-barcelona-en-la-uefa-champions-league.png\" \/>\n\t<meta property=\"og:image:width\" content=\"1300\" \/>\n\t<meta property=\"og:image:height\" content=\"732\" \/>\n\t<meta property=\"og:image:type\" content=\"image\/png\" \/>\n<meta name=\"twitter:card\" content=\"summary_large_image\" \/>\n<meta name=\"twitter:label1\" content=\"Est. reading time\" \/>\n\t<meta name=\"twitter:data1\" content=\"2 minutes\" \/>\n<script type=\"application\/ld+json\" class=\"yoast-schema-graph\">{\"@context\":\"https:\\\/\\\/schema.org\",\"@graph\":[{\"@type\":\"Article\",\"@id\":\"https:\\\/\\\/www.fcbarcelonanoticias.com\\\/en\\\/players\\\/the-plan-of-hansi-flick-with-jules-kounde-for-the-next-season_304506_102.html#article\",\"isPartOf\":{\"@id\":\"https:\\\/\\\/www.fcbarcelonanoticias.com\\\/en\\\/players\\\/the-plan-of-hansi-flick-with-jules-kounde-for-the-next-season_304506_102.html\"},\"author\":{\"name\":\"\",\"@id\":\"\"},\"headline\":\"Hansi Flick&#8217;s plan with Jules Kound\u00e9 for next season\",\"datePublished\":\"2024-06-14T20:12:00+00:00\",\"mainEntityOfPage\":{\"@id\":\"https:\\\/\\\/www.fcbarcelonanoticias.com\\\/en\\\/players\\\/the-plan-of-hansi-flick-with-jules-kounde-for-the-next-season_304506_102.html\"},\"wordCount\":499,\"image\":{\"@id\":\"https:\\\/\\\/www.fcbarcelonanoticias.com\\\/en\\\/players\\\/the-plan-of-hansi-flick-with-jules-kounde-for-the-next-season_304506_102.html#primaryimage\"},\"thumbnailUrl\":\"https:\\\/\\\/www.fcbarcelonanoticias.com\\\/en\\\/wp-content\\\/uploads\\\/sites\\\/2\\\/2024\\\/04\\\/jules-kounde-en-la-rueda-de-prensa-previa-al-duelo-entre-el-psg-y-el-fc-barcelona-en-la-uefa-champions-league.png\",\"keywords\":[\"Hansi Flick\"],\"articleSection\":[\"Players\",\"Players\"],\"inLanguage\":\"en-US\"},{\"@type\":\"WebPage\",\"@id\":\"https:\\\/\\\/www.fcbarcelonanoticias.com\\\/en\\\/players\\\/the-plan-of-hansi-flick-with-jules-kounde-for-the-next-season_304506_102.html\",\"url\":\"https:\\\/\\\/www.fcbarcelonanoticias.com\\\/en\\\/players\\\/the-plan-of-hansi-flick-with-jules-kounde-for-the-next-season_304506_102.html\",\"name\":\"The plan of Hansi Flick with Jules Kound\u00e9 for the next season\",\"isPartOf\":{\"@id\":\"https:\\\/\\\/www.fcbarcelonanoticias.com\\\/en\\\/#website\"},\"primaryImageOfPage\":{\"@id\":\"https:\\\/\\\/www.fcbarcelonanoticias.com\\\/en\\\/players\\\/the-plan-of-hansi-flick-with-jules-kounde-for-the-next-season_304506_102.html#primaryimage\"},\"image\":{\"@id\":\"https:\\\/\\\/www.fcbarcelonanoticias.com\\\/en\\\/players\\\/the-plan-of-hansi-flick-with-jules-kounde-for-the-next-season_304506_102.html#primaryimage\"},\"thumbnailUrl\":\"https:\\\/\\\/www.fcbarcelonanoticias.com\\\/en\\\/wp-content\\\/uploads\\\/sites\\\/2\\\/2024\\\/04\\\/jules-kounde-en-la-rueda-de-prensa-previa-al-duelo-entre-el-psg-y-el-fc-barcelona-en-la-uefa-champions-league.png\",\"datePublished\":\"2024-06-14T20:12:00+00:00\",\"author\":{\"@id\":\"\"},\"description\":\"Hansi Flick Already is preparing how will be the FC Barcelona 2024\\\/2025 and one of the players whose role can be key is Jules Kound\u00e9. It carries two years playing, practically, of right side... But the Teutonic would want him in the axis of the saga\",\"breadcrumb\":{\"@id\":\"https:\\\/\\\/www.fcbarcelonanoticias.com\\\/en\\\/players\\\/the-plan-of-hansi-flick-with-jules-kounde-for-the-next-season_304506_102.html#breadcrumb\"},\"inLanguage\":\"en-US\",\"potentialAction\":[{\"@type\":\"ReadAction\",\"target\":[\"https:\\\/\\\/www.fcbarcelonanoticias.com\\\/en\\\/players\\\/the-plan-of-hansi-flick-with-jules-kounde-for-the-next-season_304506_102.html\"]}]},{\"@type\":\"ImageObject\",\"inLanguage\":\"en-US\",\"@id\":\"https:\\\/\\\/www.fcbarcelonanoticias.com\\\/en\\\/players\\\/the-plan-of-hansi-flick-with-jules-kounde-for-the-next-season_304506_102.html#primaryimage\",\"url\":\"https:\\\/\\\/www.fcbarcelonanoticias.com\\\/en\\\/wp-content\\\/uploads\\\/sites\\\/2\\\/2024\\\/04\\\/jules-kounde-en-la-rueda-de-prensa-previa-al-duelo-entre-el-psg-y-el-fc-barcelona-en-la-uefa-champions-league.png\",\"contentUrl\":\"https:\\\/\\\/www.fcbarcelonanoticias.com\\\/en\\\/wp-content\\\/uploads\\\/sites\\\/2\\\/2024\\\/04\\\/jules-kounde-en-la-rueda-de-prensa-previa-al-duelo-entre-el-psg-y-el-fc-barcelona-en-la-uefa-champions-league.png\",\"width\":1300,\"height\":732},{\"@type\":\"BreadcrumbList\",\"@id\":\"https:\\\/\\\/www.fcbarcelonanoticias.com\\\/en\\\/players\\\/the-plan-of-hansi-flick-with-jules-kounde-for-the-next-season_304506_102.html#breadcrumb\",\"itemListElement\":[{\"@type\":\"ListItem\",\"position\":1,\"name\":\"Portada\",\"item\":\"https:\\\/\\\/www.fcbarcelonanoticias.com\\\/en\\\/\"},{\"@type\":\"ListItem\",\"position\":2,\"name\":\"Hansi Flick&#8217;s plan with Jules Kound\u00e9 for next season\"}]},{\"@type\":\"WebSite\",\"@id\":\"https:\\\/\\\/www.fcbarcelonanoticias.com\\\/en\\\/#website\",\"url\":\"https:\\\/\\\/www.fcbarcelonanoticias.com\\\/en\\\/\",\"name\":\"EN - FC Barcelona Noticias\",\"description\":\"\",\"potentialAction\":[{\"@type\":\"SearchAction\",\"target\":{\"@type\":\"EntryPoint\",\"urlTemplate\":\"https:\\\/\\\/www.fcbarcelonanoticias.com\\\/en\\\/?s={search_term_string}\"},\"query-input\":{\"@type\":\"PropertyValueSpecification\",\"valueRequired\":true,\"valueName\":\"search_term_string\"}}],\"inLanguage\":\"en-US\"}]}<\/script>\n<!-- \/ Yoast SEO plugin. -->","yoast_head_json":{"title":"The plan of Hansi Flick with Jules Kound\u00e9 for the next season","description":"Hansi Flick Already is preparing how will be the FC Barcelona 2024\/2025 and one of the players whose role can be key is Jules Kound\u00e9. It carries two years playing, practically, of right side... But the Teutonic would want him in the axis of the saga","robots":{"index":"index","follow":"follow","max-snippet":"max-snippet:-1","max-image-preview":"max-image-preview:large","max-video-preview":"max-video-preview:-1"},"canonical":"https:\/\/www.fcbarcelonanoticias.com\/en\/players\/the-plan-of-hansi-flick-with-jules-kounde-for-the-next-season_304506_102.html","og_locale":"en_US","og_type":"article","og_title":"The plan of Hansi Flick with Jules Kound\u00e9 for the next season","og_description":"Hansi Flick Already is preparing how will be the FC Barcelona 2024\/2025 and one of the players whose role can be key is Jules Kound\u00e9. It carries two years playing, practically, of right side... But the Teutonic would want him in the axis of the saga","og_url":"https:\/\/www.fcbarcelonanoticias.com\/en\/players\/the-plan-of-hansi-flick-with-jules-kounde-for-the-next-season_304506_102.html","og_site_name":"EN - FC Barcelona Noticias","article_published_time":"2024-06-14T20:12:00+00:00","og_image":[{"width":1300,"height":732,"url":"https:\/\/www.fcbarcelonanoticias.com\/en\/wp-content\/uploads\/sites\/2\/2024\/04\/jules-kounde-en-la-rueda-de-prensa-previa-al-duelo-entre-el-psg-y-el-fc-barcelona-en-la-uefa-champions-league.png","type":"image\/png"}],"twitter_card":"summary_large_image","twitter_misc":{"Est. reading time":"2 minutes"},"schema":{"@context":"https:\/\/schema.org","@graph":[{"@type":"Article","@id":"https:\/\/www.fcbarcelonanoticias.com\/en\/players\/the-plan-of-hansi-flick-with-jules-kounde-for-the-next-season_304506_102.html#article","isPartOf":{"@id":"https:\/\/www.fcbarcelonanoticias.com\/en\/players\/the-plan-of-hansi-flick-with-jules-kounde-for-the-next-season_304506_102.html"},"author":{"name":"","@id":""},"headline":"Hansi Flick&#8217;s plan with Jules Kound\u00e9 for next season","datePublished":"2024-06-14T20:12:00+00:00","mainEntityOfPage":{"@id":"https:\/\/www.fcbarcelonanoticias.com\/en\/players\/the-plan-of-hansi-flick-with-jules-kounde-for-the-next-season_304506_102.html"},"wordCount":499,"image":{"@id":"https:\/\/www.fcbarcelonanoticias.com\/en\/players\/the-plan-of-hansi-flick-with-jules-kounde-for-the-next-season_304506_102.html#primaryimage"},"thumbnailUrl":"https:\/\/www.fcbarcelonanoticias.com\/en\/wp-content\/uploads\/sites\/2\/2024\/04\/jules-kounde-en-la-rueda-de-prensa-previa-al-duelo-entre-el-psg-y-el-fc-barcelona-en-la-uefa-champions-league.png","keywords":["Hansi Flick"],"articleSection":["Players","Players"],"inLanguage":"en-US"},{"@type":"WebPage","@id":"https:\/\/www.fcbarcelonanoticias.com\/en\/players\/the-plan-of-hansi-flick-with-jules-kounde-for-the-next-season_304506_102.html","url":"https:\/\/www.fcbarcelonanoticias.com\/en\/players\/the-plan-of-hansi-flick-with-jules-kounde-for-the-next-season_304506_102.html","name":"The plan of Hansi Flick with Jules Kound\u00e9 for the next season","isPartOf":{"@id":"https:\/\/www.fcbarcelonanoticias.com\/en\/#website"},"primaryImageOfPage":{"@id":"https:\/\/www.fcbarcelonanoticias.com\/en\/players\/the-plan-of-hansi-flick-with-jules-kounde-for-the-next-season_304506_102.html#primaryimage"},"image":{"@id":"https:\/\/www.fcbarcelonanoticias.com\/en\/players\/the-plan-of-hansi-flick-with-jules-kounde-for-the-next-season_304506_102.html#primaryimage"},"thumbnailUrl":"https:\/\/www.fcbarcelonanoticias.com\/en\/wp-content\/uploads\/sites\/2\/2024\/04\/jules-kounde-en-la-rueda-de-prensa-previa-al-duelo-entre-el-psg-y-el-fc-barcelona-en-la-uefa-champions-league.png","datePublished":"2024-06-14T20:12:00+00:00","author":{"@id":""},"description":"Hansi Flick Already is preparing how will be the FC Barcelona 2024\/2025 and one of the players whose role can be key is Jules Kound\u00e9. It carries two years playing, practically, of right side... But the Teutonic would want him in the axis of the saga","breadcrumb":{"@id":"https:\/\/www.fcbarcelonanoticias.com\/en\/players\/the-plan-of-hansi-flick-with-jules-kounde-for-the-next-season_304506_102.html#breadcrumb"},"inLanguage":"en-US","potentialAction":[{"@type":"ReadAction","target":["https:\/\/www.fcbarcelonanoticias.com\/en\/players\/the-plan-of-hansi-flick-with-jules-kounde-for-the-next-season_304506_102.html"]}]},{"@type":"ImageObject","inLanguage":"en-US","@id":"https:\/\/www.fcbarcelonanoticias.com\/en\/players\/the-plan-of-hansi-flick-with-jules-kounde-for-the-next-season_304506_102.html#primaryimage","url":"https:\/\/www.fcbarcelonanoticias.com\/en\/wp-content\/uploads\/sites\/2\/2024\/04\/jules-kounde-en-la-rueda-de-prensa-previa-al-duelo-entre-el-psg-y-el-fc-barcelona-en-la-uefa-champions-league.png","contentUrl":"https:\/\/www.fcbarcelonanoticias.com\/en\/wp-content\/uploads\/sites\/2\/2024\/04\/jules-kounde-en-la-rueda-de-prensa-previa-al-duelo-entre-el-psg-y-el-fc-barcelona-en-la-uefa-champions-league.png","width":1300,"height":732},{"@type":"BreadcrumbList","@id":"https:\/\/www.fcbarcelonanoticias.com\/en\/players\/the-plan-of-hansi-flick-with-jules-kounde-for-the-next-season_304506_102.html#breadcrumb","itemListElement":[{"@type":"ListItem","position":1,"name":"Portada","item":"https:\/\/www.fcbarcelonanoticias.com\/en\/"},{"@type":"ListItem","position":2,"name":"Hansi Flick&#8217;s plan with Jules Kound\u00e9 for next season"}]},{"@type":"WebSite","@id":"https:\/\/www.fcbarcelonanoticias.com\/en\/#website","url":"https:\/\/www.fcbarcelonanoticias.com\/en\/","name":"EN - FC Barcelona Noticias","description":"","potentialAction":[{"@type":"SearchAction","target":{"@type":"EntryPoint","urlTemplate":"https:\/\/www.fcbarcelonanoticias.com\/en\/?s={search_term_string}"},"query-input":{"@type":"PropertyValueSpecification","valueRequired":true,"valueName":"search_term_string"}}],"inLanguage":"en-US"}]}},"_links":{"self":[{"href":"https:\/\/www.fcbarcelonanoticias.com\/en\/wp-json\/wp\/v2\/posts\/77067","targetHints":{"allow":["GET"]}}],"collection":[{"href":"https:\/\/www.fcbarcelonanoticias.com\/en\/wp-json\/wp\/v2\/posts"}],"about":[{"href":"https:\/\/www.fcbarcelonanoticias.com\/en\/wp-json\/wp\/v2\/types\/post"}],"replies":[{"embeddable":true,"href":"https:\/\/www.fcbarcelonanoticias.com\/en\/wp-json\/wp\/v2\/comments?post=77067"}],"version-history":[{"count":1,"href":"https:\/\/www.fcbarcelonanoticias.com\/en\/wp-json\/wp\/v2\/posts\/77067\/revisions"}],"predecessor-version":[{"id":121987,"href":"https:\/\/www.fcbarcelonanoticias.com\/en\/wp-json\/wp\/v2\/posts\/77067\/revisions\/121987"}],"wp:featuredmedia":[{"embeddable":true,"href":"https:\/\/www.fcbarcelonanoticias.com\/en\/wp-json\/wp\/v2\/media\/5099"}],"wp:attachment":[{"href":"https:\/\/www.fcbarcelonanoticias.com\/en\/wp-json\/wp\/v2\/media?parent=77067"}],"wp:term":[{"taxonomy":"category","embeddable":true,"href":"https:\/\/www.fcbarcelonanoticias.com\/en\/wp-json\/wp\/v2\/categories?post=77067"},{"taxonomy":"post_tag","embeddable":true,"href":"https:\/\/www.fcbarcelonanoticias.com\/en\/wp-json\/wp\/v2\/tags?post=77067"}],"curies":[{"name":"wp","href":"https:\/\/api.w.org\/{rel}","templated":true}]}}